{"id":60162,"date":"2017-09-16T00:53:53","date_gmt":"2017-09-16T00:53:53","guid":{"rendered":"http:\/\/www.alanyaproperties.com\/uncategorized-tr\/second-home-expo-6-8-oktober-2017\/"},"modified":"2017-09-19T15:50:58","modified_gmt":"2017-09-19T15:50:58","slug":"second-home-expo-29-september-1-oktober-2017","status":"publish","type":"post","link":"https:\/\/www.alanyaproperties.com\/tr\/fuarlar\/second-home-expo-29-september-1-oktober-2017\/","title":{"rendered":"Second Home Br\u00fcksel Emlak fuar\u0131 29 Eyl\u00fcl &#8211; 1 Ekim 2017 (Stand: 208)"},"content":{"rendered":"<p><span id=\"fbPhotoSnowliftCaption\" class=\"fbPhotosPhotoCaption\" tabindex=\"0\" aria-live=\"polite\" data-ft=\"{&quot;tn&quot;:&quot;K&quot;}\"><span class=\"hasCaption\">Ge\u00e7ti\u011fimiz 10 y\u0131lda bir\u00e7ok kez kat\u0131ld\u0131\u011f\u0131m\u0131z ve sayesinde onlarca Bel\u00e7ika vatanda\u015f\u0131n\u0131 Alanya\u2019da ev sahibi yapt\u0131\u011f\u0131m\u0131z, Br\u00fcksel Emlak fuar\u0131 29 Eyl\u00fcl &#8211; 1 Ekim tarihleri aras\u0131nda Br\u00fcksel fuar alan\u0131nda yap\u0131lacakt\u0131r.<br \/>\nAlanya Properties ve Turkimmo olarak yine salonun en g\u00fczel stand\u0131nda olaca\u011f\u0131z, stand numaram\u0131z 208 olup, salonun hemen giri\u015f k\u0131sm\u0131ndad\u0131r.<br \/>\nB\u00fct\u00fcn dostlar\u0131m\u0131z\u0131 bekliyoruz, bizi ziyaret edin karl\u0131 \u00e7\u0131k\u0131n\uf04a!!<br \/>\nAyr\u0131nt\u0131l\u0131 bilgi i\u00e7in:<br \/>\nVera Houthoofd 0032 475 45 64 40 (Whatsapp)<br \/>\nMustafa G\u00fclseren 0090 532 740 70 91 (Whatsapp)<\/span><\/span><\/p>\n<p><a href=\"http:\/\/registration.fairsconsult.com\/nl\/secondhome-be\/register?action=code&amp;code=GF5VV\" target=\"_blank\" rel=\"noopener\"><img loading=\"lazy\" decoding=\"async\" class=\"alignnone wp-image-60079 size-full\" src=\"https:\/\/i0.wp.com\/www.alanyaproperties.com\/wp-content\/uploads\/2017\/09\/second-homes-expo-2017.jpg?resize=980%2C250\" alt=\"\" width=\"980\" height=\"250\" srcset=\"https:\/\/i0.wp.com\/www.alanyaproperties.com\/wp-content\/uploads\/2017\/09\/second-homes-expo-2017.jpg?w=980&amp;ssl=1 980w, https:\/\/i0.wp.com\/www.alanyaproperties.com\/wp-content\/uploads\/2017\/09\/second-homes-expo-2017.jpg?resize=300%2C77&amp;ssl=1 300w, https:\/\/i0.wp.com\/www.alanyaproperties.com\/wp-content\/uploads\/2017\/09\/second-homes-expo-2017.jpg?resize=768%2C196&amp;ssl=1 768w, https:\/\/i0.wp.com\/www.alanyaproperties.com\/wp-content\/uploads\/2017\/09\/second-homes-expo-2017.jpg?resize=150%2C38&amp;ssl=1 150w, https:\/\/i0.wp.com\/www.alanyaproperties.com\/wp-content\/uploads\/2017\/09\/second-homes-expo-2017.jpg?resize=350%2C89&amp;ssl=1 350w\" sizes=\"(max-width: 980px) 100vw, 980px\" data-recalc-dims=\"1\" \/><\/a><\/p>\n","protected":false},"excerpt":{"rendered":"<p>Ge\u00e7ti\u011fimiz 10 y\u0131lda bir\u00e7ok kez kat\u0131ld\u0131\u011f\u0131m\u0131z ve sayesinde onlarca Bel\u00e7ika vatanda\u015f\u0131n\u0131 Alanya\u2019da ev sahibi yapt\u0131\u011f\u0131m\u0131z, Br\u00fcksel Emlak fuar\u0131 29 Eyl\u00fcl &#8211; 1 Ekim tarihleri aras\u0131nda Br\u00fcksel fuar alan\u0131nda yap\u0131lacakt\u0131r. Alanya Properties ve Turkimmo olarak yine salonun en g\u00fczel stand\u0131nda olaca\u011f\u0131z, stand numaram\u0131z 208 olup, salonun hemen giri\u015f k\u0131sm\u0131ndad\u0131r. B\u00fct\u00fcn dostlar\u0131m\u0131z\u0131 bekliyoruz, bizi ziyaret edin karl\u0131 [&hellip;]<\/p>\n","protected":false},"author":42,"featured_media":60090,"comment_status":"closed","ping_status":"closed","sticky":false,"template":"","format":"standard","meta":{"footnotes":""},"categories":[1918],"tags":[3952],"yoast_head":"<!-- This site is optimized with the Yoast SEO plugin v22.6 - https:\/\/yoast.com\/wordpress\/plugins\/seo\/ -->\n<title>Second Home Br\u00fcksel Emlak fuar\u0131 29 Eyl\u00fcl - 1 Ekim 2017 (Stand: 208) - Properties in Alanya.<\/title>\n<meta name=\"description\" content=\"Second Home Br\u00fcksel Emlak fuar\u0131 29 Eyl\u00fcl - 1 Ekim 2017 (Stand: 208) - Properties in Alanya.\" \/>\n<meta name=\"robots\" content=\"index, follow, max-snippet:-1, max-image-preview:large, max-video-preview:-1\" \/>\n<link rel=\"canonical\" href=\"https:\/\/www.alanyaproperties.com\/tr\/fuarlar\/second-home-expo-29-september-1-oktober-2017\/\" \/>\n<meta property=\"og:locale\" content=\"tr_TR\" \/>\n<meta property=\"og:type\" content=\"article\" \/>\n<meta property=\"og:title\" content=\"Second Home Br\u00fcksel Emlak fuar\u0131 29 Eyl\u00fcl - 1 Ekim 2017 (Stand: 208) - Properties in Alanya.\" \/>\n<meta property=\"og:description\" content=\"Second Home Br\u00fcksel Emlak fuar\u0131 29 Eyl\u00fcl - 1 Ekim 2017 (Stand: 208) - Properties in Alanya.\" \/>\n<meta property=\"og:url\" content=\"https:\/\/www.alanyaproperties.com\/tr\/fuarlar\/second-home-expo-29-september-1-oktober-2017\/\" \/>\n<meta property=\"og:site_name\" content=\"Properties in Alanya.\" \/>\n<meta property=\"article:publisher\" content=\"https:\/\/www.facebook.com\/alanyaproperties\/\" \/>\n<meta property=\"article:published_time\" content=\"2017-09-16T00:53:53+00:00\" \/>\n<meta property=\"article:modified_time\" content=\"2017-09-19T15:50:58+00:00\" \/>\n<meta property=\"og:image\" content=\"https:\/\/www.alanyaproperties.com\/wp-content\/uploads\/2017\/09\/second-homes-expo-2017.jpg\" \/>\n\t<meta property=\"og:image:width\" content=\"980\" \/>\n\t<meta property=\"og:image:height\" content=\"250\" \/>\n\t<meta property=\"og:image:type\" content=\"image\/jpeg\" \/>\n<meta name=\"author\" content=\"Yusuf Ekinci\" \/>\n<meta name=\"twitter:card\" content=\"summary_large_image\" \/>\n<meta name=\"twitter:creator\" content=\"@alanyapro\" \/>\n<meta name=\"twitter:site\" content=\"@alanyapro\" \/>\n<meta name=\"twitter:label1\" content=\"Yazan:\" \/>\n\t<meta name=\"twitter:data1\" content=\"Yusuf Ekinci\" \/>\n<script type=\"application\/ld+json\" class=\"yoast-schema-graph\">{\"@context\":\"https:\/\/schema.org\",\"@graph\":[{\"@type\":\"Article\",\"@id\":\"https:\/\/www.alanyaproperties.com\/tr\/fuarlar\/second-home-expo-29-september-1-oktober-2017\/#article\",\"isPartOf\":{\"@id\":\"https:\/\/www.alanyaproperties.com\/tr\/fuarlar\/second-home-expo-29-september-1-oktober-2017\/\"},\"author\":{\"name\":\"Yusuf Ekinci\",\"@id\":\"https:\/\/www.alanyaproperties.com\/tr\/#\/schema\/person\/8a92cc9600cbc25fcc67c304ba14680c\"},\"headline\":\"Second Home Br\u00fcksel Emlak fuar\u0131 29 Eyl\u00fcl &#8211; 1 Ekim 2017 (Stand: 208)\",\"datePublished\":\"2017-09-16T00:53:53+00:00\",\"dateModified\":\"2017-09-19T15:50:58+00:00\",\"mainEntityOfPage\":{\"@id\":\"https:\/\/www.alanyaproperties.com\/tr\/fuarlar\/second-home-expo-29-september-1-oktober-2017\/\"},\"wordCount\":107,\"publisher\":{\"@id\":\"https:\/\/www.alanyaproperties.com\/tr\/#organization\"},\"image\":{\"@id\":\"https:\/\/www.alanyaproperties.com\/tr\/fuarlar\/second-home-expo-29-september-1-oktober-2017\/#primaryimage\"},\"thumbnailUrl\":\"https:\/\/i0.wp.com\/www.alanyaproperties.com\/wp-content\/uploads\/2017\/09\/second-homes-expo-2017.jpg?fit=980%2C250&ssl=1\",\"keywords\":[\"expo\"],\"articleSection\":[\"Fuarlar\"],\"inLanguage\":\"tr\"},{\"@type\":\"WebPage\",\"@id\":\"https:\/\/www.alanyaproperties.com\/tr\/fuarlar\/second-home-expo-29-september-1-oktober-2017\/\",\"url\":\"https:\/\/www.alanyaproperties.com\/tr\/fuarlar\/second-home-expo-29-september-1-oktober-2017\/\",\"name\":\"Second Home Br\u00fcksel Emlak fuar\u0131 29 Eyl\u00fcl - 1 Ekim 2017 (Stand: 208) - Properties in Alanya.\",\"isPartOf\":{\"@id\":\"https:\/\/www.alanyaproperties.com\/tr\/#website\"},\"primaryImageOfPage\":{\"@id\":\"https:\/\/www.alanyaproperties.com\/tr\/fuarlar\/second-home-expo-29-september-1-oktober-2017\/#primaryimage\"},\"image\":{\"@id\":\"https:\/\/www.alanyaproperties.com\/tr\/fuarlar\/second-home-expo-29-september-1-oktober-2017\/#primaryimage\"},\"thumbnailUrl\":\"https:\/\/i0.wp.com\/www.alanyaproperties.com\/wp-content\/uploads\/2017\/09\/second-homes-expo-2017.jpg?fit=980%2C250&ssl=1\",\"datePublished\":\"2017-09-16T00:53:53+00:00\",\"dateModified\":\"2017-09-19T15:50:58+00:00\",\"description\":\"Second Home Br\u00fcksel Emlak fuar\u0131 29 Eyl\u00fcl - 1 Ekim 2017 (Stand: 208) - Properties in Alanya.\",\"breadcrumb\":{\"@id\":\"https:\/\/www.alanyaproperties.com\/tr\/fuarlar\/second-home-expo-29-september-1-oktober-2017\/#breadcrumb\"},\"inLanguage\":\"tr\",\"potentialAction\":[{\"@type\":\"ReadAction\",\"target\":[\"https:\/\/www.alanyaproperties.com\/tr\/fuarlar\/second-home-expo-29-september-1-oktober-2017\/\"]}]},{\"@type\":\"ImageObject\",\"inLanguage\":\"tr\",\"@id\":\"https:\/\/www.alanyaproperties.com\/tr\/fuarlar\/second-home-expo-29-september-1-oktober-2017\/#primaryimage\",\"url\":\"https:\/\/i0.wp.com\/www.alanyaproperties.com\/wp-content\/uploads\/2017\/09\/second-homes-expo-2017.jpg?fit=980%2C250&ssl=1\",\"contentUrl\":\"https:\/\/i0.wp.com\/www.alanyaproperties.com\/wp-content\/uploads\/2017\/09\/second-homes-expo-2017.jpg?fit=980%2C250&ssl=1\",\"width\":980,\"height\":250},{\"@type\":\"BreadcrumbList\",\"@id\":\"https:\/\/www.alanyaproperties.com\/tr\/fuarlar\/second-home-expo-29-september-1-oktober-2017\/#breadcrumb\",\"itemListElement\":[{\"@type\":\"ListItem\",\"position\":1,\"name\":\"Home\",\"item\":\"https:\/\/www.alanyaproperties.com\/tr\/\"},{\"@type\":\"ListItem\",\"position\":2,\"name\":\"Second Home Br\u00fcksel Emlak fuar\u0131 29 Eyl\u00fcl &#8211; 1 Ekim 2017 (Stand: 208)\"}]},{\"@type\":\"WebSite\",\"@id\":\"https:\/\/www.alanyaproperties.com\/tr\/#website\",\"url\":\"https:\/\/www.alanyaproperties.com\/tr\/\",\"name\":\"Properties in Alanya.\",\"description\":\"Alanya Emlak Daire, Villa, Arsa  |  Alanya Properties\",\"publisher\":{\"@id\":\"https:\/\/www.alanyaproperties.com\/tr\/#organization\"},\"potentialAction\":[{\"@type\":\"SearchAction\",\"target\":{\"@type\":\"EntryPoint\",\"urlTemplate\":\"https:\/\/www.alanyaproperties.com\/tr\/?s={search_term_string}\"},\"query-input\":\"required name=search_term_string\"}],\"inLanguage\":\"tr\"},{\"@type\":\"Organization\",\"@id\":\"https:\/\/www.alanyaproperties.com\/tr\/#organization\",\"name\":\"Alanya Properties\",\"url\":\"https:\/\/www.alanyaproperties.com\/tr\/\",\"logo\":{\"@type\":\"ImageObject\",\"inLanguage\":\"tr\",\"@id\":\"https:\/\/www.alanyaproperties.com\/tr\/#\/schema\/logo\/image\/\",\"url\":\"https:\/\/i0.wp.com\/www.alanyaproperties.com\/wp-content\/uploads\/2017\/06\/alanya-properties-logo-180to.png?fit=180%2C81&ssl=1\",\"contentUrl\":\"https:\/\/i0.wp.com\/www.alanyaproperties.com\/wp-content\/uploads\/2017\/06\/alanya-properties-logo-180to.png?fit=180%2C81&ssl=1\",\"width\":180,\"height\":81,\"caption\":\"Alanya Properties\"},\"image\":{\"@id\":\"https:\/\/www.alanyaproperties.com\/tr\/#\/schema\/logo\/image\/\"},\"sameAs\":[\"https:\/\/www.facebook.com\/alanyaproperties\/\",\"https:\/\/x.com\/alanyapro\",\"https:\/\/www.instagram.com\/alanyaproperties\/\",\"https:\/\/www.youtube.com\/c\/AlanyaProperties\"]},{\"@type\":\"Person\",\"@id\":\"https:\/\/www.alanyaproperties.com\/tr\/#\/schema\/person\/8a92cc9600cbc25fcc67c304ba14680c\",\"name\":\"Yusuf Ekinci\",\"image\":{\"@type\":\"ImageObject\",\"inLanguage\":\"tr\",\"@id\":\"https:\/\/www.alanyaproperties.com\/tr\/#\/schema\/person\/image\/\",\"url\":\"https:\/\/secure.gravatar.com\/avatar\/aed1d8afe914e0136d015d60f22bd285?s=96&d=mm&r=g\",\"contentUrl\":\"https:\/\/secure.gravatar.com\/avatar\/aed1d8afe914e0136d015d60f22bd285?s=96&d=mm&r=g\",\"caption\":\"Yusuf Ekinci\"},\"sameAs\":[\"http:\/\/alanya-web.com\"],\"url\":\"https:\/\/www.alanyaproperties.com\/tr\/author\/admin\/\"}]}<\/script>\n<!-- \/ Yoast SEO plugin. -->","yoast_head_json":{"title":"Second Home Br\u00fcksel Emlak fuar\u0131 29 Eyl\u00fcl - 1 Ekim 2017 (Stand: 208) - Properties in Alanya.","description":"Second Home Br\u00fcksel Emlak fuar\u0131 29 Eyl\u00fcl - 1 Ekim 2017 (Stand: 208) - Properties in Alanya.","robots":{"index":"index","follow":"follow","max-snippet":"max-snippet:-1","max-image-preview":"max-image-preview:large","max-video-preview":"max-video-preview:-1"},"canonical":"https:\/\/www.alanyaproperties.com\/tr\/fuarlar\/second-home-expo-29-september-1-oktober-2017\/","og_locale":"tr_TR","og_type":"article","og_title":"Second Home Br\u00fcksel Emlak fuar\u0131 29 Eyl\u00fcl - 1 Ekim 2017 (Stand: 208) - Properties in Alanya.","og_description":"Second Home Br\u00fcksel Emlak fuar\u0131 29 Eyl\u00fcl - 1 Ekim 2017 (Stand: 208) - Properties in Alanya.","og_url":"https:\/\/www.alanyaproperties.com\/tr\/fuarlar\/second-home-expo-29-september-1-oktober-2017\/","og_site_name":"Properties in Alanya.","article_publisher":"https:\/\/www.facebook.com\/alanyaproperties\/","article_published_time":"2017-09-16T00:53:53+00:00","article_modified_time":"2017-09-19T15:50:58+00:00","og_image":[{"width":980,"height":250,"url":"https:\/\/www.alanyaproperties.com\/wp-content\/uploads\/2017\/09\/second-homes-expo-2017.jpg","type":"image\/jpeg"}],"author":"Yusuf Ekinci","twitter_card":"summary_large_image","twitter_creator":"@alanyapro","twitter_site":"@alanyapro","twitter_misc":{"Yazan:":"Yusuf Ekinci"},"schema":{"@context":"https:\/\/schema.org","@graph":[{"@type":"Article","@id":"https:\/\/www.alanyaproperties.com\/tr\/fuarlar\/second-home-expo-29-september-1-oktober-2017\/#article","isPartOf":{"@id":"https:\/\/www.alanyaproperties.com\/tr\/fuarlar\/second-home-expo-29-september-1-oktober-2017\/"},"author":{"name":"Yusuf Ekinci","@id":"https:\/\/www.alanyaproperties.com\/tr\/#\/schema\/person\/8a92cc9600cbc25fcc67c304ba14680c"},"headline":"Second Home Br\u00fcksel Emlak fuar\u0131 29 Eyl\u00fcl &#8211; 1 Ekim 2017 (Stand: 208)","datePublished":"2017-09-16T00:53:53+00:00","dateModified":"2017-09-19T15:50:58+00:00","mainEntityOfPage":{"@id":"https:\/\/www.alanyaproperties.com\/tr\/fuarlar\/second-home-expo-29-september-1-oktober-2017\/"},"wordCount":107,"publisher":{"@id":"https:\/\/www.alanyaproperties.com\/tr\/#organization"},"image":{"@id":"https:\/\/www.alanyaproperties.com\/tr\/fuarlar\/second-home-expo-29-september-1-oktober-2017\/#primaryimage"},"thumbnailUrl":"https:\/\/i0.wp.com\/www.alanyaproperties.com\/wp-content\/uploads\/2017\/09\/second-homes-expo-2017.jpg?fit=980%2C250&ssl=1","keywords":["expo"],"articleSection":["Fuarlar"],"inLanguage":"tr"},{"@type":"WebPage","@id":"https:\/\/www.alanyaproperties.com\/tr\/fuarlar\/second-home-expo-29-september-1-oktober-2017\/","url":"https:\/\/www.alanyaproperties.com\/tr\/fuarlar\/second-home-expo-29-september-1-oktober-2017\/","name":"Second Home Br\u00fcksel Emlak fuar\u0131 29 Eyl\u00fcl - 1 Ekim 2017 (Stand: 208) - Properties in Alanya.","isPartOf":{"@id":"https:\/\/www.alanyaproperties.com\/tr\/#website"},"primaryImageOfPage":{"@id":"https:\/\/www.alanyaproperties.com\/tr\/fuarlar\/second-home-expo-29-september-1-oktober-2017\/#primaryimage"},"image":{"@id":"https:\/\/www.alanyaproperties.com\/tr\/fuarlar\/second-home-expo-29-september-1-oktober-2017\/#primaryimage"},"thumbnailUrl":"https:\/\/i0.wp.com\/www.alanyaproperties.com\/wp-content\/uploads\/2017\/09\/second-homes-expo-2017.jpg?fit=980%2C250&ssl=1","datePublished":"2017-09-16T00:53:53+00:00","dateModified":"2017-09-19T15:50:58+00:00","description":"Second Home Br\u00fcksel Emlak fuar\u0131 29 Eyl\u00fcl - 1 Ekim 2017 (Stand: 208) - Properties in Alanya.","breadcrumb":{"@id":"https:\/\/www.alanyaproperties.com\/tr\/fuarlar\/second-home-expo-29-september-1-oktober-2017\/#breadcrumb"},"inLanguage":"tr","potentialAction":[{"@type":"ReadAction","target":["https:\/\/www.alanyaproperties.com\/tr\/fuarlar\/second-home-expo-29-september-1-oktober-2017\/"]}]},{"@type":"ImageObject","inLanguage":"tr","@id":"https:\/\/www.alanyaproperties.com\/tr\/fuarlar\/second-home-expo-29-september-1-oktober-2017\/#primaryimage","url":"https:\/\/i0.wp.com\/www.alanyaproperties.com\/wp-content\/uploads\/2017\/09\/second-homes-expo-2017.jpg?fit=980%2C250&ssl=1","contentUrl":"https:\/\/i0.wp.com\/www.alanyaproperties.com\/wp-content\/uploads\/2017\/09\/second-homes-expo-2017.jpg?fit=980%2C250&ssl=1","width":980,"height":250},{"@type":"BreadcrumbList","@id":"https:\/\/www.alanyaproperties.com\/tr\/fuarlar\/second-home-expo-29-september-1-oktober-2017\/#breadcrumb","itemListElement":[{"@type":"ListItem","position":1,"name":"Home","item":"https:\/\/www.alanyaproperties.com\/tr\/"},{"@type":"ListItem","position":2,"name":"Second Home Br\u00fcksel Emlak fuar\u0131 29 Eyl\u00fcl &#8211; 1 Ekim 2017 (Stand: 208)"}]},{"@type":"WebSite","@id":"https:\/\/www.alanyaproperties.com\/tr\/#website","url":"https:\/\/www.alanyaproperties.com\/tr\/","name":"Properties in Alanya.","description":"Alanya Emlak Daire, Villa, Arsa  |  Alanya Properties","publisher":{"@id":"https:\/\/www.alanyaproperties.com\/tr\/#organization"},"potentialAction":[{"@type":"SearchAction","target":{"@type":"EntryPoint","urlTemplate":"https:\/\/www.alanyaproperties.com\/tr\/?s={search_term_string}"},"query-input":"required name=search_term_string"}],"inLanguage":"tr"},{"@type":"Organization","@id":"https:\/\/www.alanyaproperties.com\/tr\/#organization","name":"Alanya Properties","url":"https:\/\/www.alanyaproperties.com\/tr\/","logo":{"@type":"ImageObject","inLanguage":"tr","@id":"https:\/\/www.alanyaproperties.com\/tr\/#\/schema\/logo\/image\/","url":"https:\/\/i0.wp.com\/www.alanyaproperties.com\/wp-content\/uploads\/2017\/06\/alanya-properties-logo-180to.png?fit=180%2C81&ssl=1","contentUrl":"https:\/\/i0.wp.com\/www.alanyaproperties.com\/wp-content\/uploads\/2017\/06\/alanya-properties-logo-180to.png?fit=180%2C81&ssl=1","width":180,"height":81,"caption":"Alanya Properties"},"image":{"@id":"https:\/\/www.alanyaproperties.com\/tr\/#\/schema\/logo\/image\/"},"sameAs":["https:\/\/www.facebook.com\/alanyaproperties\/","https:\/\/x.com\/alanyapro","https:\/\/www.instagram.com\/alanyaproperties\/","https:\/\/www.youtube.com\/c\/AlanyaProperties"]},{"@type":"Person","@id":"https:\/\/www.alanyaproperties.com\/tr\/#\/schema\/person\/8a92cc9600cbc25fcc67c304ba14680c","name":"Yusuf Ekinci","image":{"@type":"ImageObject","inLanguage":"tr","@id":"https:\/\/www.alanyaproperties.com\/tr\/#\/schema\/person\/image\/","url":"https:\/\/secure.gravatar.com\/avatar\/aed1d8afe914e0136d015d60f22bd285?s=96&d=mm&r=g","contentUrl":"https:\/\/secure.gravatar.com\/avatar\/aed1d8afe914e0136d015d60f22bd285?s=96&d=mm&r=g","caption":"Yusuf Ekinci"},"sameAs":["http:\/\/alanya-web.com"],"url":"https:\/\/www.alanyaproperties.com\/tr\/author\/admin\/"}]}},"jetpack_sharing_enabled":true,"jetpack_featured_media_url":"https:\/\/i0.wp.com\/www.alanyaproperties.com\/wp-content\/uploads\/2017\/09\/second-homes-expo-2017.jpg?fit=980%2C250&ssl=1","_links":{"self":[{"href":"https:\/\/www.alanyaproperties.com\/tr\/wp-json\/wp\/v2\/posts\/60162"}],"collection":[{"href":"https:\/\/www.alanyaproperties.com\/tr\/wp-json\/wp\/v2\/posts"}],"about":[{"href":"https:\/\/www.alanyaproperties.com\/tr\/wp-json\/wp\/v2\/types\/post"}],"author":[{"embeddable":true,"href":"https:\/\/www.alanyaproperties.com\/tr\/wp-json\/wp\/v2\/users\/42"}],"replies":[{"embeddable":true,"href":"https:\/\/www.alanyaproperties.com\/tr\/wp-json\/wp\/v2\/comments?post=60162"}],"version-history":[{"count":0,"href":"https:\/\/www.alanyaproperties.com\/tr\/wp-json\/wp\/v2\/posts\/60162\/revisions"}],"wp:featuredmedia":[{"embeddable":true,"href":"https:\/\/www.alanyaproperties.com\/tr\/wp-json\/wp\/v2\/media\/60090"}],"wp:attachment":[{"href":"https:\/\/www.alanyaproperties.com\/tr\/wp-json\/wp\/v2\/media?parent=60162"}],"wp:term":[{"taxonomy":"category","embeddable":true,"href":"https:\/\/www.alanyaproperties.com\/tr\/wp-json\/wp\/v2\/categories?post=60162"},{"taxonomy":"post_tag","embeddable":true,"href":"https:\/\/www.alanyaproperties.com\/tr\/wp-json\/wp\/v2\/tags?post=60162"}],"curies":[{"name":"wp","href":"https:\/\/api.w.org\/{rel}","templated":true}]}}