{"id":3450,"date":"2009-10-23T07:26:21","date_gmt":"2009-10-23T07:26:21","guid":{"rendered":"http:\/\/www.alanyaproperties.com\/antalya\/"},"modified":"2017-05-17T00:08:52","modified_gmt":"2017-05-17T00:08:52","slug":"antalya","status":"publish","type":"post","link":"https:\/\/www.alanyaproperties.com\/tr\/turkiye-yatirim\/genel-bilgiler\/antalya\/","title":{"rendered":"Antalya"},"content":{"rendered":"<p><strong>Antalya<\/strong>, <strong>T\u00fcrkiye<\/strong>&#8216;nin g\u00fcneyinde, Akdeniz B\u00f6lgesi&#8217;nde yer almaktad\u0131r. T\u00fcrkiye&#8217;nin en \u00e7ok turist alan ilidir.<\/p>\n<p><strong>Antalya<\/strong>, antik b\u00f6lgelerden bat\u0131 Pamfilya&#8217;n\u0131n g\u00fcneydo\u011fu ucunu ve do\u011fu Likya&#8217;y\u0131 i\u00e7ine almaktad\u0131r.\u00a0 Antalya T\u00fcrkiye&#8217;de bug\u00fcne kadar bilinen en eski yerle\u015fmelerin bulundu\u011fu en \u00f6nde gelen illerden biridir.\u00a0 Antalya&#8217;ya 20 km uzakl\u0131kta ve Toroslar&#8217;\u0131n Akdeniz&#8217;e bakan yama\u00e7lar\u0131nda yer alan Karain Ma\u011faras\u0131&#8217;nda yap\u0131lan kaz\u0131larda Antalya ilinde Paleolitik yerle\u015fmenin varl\u0131\u011f\u0131n\u0131 ortaya \u00e7\u0131kartm\u0131\u015f ve b\u00f6lgenin tarihini M.\u00d6. 220 bin y\u0131l\u0131na kadar indirmi\u015ftir.<\/p>\n<p>B\u00f6lgenin en \u00f6nemli Prehistorik buluntular\u0131n\u0131 i\u00e7eren Karain ma\u011faras\u0131 Paleolitik ve Neolitik, Beldibi Ma\u011faras\u0131 da Mezolitik \u00e7a\u011fdan veriler sunarken, Badema\u011fac\u0131 H\u00f6y\u00fc\u011f\u00fc&#8217;nde son kaz\u0131larda Cilal\u0131 ta\u015f \u00e7a\u011f\u0131 yerle\u015fimlerine ve buluntular\u0131 ve yan\u0131s\u0131ra insan\u0131n yerle\u015fik hayata ge\u00e7i\u015finin ilk izlerine rastlan\u0131r.\u00a0 Bunlara Karata\u015f, Semah\u00f6y\u00fck&#8217;te yap\u0131lan kaz\u0131larla elde edilen Erken Tun\u00e7 \u00c7a\u011f\u0131 bulgular\u0131 da eklenince, b\u00f6lgede Paleolitik \u00e7a\u011fdan zaman\u0131m\u0131za kadar kesintisiz bir uygarl\u0131\u011f\u0131n varl\u0131\u011f\u0131 belirlenir.<\/p>\n<p>Antalya B\u00f6lgesi&#8217;nin erken tarihi, son buluntulardan \u00f6nce karanl\u0131kt\u0131.\u00a0 Hititlerin \u00e7ivi yaz\u0131l\u0131 belgelerinde, ad\u0131 ge\u00e7en Ahhiyava ve Arzava \u00fclkelerinin Pamfilya oldu\u011fu bilim \u00e7evrelerinde art\u0131k daha y\u00fcksek sesle ileri s\u00fcr\u00fclmektedir.\u00a0 Son ara\u015ft\u0131rmalar ve buluntular\u0131n yorumlanmas\u0131yla karanl\u0131k diye bilinen bu d\u00f6nem de ayd\u0131nlanmaya ba\u015flam\u0131\u015ft\u0131r.<\/p>\n<p>Konya&#8217;n\u0131n Yalburt&#8217;unda bir Hitit Hieroglafinde Patara&#8217;n\u0131n &#8220;Pataf&#8221; bi\u00e7iminde ge\u00e7mesi bu ayd\u0131nlanmay\u0131 g\u00fc\u00e7lendiren buluntulard\u0131r.\u00a0 B\u0131radan anla\u015f\u0131lan, Hititler, &#8220;Lukka \u00dclkesi&#8221; diye adland\u0131rd\u0131klar\u0131 Akdeniz sahiline kadar uzanm\u0131\u015ft\u0131r.<\/p>\n<p>M.\u00d6. 14. ve 13. y\u00fczy\u0131llar, Miken kolonistlerinin en faal olduklar\u0131 d\u00f6nemlerdir.\u00a0 <strong>Anadolu<\/strong>&#8216;n\u00fcn bat\u0131 ve g\u00fcney b\u00f6lgelerinde \u00f6zellikle Mersin, Tarsus&#8217;ta baz\u0131 yerle\u015fmeler oldu\u011fu halde, Antalya&#8217; da hen\u00fcz Miken kal\u0131nt\u0131lar\u0131na rastlanmam\u0131\u015ft\u0131r.<\/p>\n<p><strong>Aspendos<\/strong> TiyatrosuHitit \u0130mpratorlu\u011funun y\u0131k\u0131lmas\u0131n\u0131n sebebi olan Deniz kavimleri g\u00f6\u00e7\u00fc s\u0131ras\u0131nda bir k\u0131s\u0131m Akal\u0131lar\u0131n bu b\u00f6lgeye g\u00f6\u00e7 ettiklerinden Grek efsanelerinde s\u00f6z edilir.\u00a0 <strong>Truva <\/strong>Sava\u015flar\u0131&#8217;ndan sonra baz\u0131 Aka boylar\u0131, Amphilokhos, Kalkhas ve Mopsos&#8217;un idaresinde Pamfilya&#8217;ya geldikleri; <strong>Perge<\/strong>, <strong>Sillyon<\/strong>, <strong>Aspendos<\/strong> ve <strong>Selge<\/strong>&#8216;yi kurduklar\u0131 s\u00f6ylenmekle birlikte son bilimsel veriler bu kentleri y\u00f6renin yerli halk\u0131n\u0131n kurdu\u011funu g\u00f6stermektedir.\u00a0 Bu Perge&#8217;nin Parha, Aspendos&#8217;un Estved\u00fcs, Selge&#8217;nin Estlegiis, Silyon&#8217;un Selyu\u00fcs adlar\u0131ndan da bellidir.<\/p>\n<p>Antalya s\u0131n\u0131rlar\u0131 i\u00e7inde yerle\u015fen Likyal\u0131&#8217;lar\u0131n k\u00f6kenleri tart\u0131\u015f\u0131lmakla birlikte, <strong>Hitit <\/strong>ve M\u0131s\u0131r kaynaklar\u0131nda (M.\u00d6. 2000) Lukki veya Lukka adl\u0131 bir kavimden bahsedilmektedir. Bu kavim, kendilerini &#8220;Termili&#8221; olarak adland\u0131ran Akdeniz k\u0131y\u0131lar\u0131m\u0131zdaki g\u00fc\u00e7l\u00fc kom\u015fular\u0131 Luvilere akrabal\u0131klar\u0131 ile bilinen <strong>Likya<\/strong> ulusundan ba\u015fkas\u0131 de\u011fildir.<\/p>\n<p>\u0130lk yerle\u015fme hareketleri M.\u00d6. 7. ve 8. y\u00fczy\u0131llarda Akdeniz k\u0131y\u0131lar\u0131nda ba\u015flam\u0131\u015ft\u0131r. \u00d6zellikle Bat\u0131 Anadolu ve Yunanistan&#8217;da baz\u0131 koloniler bu harekette \u00f6nderlik ederek, baz\u0131 kentleri egemenlikleri alt\u0131na alm\u0131\u015flar veya yeni kentler kurmu\u015flard\u0131r.<\/p>\n<p>Antalya&#8217;n\u0131n ilk surlar\u0131n\u0131n II. <strong>Attalos<\/strong> zaman\u0131nda in\u015fa edildi\u011fi bilinmektedir.\u00a0 M.S. 130 y\u0131l\u0131nda Roma imparatoru Hadriyanus, Antalya seferi s\u0131ras\u0131nda &#8220;Hadriyanus Kap\u0131s\u0131&#8221;n\u0131 yapt\u0131rm\u0131\u015f, surlar\u0131n do\u011fu b\u00f6l\u00fcm\u00fcn\u00fc de onartt\u0131rm\u0131\u015ft\u0131r.<\/p>\n<p>\u00a0Do\u011fu Roma Egemenli\u011fi.<br \/>H\u0131ristiyanl\u0131\u011f\u0131n Anadolu&#8217;da h\u0131zla yay\u0131ld\u0131\u011f\u0131 M.S. 5.-7. y\u00fczy\u0131llar boyunca Pamfilya ve Likya, Do\u011fu Roma eyaleti olarak \u00f6nemlerini korumu\u015flar, hatta M.S. 2. y\u00fczy\u0131ldaki parlak \u00e7a\u011flar\u0131na yakla\u015f\u0131r derecede, imar g\u00f6rm\u00fc\u015flerdir.\u00a0 7. y\u00fczy\u0131l\u0131n ortalar\u0131nda Araplar\u0131n s\u00fcrekli ya\u011fma ve sald\u0131r\u0131lar\u0131 her iki b\u00f6lgeyi b\u00fcy\u00fck \u00f6l\u00e7\u00fcde zarara sokmu\u015f, bu duruma engel olmak isteyen Do\u011fu Romal\u0131lar, b\u00f6lgeyi korumak amac\u0131yla \u00f6zel bir donanma kurmu\u015flard\u0131r.\u00a0 Roma \u0130mparatorlu\u011fu&#8217;nun b\u00f6lgeye kesinlikle egemen olmas\u0131ndan sonra, stratejik yerler veya kentlerin baz\u0131lar\u0131, ufak ke\u015fi\u015flikler halinde Do\u011fu Roma Egemenli\u011fi s\u0131ras\u0131nda ya\u015famalar\u0131n\u0131 s\u00fcrd\u00fcrm\u00fc\u015flerdir.<\/p>\n<p>Ayr\u0131ca, Rodos, Venedik, Ceneviz korsanlar\u0131n\u0131n talanlar\u0131, K\u0131br\u0131s Krallar\u0131n\u0131n sald\u0131r\u0131lar\u0131 ve Ha\u00e7l\u0131 seferi s\u0131ras\u0131ndaki ya\u011fmalar, b\u00f6lgenin ekonomik g\u00fcc\u00fc kadar kentleri de y\u0131pratm\u0131\u015ft\u0131r.\u00a0 Bu s\u0131rada \u00f6zellikle Rodos ve Cenevizliler koruma ve sald\u0131rma i\u00e7in, uygun k\u0131y\u0131larda \u00fcsler kurmu\u015flard\u0131r.<\/p>\n<p>Antalya, Bat\u0131 Akdeniz k\u0131y\u0131s\u0131nda stratejik konumuyla \u00f6nemli bir liman \u015fehridir. Bu \u00f6zelli\u011finden dolay\u0131, kuruldu\u011fu tarihten ba\u015flayarak s\u00fcrekli istilalara maruz kalm\u0131\u015ft\u0131r.<\/p>\n<p>\u00a0Sel\u00e7uklu D\u00f6nemi.<br \/>Antalya&#8217;n\u0131n \u0130lk Sel\u00e7uklu sultan\u0131 I. R\u00fcknettin S\u00fcleyman \u015eah zaman\u0131nda da (1076-1086) T\u00fcrkler taraf\u0131ndan fethedildi\u011fi ve 1096 y\u0131l\u0131nda ba\u015flayan Ha\u00e7l\u0131 seferine kadar T\u00fcrklerin elinde kald\u0131\u011f\u0131 bilinmektedir.\u00a0 I.\u0130zzeddin Mesud zaman\u0131nda (16-1155) da Sel\u00e7uklulara ge\u00e7en \u015fehir, 1120&#8217;de Bizansl\u0131lar taraf\u0131ndan geri al\u0131nm\u0131\u015ft\u0131r.<\/p>\n<p>Karayolu ticaretini geli\u015ftirmeye \u00e7al\u0131\u015fan Sel\u00e7uklular\u0131n en \u00f6nemli hedeflerinden biri Akdeniz ticaretini ele ge\u00e7irmekti.\u00a0 Stratejik \u00f6neminin yan\u0131 s\u0131ra, ticari a\u00e7\u0131dan Anadolu&#8217;yu di\u011fer Akdeniz \u00fclkelerine ba\u011flayan bir liman olmas\u0131 nedeniyle de Antalya&#8217;n\u0131n al\u0131nmas\u0131 gerekiyordu.\u00a0 M\u0131s\u0131r ve Suriye&#8217;den gelen tacirler, Anadolu&#8217;ya ge\u00e7i\u015f yolu Antalya&#8217;y\u0131 kullan\u0131yordu. Nitekim, 1182 y\u0131l\u0131nda Sel\u00e7uklu sultan\u0131 II. K\u0131l\u0131\u00e7 Arslan (1115-1192) Antalya&#8217;y\u0131 ku\u015fatm\u0131\u015f, fakat alamam\u0131\u015ft\u0131r.<\/p>\n<p>Latinler&#8217;in 1191 y\u0131l\u0131nda K\u0131br\u0131s&#8217;a yerle\u015fmelerinden sonra, Antalya&#8217;ya gelen tacirlerin mallar\u0131 \u00e7al\u0131nmaya ba\u015flam\u0131\u015ft\u0131r. Bunun \u00fczerine Sel\u00e7uklu sultan\u0131 I. G\u0131yaseddin Keyh\u00fcsrev, ikinci sultanl\u0131\u011f\u0131 s\u0131ras\u0131nda (1205-1211) Antalya&#8217;n\u0131n fethine karar verir. 5 Mart 1207 de Sultan, yerli halk\u0131n da yard\u0131m\u0131yla \u015fehri iki ayl\u0131k ku\u015fatmadan sonra fethetmi\u015ftir. Bunun \u00fczerine Antalya&#8217;ya kad\u0131, imam, hatip ve m\u00fcezzinlerin tayin edildi\u011fi; mihrap ile minber kondu\u011fu, kale ve bur\u00e7lar\u0131n onar\u0131l\u0131p silahla, erzakla dolduruldu\u011fu belirtilmektedir. B\u00f6ylelikle Sel\u00e7uklular&#8217;a Akdeniz yolu a\u00e7\u0131lm\u0131\u015f; Antalya, Avrupa ve M\u0131s\u0131r&#8217;la yap\u0131lan ticaretin merkezi olman\u0131n yan\u0131 s\u0131ra, Sel\u00e7uklu donanmas\u0131n\u0131n \u00fcss\u00fc haline gelmi\u015ftir. 1212 y\u0131l\u0131nda, Antalya&#8217;n\u0131n yerli halk\u0131 isyan ederek y\u00f6neticileri \u00f6ld\u00fcrm\u00fc\u015ft\u00fcr. Bunun \u00fczerine, Sel\u00e7uklu Sultan\u0131 I. \u0130zzeddin Keykavus (1211-1220) Antalya&#8217;n\u0131n yeniden fethine karar vermi\u015f ve 22 Aral\u0131k 1216&#8242; da \u015fehir tekrar Sel\u00e7uklular&#8217;\u0131n eline ge\u00e7mi\u015ftir.<\/p>\n<p>H\u0131ristiyan ve M\u00fcsl\u00fcmanlar\u0131n birlikte ya\u015fama deneyimi ba\u015far\u0131s\u0131zl\u0131kla sonu\u00e7lan\u0131nca, g\u00fcvenli\u011fin sa\u011flanmas\u0131 amac\u0131yla \u015fehir ikiye b\u00f6l\u00fcnm\u00fc\u015ft\u00fcr.\u00a0 M\u00fcsl\u00fcmanlarla, H\u0131ristiyanlar\u0131n ya\u015fad\u0131klar\u0131 mahalleleri birbirinden ay\u0131rmak i\u00e7in bir i\u00e7 sur yap\u0131lm\u0131\u015f; H\u0131ristiyanlar \u015fehrin do\u011fusuna, M\u00fcsl\u00fcmanlar bat\u0131s\u0131na yerle\u015fmi\u015flerdir.\u00a0 Kentin bat\u0131s\u0131nda T\u00fcrk n\u00fcfusunun artmas\u0131yla yeni bir sura gerek duyulmu\u015f, Sel\u00e7uklu Sultan\u0131 I. Alaeddin Keykubad d\u00f6neminde (1220-1237) 1225 y\u0131l\u0131nda daha do\u011fuda, denize do\u011fru ikinci bir sur yap\u0131lm\u0131\u015ft\u0131r.\u00a0 B\u00f6ylelikle \u015fehir Sel\u00e7uklu Sultanlar\u0131n\u0131n k\u0131\u015fl\u0131k merkezi haline gelmi\u015f, k\u0131\u015flar\u0131 \u00e7o\u011fu zaman Antalya&#8217;da ve 1223 y\u0131l\u0131nda fethedilen Alanya&#8217;da ge\u00e7irmeye ba\u015flam\u0131\u015flard\u0131r. H\u0131ristiyan n\u00fcfus ise kentten ayr\u0131l\u0131p Tarsus ve Mersin cevresine yerle\u015fmi\u015flerdir.<\/p>\n<p>Sel\u00e7uklu d\u00f6neminde \u00f6zellikle Alanya&#8217;da b\u00fcy\u00fck bir geli\u015fme g\u00f6stermi\u015ftir. I. Alaeddin Keykubad zaman\u0131nda <strong>Alanya<\/strong>&#8216;n\u0131n, Sel\u00e7uklu h\u00fck\u00fcmdarlar\u0131n\u0131n k\u0131\u015fl\u0131\u011f\u0131 oldu\u011funu bilmekteyiz. Bu \u00e7a\u011fda imar faaliyetleri de yukar\u0131da anlat\u0131ld\u0131\u011f\u0131 gibi Antalya, Alanya i\u00e7inde, Antalya ve Alanya&#8217;y\u0131 Konya ve Bey\u015fehir&#8217;e ve k\u0131y\u0131dan Anamur ve Mut&#8217;a ba\u011flayan yollar \u00fczerinde devam etmi\u015ftir.<\/p>\n<p>\u00a0Osmanl\u0131 D\u00f6nemi [de\u011fi\u015ftir]<br \/>1389 y\u0131l\u0131nda Osmanl\u0131 sultan\u0131 Y\u0131ld\u0131r\u0131m Beyaz\u0131t taraf\u0131ndan fethedilen Antalya ve \u00e7evresi Osmanl\u0131 topraklar\u0131na kat\u0131lm\u0131\u015ft\u0131r.\u00a0 Osmanl\u0131 d\u00f6neminde Antalya surlar\u0131nda fazla de\u011fi\u015fiklik yap\u0131lmam\u0131\u015f, baz\u0131 kap\u0131lar a\u00e7\u0131lm\u0131\u015f, baz\u0131lar\u0131 da onar\u0131lm\u0131\u015ft\u0131r.\u00a0 Osmanl\u0131 d\u00f6neminde \u015fehir sur d\u0131\u015f\u0131na kuzeye do\u011fru geli\u015fmi\u015f, \u015fehir merkezinin sur d\u0131\u015f\u0131nda kuzeydeki kap\u0131 \u00e7evresinde olu\u015fmu\u015ftur. Bu nedenle, Antalya&#8217;n\u0131n Sel\u00e7uklu ve Beylikleri d\u00f6nemi \u015fehir dokusu pek bozulmam\u0131\u015ft\u0131r.<\/p>\n<p>1402-1415 y\u0131llar\u0131 aras\u0131nda Antalya&#8217;ya Karamano\u011fullar\u0131 hakim olmu\u015ftu.\u00a0 Tek ba\u015f\u0131na kentteki Osmanl\u0131 kuvvetlerini yenmesi olanaks\u0131z oldu\u011fundan Karamano\u011flu Mehmet Bey&#8217;den yard\u0131m istedi (1423). Firuz Bey, Osman \u00c7elebi&#8217;nin Karamano\u011fullar\u0131 kuvvetleriyle birle\u015fmesine meydan vermeden, Suba\u015f\u0131s\u0131 Hamza Bey&#8217;le Korkuteli&#8217;ne ani bir bask\u0131n yapt\u0131rtt\u0131. Hamza Bey, hasta haliyle ka\u00e7amayan Osman \u00c7elebi&#8217;yi yakalay\u0131p \u00f6ld\u00fcrd\u00fc. Bu s\u0131rada Antalya&#8217;y\u0131 ku\u015fatan Mehmet Bey de, kaleden at\u0131lan bir g\u00fclle par\u00e7as\u0131n\u0131n isabetiyle \u00f6l\u00fcnce yaln\u0131z Antalya de\u011fil. b\u00fct\u00fcn bu b\u00f6lge Osmanl\u0131lar&#8217;\u0131n eline ge\u00e7mi\u015f oldu. (1423).<\/p>\n<p>Tekeo\u011fullar\u0131&#8217;n\u0131n y\u00fczy\u0131l kadar s\u00fcren egemenlikleri s\u00fcresince Teke Beyli\u011fi&#8217;nde b\u00fcy\u00fck geli\u015fme olmad\u0131.\u00a0 En kudretli d\u00f6nemlerinde s\u00fcrekli K\u0131br\u0131sl\u0131lar&#8217;la sava\u015ft\u0131klar\u0131ndan k\u00fclt\u00fcr alanlar\u0131nda bir eser b\u0131rakmalar\u0131na olanak olmad\u0131. Ancak Teke y\u00f6resine yerle\u015fen ve eski T\u00fcrk gelenek ve g\u00f6reneklerine s\u0131k\u0131 s\u0131k\u0131ya ba\u011fl\u0131 olan T\u00fcrkmen oymaklar\u0131 aras\u0131nda Ahilik ve Bekta\u015filik yay\u0131ld\u0131. \u00d6zellikle Ahiler olduk\u00e7a fazla bir taraftara sahip oldular.\u00a0 Ahiler, Tekelio\u011flu H\u0131z\u0131r Bey zaman\u0131nda Antalya&#8217;da geni\u015f bir \u00f6rg\u00fct kurdular.\u00a0 H\u0131z\u0131r Bey&#8217;den sonra Teke eline egemen olan Teke beyleri de bu b\u00f6lgede bir\u00e7ok zaviye ve tekkeye k\u00f6yleri vakfettiler.<\/p>\n<p>II.Beyaz\u0131t&#8217;\u0131n devri sonlar\u0131nda \u015eehzade Korkut, bu sanca\u011f\u0131n ba\u015f\u0131nda bulunuyordu.\u00a0 Bug\u00fcnk\u00fc Kesik Minare Camii&#8217;ni, kiliseden camiye o \u00e7evirtmi\u015fti.\u00a0 Babas\u0131 \u00f6l\u00fcnce tahta \u00e7\u0131kan karde\u015fi Selim (Yavuz) taraf\u0131ndan takip ettirilerekKorkuteli&#8217;nde Osman Kalfalar K\u00f6y\u00fc yak\u0131n\u0131nda sakland\u0131\u011f\u0131 bir ma\u011farada yakalanarak Bursa&#8217;ya g\u00f6t\u00fcr\u00fcld\u00fc ve orada \u00f6ld\u00fcr\u00fcld\u00fc.<\/p>\n<p>Teke elindeki bir k\u0131s\u0131m halk 1511&#8217;de \u015eah \u0130smail&#8217;in adamlar\u0131ndan \u015eahkulu Baba Tekeli ile birle\u015ferek b\u00fcy\u00fck bir isyan \u00e7\u0131kard\u0131. \u015eahkulu \u0130syan\u0131&#8217;n\u0131n ayn\u0131 y\u0131l i\u00e7inde bast\u0131r\u0131lmas\u0131ndan sonra, Teke elindeki \u015eiiler ve \u015eahkulu \u0130syan\u0131&#8217;na kat\u0131lanlar, Rumeli&#8217;ye s\u00fcrg\u00fcn edildiler. Bu s\u00fcrg\u00fcnler y\u00fcz\u00fcnden Teke elinde n\u00fcfus azald\u0131, kent ve kasabalar k\u00fc\u00e7\u00fcld\u00fc. 16. yy&#8217;dan sonra, eski \u00f6nemini kaybeden Teke eli, daha sonraki y\u00fczy\u0131llarda sancak haline geldi. Il.\u00a0 Sultan Mahmut zaman\u0131nda (1813) Tekelio\u011flu Mehmet ve \u0130brahim A\u011fa&#8217;lar\u0131n ayaklanmalar\u0131 ise sonu\u00e7suz kalm\u0131\u015ft\u0131r.<\/p>\n<p>Antalya, Osmanl\u0131 \u0130mparatorlu\u011fu y\u00f6netim \u00f6rg\u00fct\u00fcnde merkezi K\u00fctahya&#8217;da olan Anadolu Eyaleti&#8217;nin 14 sanca\u011f\u0131ndan (vilayetinden) birinin merkezi olmu\u015f ve sanca\u011fa Teke Sanca\u011f\u0131 ad\u0131 verilmi\u015ftir.\u00a0 \u0130mparatorlu\u011fun sonlar\u0131na do\u011fru 5 il\u00e7eli Teke Sanca\u011f\u0131, 1913 y\u0131l\u0131nda Konya Vilayetine ba\u011flanm\u0131\u015f; bu eyaletin be\u015f sanca\u011f\u0131ndan biri olmu\u015ftur.\u00a0 O zamanlar toplam k\u00f6y say\u0131s\u0131 549 idi.\u00a0 Sancak toplam n\u00fcfusu 1890&#8217;da 224.000 ki\u015fi idi. Bunun 15.000 kadar\u0131n\u0131 Y\u00f6r\u00fckler olu\u015fturuyordu. Devlet ar\u015fivinde bulunan 1840 tarihli bir belgeden Antalya Kalesi i\u00e7indeki n\u00fcfusun \u00e7o\u011falmas\u0131 nedeniyle, sur d\u0131\u015f\u0131nda bir mahalle kurulmas\u0131 ve bir kap\u0131 a\u00e7\u0131lmas\u0131na (Bug\u00fcnk\u00fc Yenikap\u0131) izin veriliyordu. Daha sonra Antalya, 1913 ilkbahar\u0131nda Teke Sanca\u011f\u0131 ad\u0131yla ba\u011f\u0131ms\u0131z bir mutasarr\u0131fl\u0131k oldu. Ayn\u0131 y\u0131l \u0130talya ve Avusturya-Macaristan \u0130mparatorlu\u011fu da, Antalya&#8217;da birer konsolosluk a\u00e7t\u0131lar. Cumhuriyet devrinde sancaklara \u201cVilayet\u201d ad\u0131 verilmi\u015f ve Antalya ortaya \u00e7\u0131km\u0131\u015ft\u0131r.<\/p>\n<p>Zincirk\u0131ran Mehmed Bey<\/p>\n<p>M\u00fcbarizeddin Mehmet Bey, \u201cZincirk\u0131ran\u201d unvan\u0131 ile an\u0131lan de\u011ferli bir insand\u0131. Mehmed Bey \u00f6mr\u00fcn\u00fc K\u0131br\u0131sl\u0131lar&#8217;a kar\u015f\u0131 m\u00fccadele ile ge\u00e7irdi.\u00a0 Onun zaman\u0131nda, Antalya&#8217;n\u0131n kayb\u0131n\u0131n ac\u0131s\u0131n\u0131 bir t\u00fcrl\u00fc unutamayan K\u0131br\u0131s Kral\u0131 I.Pierre, 114 par\u00e7adan meydana gelen bir donanma ile ani olarak Antalya&#8217;y\u0131 denizden ve karadan ku\u015fatt\u0131 ve bir g\u00fcn sonra da Antalya&#8217;y\u0131 ele ge\u00e7irdi. K\u0131br\u0131s Kral\u0131 Pierre, bu sayede bir bu\u00e7uk y\u00fczy\u0131l sonra \u015fehri tekrar T\u00fcrkler&#8217;den alm\u0131\u015f oldu. Antalya&#8217;n\u0131n 1361-1373 y\u0131llar\u0131 aras\u0131nda K\u0131br\u0131s Krall\u0131\u011f\u0131&#8217;n\u0131n elinde bulundu\u011funu, Pa\u015fa Camii&#8217;nin kuzeyinde fakat bug\u00fcn y\u0131k\u0131lm\u0131\u015f olan bir kuledeki yaz\u0131ttan anl\u0131yoruz.\u00a0 Yaz\u0131tta \u201cTanr\u0131&#8217;n\u0131n yard\u0131m\u0131 ile g\u00fc\u00e7l\u00fc K\u0131br\u0131s ve Kud\u00fcs \u0130mparatoru Petro 1361 y\u0131l\u0131nda A\u011fustos&#8217;un 24&#8217;\u00fcnc\u00fc gecesi olan Sal\u0131 g\u00fcn\u00fc g\u00fc\u00e7l\u00fc askeri ile Antalya&#8217;y\u0131 ald\u0131\u201d denilmektedir.<\/p>\n<p>Fakat Zincirk\u0131ran Mehmed Bey bu kay\u0131ptan y\u0131lmad\u0131. Korkuteli&#8217;ne \u00e7ekilerek sava\u015fa devam etti. Arada ge\u00e7en y\u0131llar i\u00e7inde kuvvetlerini \u00e7o\u011faltt\u0131, yeti\u015ftirdi. Her ne olursa olsun K\u0131br\u0131sl\u0131lar&#8217;\u0131 bu g\u00fczel limandan koymay\u0131 kafas\u0131na koymu\u015ftu.<\/p>\n<p>Mehmed Bey&#8217;in haz\u0131rlanmas\u0131 uzun bir zaman ald\u0131. Tam on iki y\u0131l sab\u0131rla haz\u0131rland\u0131 ve emek verdi. En sonunda, 1373 y\u0131l\u0131nda K\u0131br\u0131sl\u0131lar\u0131 kentten kovmay\u0131 ve Antalya&#8217;y\u0131 tekrar T\u00fcrk egemenli\u011fine sokmay\u0131 ba\u015fard\u0131. Bu, Antalya&#8217;n\u0131n bir T\u00fcrk kumandan\u0131 taraf\u0131ndan alt\u0131nc\u0131 kez al\u0131n\u0131\u015f\u0131d\u0131r.<\/p>\n<p>Zincirk\u0131ran Mehmed Bey&#8217;in zaferden sonra Antalya&#8217;ya giri\u015fi o kadar g\u00f6rkemli oldu ki, bug\u00fcne kadar Antalya&#8217;da hi\u00e7bir kumandan bu kadar co\u015fkuyla kar\u015f\u0131lanmam\u0131\u015f, bu kadar sevgiye ula\u015fmam\u0131\u015ft\u0131. Mehmed Bey, buna o kadar \u00e7ok sevindi ki, bir \u015f\u00fckran ifadesi olarak cami yapt\u0131rmaya karar verdi. Bu iste\u011fini, kale i\u00e7inde Yivli Minare Camii diye an\u0131lan camiyi, ba\u015ftan ba\u015fa tamir ve iyile\u015ftirmek suretiyle ger\u00e7ekle\u015ftirdi.<\/p>\n<p>Zincirk\u0131ran Mehmed Bey, Antalya&#8217;y\u0131 kurtar\u0131\u015f\u0131ndan sonra ancak be\u015f y\u0131l ya\u015fad\u0131 ve 1378&#8217;de vefat etti, Yivli Minare K\u00fclliyesi i\u00e7inde g\u00f6m\u00fcld\u00fc.\u00a0\u00a0 Mezar\u0131n\u0131n \u00fczerine planl\u0131 k\u00fcmbet \u015feklinde bir t\u00fcrbe yapt\u0131r\u0131ld\u0131. Mehmed Bey&#8217;in \u00f6l\u00fcm\u00fcnden sonra yerine Osman Bey ge\u00e7ti.\u00a0 Osman \u00c7elebi Bey, 1392&#8217;ye kadar Antalya&#8217;da h\u00fck\u00fcm s\u00fcrd\u00fc. Osman Bey, \u00c7elebi Bey devrinde Tekelio\u011flu Beyli\u011fi&#8217;nin eski g\u00fcc\u00fc ve \u00f6nemi kalmam\u0131\u015ft\u0131. Sultan 1.Murat 1387&#8217;de Karamano\u011flu Alaeddin Bey&#8217;i yenerek Bey\u015fehir&#8217;e geldi\u011fi zaman, Tekeo\u011fullar\u0131&#8217;n\u0131n \u00e7ok zay\u0131f durumda olmas\u0131 nedeniyle, Teke \u00fczerine sefer yapmaya gerek g\u00f6rmedi.\u00a0 Y\u0131ld\u0131r\u0131m Beyaz\u0131t 1390&#8217;da Osman \u00c7elebi&#8217;nin o\u011flu Mustafa Bey&#8217;in elinde bulunan Antalya \u00fczerine y\u00fcr\u00fcd\u00fc. Mustafa Bey M\u0131s\u0131r&#8217;a ka\u00e7t\u0131 ve kent Osmanl\u0131lar&#8217;\u0131n eline ge\u00e7ti (1392). Antalya Muhaf\u0131zl\u0131\u011f\u0131na Firuz Bey tayin edildi ve daha sonra Teke bir \u015eehzade Sanca\u011f\u0131 oldu.<\/p>\n<p>Antalya&#8217;y\u0131 I. D\u00fcnya Sava\u015f\u0131&#8217;na kadar bir Osmanl\u0131 Sanca\u011f\u0131 olarak g\u00f6r\u00fcnmektedir.\u00a0 1917 &#8211; 1921 aras\u0131nda \u0130talyanlar\u0131n i\u015fgalinde kalan \u015fehir, 1921 y\u0131l\u0131nda Cumhuriyet H\u00fck\u00fcmeti&#8217;ne ba\u011flanm\u0131\u015ft\u0131r.<\/p>\n<p>\u00a0<strong>Antalya<\/strong> Ad\u0131.<br \/>Helenistik d\u00f6nemde Bergama Kral\u0131 II. Attalos (M.\u00d6. 159-138), b\u00f6lgenin stratejik d\u00f6nemini dikkate alarak buraya bir Liman &#8211; \u015fehir kurdurmu\u015ftur.\u00a0 Kent, kurucusunun ad\u0131ndan dolay\u0131 &#8220;Ataleia&#8221; olarak an\u0131lm\u0131\u015ft\u0131r. Arap kaynaklar\u0131nda \u015fehrin ad\u0131 &#8220;Antaliye&#8221;, T\u00fcrk kaynaklar\u0131nda ise &#8220;Adalya&#8221; olarak ge\u00e7mektedir.\u00a0 Yerle\u015fme, 20. y\u00fczy\u0131l\u0131n ilk \u00e7eyre\u011finden ba\u015flayarak &#8220;Antalya&#8221; olarak adland\u0131r\u0131lm\u0131\u015ft\u0131r&#8230;<\/p>\n<p>\u00a0Co\u011frafi konum.<br \/>\u00a0<br \/><strong>Antalya<\/strong> ilinin il\u00e7eleriAntalya ili Anadolu&#8217;nun g\u00fcneybat\u0131s\u0131nda yer almaktad\u0131r.\u00a0 Y\u00fcz\u00f6l\u00e7\u00fcm\u00fc 20.723 km\u00b2 olup, T\u00fcrkiye y\u00fcz\u00f6l\u00e7\u00fcm\u00fcn\u00fcn %2.6&#8217;s\u0131 kadard\u0131r.<\/p>\n<p>\u0130lin kara s\u0131n\u0131rlar\u0131n\u0131 Toros Da\u011flar\u0131 meydana getirmektedir. \u0130lin g\u00fcneyinde Akdeniz, do\u011fusunda Mersin, Konya ve Karaman, kuzeyinde Isparta ve Burdur, bat\u0131s\u0131nda ise Mu\u011fla illeri vard\u0131r.<\/p>\n<p>\u0130l arazisinin ortalama olarak %77.8&#8217;i da\u011fl\u0131k, %10.2&#8217;si ova, %12&#8217;si ise engebeli bir yap\u0131ya sahiptir.\u00a0 \u0130l alan\u0131n\u0131n 3\/4&#8217;\u00fcn\u00fc kaplayan Toroslar\u0131n bir\u00e7ok tepesi 2500-3000 metreyi a\u015far. Bat\u0131&#8217;da ki Teke y\u00f6resinde geni\u015f platolar ve havzalar yer al\u0131r.\u00a0 \u00c7o\u011funlukla kire\u00e7ta\u015flar\u0131ndan olu\u015fmu\u015f bu da\u011flar ve platolar alan\u0131nda, kire\u00e7ta\u015flar\u0131n\u0131n erimesiyle olu\u015fmu\u015f ma\u011faralar, d\u00fcdenler, su \u00e7\u0131karanlar, dolinler, uvalalar ve daha geni\u015f \u00e7ukurluklar olan polyeler gibi b\u00fcy\u00fckl\u00fc, k\u00fc\u00e7\u00fckl\u00fc karst \u015fekilleri \u00e7ok yayg\u0131nd\u0131r.\u00a0 \u0130lin topo\u011frafik y\u00f6nden g\u00f6sterdi\u011fi de\u011fi\u015fkenlik gerek iklim, gerek tar\u0131msal gerekse demografi ve yerle\u015fme y\u00f6n\u00fcnden farkl\u0131 ortamlar yaratmaktad\u0131r.\u00a0 Ayr\u0131 \u00f6zellik g\u00f6steren bu alanlar\u0131 sahil ve yayla b\u00f6lgesi olarak tan\u0131mlayabiliriz.<\/p>\n<p>Sahil kesimi il\u00e7eleri; Konyaalt\u0131, Muratpa\u015fa, Aksu, Gazipa\u015fa, <strong>Alanya<\/strong>, Manavgat, Serik, Kemer, Kumluca, Finike, Kale ve Ka\u015f&#8217;t\u0131r. Denizden y\u00fcksekli\u011fi 5-44 m aras\u0131ndad\u0131r. Yayla kesimi il\u00e7eler ise; G\u00fcndo\u011fmu\u015f, D\u00f6\u015femealt\u0131, Kepez, Akseki, \u0130brad\u0131, Korkuteli ve Elmal\u0131&#8217;d\u0131r. Bu il\u00e7elerin denizden y\u00fcksekli\u011fi 900-1000 m aras\u0131ndad\u0131r<\/p>\n","protected":false},"excerpt":{"rendered":"<p>Antalya, T\u00fcrkiye&#8216;nin g\u00fcneyinde, Akdeniz B\u00f6lgesi&#8217;nde yer almaktad\u0131r. T\u00fcrkiye&#8217;nin en \u00e7ok turist alan ilidir. Antalya, antik b\u00f6lgelerden bat\u0131 Pamfilya&#8217;n\u0131n g\u00fcneydo\u011fu ucunu ve do\u011fu Likya&#8217;y\u0131 i\u00e7ine almaktad\u0131r.\u00a0 Antalya T\u00fcrkiye&#8217;de bug\u00fcne kadar bilinen en eski yerle\u015fmelerin bulundu\u011fu en \u00f6nde gelen illerden biridir.\u00a0 Antalya&#8217;ya 20 km uzakl\u0131kta ve Toroslar&#8217;\u0131n Akdeniz&#8217;e bakan yama\u00e7lar\u0131nda yer alan Karain Ma\u011faras\u0131&#8217;nda yap\u0131lan kaz\u0131larda Antalya [&hellip;]<\/p>\n","protected":false},"author":42,"featured_media":0,"comment_status":"closed","ping_status":"closed","sticky":false,"template":"","format":"standard","meta":{"footnotes":""},"categories":[1862,1888],"tags":[],"yoast_head":"<!-- This site is optimized with the Yoast SEO plugin v22.6 - https:\/\/yoast.com\/wordpress\/plugins\/seo\/ -->\n<title>Antalya - Properties in Alanya.<\/title>\n<meta name=\"description\" content=\"Antalya - Properties in Alanya.\" \/>\n<meta name=\"robots\" content=\"index, follow, max-snippet:-1, max-image-preview:large, max-video-preview:-1\" \/>\n<link rel=\"canonical\" href=\"https:\/\/www.alanyaproperties.com\/tr\/turkiye-yatirim\/genel-bilgiler\/antalya\/\" \/>\n<meta property=\"og:locale\" content=\"tr_TR\" \/>\n<meta property=\"og:type\" content=\"article\" \/>\n<meta property=\"og:title\" content=\"Antalya - Properties in Alanya.\" \/>\n<meta property=\"og:description\" content=\"Antalya - Properties in Alanya.\" \/>\n<meta property=\"og:url\" content=\"https:\/\/www.alanyaproperties.com\/tr\/turkiye-yatirim\/genel-bilgiler\/antalya\/\" \/>\n<meta property=\"og:site_name\" content=\"Properties in Alanya.\" \/>\n<meta property=\"article:publisher\" content=\"https:\/\/www.facebook.com\/alanyaproperties\/\" \/>\n<meta property=\"article:published_time\" content=\"2009-10-23T07:26:21+00:00\" \/>\n<meta property=\"article:modified_time\" content=\"2017-05-17T00:08:52+00:00\" \/>\n<meta name=\"author\" content=\"Yusuf Ekinci\" \/>\n<meta name=\"twitter:card\" content=\"summary_large_image\" \/>\n<meta name=\"twitter:creator\" content=\"@alanyapro\" \/>\n<meta name=\"twitter:site\" content=\"@alanyapro\" \/>\n<meta name=\"twitter:label1\" content=\"Yazan:\" \/>\n\t<meta name=\"twitter:data1\" content=\"Yusuf Ekinci\" \/>\n\t<meta name=\"twitter:label2\" content=\"Tahmini okuma s\u00fcresi\" \/>\n\t<meta name=\"twitter:data2\" content=\"14 dakika\" \/>\n<script type=\"application\/ld+json\" class=\"yoast-schema-graph\">{\"@context\":\"https:\/\/schema.org\",\"@graph\":[{\"@type\":\"Article\",\"@id\":\"https:\/\/www.alanyaproperties.com\/tr\/turkiye-yatirim\/genel-bilgiler\/antalya\/#article\",\"isPartOf\":{\"@id\":\"https:\/\/www.alanyaproperties.com\/tr\/turkiye-yatirim\/genel-bilgiler\/antalya\/\"},\"author\":{\"name\":\"Yusuf Ekinci\",\"@id\":\"https:\/\/www.alanyaproperties.com\/tr\/#\/schema\/person\/8a92cc9600cbc25fcc67c304ba14680c\"},\"headline\":\"Antalya\",\"datePublished\":\"2009-10-23T07:26:21+00:00\",\"dateModified\":\"2017-05-17T00:08:52+00:00\",\"mainEntityOfPage\":{\"@id\":\"https:\/\/www.alanyaproperties.com\/tr\/turkiye-yatirim\/genel-bilgiler\/antalya\/\"},\"wordCount\":2826,\"publisher\":{\"@id\":\"https:\/\/www.alanyaproperties.com\/tr\/#organization\"},\"articleSection\":[\"Genel Bilgiler\",\"T\u00fcrkiye\"],\"inLanguage\":\"tr\"},{\"@type\":\"WebPage\",\"@id\":\"https:\/\/www.alanyaproperties.com\/tr\/turkiye-yatirim\/genel-bilgiler\/antalya\/\",\"url\":\"https:\/\/www.alanyaproperties.com\/tr\/turkiye-yatirim\/genel-bilgiler\/antalya\/\",\"name\":\"Antalya - Properties in Alanya.\",\"isPartOf\":{\"@id\":\"https:\/\/www.alanyaproperties.com\/tr\/#website\"},\"datePublished\":\"2009-10-23T07:26:21+00:00\",\"dateModified\":\"2017-05-17T00:08:52+00:00\",\"description\":\"Antalya - Properties in Alanya.\",\"breadcrumb\":{\"@id\":\"https:\/\/www.alanyaproperties.com\/tr\/turkiye-yatirim\/genel-bilgiler\/antalya\/#breadcrumb\"},\"inLanguage\":\"tr\",\"potentialAction\":[{\"@type\":\"ReadAction\",\"target\":[\"https:\/\/www.alanyaproperties.com\/tr\/turkiye-yatirim\/genel-bilgiler\/antalya\/\"]}]},{\"@type\":\"BreadcrumbList\",\"@id\":\"https:\/\/www.alanyaproperties.com\/tr\/turkiye-yatirim\/genel-bilgiler\/antalya\/#breadcrumb\",\"itemListElement\":[{\"@type\":\"ListItem\",\"position\":1,\"name\":\"Home\",\"item\":\"https:\/\/www.alanyaproperties.com\/tr\/\"},{\"@type\":\"ListItem\",\"position\":2,\"name\":\"Antalya\"}]},{\"@type\":\"WebSite\",\"@id\":\"https:\/\/www.alanyaproperties.com\/tr\/#website\",\"url\":\"https:\/\/www.alanyaproperties.com\/tr\/\",\"name\":\"Properties in Alanya.\",\"description\":\"Alanya Emlak Daire, Villa, Arsa  |  Alanya Properties\",\"publisher\":{\"@id\":\"https:\/\/www.alanyaproperties.com\/tr\/#organization\"},\"potentialAction\":[{\"@type\":\"SearchAction\",\"target\":{\"@type\":\"EntryPoint\",\"urlTemplate\":\"https:\/\/www.alanyaproperties.com\/tr\/?s={search_term_string}\"},\"query-input\":\"required name=search_term_string\"}],\"inLanguage\":\"tr\"},{\"@type\":\"Organization\",\"@id\":\"https:\/\/www.alanyaproperties.com\/tr\/#organization\",\"name\":\"Alanya Properties\",\"url\":\"https:\/\/www.alanyaproperties.com\/tr\/\",\"logo\":{\"@type\":\"ImageObject\",\"inLanguage\":\"tr\",\"@id\":\"https:\/\/www.alanyaproperties.com\/tr\/#\/schema\/logo\/image\/\",\"url\":\"https:\/\/i0.wp.com\/www.alanyaproperties.com\/wp-content\/uploads\/2017\/06\/alanya-properties-logo-180to.png?fit=180%2C81&ssl=1\",\"contentUrl\":\"https:\/\/i0.wp.com\/www.alanyaproperties.com\/wp-content\/uploads\/2017\/06\/alanya-properties-logo-180to.png?fit=180%2C81&ssl=1\",\"width\":180,\"height\":81,\"caption\":\"Alanya Properties\"},\"image\":{\"@id\":\"https:\/\/www.alanyaproperties.com\/tr\/#\/schema\/logo\/image\/\"},\"sameAs\":[\"https:\/\/www.facebook.com\/alanyaproperties\/\",\"https:\/\/x.com\/alanyapro\",\"https:\/\/www.instagram.com\/alanyaproperties\/\",\"https:\/\/www.youtube.com\/c\/AlanyaProperties\"]},{\"@type\":\"Person\",\"@id\":\"https:\/\/www.alanyaproperties.com\/tr\/#\/schema\/person\/8a92cc9600cbc25fcc67c304ba14680c\",\"name\":\"Yusuf Ekinci\",\"image\":{\"@type\":\"ImageObject\",\"inLanguage\":\"tr\",\"@id\":\"https:\/\/www.alanyaproperties.com\/tr\/#\/schema\/person\/image\/\",\"url\":\"https:\/\/secure.gravatar.com\/avatar\/aed1d8afe914e0136d015d60f22bd285?s=96&d=mm&r=g\",\"contentUrl\":\"https:\/\/secure.gravatar.com\/avatar\/aed1d8afe914e0136d015d60f22bd285?s=96&d=mm&r=g\",\"caption\":\"Yusuf Ekinci\"},\"sameAs\":[\"http:\/\/alanya-web.com\"],\"url\":\"https:\/\/www.alanyaproperties.com\/tr\/author\/admin\/\"}]}<\/script>\n<!-- \/ Yoast SEO plugin. -->","yoast_head_json":{"title":"Antalya - Properties in Alanya.","description":"Antalya - Properties in Alanya.","robots":{"index":"index","follow":"follow","max-snippet":"max-snippet:-1","max-image-preview":"max-image-preview:large","max-video-preview":"max-video-preview:-1"},"canonical":"https:\/\/www.alanyaproperties.com\/tr\/turkiye-yatirim\/genel-bilgiler\/antalya\/","og_locale":"tr_TR","og_type":"article","og_title":"Antalya - Properties in Alanya.","og_description":"Antalya - Properties in Alanya.","og_url":"https:\/\/www.alanyaproperties.com\/tr\/turkiye-yatirim\/genel-bilgiler\/antalya\/","og_site_name":"Properties in Alanya.","article_publisher":"https:\/\/www.facebook.com\/alanyaproperties\/","article_published_time":"2009-10-23T07:26:21+00:00","article_modified_time":"2017-05-17T00:08:52+00:00","author":"Yusuf Ekinci","twitter_card":"summary_large_image","twitter_creator":"@alanyapro","twitter_site":"@alanyapro","twitter_misc":{"Yazan:":"Yusuf Ekinci","Tahmini okuma s\u00fcresi":"14 dakika"},"schema":{"@context":"https:\/\/schema.org","@graph":[{"@type":"Article","@id":"https:\/\/www.alanyaproperties.com\/tr\/turkiye-yatirim\/genel-bilgiler\/antalya\/#article","isPartOf":{"@id":"https:\/\/www.alanyaproperties.com\/tr\/turkiye-yatirim\/genel-bilgiler\/antalya\/"},"author":{"name":"Yusuf Ekinci","@id":"https:\/\/www.alanyaproperties.com\/tr\/#\/schema\/person\/8a92cc9600cbc25fcc67c304ba14680c"},"headline":"Antalya","datePublished":"2009-10-23T07:26:21+00:00","dateModified":"2017-05-17T00:08:52+00:00","mainEntityOfPage":{"@id":"https:\/\/www.alanyaproperties.com\/tr\/turkiye-yatirim\/genel-bilgiler\/antalya\/"},"wordCount":2826,"publisher":{"@id":"https:\/\/www.alanyaproperties.com\/tr\/#organization"},"articleSection":["Genel Bilgiler","T\u00fcrkiye"],"inLanguage":"tr"},{"@type":"WebPage","@id":"https:\/\/www.alanyaproperties.com\/tr\/turkiye-yatirim\/genel-bilgiler\/antalya\/","url":"https:\/\/www.alanyaproperties.com\/tr\/turkiye-yatirim\/genel-bilgiler\/antalya\/","name":"Antalya - Properties in Alanya.","isPartOf":{"@id":"https:\/\/www.alanyaproperties.com\/tr\/#website"},"datePublished":"2009-10-23T07:26:21+00:00","dateModified":"2017-05-17T00:08:52+00:00","description":"Antalya - Properties in Alanya.","breadcrumb":{"@id":"https:\/\/www.alanyaproperties.com\/tr\/turkiye-yatirim\/genel-bilgiler\/antalya\/#breadcrumb"},"inLanguage":"tr","potentialAction":[{"@type":"ReadAction","target":["https:\/\/www.alanyaproperties.com\/tr\/turkiye-yatirim\/genel-bilgiler\/antalya\/"]}]},{"@type":"BreadcrumbList","@id":"https:\/\/www.alanyaproperties.com\/tr\/turkiye-yatirim\/genel-bilgiler\/antalya\/#breadcrumb","itemListElement":[{"@type":"ListItem","position":1,"name":"Home","item":"https:\/\/www.alanyaproperties.com\/tr\/"},{"@type":"ListItem","position":2,"name":"Antalya"}]},{"@type":"WebSite","@id":"https:\/\/www.alanyaproperties.com\/tr\/#website","url":"https:\/\/www.alanyaproperties.com\/tr\/","name":"Properties in Alanya.","description":"Alanya Emlak Daire, Villa, Arsa  |  Alanya Properties","publisher":{"@id":"https:\/\/www.alanyaproperties.com\/tr\/#organization"},"potentialAction":[{"@type":"SearchAction","target":{"@type":"EntryPoint","urlTemplate":"https:\/\/www.alanyaproperties.com\/tr\/?s={search_term_string}"},"query-input":"required name=search_term_string"}],"inLanguage":"tr"},{"@type":"Organization","@id":"https:\/\/www.alanyaproperties.com\/tr\/#organization","name":"Alanya Properties","url":"https:\/\/www.alanyaproperties.com\/tr\/","logo":{"@type":"ImageObject","inLanguage":"tr","@id":"https:\/\/www.alanyaproperties.com\/tr\/#\/schema\/logo\/image\/","url":"https:\/\/i0.wp.com\/www.alanyaproperties.com\/wp-content\/uploads\/2017\/06\/alanya-properties-logo-180to.png?fit=180%2C81&ssl=1","contentUrl":"https:\/\/i0.wp.com\/www.alanyaproperties.com\/wp-content\/uploads\/2017\/06\/alanya-properties-logo-180to.png?fit=180%2C81&ssl=1","width":180,"height":81,"caption":"Alanya Properties"},"image":{"@id":"https:\/\/www.alanyaproperties.com\/tr\/#\/schema\/logo\/image\/"},"sameAs":["https:\/\/www.facebook.com\/alanyaproperties\/","https:\/\/x.com\/alanyapro","https:\/\/www.instagram.com\/alanyaproperties\/","https:\/\/www.youtube.com\/c\/AlanyaProperties"]},{"@type":"Person","@id":"https:\/\/www.alanyaproperties.com\/tr\/#\/schema\/person\/8a92cc9600cbc25fcc67c304ba14680c","name":"Yusuf Ekinci","image":{"@type":"ImageObject","inLanguage":"tr","@id":"https:\/\/www.alanyaproperties.com\/tr\/#\/schema\/person\/image\/","url":"https:\/\/secure.gravatar.com\/avatar\/aed1d8afe914e0136d015d60f22bd285?s=96&d=mm&r=g","contentUrl":"https:\/\/secure.gravatar.com\/avatar\/aed1d8afe914e0136d015d60f22bd285?s=96&d=mm&r=g","caption":"Yusuf Ekinci"},"sameAs":["http:\/\/alanya-web.com"],"url":"https:\/\/www.alanyaproperties.com\/tr\/author\/admin\/"}]}},"jetpack_sharing_enabled":true,"jetpack_featured_media_url":"","_links":{"self":[{"href":"https:\/\/www.alanyaproperties.com\/tr\/wp-json\/wp\/v2\/posts\/3450"}],"collection":[{"href":"https:\/\/www.alanyaproperties.com\/tr\/wp-json\/wp\/v2\/posts"}],"about":[{"href":"https:\/\/www.alanyaproperties.com\/tr\/wp-json\/wp\/v2\/types\/post"}],"author":[{"embeddable":true,"href":"https:\/\/www.alanyaproperties.com\/tr\/wp-json\/wp\/v2\/users\/42"}],"replies":[{"embeddable":true,"href":"https:\/\/www.alanyaproperties.com\/tr\/wp-json\/wp\/v2\/comments?post=3450"}],"version-history":[{"count":0,"href":"https:\/\/www.alanyaproperties.com\/tr\/wp-json\/wp\/v2\/posts\/3450\/revisions"}],"wp:attachment":[{"href":"https:\/\/www.alanyaproperties.com\/tr\/wp-json\/wp\/v2\/media?parent=3450"}],"wp:term":[{"taxonomy":"category","embeddable":true,"href":"https:\/\/www.alanyaproperties.com\/tr\/wp-json\/wp\/v2\/categories?post=3450"},{"taxonomy":"post_tag","embeddable":true,"href":"https:\/\/www.alanyaproperties.com\/tr\/wp-json\/wp\/v2\/tags?post=3450"}],"curies":[{"name":"wp","href":"https:\/\/api.w.org\/{rel}","templated":true}]}}