{"id":3436,"date":"2009-10-23T07:14:09","date_gmt":"2009-10-23T07:14:09","guid":{"rendered":"http:\/\/www.alanyaproperties.com\/gazipaa\/"},"modified":"2017-05-17T00:12:28","modified_gmt":"2017-05-17T00:12:28","slug":"gazipasa","status":"publish","type":"post","link":"https:\/\/www.alanyaproperties.com\/tr\/turkiye-yatirim\/turkiye\/gazipasa\/","title":{"rendered":"Gazipa\u015fa"},"content":{"rendered":"<p>Gazipa\u015fa&#8217;n\u0131n bilinmeyen veya tahmin edilen tarihi, tarihi perspektif i\u00e7erisinde olduk\u00e7a derinlere uzanmaktad\u0131r.\u00a0 Ana hatlar\u0131yla bu tarihsel ser\u00fcveni M.\u00d6.2000&#8217;lerde ba\u015flar.\u00a0 Hititlerin bir kolu olan Luviler yine Hititlerin Kizzuvatna\u00a0 ve Arzava (Antalya y\u00f6resi) \u00fclkeleri diye adland\u0131rd\u0131klar\u0131 b\u00f6lgede ya\u015fam\u0131\u015flard\u0131r.\u00a0 Gazipa\u015fa&#8217;da bu b\u00f6lge i\u00e7inde kalmas\u0131 nedeniyle il\u00e7enin tarihi yolculu\u011fa Luvilerle &#8211; Hititlerle ba\u015flam\u0131\u015f olmas\u0131 kuvvetle muhtemeldir.\u00a0 Nitekim Karatepe (Sivasl\u0131) civar\u0131ndaki harabaler i\u00e7inde yer alan aslan kal\u0131nt\u0131lar\u0131 bu bilgiler do\u011frular niteliktedir.<\/p>\n<p>Gazipa\u015fa&#8217;n\u0131n tarihsel yolculu\u011fu i\u00e7indeki \u00f6nemli bir kilometre ta\u015f\u0131 da M.\u00d6. 628 y\u0131llar\u0131d\u0131r. Selinus ad\u0131yla tarihte iki kent mevcuttur.\u00a0 Sicilya&#8217;da Yunanl\u0131 Ma\u011fara &#8211; Hyblaia halk\u0131 taraf\u0131ndan bu tarihte bir site devleti olarak kurulan Selinus, di\u011feri Anadolu&#8217;nun g\u00fcneyindeki Selinus.\u00a0 Kilikya B\u00f6lgesi&#8217;nde ve Hac\u0131musa (Kestros) \u00c7ay\u0131n\u0131n iki yakas\u0131nda kurulmu\u015f liman kentidir.\u00a0 Kalesi ise \u015fimdiki kale kal\u0131nt\u0131lar\u0131n\u0131n bulundu\u011fu yerde olup o zamanlar ada konumunda idi.\u00a0 Buradan ba\u015fta M\u0131s\u0131r olmak \u00fczere, o g\u00fcn\u00fcn ticaret merkezleri ile deniz ticareti yap\u0131lmakta idi.<\/p>\n<p>Yunan y\u00f6netiminden M.\u00d6. 197&#8217;de Antiokhos dolay\u0131s\u0131yla Roma egemenli\u011fine ge\u00e7en kente M.S. 1. y\u00fczy\u0131lda Akdeniz k\u0131y\u0131lar\u0131n\u0131n do\u011fu seferine \u00e7\u0131kan Roma Kral\u0131 Trojan hastalanarak Selinus liman\u0131na gelmi\u015f ve bir t\u00fcccar\u0131n evine konuk olmu\u015f, daha sonra iyile\u015femeyerek burada \u00f6lm\u00fc\u015ft\u00fcr.\u00a0 Yerine tahta ge\u00e7ecek olan Hadrianus, Selinus&#8217; a gelerek cenazeyi Roma&#8217;ya g\u00f6t\u00fcrm\u00fc\u015f, an\u0131smada bir mezar yapt\u0131rm\u0131\u015ft\u0131r.\u00a0 Bu nedenle de Selinus&#8217;un bir s\u00fcre Traianapolis ad\u0131yla an\u0131ld\u0131\u011f\u0131 H\u0131ristiyanl\u0131k d\u00f6neminde ise Seleukeia &#8211; Silifke Ba\u015fpiskoposlu\u011fu&#8217;na ba\u011fl\u0131 Piskoposluk merkezi oldu\u011fu bilinmektedir.\u00a0 M.\u00d6. I. y\u00fczy\u0131lda ba\u015flayan Roma \u0130mparatorlu\u011fu d\u00f6nemi, bu devletin Anadolu s\u0131n\u0131rlar\u0131 i\u00e7inde bulunan Gazipa\u015fa&#8217;da VI. y\u00fczy\u0131la kadar devam etmi\u015ftir.<\/p>\n<p>M.S. VI. yy&#8217;den ba\u015flarak G\u00fcney Akdeniz Bizans \u0130mparatorlu\u011fu&#8217;nun egemenli\u011fine girmi\u015f, bu yeni d\u00f6nemde Gazipa\u015fa, Antalya ve Alanya ile birlikte Pamfilya&#8217;n\u0131n T\u00fcrkle\u015fmesi s\u00fcreci i\u00e7inde Selinus, Sel\u00e7uklu Sultan\u0131 I. Alaaddin Keykubat&#8217;\u0131n 1221 y\u0131l\u0131nda Alanya&#8217;y\u0131, 1225&#8217;e kadar da buradan itibaren belki de Toroslar&#8217;dan kaynaklan\u0131p \u015fehir merkezinden ge\u00e7erek denize kar\u0131\u015fan be\u015f b\u00fcy\u00fck \u00e7ay\u0131n zaman zaman sel bask\u0131n\u0131na neden olmas\u0131 dolay\u0131s\u0131yla Selinti olarak an\u0131lmaya ba\u015flanm\u0131\u015ft\u0131r.\u00a0 1268&#8217;lerde Mo\u011follar&#8217;\u0131n Anadolu i\u015fgali s\u0131ras\u0131nda Selinti, Anadolu Sel\u00e7uklu Devleti&#8217;nin Konya ve ba\u011fl\u0131 b\u00f6lgeleri s\u0131n\u0131rlar\u0131 i\u00e7inde yer almaktayd\u0131.<\/p>\n<p>Anadolu beylikleri d\u00f6neminde 1335 y\u0131l\u0131ndan itibaren Antalya ve civar\u0131 Teke Beyli\u011fi&#8217;nde kal\u0131rken Alanya, Selinti ve do\u011fusu ile Kuzey y\u00f6releri merkezi Konya olan Karamano\u011fullar\u0131 hakimiyetine girmi\u015ftir.<\/p>\n<p>Osmanl\u0131 D\u00f6neminde Fatih Sultan Mehmet&#8217;in Deniz Kuvvetleri Komutan\u0131 (Kaptan&#8217;\u0131 Derya) Gedik Ahmet Pa\u015fa, 1470 y\u0131l\u0131nda Alanya&#8217;y\u0131, 1472 y\u0131l\u0131nda ise Selinti, Anamur ve Silifke y\u00f6resini Karamano\u011flu Beyli\u011fi&#8217;nden al\u0131narak Osmanl\u0131 hakimiyetine dahil etmi\u015ftir. \u00dcnl\u00fc gezgin Evliya \u00c7elebi me\u015fhur Seyahatname&#8217;sinin 126. sayfas\u0131nda &#8220;XVIII. yy&#8217;da Selinti kazas\u0131, \u0130\u00e7el (Mersin) s\u0131n\u0131rlar\u0131 i\u00e7erisinde Silifke Sanca\u011f\u0131&#8217;na ba\u011fl\u0131 26 k\u00f6y\u00fc olan ve y\u0131ll\u0131k 80 ak\u00e7e vergi veren bir kazad\u0131r. Deniz kenar\u0131nda bak\u0131ml\u0131 cami ve evler ile yemye\u015fil da\u011flara sahiptir. K\u0131br\u0131s&#8217;a 70 mil uzakl\u0131kta iskelesi vard\u0131r.&#8221; demektedir.<\/p>\n<p>Co\u011frafi konum<br \/>\nAntalya&#8217;n\u0131n 180 km do\u011fusunda 10 km uzunlu\u011fu, 7 km eninde Akdeniz k\u0131y\u0131s\u0131nda Gazipa\u015fa Ovas\u0131 \u00fczerine kurulmu\u015ftur.\u00a0 Do\u011fusunda \u0130\u00e7el ili Anamur \u0130l\u00e7esi, kuzeydo\u011fusunda Karaman ili Ermenek il\u00e7esi kuzeyinde Sar\u0131veliler il\u00e7esi ve bat\u0131s\u0131nda ise Alanya il\u00e7esiyle kom\u015fudur.\u00a0 G\u00fcney s\u0131n\u0131rlar\u0131 te\u015fkil eden Akdeniz sahiline paralel bir \u015feklilde yakla\u015f\u0131k 35 km i\u00e7erde bat\u0131dan do\u011fuya do\u011fru uzanan Toroslarla \u00e7evrilidir.\u00a0 Y\u00fcz\u00f6l\u00e7\u00fcm\u00fc 931 km olup il\u00e7e merkezi sahilden 3 km i\u00e7erde yer almakta ise de yeni yerle\u015fimler sahile kadar uzanm\u0131\u015ft\u0131r.<\/p>\n<p>\u0130l\u00e7enin k\u0131y\u0131 \u015feridi uzunlu\u011fu yakla\u015f\u0131k 50 km.dir.\u00a0 Denize girmek i\u00e7in \u00e7ok uygun plajlara sahiptir.\u00a0 K\u0131y\u0131 \u015feridinin yar\u0131ya yak\u0131n\u0131 kumsal olup di\u011fer k\u0131sm\u0131 kayal\u0131klardan olu\u015fur fakat kayal\u0131klar\u0131n aras\u0131na gizlenmi\u015f m\u00fcthi\u015f g\u00fczellikte koylar da denize girmek i\u00e7in ideal mekanlard\u0131r.\u00a0 \u0130l\u00e7e merkezi ile deniz k\u0131y\u0131s\u0131 aras\u0131nda al\u00e7ak tepeler yer almaktad\u0131r.\u00a0 Ovan\u0131n kuzeyinde da\u011fl\u0131k plato bulunur.\u00a0 Nisan ve may\u0131s aylar\u0131nda il\u00e7e de bir saat arayla hem kayak yapma hem de denize girme imk\u00e2n\u0131 vard\u0131r.<\/p>\n<p>Kuzeyindeki k\u00fctle olan Toroslar\u0131n bat\u0131 k\u0131y\u0131 s\u0131rada\u011flar\u0131n\u0131n ad\u0131 Ak\u00e7al Da\u011flar\u0131 ad\u0131yla bilinir ve en y\u00fcksek tepesi &#8220;Delikta\u015f&#8221; noktas\u0131 2253 m&#8217;dir.\u00a0 Al\u00e7ak k\u0131s\u0131mlar ise k\u0131y\u0131 boyunca uzanan al\u00fcvyal bir ova meydana getirmektedir.\u00a0 Aliv\u00fcyol ovadan y\u00fcksek da\u011fl\u0131k sahaya ge\u00e7i\u015f nispeten dik yama\u00e7larla olmaktad\u0131r. G\u00fcneyde Selinus harabelerinin bulundu\u011fu tepenin \u00f6n k\u0131s\u0131m\u0131nda yal\u0131yarlar vard\u0131r.\u00a0 K\u0131y\u0131da bulunan tepenin iki taraf\u0131nda plajlar uzan\u0131r.\u00a0 Plajlar ince kalker kumlardan meydana gelmi\u015ftir. Yal\u0131yarlar kalkerlerden olu\u015fup yer yer 50-100 m y\u00fcksekli\u011fe kadar ula\u015fmaktad\u0131r.<\/p>\n<p>Topraklar\u0131 k\u0131y\u0131da k\u0131z\u0131l kestane renkli olup bu topraklar sebze, narenciye ve muz tar\u0131m\u0131na uygundur.\u00a0 \u0130\u00e7erilere do\u011fru k\u0131z\u0131l renkli (Terrarossa) topraklar olup bu topraklarda da tah\u0131l tar\u0131m\u0131 yap\u0131l\u0131r. Da\u011f\u0131l\u0131k kesimlerde de hayvanc\u0131l\u0131k a\u011f\u0131rl\u0131k kazanmaya ba\u015flar.<\/p>\n<p>Gazipa\u015fa mevcut durumuyla daha ziyade tar\u0131m toplumu g\u00f6r\u00fcn\u00fcm\u00fcnde ise de 13 Eyl\u00fcl 1989 tarih ve 20281 say\u0131l\u0131 Resmi Gazetede yay\u0131mlanan Bakanlar Kurulu karar\u0131yla turizm b\u00f6lgesi ilan edilmesi nedeniyle \u00f6zellikle havaalan\u0131 ve yat liman\u0131 in\u015faatlar\u0131n\u0131n ba\u015flamas\u0131yla turizm sekt\u00f6r\u00fcne h\u0131zl\u0131 bir ge\u00e7i\u015f yapmaya ba\u015flam\u0131\u015ft\u0131r.\u00a0 Her ne kadar havaalan\u0131 tamamlanmas\u0131na ra\u011fmen a\u00e7\u0131lamasa da el alt\u0131nda \u00e7\u00fcr\u00fcmekte olan bir tesis haz\u0131r beklemektedir.\u00a0 Halen 2 normal ticari otel, 2 adet turistik ( biri apart ) otel, Gazipa\u015fa Belediyesi Deniz Tesisleri \u0130\u015fletmesi&#8217;ne ait bungalovlar ve 1 adet tatil sitesiyle yatak kapasitesi 600&#8217;e ula\u015fm\u0131\u015f olup h\u0131zla otel ve motel in\u015faatlar\u0131 devam etmektedir.<\/p>\n<p>\u0130l\u00e7enin \u00f6ren yerleri itibariyle di\u011fer y\u00f6relere g\u00f6re olduk\u00e7a zengin durumdad\u0131r.\u00a0 Ancak bunlar\u0131n tamam\u0131na yak\u0131n\u0131n yol ve koruma hizmetleri yoktur veya yetersizdir.<\/p>\n<p>Gazipa\u015fa Akdeniz sahilinin Caretta Caretta t\u00fcr\u00fc deniz kaplumba\u011falar\u0131n\u0131n yumurtalar\u0131n\u0131 b\u0131rakt\u0131\u011f\u0131 17 merkezden biridir.<\/p>\n<p>Yalan D\u00fcnya Ma\u011faras\u0131 ba\u015fta olmak \u00fczere tarihi kale ve \u015fehir kal\u0131nt\u0131lar\u0131, tertemiz deniz ve kumsallar\u0131, bol ye\u015fil ve oksijenli yaylalar\u0131, \u00f6zetle bozulmam\u0131\u015f do\u011fas\u0131yla turizm bak\u0131m\u0131ndan \u00e7ok b\u00fcy\u00fck bir potansiyele sahiptir.<\/p>\n<p>&nbsp;<\/p>\n<p>&nbsp;<\/p>\n<p>&nbsp;<\/p>\n","protected":false},"excerpt":{"rendered":"<p>Gazipa\u015fa&#8217;n\u0131n bilinmeyen veya tahmin edilen tarihi, tarihi perspektif i\u00e7erisinde olduk\u00e7a derinlere uzanmaktad\u0131r.\u00a0 Ana hatlar\u0131yla bu tarihsel ser\u00fcveni M.\u00d6.2000&#8217;lerde ba\u015flar.\u00a0 Hititlerin bir kolu olan Luviler yine Hititlerin Kizzuvatna\u00a0 ve Arzava (Antalya y\u00f6resi) \u00fclkeleri diye adland\u0131rd\u0131klar\u0131 b\u00f6lgede ya\u015fam\u0131\u015flard\u0131r.\u00a0 Gazipa\u015fa&#8217;da bu b\u00f6lge i\u00e7inde kalmas\u0131 nedeniyle il\u00e7enin tarihi yolculu\u011fa Luvilerle &#8211; Hititlerle ba\u015flam\u0131\u015f olmas\u0131 kuvvetle muhtemeldir.\u00a0 Nitekim Karatepe (Sivasl\u0131) [&hellip;]<\/p>\n","protected":false},"author":42,"featured_media":0,"comment_status":"closed","ping_status":"closed","sticky":false,"template":"","format":"standard","meta":{"footnotes":""},"categories":[1888],"tags":[],"yoast_head":"<!-- This site is optimized with the Yoast SEO plugin v22.6 - https:\/\/yoast.com\/wordpress\/plugins\/seo\/ -->\n<title>Gazipa\u015fa - Properties in Alanya.<\/title>\n<meta name=\"description\" content=\"Gazipa\u015fa - Properties in Alanya.\" \/>\n<meta name=\"robots\" content=\"index, follow, max-snippet:-1, max-image-preview:large, max-video-preview:-1\" \/>\n<link rel=\"canonical\" href=\"https:\/\/www.alanyaproperties.com\/tr\/turkiye-yatirim\/turkiye\/gazipasa\/\" \/>\n<meta property=\"og:locale\" content=\"tr_TR\" \/>\n<meta property=\"og:type\" content=\"article\" \/>\n<meta property=\"og:title\" content=\"Gazipa\u015fa - Properties in Alanya.\" \/>\n<meta property=\"og:description\" content=\"Gazipa\u015fa - Properties in Alanya.\" \/>\n<meta property=\"og:url\" content=\"https:\/\/www.alanyaproperties.com\/tr\/turkiye-yatirim\/turkiye\/gazipasa\/\" \/>\n<meta property=\"og:site_name\" content=\"Properties in Alanya.\" \/>\n<meta property=\"article:publisher\" content=\"https:\/\/www.facebook.com\/alanyaproperties\/\" \/>\n<meta property=\"article:published_time\" content=\"2009-10-23T07:14:09+00:00\" \/>\n<meta property=\"article:modified_time\" content=\"2017-05-17T00:12:28+00:00\" \/>\n<meta name=\"author\" content=\"Yusuf Ekinci\" \/>\n<meta name=\"twitter:card\" content=\"summary_large_image\" \/>\n<meta name=\"twitter:creator\" content=\"@alanyapro\" \/>\n<meta name=\"twitter:site\" content=\"@alanyapro\" \/>\n<meta name=\"twitter:label1\" content=\"Yazan:\" \/>\n\t<meta name=\"twitter:data1\" content=\"Yusuf Ekinci\" \/>\n\t<meta name=\"twitter:label2\" content=\"Tahmini okuma s\u00fcresi\" \/>\n\t<meta name=\"twitter:data2\" content=\"6 dakika\" \/>\n<script type=\"application\/ld+json\" class=\"yoast-schema-graph\">{\"@context\":\"https:\/\/schema.org\",\"@graph\":[{\"@type\":\"Article\",\"@id\":\"https:\/\/www.alanyaproperties.com\/tr\/turkiye-yatirim\/turkiye\/gazipasa\/#article\",\"isPartOf\":{\"@id\":\"https:\/\/www.alanyaproperties.com\/tr\/turkiye-yatirim\/turkiye\/gazipasa\/\"},\"author\":{\"name\":\"Yusuf Ekinci\",\"@id\":\"https:\/\/www.alanyaproperties.com\/tr\/#\/schema\/person\/8a92cc9600cbc25fcc67c304ba14680c\"},\"headline\":\"Gazipa\u015fa\",\"datePublished\":\"2009-10-23T07:14:09+00:00\",\"dateModified\":\"2017-05-17T00:12:28+00:00\",\"mainEntityOfPage\":{\"@id\":\"https:\/\/www.alanyaproperties.com\/tr\/turkiye-yatirim\/turkiye\/gazipasa\/\"},\"wordCount\":1178,\"publisher\":{\"@id\":\"https:\/\/www.alanyaproperties.com\/tr\/#organization\"},\"articleSection\":[\"T\u00fcrkiye\"],\"inLanguage\":\"tr\"},{\"@type\":\"WebPage\",\"@id\":\"https:\/\/www.alanyaproperties.com\/tr\/turkiye-yatirim\/turkiye\/gazipasa\/\",\"url\":\"https:\/\/www.alanyaproperties.com\/tr\/turkiye-yatirim\/turkiye\/gazipasa\/\",\"name\":\"Gazipa\u015fa - Properties in Alanya.\",\"isPartOf\":{\"@id\":\"https:\/\/www.alanyaproperties.com\/tr\/#website\"},\"datePublished\":\"2009-10-23T07:14:09+00:00\",\"dateModified\":\"2017-05-17T00:12:28+00:00\",\"description\":\"Gazipa\u015fa - Properties in Alanya.\",\"breadcrumb\":{\"@id\":\"https:\/\/www.alanyaproperties.com\/tr\/turkiye-yatirim\/turkiye\/gazipasa\/#breadcrumb\"},\"inLanguage\":\"tr\",\"potentialAction\":[{\"@type\":\"ReadAction\",\"target\":[\"https:\/\/www.alanyaproperties.com\/tr\/turkiye-yatirim\/turkiye\/gazipasa\/\"]}]},{\"@type\":\"BreadcrumbList\",\"@id\":\"https:\/\/www.alanyaproperties.com\/tr\/turkiye-yatirim\/turkiye\/gazipasa\/#breadcrumb\",\"itemListElement\":[{\"@type\":\"ListItem\",\"position\":1,\"name\":\"Home\",\"item\":\"https:\/\/www.alanyaproperties.com\/tr\/\"},{\"@type\":\"ListItem\",\"position\":2,\"name\":\"Gazipa\u015fa\"}]},{\"@type\":\"WebSite\",\"@id\":\"https:\/\/www.alanyaproperties.com\/tr\/#website\",\"url\":\"https:\/\/www.alanyaproperties.com\/tr\/\",\"name\":\"Properties in Alanya.\",\"description\":\"Alanya Emlak Daire, Villa, Arsa  |  Alanya Properties\",\"publisher\":{\"@id\":\"https:\/\/www.alanyaproperties.com\/tr\/#organization\"},\"potentialAction\":[{\"@type\":\"SearchAction\",\"target\":{\"@type\":\"EntryPoint\",\"urlTemplate\":\"https:\/\/www.alanyaproperties.com\/tr\/?s={search_term_string}\"},\"query-input\":\"required name=search_term_string\"}],\"inLanguage\":\"tr\"},{\"@type\":\"Organization\",\"@id\":\"https:\/\/www.alanyaproperties.com\/tr\/#organization\",\"name\":\"Alanya Properties\",\"url\":\"https:\/\/www.alanyaproperties.com\/tr\/\",\"logo\":{\"@type\":\"ImageObject\",\"inLanguage\":\"tr\",\"@id\":\"https:\/\/www.alanyaproperties.com\/tr\/#\/schema\/logo\/image\/\",\"url\":\"https:\/\/i0.wp.com\/www.alanyaproperties.com\/wp-content\/uploads\/2017\/06\/alanya-properties-logo-180to.png?fit=180%2C81&ssl=1\",\"contentUrl\":\"https:\/\/i0.wp.com\/www.alanyaproperties.com\/wp-content\/uploads\/2017\/06\/alanya-properties-logo-180to.png?fit=180%2C81&ssl=1\",\"width\":180,\"height\":81,\"caption\":\"Alanya Properties\"},\"image\":{\"@id\":\"https:\/\/www.alanyaproperties.com\/tr\/#\/schema\/logo\/image\/\"},\"sameAs\":[\"https:\/\/www.facebook.com\/alanyaproperties\/\",\"https:\/\/x.com\/alanyapro\",\"https:\/\/www.instagram.com\/alanyaproperties\/\",\"https:\/\/www.youtube.com\/c\/AlanyaProperties\"]},{\"@type\":\"Person\",\"@id\":\"https:\/\/www.alanyaproperties.com\/tr\/#\/schema\/person\/8a92cc9600cbc25fcc67c304ba14680c\",\"name\":\"Yusuf Ekinci\",\"image\":{\"@type\":\"ImageObject\",\"inLanguage\":\"tr\",\"@id\":\"https:\/\/www.alanyaproperties.com\/tr\/#\/schema\/person\/image\/\",\"url\":\"https:\/\/secure.gravatar.com\/avatar\/aed1d8afe914e0136d015d60f22bd285?s=96&d=mm&r=g\",\"contentUrl\":\"https:\/\/secure.gravatar.com\/avatar\/aed1d8afe914e0136d015d60f22bd285?s=96&d=mm&r=g\",\"caption\":\"Yusuf Ekinci\"},\"sameAs\":[\"http:\/\/alanya-web.com\"],\"url\":\"https:\/\/www.alanyaproperties.com\/tr\/author\/admin\/\"}]}<\/script>\n<!-- \/ Yoast SEO plugin. -->","yoast_head_json":{"title":"Gazipa\u015fa - Properties in Alanya.","description":"Gazipa\u015fa - Properties in Alanya.","robots":{"index":"index","follow":"follow","max-snippet":"max-snippet:-1","max-image-preview":"max-image-preview:large","max-video-preview":"max-video-preview:-1"},"canonical":"https:\/\/www.alanyaproperties.com\/tr\/turkiye-yatirim\/turkiye\/gazipasa\/","og_locale":"tr_TR","og_type":"article","og_title":"Gazipa\u015fa - Properties in Alanya.","og_description":"Gazipa\u015fa - Properties in Alanya.","og_url":"https:\/\/www.alanyaproperties.com\/tr\/turkiye-yatirim\/turkiye\/gazipasa\/","og_site_name":"Properties in Alanya.","article_publisher":"https:\/\/www.facebook.com\/alanyaproperties\/","article_published_time":"2009-10-23T07:14:09+00:00","article_modified_time":"2017-05-17T00:12:28+00:00","author":"Yusuf Ekinci","twitter_card":"summary_large_image","twitter_creator":"@alanyapro","twitter_site":"@alanyapro","twitter_misc":{"Yazan:":"Yusuf Ekinci","Tahmini okuma s\u00fcresi":"6 dakika"},"schema":{"@context":"https:\/\/schema.org","@graph":[{"@type":"Article","@id":"https:\/\/www.alanyaproperties.com\/tr\/turkiye-yatirim\/turkiye\/gazipasa\/#article","isPartOf":{"@id":"https:\/\/www.alanyaproperties.com\/tr\/turkiye-yatirim\/turkiye\/gazipasa\/"},"author":{"name":"Yusuf Ekinci","@id":"https:\/\/www.alanyaproperties.com\/tr\/#\/schema\/person\/8a92cc9600cbc25fcc67c304ba14680c"},"headline":"Gazipa\u015fa","datePublished":"2009-10-23T07:14:09+00:00","dateModified":"2017-05-17T00:12:28+00:00","mainEntityOfPage":{"@id":"https:\/\/www.alanyaproperties.com\/tr\/turkiye-yatirim\/turkiye\/gazipasa\/"},"wordCount":1178,"publisher":{"@id":"https:\/\/www.alanyaproperties.com\/tr\/#organization"},"articleSection":["T\u00fcrkiye"],"inLanguage":"tr"},{"@type":"WebPage","@id":"https:\/\/www.alanyaproperties.com\/tr\/turkiye-yatirim\/turkiye\/gazipasa\/","url":"https:\/\/www.alanyaproperties.com\/tr\/turkiye-yatirim\/turkiye\/gazipasa\/","name":"Gazipa\u015fa - Properties in Alanya.","isPartOf":{"@id":"https:\/\/www.alanyaproperties.com\/tr\/#website"},"datePublished":"2009-10-23T07:14:09+00:00","dateModified":"2017-05-17T00:12:28+00:00","description":"Gazipa\u015fa - Properties in Alanya.","breadcrumb":{"@id":"https:\/\/www.alanyaproperties.com\/tr\/turkiye-yatirim\/turkiye\/gazipasa\/#breadcrumb"},"inLanguage":"tr","potentialAction":[{"@type":"ReadAction","target":["https:\/\/www.alanyaproperties.com\/tr\/turkiye-yatirim\/turkiye\/gazipasa\/"]}]},{"@type":"BreadcrumbList","@id":"https:\/\/www.alanyaproperties.com\/tr\/turkiye-yatirim\/turkiye\/gazipasa\/#breadcrumb","itemListElement":[{"@type":"ListItem","position":1,"name":"Home","item":"https:\/\/www.alanyaproperties.com\/tr\/"},{"@type":"ListItem","position":2,"name":"Gazipa\u015fa"}]},{"@type":"WebSite","@id":"https:\/\/www.alanyaproperties.com\/tr\/#website","url":"https:\/\/www.alanyaproperties.com\/tr\/","name":"Properties in Alanya.","description":"Alanya Emlak Daire, Villa, Arsa  |  Alanya Properties","publisher":{"@id":"https:\/\/www.alanyaproperties.com\/tr\/#organization"},"potentialAction":[{"@type":"SearchAction","target":{"@type":"EntryPoint","urlTemplate":"https:\/\/www.alanyaproperties.com\/tr\/?s={search_term_string}"},"query-input":"required name=search_term_string"}],"inLanguage":"tr"},{"@type":"Organization","@id":"https:\/\/www.alanyaproperties.com\/tr\/#organization","name":"Alanya Properties","url":"https:\/\/www.alanyaproperties.com\/tr\/","logo":{"@type":"ImageObject","inLanguage":"tr","@id":"https:\/\/www.alanyaproperties.com\/tr\/#\/schema\/logo\/image\/","url":"https:\/\/i0.wp.com\/www.alanyaproperties.com\/wp-content\/uploads\/2017\/06\/alanya-properties-logo-180to.png?fit=180%2C81&ssl=1","contentUrl":"https:\/\/i0.wp.com\/www.alanyaproperties.com\/wp-content\/uploads\/2017\/06\/alanya-properties-logo-180to.png?fit=180%2C81&ssl=1","width":180,"height":81,"caption":"Alanya Properties"},"image":{"@id":"https:\/\/www.alanyaproperties.com\/tr\/#\/schema\/logo\/image\/"},"sameAs":["https:\/\/www.facebook.com\/alanyaproperties\/","https:\/\/x.com\/alanyapro","https:\/\/www.instagram.com\/alanyaproperties\/","https:\/\/www.youtube.com\/c\/AlanyaProperties"]},{"@type":"Person","@id":"https:\/\/www.alanyaproperties.com\/tr\/#\/schema\/person\/8a92cc9600cbc25fcc67c304ba14680c","name":"Yusuf Ekinci","image":{"@type":"ImageObject","inLanguage":"tr","@id":"https:\/\/www.alanyaproperties.com\/tr\/#\/schema\/person\/image\/","url":"https:\/\/secure.gravatar.com\/avatar\/aed1d8afe914e0136d015d60f22bd285?s=96&d=mm&r=g","contentUrl":"https:\/\/secure.gravatar.com\/avatar\/aed1d8afe914e0136d015d60f22bd285?s=96&d=mm&r=g","caption":"Yusuf Ekinci"},"sameAs":["http:\/\/alanya-web.com"],"url":"https:\/\/www.alanyaproperties.com\/tr\/author\/admin\/"}]}},"jetpack_sharing_enabled":true,"jetpack_featured_media_url":"","_links":{"self":[{"href":"https:\/\/www.alanyaproperties.com\/tr\/wp-json\/wp\/v2\/posts\/3436"}],"collection":[{"href":"https:\/\/www.alanyaproperties.com\/tr\/wp-json\/wp\/v2\/posts"}],"about":[{"href":"https:\/\/www.alanyaproperties.com\/tr\/wp-json\/wp\/v2\/types\/post"}],"author":[{"embeddable":true,"href":"https:\/\/www.alanyaproperties.com\/tr\/wp-json\/wp\/v2\/users\/42"}],"replies":[{"embeddable":true,"href":"https:\/\/www.alanyaproperties.com\/tr\/wp-json\/wp\/v2\/comments?post=3436"}],"version-history":[{"count":0,"href":"https:\/\/www.alanyaproperties.com\/tr\/wp-json\/wp\/v2\/posts\/3436\/revisions"}],"wp:attachment":[{"href":"https:\/\/www.alanyaproperties.com\/tr\/wp-json\/wp\/v2\/media?parent=3436"}],"wp:term":[{"taxonomy":"category","embeddable":true,"href":"https:\/\/www.alanyaproperties.com\/tr\/wp-json\/wp\/v2\/categories?post=3436"},{"taxonomy":"post_tag","embeddable":true,"href":"https:\/\/www.alanyaproperties.com\/tr\/wp-json\/wp\/v2\/tags?post=3436"}],"curies":[{"name":"wp","href":"https:\/\/api.w.org\/{rel}","templated":true}]}}