{"id":3382,"date":"2009-10-23T04:35:55","date_gmt":"2009-10-23T04:35:55","guid":{"rendered":"http:\/\/www.alanyaproperties.com\/abdli-ekonomist-elinor-ostrom-alanyal-balkclar-sayesinde-nobel-oeduelue-ald\/"},"modified":"2009-10-23T04:35:55","modified_gmt":"2009-10-23T04:35:55","slug":"abdli-ekonomist-elinor-ostrom-alanyal-balkclar-sayesinde-nobel-oeduelue-ald","status":"publish","type":"post","link":"https:\/\/www.alanyaproperties.com\/tr\/turkiyeden-son-haberler\/abdli-ekonomist-elinor-ostrom-alanyal-balkclar-sayesinde-nobel-oeduelue-ald\/","title":{"rendered":"ABD&#8217;li Ekonomist Elinor Ostrom, Alanyal\u0131 bal\u0131k\u00e7\u0131lar sayesinde Nobel \u00f6d\u00fcl\u00fc ald\u0131"},"content":{"rendered":"<p>\u00a0<br \/>\u00a0 <br \/>\u00a0<br \/>\u0130STANBUL &#8211; &#8211; Nobel Ekonomi \u00d6d\u00fcl\u00fc\u2019n\u00fc ABD\u2019li profes\u00f6rler Elinor Ostrom (76) ve Oliver Williamson (77) ald\u0131.\u00a0 Bu y\u0131l \u00f6d\u00fcl\u00fc iki akademisyen aras\u0131nda payla\u015ft\u0131ran \u0130sve\u00e7 Bilimler Akademisi, Ostrom\u2019u, \u201corman ve deniz gibi ortak mallar\u0131n dernek ve birlikler taraf\u0131ndan nas\u0131l ba\u015far\u0131l\u0131 y\u00f6netilebilece\u011fini\u201d, Williamson\u2019\u0131 ise \u201c\u015firketlerin sorun \u00e7\u00f6z\u00fcc\u00fc kurumlar olarak yap\u0131lanabileceklerini\u201d g\u00f6steren teorilerinden \u00f6t\u00fcr\u00fc \u00f6d\u00fcle lay\u0131k g\u00f6rd\u00fc. <br \/>Indiana \u00dcniversitesi\u2019nde \u00f6\u011fretim \u00fcyesi olan Ostrom, Nobel Ekonomi \u00d6d\u00fcl\u00fc\u2019n\u00fc alan ilk kad\u0131n oldu.\u00a0\u00a0 Nobel Ekonomi \u00d6d\u00fcl\u00fc tek bir esere de\u011fil, \u00e7al\u0131\u015fmalar b\u00fct\u00fcn\u00fcne veriliyor. Elinor Ostrom\u2019un \u00e7al\u0131\u015fmalar\u0131 genelde kamu ortak mallar\u0131n\u0131 ele al\u0131yor. <\/p>\n<p>Alanya Bodrum\u2019a kar\u015f\u0131&#8230; <\/p>\n<p>Geleneksel g\u00f6r\u00fc\u015fe g\u00f6re, ortak sahiplik, kaynaklar\u0131n istismar\u0131na yol a\u00e7\u0131yor. Bu g\u00f6r\u00fc\u015fe g\u00f6re \u00f6rne\u011fin bal\u0131k\u00e7\u0131lar serbest b\u0131rak\u0131ld\u0131\u011f\u0131nda a\u015f\u0131r\u0131 avlan\u0131yor.\u00a0 Bunun i\u00e7in kaynaklar \u00f6zelle\u015ftiriliyor veya h\u00fck\u00fcmetler vergi ya da kota koyarak d\u00fczenleme getiriyor.\u00a0 Ancak Ostrom\u2019a g\u00f6re d\u00fcnyada ortak mallar\u0131n \u015fa\u015f\u0131rt\u0131c\u0131 derecede iyi y\u00f6netildi\u011fi \u00f6rnekler var.\u00a0 Bu \u00f6rneklerde ortak kullan\u0131c\u0131lar, istismar\u0131n \u00f6n\u00fcne ge\u00e7ecek kurallar\u0131 kendileri koyup uyguluyor. <br \/>Milliyet gazetesinde Serkan Arman&#8217;\u0131n haberine g\u00f6re; Elinor Ostrom\u2019un, 1990\u2019da yazd\u0131\u011f\u0131 ve Nobel\u2019e giden yolda en \u00f6nemli eserleri aras\u0131nda g\u00f6sterilen \u2018Governing the Commons\u2019 (Ortak Mallar\u0131 Y\u00f6netmek) adl\u0131 kitab\u0131nda T\u00fcrkiye\u2019yi de mercek alt\u0131na ald\u0131\u011f\u0131 ortaya \u00e7\u0131kt\u0131. T\u00fcrk ara\u015ft\u0131rmac\u0131 Fikret Berkes\u2019in Alanyal\u0131 bal\u0131k\u00e7\u0131lar\u0131 inceledi\u011fi \u00e7al\u0131\u015fmalar\u0131ndan geni\u015f \u00f6rnekler se\u00e7en Ostrom kitab\u0131nda \u00f6zetle \u015funlar\u0131 anlat\u0131yor: \u201cAlanya\u2019da 1970\u2019lerde bal\u0131k\u00e7\u0131lar\u0131n bal\u0131k alanlar\u0131n\u0131 payla\u015f\u0131m\u0131 kavgaya neden oluyordu.\u00a0 \u015eiddet ya\u015fan\u0131yor, daha iyi bal\u0131k alanlar\u0131n\u0131 bulma yar\u0131\u015f\u0131 masraflar\u0131 art\u0131r\u0131yordu. Alanya\u2019daki bal\u0131k\u00e7\u0131 kooperatifi dahiyane bir fikir buldu. Bal\u0131k alanlar\u0131n\u0131 bal\u0131k\u00e7\u0131lara da\u011f\u0131tmaya ba\u015flad\u0131. Sistem 10 y\u0131lda oturdu. Buna g\u00f6re bal\u0131k\u00e7\u0131lar\u0131n listesi \u00e7\u0131kart\u0131l\u0131yor. Bal\u0131k alanlar\u0131 belirleniyor.\u00a0 Bal\u0131k\u00e7\u0131lar kura \u00e7ekilerek bu alanlara da\u011f\u0131t\u0131l\u0131yor.\u00a0 Her bal\u0131k\u00e7\u0131 ertesi g\u00fcn bir yandaki bal\u0131k alan\u0131na kayd\u0131r\u0131l\u0131yor.\u00a0 B\u00f6ylece herkesin \u015fans\u0131 e\u015fit oluyor. Kuraya belediye ba\u015fkan\u0131 ve jandarma da kat\u0131l\u0131yor. Ancak sistemin uygulanmas\u0131 ve g\u00f6zetimi bal\u0131k\u00e7\u0131larca yap\u0131l\u0131yor. Alanya, kurallar\u0131 kat\u0131l\u0131mc\u0131lar\u0131n koydu\u011fu ve y\u00f6netti\u011fi ortak kamu mal\u0131 kullan\u0131m\u0131na \u00f6rnek olu\u015fturuyor. Ancak \u00e7ok bal\u0131k\u00e7\u0131 sisteme girerse bal\u0131k alanlar\u0131 yetmeyebilir.\u201d <br \/>Ostrom kitab\u0131nda Bodrum ve \u0130zmir bal\u0131k\u00e7\u0131lar\u0131n\u0131n organize olamad\u0131\u011f\u0131n\u0131, Alanya\u2019n\u0131n ba\u015far\u0131 \u00f6rne\u011fini tekrarlayamad\u0131\u011f\u0131n\u0131 da anlat\u0131yor.\u00a0 <br \/>\u00a0<br \/>\u00a0<\/p>\n","protected":false},"excerpt":{"rendered":"<p>\u00a0\u00a0 \u00a0\u0130STANBUL &#8211; &#8211; Nobel Ekonomi \u00d6d\u00fcl\u00fc\u2019n\u00fc ABD\u2019li profes\u00f6rler Elinor Ostrom (76) ve Oliver Williamson (77) ald\u0131.\u00a0 Bu y\u0131l \u00f6d\u00fcl\u00fc iki akademisyen aras\u0131nda payla\u015ft\u0131ran \u0130sve\u00e7 Bilimler Akademisi, Ostrom\u2019u, \u201corman ve deniz gibi ortak mallar\u0131n dernek ve birlikler taraf\u0131ndan nas\u0131l ba\u015far\u0131l\u0131 y\u00f6netilebilece\u011fini\u201d, Williamson\u2019\u0131 ise \u201c\u015firketlerin sorun \u00e7\u00f6z\u00fcc\u00fc kurumlar olarak yap\u0131lanabileceklerini\u201d g\u00f6steren teorilerinden \u00f6t\u00fcr\u00fc \u00f6d\u00fcle lay\u0131k g\u00f6rd\u00fc. [&hellip;]<\/p>\n","protected":false},"author":42,"featured_media":0,"comment_status":"open","ping_status":"closed","sticky":false,"template":"","format":"standard","meta":{"footnotes":""},"categories":[1895],"tags":[],"yoast_head":"<!-- This site is optimized with the Yoast SEO plugin v22.6 - https:\/\/yoast.com\/wordpress\/plugins\/seo\/ -->\n<title>ABD&#039;li Ekonomist Elinor Ostrom, Alanyal\u0131 bal\u0131k\u00e7\u0131lar sayesinde Nobel \u00f6d\u00fcl\u00fc ald\u0131 - Properties in Alanya.<\/title>\n<meta name=\"description\" content=\"ABD&#039;li Ekonomist Elinor Ostrom, Alanyal\u0131 bal\u0131k\u00e7\u0131lar sayesinde Nobel \u00f6d\u00fcl\u00fc ald\u0131 - Properties in Alanya.\" \/>\n<meta name=\"robots\" content=\"index, follow, max-snippet:-1, max-image-preview:large, max-video-preview:-1\" \/>\n<link rel=\"canonical\" href=\"https:\/\/www.alanyaproperties.com\/tr\/turkiyeden-son-haberler\/abdli-ekonomist-elinor-ostrom-alanyal-balkclar-sayesinde-nobel-oeduelue-ald\/\" \/>\n<meta property=\"og:locale\" content=\"tr_TR\" \/>\n<meta property=\"og:type\" content=\"article\" \/>\n<meta property=\"og:title\" content=\"ABD&#039;li Ekonomist Elinor Ostrom, Alanyal\u0131 bal\u0131k\u00e7\u0131lar sayesinde Nobel \u00f6d\u00fcl\u00fc ald\u0131 - Properties in Alanya.\" \/>\n<meta property=\"og:description\" content=\"ABD&#039;li Ekonomist Elinor Ostrom, Alanyal\u0131 bal\u0131k\u00e7\u0131lar sayesinde Nobel \u00f6d\u00fcl\u00fc ald\u0131 - Properties in Alanya.\" \/>\n<meta property=\"og:url\" content=\"https:\/\/www.alanyaproperties.com\/tr\/turkiyeden-son-haberler\/abdli-ekonomist-elinor-ostrom-alanyal-balkclar-sayesinde-nobel-oeduelue-ald\/\" \/>\n<meta property=\"og:site_name\" content=\"Properties in Alanya.\" \/>\n<meta property=\"article:publisher\" content=\"https:\/\/www.facebook.com\/alanyaproperties\/\" \/>\n<meta property=\"article:published_time\" content=\"2009-10-23T04:35:55+00:00\" \/>\n<meta name=\"author\" content=\"Yusuf Ekinci\" \/>\n<meta name=\"twitter:card\" content=\"summary_large_image\" \/>\n<meta name=\"twitter:creator\" content=\"@alanyapro\" \/>\n<meta name=\"twitter:site\" content=\"@alanyapro\" \/>\n<meta name=\"twitter:label1\" content=\"Yazan:\" \/>\n\t<meta name=\"twitter:data1\" content=\"Yusuf Ekinci\" \/>\n\t<meta name=\"twitter:label2\" content=\"Tahmini okuma s\u00fcresi\" \/>\n\t<meta name=\"twitter:data2\" content=\"2 dakika\" \/>\n<script type=\"application\/ld+json\" class=\"yoast-schema-graph\">{\"@context\":\"https:\/\/schema.org\",\"@graph\":[{\"@type\":\"Article\",\"@id\":\"https:\/\/www.alanyaproperties.com\/tr\/turkiyeden-son-haberler\/abdli-ekonomist-elinor-ostrom-alanyal-balkclar-sayesinde-nobel-oeduelue-ald\/#article\",\"isPartOf\":{\"@id\":\"https:\/\/www.alanyaproperties.com\/tr\/turkiyeden-son-haberler\/abdli-ekonomist-elinor-ostrom-alanyal-balkclar-sayesinde-nobel-oeduelue-ald\/\"},\"author\":{\"name\":\"Yusuf Ekinci\",\"@id\":\"https:\/\/www.alanyaproperties.com\/tr\/#\/schema\/person\/8a92cc9600cbc25fcc67c304ba14680c\"},\"headline\":\"ABD&#8217;li Ekonomist Elinor Ostrom, Alanyal\u0131 bal\u0131k\u00e7\u0131lar sayesinde Nobel \u00f6d\u00fcl\u00fc ald\u0131\",\"datePublished\":\"2009-10-23T04:35:55+00:00\",\"dateModified\":\"2009-10-23T04:35:55+00:00\",\"mainEntityOfPage\":{\"@id\":\"https:\/\/www.alanyaproperties.com\/tr\/turkiyeden-son-haberler\/abdli-ekonomist-elinor-ostrom-alanyal-balkclar-sayesinde-nobel-oeduelue-ald\/\"},\"wordCount\":486,\"commentCount\":0,\"publisher\":{\"@id\":\"https:\/\/www.alanyaproperties.com\/tr\/#organization\"},\"articleSection\":[\"T\u00fcrkiye'den Son Haberler\"],\"inLanguage\":\"tr\"},{\"@type\":\"WebPage\",\"@id\":\"https:\/\/www.alanyaproperties.com\/tr\/turkiyeden-son-haberler\/abdli-ekonomist-elinor-ostrom-alanyal-balkclar-sayesinde-nobel-oeduelue-ald\/\",\"url\":\"https:\/\/www.alanyaproperties.com\/tr\/turkiyeden-son-haberler\/abdli-ekonomist-elinor-ostrom-alanyal-balkclar-sayesinde-nobel-oeduelue-ald\/\",\"name\":\"ABD'li Ekonomist Elinor Ostrom, Alanyal\u0131 bal\u0131k\u00e7\u0131lar sayesinde Nobel \u00f6d\u00fcl\u00fc ald\u0131 - Properties in Alanya.\",\"isPartOf\":{\"@id\":\"https:\/\/www.alanyaproperties.com\/tr\/#website\"},\"datePublished\":\"2009-10-23T04:35:55+00:00\",\"dateModified\":\"2009-10-23T04:35:55+00:00\",\"description\":\"ABD'li Ekonomist Elinor Ostrom, Alanyal\u0131 bal\u0131k\u00e7\u0131lar sayesinde Nobel \u00f6d\u00fcl\u00fc ald\u0131 - Properties in Alanya.\",\"breadcrumb\":{\"@id\":\"https:\/\/www.alanyaproperties.com\/tr\/turkiyeden-son-haberler\/abdli-ekonomist-elinor-ostrom-alanyal-balkclar-sayesinde-nobel-oeduelue-ald\/#breadcrumb\"},\"inLanguage\":\"tr\",\"potentialAction\":[{\"@type\":\"ReadAction\",\"target\":[\"https:\/\/www.alanyaproperties.com\/tr\/turkiyeden-son-haberler\/abdli-ekonomist-elinor-ostrom-alanyal-balkclar-sayesinde-nobel-oeduelue-ald\/\"]}]},{\"@type\":\"BreadcrumbList\",\"@id\":\"https:\/\/www.alanyaproperties.com\/tr\/turkiyeden-son-haberler\/abdli-ekonomist-elinor-ostrom-alanyal-balkclar-sayesinde-nobel-oeduelue-ald\/#breadcrumb\",\"itemListElement\":[{\"@type\":\"ListItem\",\"position\":1,\"name\":\"Home\",\"item\":\"https:\/\/www.alanyaproperties.com\/tr\/\"},{\"@type\":\"ListItem\",\"position\":2,\"name\":\"ABD&#8217;li Ekonomist Elinor Ostrom, Alanyal\u0131 bal\u0131k\u00e7\u0131lar sayesinde Nobel \u00f6d\u00fcl\u00fc ald\u0131\"}]},{\"@type\":\"WebSite\",\"@id\":\"https:\/\/www.alanyaproperties.com\/tr\/#website\",\"url\":\"https:\/\/www.alanyaproperties.com\/tr\/\",\"name\":\"Properties in Alanya.\",\"description\":\"Alanya Emlak Daire, Villa, Arsa  |  Alanya Properties\",\"publisher\":{\"@id\":\"https:\/\/www.alanyaproperties.com\/tr\/#organization\"},\"potentialAction\":[{\"@type\":\"SearchAction\",\"target\":{\"@type\":\"EntryPoint\",\"urlTemplate\":\"https:\/\/www.alanyaproperties.com\/tr\/?s={search_term_string}\"},\"query-input\":\"required name=search_term_string\"}],\"inLanguage\":\"tr\"},{\"@type\":\"Organization\",\"@id\":\"https:\/\/www.alanyaproperties.com\/tr\/#organization\",\"name\":\"Alanya Properties\",\"url\":\"https:\/\/www.alanyaproperties.com\/tr\/\",\"logo\":{\"@type\":\"ImageObject\",\"inLanguage\":\"tr\",\"@id\":\"https:\/\/www.alanyaproperties.com\/tr\/#\/schema\/logo\/image\/\",\"url\":\"https:\/\/i0.wp.com\/www.alanyaproperties.com\/wp-content\/uploads\/2017\/06\/alanya-properties-logo-180to.png?fit=180%2C81&ssl=1\",\"contentUrl\":\"https:\/\/i0.wp.com\/www.alanyaproperties.com\/wp-content\/uploads\/2017\/06\/alanya-properties-logo-180to.png?fit=180%2C81&ssl=1\",\"width\":180,\"height\":81,\"caption\":\"Alanya Properties\"},\"image\":{\"@id\":\"https:\/\/www.alanyaproperties.com\/tr\/#\/schema\/logo\/image\/\"},\"sameAs\":[\"https:\/\/www.facebook.com\/alanyaproperties\/\",\"https:\/\/x.com\/alanyapro\",\"https:\/\/www.instagram.com\/alanyaproperties\/\",\"https:\/\/www.youtube.com\/c\/AlanyaProperties\"]},{\"@type\":\"Person\",\"@id\":\"https:\/\/www.alanyaproperties.com\/tr\/#\/schema\/person\/8a92cc9600cbc25fcc67c304ba14680c\",\"name\":\"Yusuf Ekinci\",\"image\":{\"@type\":\"ImageObject\",\"inLanguage\":\"tr\",\"@id\":\"https:\/\/www.alanyaproperties.com\/tr\/#\/schema\/person\/image\/\",\"url\":\"https:\/\/secure.gravatar.com\/avatar\/aed1d8afe914e0136d015d60f22bd285?s=96&d=mm&r=g\",\"contentUrl\":\"https:\/\/secure.gravatar.com\/avatar\/aed1d8afe914e0136d015d60f22bd285?s=96&d=mm&r=g\",\"caption\":\"Yusuf Ekinci\"},\"sameAs\":[\"http:\/\/alanya-web.com\"],\"url\":\"https:\/\/www.alanyaproperties.com\/tr\/author\/admin\/\"}]}<\/script>\n<!-- \/ Yoast SEO plugin. -->","yoast_head_json":{"title":"ABD'li Ekonomist Elinor Ostrom, Alanyal\u0131 bal\u0131k\u00e7\u0131lar sayesinde Nobel \u00f6d\u00fcl\u00fc ald\u0131 - Properties in Alanya.","description":"ABD'li Ekonomist Elinor Ostrom, Alanyal\u0131 bal\u0131k\u00e7\u0131lar sayesinde Nobel \u00f6d\u00fcl\u00fc ald\u0131 - Properties in Alanya.","robots":{"index":"index","follow":"follow","max-snippet":"max-snippet:-1","max-image-preview":"max-image-preview:large","max-video-preview":"max-video-preview:-1"},"canonical":"https:\/\/www.alanyaproperties.com\/tr\/turkiyeden-son-haberler\/abdli-ekonomist-elinor-ostrom-alanyal-balkclar-sayesinde-nobel-oeduelue-ald\/","og_locale":"tr_TR","og_type":"article","og_title":"ABD'li Ekonomist Elinor Ostrom, Alanyal\u0131 bal\u0131k\u00e7\u0131lar sayesinde Nobel \u00f6d\u00fcl\u00fc ald\u0131 - Properties in Alanya.","og_description":"ABD'li Ekonomist Elinor Ostrom, Alanyal\u0131 bal\u0131k\u00e7\u0131lar sayesinde Nobel \u00f6d\u00fcl\u00fc ald\u0131 - Properties in Alanya.","og_url":"https:\/\/www.alanyaproperties.com\/tr\/turkiyeden-son-haberler\/abdli-ekonomist-elinor-ostrom-alanyal-balkclar-sayesinde-nobel-oeduelue-ald\/","og_site_name":"Properties in Alanya.","article_publisher":"https:\/\/www.facebook.com\/alanyaproperties\/","article_published_time":"2009-10-23T04:35:55+00:00","author":"Yusuf Ekinci","twitter_card":"summary_large_image","twitter_creator":"@alanyapro","twitter_site":"@alanyapro","twitter_misc":{"Yazan:":"Yusuf Ekinci","Tahmini okuma s\u00fcresi":"2 dakika"},"schema":{"@context":"https:\/\/schema.org","@graph":[{"@type":"Article","@id":"https:\/\/www.alanyaproperties.com\/tr\/turkiyeden-son-haberler\/abdli-ekonomist-elinor-ostrom-alanyal-balkclar-sayesinde-nobel-oeduelue-ald\/#article","isPartOf":{"@id":"https:\/\/www.alanyaproperties.com\/tr\/turkiyeden-son-haberler\/abdli-ekonomist-elinor-ostrom-alanyal-balkclar-sayesinde-nobel-oeduelue-ald\/"},"author":{"name":"Yusuf Ekinci","@id":"https:\/\/www.alanyaproperties.com\/tr\/#\/schema\/person\/8a92cc9600cbc25fcc67c304ba14680c"},"headline":"ABD&#8217;li Ekonomist Elinor Ostrom, Alanyal\u0131 bal\u0131k\u00e7\u0131lar sayesinde Nobel \u00f6d\u00fcl\u00fc ald\u0131","datePublished":"2009-10-23T04:35:55+00:00","dateModified":"2009-10-23T04:35:55+00:00","mainEntityOfPage":{"@id":"https:\/\/www.alanyaproperties.com\/tr\/turkiyeden-son-haberler\/abdli-ekonomist-elinor-ostrom-alanyal-balkclar-sayesinde-nobel-oeduelue-ald\/"},"wordCount":486,"commentCount":0,"publisher":{"@id":"https:\/\/www.alanyaproperties.com\/tr\/#organization"},"articleSection":["T\u00fcrkiye'den Son Haberler"],"inLanguage":"tr"},{"@type":"WebPage","@id":"https:\/\/www.alanyaproperties.com\/tr\/turkiyeden-son-haberler\/abdli-ekonomist-elinor-ostrom-alanyal-balkclar-sayesinde-nobel-oeduelue-ald\/","url":"https:\/\/www.alanyaproperties.com\/tr\/turkiyeden-son-haberler\/abdli-ekonomist-elinor-ostrom-alanyal-balkclar-sayesinde-nobel-oeduelue-ald\/","name":"ABD'li Ekonomist Elinor Ostrom, Alanyal\u0131 bal\u0131k\u00e7\u0131lar sayesinde Nobel \u00f6d\u00fcl\u00fc ald\u0131 - Properties in Alanya.","isPartOf":{"@id":"https:\/\/www.alanyaproperties.com\/tr\/#website"},"datePublished":"2009-10-23T04:35:55+00:00","dateModified":"2009-10-23T04:35:55+00:00","description":"ABD'li Ekonomist Elinor Ostrom, Alanyal\u0131 bal\u0131k\u00e7\u0131lar sayesinde Nobel \u00f6d\u00fcl\u00fc ald\u0131 - Properties in Alanya.","breadcrumb":{"@id":"https:\/\/www.alanyaproperties.com\/tr\/turkiyeden-son-haberler\/abdli-ekonomist-elinor-ostrom-alanyal-balkclar-sayesinde-nobel-oeduelue-ald\/#breadcrumb"},"inLanguage":"tr","potentialAction":[{"@type":"ReadAction","target":["https:\/\/www.alanyaproperties.com\/tr\/turkiyeden-son-haberler\/abdli-ekonomist-elinor-ostrom-alanyal-balkclar-sayesinde-nobel-oeduelue-ald\/"]}]},{"@type":"BreadcrumbList","@id":"https:\/\/www.alanyaproperties.com\/tr\/turkiyeden-son-haberler\/abdli-ekonomist-elinor-ostrom-alanyal-balkclar-sayesinde-nobel-oeduelue-ald\/#breadcrumb","itemListElement":[{"@type":"ListItem","position":1,"name":"Home","item":"https:\/\/www.alanyaproperties.com\/tr\/"},{"@type":"ListItem","position":2,"name":"ABD&#8217;li Ekonomist Elinor Ostrom, Alanyal\u0131 bal\u0131k\u00e7\u0131lar sayesinde Nobel \u00f6d\u00fcl\u00fc ald\u0131"}]},{"@type":"WebSite","@id":"https:\/\/www.alanyaproperties.com\/tr\/#website","url":"https:\/\/www.alanyaproperties.com\/tr\/","name":"Properties in Alanya.","description":"Alanya Emlak Daire, Villa, Arsa  |  Alanya Properties","publisher":{"@id":"https:\/\/www.alanyaproperties.com\/tr\/#organization"},"potentialAction":[{"@type":"SearchAction","target":{"@type":"EntryPoint","urlTemplate":"https:\/\/www.alanyaproperties.com\/tr\/?s={search_term_string}"},"query-input":"required name=search_term_string"}],"inLanguage":"tr"},{"@type":"Organization","@id":"https:\/\/www.alanyaproperties.com\/tr\/#organization","name":"Alanya Properties","url":"https:\/\/www.alanyaproperties.com\/tr\/","logo":{"@type":"ImageObject","inLanguage":"tr","@id":"https:\/\/www.alanyaproperties.com\/tr\/#\/schema\/logo\/image\/","url":"https:\/\/i0.wp.com\/www.alanyaproperties.com\/wp-content\/uploads\/2017\/06\/alanya-properties-logo-180to.png?fit=180%2C81&ssl=1","contentUrl":"https:\/\/i0.wp.com\/www.alanyaproperties.com\/wp-content\/uploads\/2017\/06\/alanya-properties-logo-180to.png?fit=180%2C81&ssl=1","width":180,"height":81,"caption":"Alanya Properties"},"image":{"@id":"https:\/\/www.alanyaproperties.com\/tr\/#\/schema\/logo\/image\/"},"sameAs":["https:\/\/www.facebook.com\/alanyaproperties\/","https:\/\/x.com\/alanyapro","https:\/\/www.instagram.com\/alanyaproperties\/","https:\/\/www.youtube.com\/c\/AlanyaProperties"]},{"@type":"Person","@id":"https:\/\/www.alanyaproperties.com\/tr\/#\/schema\/person\/8a92cc9600cbc25fcc67c304ba14680c","name":"Yusuf Ekinci","image":{"@type":"ImageObject","inLanguage":"tr","@id":"https:\/\/www.alanyaproperties.com\/tr\/#\/schema\/person\/image\/","url":"https:\/\/secure.gravatar.com\/avatar\/aed1d8afe914e0136d015d60f22bd285?s=96&d=mm&r=g","contentUrl":"https:\/\/secure.gravatar.com\/avatar\/aed1d8afe914e0136d015d60f22bd285?s=96&d=mm&r=g","caption":"Yusuf Ekinci"},"sameAs":["http:\/\/alanya-web.com"],"url":"https:\/\/www.alanyaproperties.com\/tr\/author\/admin\/"}]}},"jetpack_sharing_enabled":true,"jetpack_featured_media_url":"","_links":{"self":[{"href":"https:\/\/www.alanyaproperties.com\/tr\/wp-json\/wp\/v2\/posts\/3382"}],"collection":[{"href":"https:\/\/www.alanyaproperties.com\/tr\/wp-json\/wp\/v2\/posts"}],"about":[{"href":"https:\/\/www.alanyaproperties.com\/tr\/wp-json\/wp\/v2\/types\/post"}],"author":[{"embeddable":true,"href":"https:\/\/www.alanyaproperties.com\/tr\/wp-json\/wp\/v2\/users\/42"}],"replies":[{"embeddable":true,"href":"https:\/\/www.alanyaproperties.com\/tr\/wp-json\/wp\/v2\/comments?post=3382"}],"version-history":[{"count":0,"href":"https:\/\/www.alanyaproperties.com\/tr\/wp-json\/wp\/v2\/posts\/3382\/revisions"}],"wp:attachment":[{"href":"https:\/\/www.alanyaproperties.com\/tr\/wp-json\/wp\/v2\/media?parent=3382"}],"wp:term":[{"taxonomy":"category","embeddable":true,"href":"https:\/\/www.alanyaproperties.com\/tr\/wp-json\/wp\/v2\/categories?post=3382"},{"taxonomy":"post_tag","embeddable":true,"href":"https:\/\/www.alanyaproperties.com\/tr\/wp-json\/wp\/v2\/tags?post=3382"}],"curies":[{"name":"wp","href":"https:\/\/api.w.org\/{rel}","templated":true}]}}