{"id":3348,"date":"2009-10-23T04:30:14","date_gmt":"2009-10-23T04:30:14","guid":{"rendered":"http:\/\/www.alanyaproperties.com\/8alanya-uluslar-aras-caz-guenleri\/"},"modified":"2009-10-23T04:30:14","modified_gmt":"2009-10-23T04:30:14","slug":"8alanya-uluslar-aras-caz-guenleri","status":"publish","type":"post","link":"https:\/\/www.alanyaproperties.com\/tr\/turkiyeden-son-haberler\/8alanya-uluslar-aras-caz-guenleri\/","title":{"rendered":"8,Alanya Uluslararas\u0131 Caz G\u00fcnleri"},"content":{"rendered":"<p><strong>Alanya<\/strong> Belediyesi&#8217;nin d\u00fczenledi\u011fi 8. <strong>Uluslararas\u0131 Alanya Caz G\u00fcnleri<\/strong> de bu ak\u015fam ba\u015fl\u0131yor.\u00a0 26 Eyl\u00fcl&#8217;e kadar K\u0131z\u0131lkule Meydan\u0131&#8217;nda ger\u00e7ekle\u015ftirilecek etkinlik piyanist Bur\u00e7in B\u00fcke&#8217;nin grubu e\u015fli\u011finde verece\u011fi konserle ba\u015flayacak.\u00a0 Saksafoncu \u0130lhan Er\u015fahin, bas gitarist Alp Ers\u00f6nmez, davulcu Turgut Alp Beko\u011flu ve perk\u00fcsyoncu \u0130zzet K\u0131z\u0131l&#8217;dan olu\u015fan \u0130stanbul Sessions isimli grup, caz g\u00fcnlerinin ikinci g\u00fcn\u00fcnde izleyicilerle bulu\u015facak. Festivalin \u00fc\u00e7\u00fcnc\u00fc g\u00fcn\u00fcnde ise \u00fcnl\u00fc sanat\u00e7\u0131 \u00d6zdemir Erdo\u011fan sahneye \u00e7\u0131kacak.\u00a0 Alanya Caz G\u00fcnleri&#8217;ndeki konserler \u00fccretsiz olacak.<\/p>\n","protected":false},"excerpt":{"rendered":"<p>Alanya Belediyesi&#8217;nin d\u00fczenledi\u011fi 8. Uluslararas\u0131 Alanya Caz G\u00fcnleri de bu ak\u015fam ba\u015fl\u0131yor.\u00a0 26 Eyl\u00fcl&#8217;e kadar K\u0131z\u0131lkule Meydan\u0131&#8217;nda ger\u00e7ekle\u015ftirilecek etkinlik piyanist Bur\u00e7in B\u00fcke&#8217;nin grubu e\u015fli\u011finde verece\u011fi konserle ba\u015flayacak.\u00a0 Saksafoncu \u0130lhan Er\u015fahin, bas gitarist Alp Ers\u00f6nmez, davulcu Turgut Alp Beko\u011flu ve perk\u00fcsyoncu \u0130zzet K\u0131z\u0131l&#8217;dan olu\u015fan \u0130stanbul Sessions isimli grup, caz g\u00fcnlerinin ikinci g\u00fcn\u00fcnde izleyicilerle bulu\u015facak. Festivalin \u00fc\u00e7\u00fcnc\u00fc [&hellip;]<\/p>\n","protected":false},"author":42,"featured_media":0,"comment_status":"open","ping_status":"closed","sticky":false,"template":"","format":"standard","meta":{"footnotes":""},"categories":[1895],"tags":[],"yoast_head":"<!-- This site is optimized with the Yoast SEO plugin v22.6 - https:\/\/yoast.com\/wordpress\/plugins\/seo\/ -->\n<title>8,Alanya Uluslararas\u0131 Caz G\u00fcnleri - Properties in Alanya.<\/title>\n<meta name=\"description\" content=\"8,Alanya Uluslararas\u0131 Caz G\u00fcnleri - Properties in Alanya.\" \/>\n<meta name=\"robots\" content=\"index, follow, max-snippet:-1, max-image-preview:large, max-video-preview:-1\" \/>\n<link rel=\"canonical\" href=\"https:\/\/www.alanyaproperties.com\/tr\/turkiyeden-son-haberler\/8alanya-uluslar-aras-caz-guenleri\/\" \/>\n<meta property=\"og:locale\" content=\"tr_TR\" \/>\n<meta property=\"og:type\" content=\"article\" \/>\n<meta property=\"og:title\" content=\"8,Alanya Uluslararas\u0131 Caz G\u00fcnleri - Properties in Alanya.\" \/>\n<meta property=\"og:description\" content=\"8,Alanya Uluslararas\u0131 Caz G\u00fcnleri - Properties in Alanya.\" \/>\n<meta property=\"og:url\" content=\"https:\/\/www.alanyaproperties.com\/tr\/turkiyeden-son-haberler\/8alanya-uluslar-aras-caz-guenleri\/\" \/>\n<meta property=\"og:site_name\" content=\"Properties in Alanya.\" \/>\n<meta property=\"article:publisher\" content=\"https:\/\/www.facebook.com\/alanyaproperties\/\" \/>\n<meta property=\"article:published_time\" content=\"2009-10-23T04:30:14+00:00\" \/>\n<meta name=\"author\" content=\"Yusuf Ekinci\" \/>\n<meta name=\"twitter:card\" content=\"summary_large_image\" \/>\n<meta name=\"twitter:creator\" content=\"@alanyapro\" \/>\n<meta name=\"twitter:site\" content=\"@alanyapro\" \/>\n<meta name=\"twitter:label1\" content=\"Yazan:\" \/>\n\t<meta name=\"twitter:data1\" content=\"Yusuf Ekinci\" \/>\n\t<meta name=\"twitter:label2\" content=\"Tahmini okuma s\u00fcresi\" \/>\n\t<meta name=\"twitter:data2\" content=\"1 dakika\" \/>\n<script type=\"application\/ld+json\" class=\"yoast-schema-graph\">{\"@context\":\"https:\/\/schema.org\",\"@graph\":[{\"@type\":\"Article\",\"@id\":\"https:\/\/www.alanyaproperties.com\/tr\/turkiyeden-son-haberler\/8alanya-uluslar-aras-caz-guenleri\/#article\",\"isPartOf\":{\"@id\":\"https:\/\/www.alanyaproperties.com\/tr\/turkiyeden-son-haberler\/8alanya-uluslar-aras-caz-guenleri\/\"},\"author\":{\"name\":\"Yusuf Ekinci\",\"@id\":\"https:\/\/www.alanyaproperties.com\/tr\/#\/schema\/person\/8a92cc9600cbc25fcc67c304ba14680c\"},\"headline\":\"8,Alanya Uluslararas\u0131 Caz G\u00fcnleri\",\"datePublished\":\"2009-10-23T04:30:14+00:00\",\"dateModified\":\"2009-10-23T04:30:14+00:00\",\"mainEntityOfPage\":{\"@id\":\"https:\/\/www.alanyaproperties.com\/tr\/turkiyeden-son-haberler\/8alanya-uluslar-aras-caz-guenleri\/\"},\"wordCount\":105,\"commentCount\":0,\"publisher\":{\"@id\":\"https:\/\/www.alanyaproperties.com\/tr\/#organization\"},\"articleSection\":[\"T\u00fcrkiye'den Son Haberler\"],\"inLanguage\":\"tr\"},{\"@type\":\"WebPage\",\"@id\":\"https:\/\/www.alanyaproperties.com\/tr\/turkiyeden-son-haberler\/8alanya-uluslar-aras-caz-guenleri\/\",\"url\":\"https:\/\/www.alanyaproperties.com\/tr\/turkiyeden-son-haberler\/8alanya-uluslar-aras-caz-guenleri\/\",\"name\":\"8,Alanya Uluslararas\u0131 Caz G\u00fcnleri - Properties in Alanya.\",\"isPartOf\":{\"@id\":\"https:\/\/www.alanyaproperties.com\/tr\/#website\"},\"datePublished\":\"2009-10-23T04:30:14+00:00\",\"dateModified\":\"2009-10-23T04:30:14+00:00\",\"description\":\"8,Alanya Uluslararas\u0131 Caz G\u00fcnleri - Properties in Alanya.\",\"breadcrumb\":{\"@id\":\"https:\/\/www.alanyaproperties.com\/tr\/turkiyeden-son-haberler\/8alanya-uluslar-aras-caz-guenleri\/#breadcrumb\"},\"inLanguage\":\"tr\",\"potentialAction\":[{\"@type\":\"ReadAction\",\"target\":[\"https:\/\/www.alanyaproperties.com\/tr\/turkiyeden-son-haberler\/8alanya-uluslar-aras-caz-guenleri\/\"]}]},{\"@type\":\"BreadcrumbList\",\"@id\":\"https:\/\/www.alanyaproperties.com\/tr\/turkiyeden-son-haberler\/8alanya-uluslar-aras-caz-guenleri\/#breadcrumb\",\"itemListElement\":[{\"@type\":\"ListItem\",\"position\":1,\"name\":\"Home\",\"item\":\"https:\/\/www.alanyaproperties.com\/tr\/\"},{\"@type\":\"ListItem\",\"position\":2,\"name\":\"8,Alanya Uluslararas\u0131 Caz G\u00fcnleri\"}]},{\"@type\":\"WebSite\",\"@id\":\"https:\/\/www.alanyaproperties.com\/tr\/#website\",\"url\":\"https:\/\/www.alanyaproperties.com\/tr\/\",\"name\":\"Properties in Alanya.\",\"description\":\"Alanya Emlak Daire, Villa, Arsa  |  Alanya Properties\",\"publisher\":{\"@id\":\"https:\/\/www.alanyaproperties.com\/tr\/#organization\"},\"potentialAction\":[{\"@type\":\"SearchAction\",\"target\":{\"@type\":\"EntryPoint\",\"urlTemplate\":\"https:\/\/www.alanyaproperties.com\/tr\/?s={search_term_string}\"},\"query-input\":\"required name=search_term_string\"}],\"inLanguage\":\"tr\"},{\"@type\":\"Organization\",\"@id\":\"https:\/\/www.alanyaproperties.com\/tr\/#organization\",\"name\":\"Alanya Properties\",\"url\":\"https:\/\/www.alanyaproperties.com\/tr\/\",\"logo\":{\"@type\":\"ImageObject\",\"inLanguage\":\"tr\",\"@id\":\"https:\/\/www.alanyaproperties.com\/tr\/#\/schema\/logo\/image\/\",\"url\":\"https:\/\/i0.wp.com\/www.alanyaproperties.com\/wp-content\/uploads\/2017\/06\/alanya-properties-logo-180to.png?fit=180%2C81&ssl=1\",\"contentUrl\":\"https:\/\/i0.wp.com\/www.alanyaproperties.com\/wp-content\/uploads\/2017\/06\/alanya-properties-logo-180to.png?fit=180%2C81&ssl=1\",\"width\":180,\"height\":81,\"caption\":\"Alanya Properties\"},\"image\":{\"@id\":\"https:\/\/www.alanyaproperties.com\/tr\/#\/schema\/logo\/image\/\"},\"sameAs\":[\"https:\/\/www.facebook.com\/alanyaproperties\/\",\"https:\/\/x.com\/alanyapro\",\"https:\/\/www.instagram.com\/alanyaproperties\/\",\"https:\/\/www.youtube.com\/c\/AlanyaProperties\"]},{\"@type\":\"Person\",\"@id\":\"https:\/\/www.alanyaproperties.com\/tr\/#\/schema\/person\/8a92cc9600cbc25fcc67c304ba14680c\",\"name\":\"Yusuf Ekinci\",\"image\":{\"@type\":\"ImageObject\",\"inLanguage\":\"tr\",\"@id\":\"https:\/\/www.alanyaproperties.com\/tr\/#\/schema\/person\/image\/\",\"url\":\"https:\/\/secure.gravatar.com\/avatar\/aed1d8afe914e0136d015d60f22bd285?s=96&d=mm&r=g\",\"contentUrl\":\"https:\/\/secure.gravatar.com\/avatar\/aed1d8afe914e0136d015d60f22bd285?s=96&d=mm&r=g\",\"caption\":\"Yusuf Ekinci\"},\"sameAs\":[\"http:\/\/alanya-web.com\"],\"url\":\"https:\/\/www.alanyaproperties.com\/tr\/author\/admin\/\"}]}<\/script>\n<!-- \/ Yoast SEO plugin. -->","yoast_head_json":{"title":"8,Alanya Uluslararas\u0131 Caz G\u00fcnleri - Properties in Alanya.","description":"8,Alanya Uluslararas\u0131 Caz G\u00fcnleri - Properties in Alanya.","robots":{"index":"index","follow":"follow","max-snippet":"max-snippet:-1","max-image-preview":"max-image-preview:large","max-video-preview":"max-video-preview:-1"},"canonical":"https:\/\/www.alanyaproperties.com\/tr\/turkiyeden-son-haberler\/8alanya-uluslar-aras-caz-guenleri\/","og_locale":"tr_TR","og_type":"article","og_title":"8,Alanya Uluslararas\u0131 Caz G\u00fcnleri - Properties in Alanya.","og_description":"8,Alanya Uluslararas\u0131 Caz G\u00fcnleri - Properties in Alanya.","og_url":"https:\/\/www.alanyaproperties.com\/tr\/turkiyeden-son-haberler\/8alanya-uluslar-aras-caz-guenleri\/","og_site_name":"Properties in Alanya.","article_publisher":"https:\/\/www.facebook.com\/alanyaproperties\/","article_published_time":"2009-10-23T04:30:14+00:00","author":"Yusuf Ekinci","twitter_card":"summary_large_image","twitter_creator":"@alanyapro","twitter_site":"@alanyapro","twitter_misc":{"Yazan:":"Yusuf Ekinci","Tahmini okuma s\u00fcresi":"1 dakika"},"schema":{"@context":"https:\/\/schema.org","@graph":[{"@type":"Article","@id":"https:\/\/www.alanyaproperties.com\/tr\/turkiyeden-son-haberler\/8alanya-uluslar-aras-caz-guenleri\/#article","isPartOf":{"@id":"https:\/\/www.alanyaproperties.com\/tr\/turkiyeden-son-haberler\/8alanya-uluslar-aras-caz-guenleri\/"},"author":{"name":"Yusuf Ekinci","@id":"https:\/\/www.alanyaproperties.com\/tr\/#\/schema\/person\/8a92cc9600cbc25fcc67c304ba14680c"},"headline":"8,Alanya Uluslararas\u0131 Caz G\u00fcnleri","datePublished":"2009-10-23T04:30:14+00:00","dateModified":"2009-10-23T04:30:14+00:00","mainEntityOfPage":{"@id":"https:\/\/www.alanyaproperties.com\/tr\/turkiyeden-son-haberler\/8alanya-uluslar-aras-caz-guenleri\/"},"wordCount":105,"commentCount":0,"publisher":{"@id":"https:\/\/www.alanyaproperties.com\/tr\/#organization"},"articleSection":["T\u00fcrkiye'den Son Haberler"],"inLanguage":"tr"},{"@type":"WebPage","@id":"https:\/\/www.alanyaproperties.com\/tr\/turkiyeden-son-haberler\/8alanya-uluslar-aras-caz-guenleri\/","url":"https:\/\/www.alanyaproperties.com\/tr\/turkiyeden-son-haberler\/8alanya-uluslar-aras-caz-guenleri\/","name":"8,Alanya Uluslararas\u0131 Caz G\u00fcnleri - Properties in Alanya.","isPartOf":{"@id":"https:\/\/www.alanyaproperties.com\/tr\/#website"},"datePublished":"2009-10-23T04:30:14+00:00","dateModified":"2009-10-23T04:30:14+00:00","description":"8,Alanya Uluslararas\u0131 Caz G\u00fcnleri - Properties in Alanya.","breadcrumb":{"@id":"https:\/\/www.alanyaproperties.com\/tr\/turkiyeden-son-haberler\/8alanya-uluslar-aras-caz-guenleri\/#breadcrumb"},"inLanguage":"tr","potentialAction":[{"@type":"ReadAction","target":["https:\/\/www.alanyaproperties.com\/tr\/turkiyeden-son-haberler\/8alanya-uluslar-aras-caz-guenleri\/"]}]},{"@type":"BreadcrumbList","@id":"https:\/\/www.alanyaproperties.com\/tr\/turkiyeden-son-haberler\/8alanya-uluslar-aras-caz-guenleri\/#breadcrumb","itemListElement":[{"@type":"ListItem","position":1,"name":"Home","item":"https:\/\/www.alanyaproperties.com\/tr\/"},{"@type":"ListItem","position":2,"name":"8,Alanya Uluslararas\u0131 Caz G\u00fcnleri"}]},{"@type":"WebSite","@id":"https:\/\/www.alanyaproperties.com\/tr\/#website","url":"https:\/\/www.alanyaproperties.com\/tr\/","name":"Properties in Alanya.","description":"Alanya Emlak Daire, Villa, Arsa  |  Alanya Properties","publisher":{"@id":"https:\/\/www.alanyaproperties.com\/tr\/#organization"},"potentialAction":[{"@type":"SearchAction","target":{"@type":"EntryPoint","urlTemplate":"https:\/\/www.alanyaproperties.com\/tr\/?s={search_term_string}"},"query-input":"required name=search_term_string"}],"inLanguage":"tr"},{"@type":"Organization","@id":"https:\/\/www.alanyaproperties.com\/tr\/#organization","name":"Alanya Properties","url":"https:\/\/www.alanyaproperties.com\/tr\/","logo":{"@type":"ImageObject","inLanguage":"tr","@id":"https:\/\/www.alanyaproperties.com\/tr\/#\/schema\/logo\/image\/","url":"https:\/\/i0.wp.com\/www.alanyaproperties.com\/wp-content\/uploads\/2017\/06\/alanya-properties-logo-180to.png?fit=180%2C81&ssl=1","contentUrl":"https:\/\/i0.wp.com\/www.alanyaproperties.com\/wp-content\/uploads\/2017\/06\/alanya-properties-logo-180to.png?fit=180%2C81&ssl=1","width":180,"height":81,"caption":"Alanya Properties"},"image":{"@id":"https:\/\/www.alanyaproperties.com\/tr\/#\/schema\/logo\/image\/"},"sameAs":["https:\/\/www.facebook.com\/alanyaproperties\/","https:\/\/x.com\/alanyapro","https:\/\/www.instagram.com\/alanyaproperties\/","https:\/\/www.youtube.com\/c\/AlanyaProperties"]},{"@type":"Person","@id":"https:\/\/www.alanyaproperties.com\/tr\/#\/schema\/person\/8a92cc9600cbc25fcc67c304ba14680c","name":"Yusuf Ekinci","image":{"@type":"ImageObject","inLanguage":"tr","@id":"https:\/\/www.alanyaproperties.com\/tr\/#\/schema\/person\/image\/","url":"https:\/\/secure.gravatar.com\/avatar\/aed1d8afe914e0136d015d60f22bd285?s=96&d=mm&r=g","contentUrl":"https:\/\/secure.gravatar.com\/avatar\/aed1d8afe914e0136d015d60f22bd285?s=96&d=mm&r=g","caption":"Yusuf Ekinci"},"sameAs":["http:\/\/alanya-web.com"],"url":"https:\/\/www.alanyaproperties.com\/tr\/author\/admin\/"}]}},"jetpack_sharing_enabled":true,"jetpack_featured_media_url":"","_links":{"self":[{"href":"https:\/\/www.alanyaproperties.com\/tr\/wp-json\/wp\/v2\/posts\/3348"}],"collection":[{"href":"https:\/\/www.alanyaproperties.com\/tr\/wp-json\/wp\/v2\/posts"}],"about":[{"href":"https:\/\/www.alanyaproperties.com\/tr\/wp-json\/wp\/v2\/types\/post"}],"author":[{"embeddable":true,"href":"https:\/\/www.alanyaproperties.com\/tr\/wp-json\/wp\/v2\/users\/42"}],"replies":[{"embeddable":true,"href":"https:\/\/www.alanyaproperties.com\/tr\/wp-json\/wp\/v2\/comments?post=3348"}],"version-history":[{"count":0,"href":"https:\/\/www.alanyaproperties.com\/tr\/wp-json\/wp\/v2\/posts\/3348\/revisions"}],"wp:attachment":[{"href":"https:\/\/www.alanyaproperties.com\/tr\/wp-json\/wp\/v2\/media?parent=3348"}],"wp:term":[{"taxonomy":"category","embeddable":true,"href":"https:\/\/www.alanyaproperties.com\/tr\/wp-json\/wp\/v2\/categories?post=3348"},{"taxonomy":"post_tag","embeddable":true,"href":"https:\/\/www.alanyaproperties.com\/tr\/wp-json\/wp\/v2\/tags?post=3348"}],"curies":[{"name":"wp","href":"https:\/\/api.w.org\/{rel}","templated":true}]}}