{"id":3342,"date":"2009-10-23T04:27:56","date_gmt":"2009-10-23T04:27:56","guid":{"rendered":"http:\/\/www.alanyaproperties.com\/tuerkiyenin-en-popueler-plajlar\/"},"modified":"2009-10-23T04:27:56","modified_gmt":"2009-10-23T04:27:56","slug":"tuerkiyenin-en-popueler-plajlar","status":"publish","type":"post","link":"https:\/\/www.alanyaproperties.com\/tr\/turkiyeden-son-haberler\/tuerkiyenin-en-popueler-plajlar\/","title":{"rendered":"T\u00fcrkiye&#8217;nin En Pop\u00fcler Plajlar\u0131"},"content":{"rendered":"<p>Yaz aylar\u0131nda tam bir tatil cenneti olan \u00fclkemiz, uluslararas\u0131 turizm a\u00e7\u0131s\u0131ndan da tam bir cennet. <\/p>\n<p>Plaj tatili i\u00e7in en iyi zamanlar, May\u0131s ay\u0131nda ba\u015flar. Akdeniz ve G\u00fcney Ege i\u00e7in May\u0131s\u2019tan Ekim\u2019e kadar uzun bir deniz sezonu s\u00f6z konusu iken Karadeniz, Marmara ve Kuzey Ege i\u00e7in sezon Haziran-Eyl\u00fcl d\u00f6nemini kapsar. <\/p>\n<p>Akdeniz sahillerinde deniz epeyce s\u0131cakt\u0131r. Plajlar ise genelde \u00e7ak\u0131ll\u0131d\u0131r. Karadeniz sahillerinde sezon k\u0131sa olsa da, \u015eile gibi incecik kumuyla \u00f6ne \u00e7\u0131kan plaj kasabalar\u0131 bulabilirsiniz. G\u00fcney Ege ve Akdeniz sahillerinde kumsallardaki cafeler, restoranlar ile birinci s\u0131n\u0131f hizmet bulabilirsiniz. <\/p>\n<p>PATARA <\/p>\n<p>Sunday Times taraf\u0131ndan d\u00fcnyan\u0131n en iyi plaj\u0131 se\u00e7ilmi\u015ftir. 15 kilometrelik uzunlu\u011fuyla Akdeniz\u2019in en uzun plaj\u0131d\u0131r. Tam bir do\u011fa harikas\u0131 olan Patara plaj\u0131, tarihi eserlerle \u00e7evrilidir. Burada deniz oyuncaklar\u0131 ya da g\u00fcr\u00fclt\u00fcl\u00fc mekanlar bulamazs\u0131n\u0131z. Fethiye yak\u0131nlar\u0131nda, tam bir dinlenme ve b\u00fcy\u00fclenme mekan\u0131d\u0131r Patara! <\/p>\n<p>&nbsp;<\/p>\n<p>\u00d6L\u00dcDEN\u0130Z <\/p>\n<p>Turkuaz rengi deniz, c\u0131v\u0131l c\u0131v\u0131l bir plaj ve i\u015fte do\u011fan\u0131n c\u00f6mert davrand\u0131\u011f\u0131 \u00d6l\u00fcdeniz&#8230; Ula\u015f\u0131m ve konaklama ko\u015fullar\u0131 a\u00e7\u0131s\u0131ndan \u00e7ok tercih edilir. Ovac\u0131k, Hisar\u00f6n\u00fc gibi tatil beldeleriyle \u00e7evrilidir. Su kaya\u011f\u0131, s\u00f6rf gibi sporlar yapabilir, Babada\u011f\u2019dan paragliding yaparak denizin metrelerce \u00fczerinde gezebilirsiniz. Be\u015f y\u0131ld\u0131zl\u0131 tatil k\u00f6yleri de, \u00f6\u011frencilere a\u00e7\u0131k kamplar da bulabilirsiniz. Skuba da burada \u00e7ok pop\u00fclerdir. <\/p>\n<p>KELEBEKLER VAD\u0130S\u0130 <\/p>\n<p>Sakin ve m\u00fctevazi bir tatil i\u00e7in idealdir. Deniz yoluyla ula\u015f\u0131lan, onlarca kelebek t\u00fcr\u00fcyle \u00fcnl\u00fc bu plaj, kamp tatilinden ho\u015flananlar i\u00e7in birebir. G\u00fcn boyu g\u00fcne\u015flenebilir, denize girebilir, hamaklarda, palmiyeler alt\u0131nda dinlenebilirsiniz. Plaj\u0131n arkas\u0131ndaki vadide kaya t\u0131rman\u0131\u015f\u0131 ve trekking yap\u0131labilir. Kelebeklerin ya\u015fad\u0131\u011f\u0131 \u015felaleye do\u011fru yapaca\u011f\u0131n\u0131z keyifli bir y\u00fcr\u00fcy\u00fc\u015f size do\u011fan\u0131n mucizelerini tan\u0131tabilir. <\/p>\n<p>DALYAN <\/p>\n<p>Deniz yoluyla ula\u015f\u0131lan Iztuzu plaj\u0131 ya da \u0130ngilizlerin deyimiyle Turtle Beach, Karetta\u2019lar\u0131n yuvas\u0131d\u0131r. Avrupa\u2019da bu nadide kaplumba\u011falar\u0131n ya\u015fad\u0131\u011f\u0131 son yerlerden biri olan bu plaj, koruma alt\u0131ndad\u0131r. S\u0131cak, kahverengimsi kumsal ger\u00e7ekten dinlendiricidir. Dalyan\u2019dan tekneyle 20 dakikal\u0131k bir yolculukla buraya ula\u015fabilirsiniz. <\/p>\n<p>&nbsp;<\/p>\n<p>\u00c7ALI\u015e <\/p>\n<p>Fethiye\u2019nin \u00c7al\u0131\u015f Plaj\u0131, hem turistik tesisleri, hem de su sporlar\u0131yla \u00fcnl\u00fc. Ailenizle tatile gidecekseniz, \u00c7al\u0131\u015f ideal. 2 kilometrelik plajda g\u00fcne\u015fin ve yaz mevsiminin tad\u0131n\u0131 \u00e7\u0131karabilirsiniz. <\/p>\n<p>KU\u015eADASI <\/p>\n<p>Tusan, Akyar, Otuzbir, Kad\u0131nlar Denizi, Aslanburnu, Karaova, G\u00fczel\u00e7aml\u0131, B\u00fcy\u00fck ve k\u00fc\u00e7\u00fck Kalamaki, \u0130lyas A\u011fa, Dipburun, Tav\u015fanburnu&#8230; Ku\u015fadas\u0131 yakla\u015f\u0131k 20 kilometrelik sahil \u015feridiyle g\u00f6z kama\u015ft\u0131r\u0131r. Eskisi kadar pop\u00fcler bir yer de\u011filse de, hala tutkunlar\u0131 bulunuyor. Kad\u0131nlar Denizi Ku\u015fadas\u0131\u2019n\u0131n en bilinen plaj\u0131 ve kentin g\u00fcneyinde yer al\u0131yor. Arkadaki y\u00fcr\u00fcy\u00fc\u015f yolunda yemek yiyebilecke, Efes Light\u2019\u0131n\u0131z\u0131 yudumlayabilecek kafeler bulabilirsiniz. Sahilde \u015femsiye ve \u015fezlong kiralaman\u0131z da m\u00fcmk\u00fcn. <\/p>\n<p>\u0130\u00c7MELER <\/p>\n<p>Marmaris\u2019in \u00fcnl\u00fc semti \u0130\u00e7meler, plaj\u0131yla kalpleri fethediyor. Fazla uzun say\u0131lmayacak bir kumsal \u015feridi bulunan \u0130\u00e7meler de tatil olanaklar\u0131 ve \u00e7e\u015fitli tesisleriyle tercih nedeni. Marmaris merkezden dolmu\u015fla on dakikada ula\u015fabilirsiniz. Dalg\u0131\u00e7l\u0131k, su kaya\u011f\u0131 gibi sporlarla ilgileniyorsan\u0131z, \u0130\u00e7meler sizi hemen \u00e7ekecektir. Marmaris\u2019in i\u00e7ine g\u00f6re daha sakin ve tehna bir yerdir. <\/p>\n<p>&nbsp;<\/p>\n<p>KLEOPATRA PLAJI <\/p>\n<p>Alanya\u2019n\u0131n tarihi plaj\u0131n\u0131n Kleopatra\u2019ya g\u00fczellik verdi\u011fi s\u00f6ylenir. Alanya yar\u0131madas\u0131n\u0131n bat\u0131s\u0131nda kalan Keleopatra Plaj\u0131 kumlar\u0131n\u0131n g\u00fczelli\u011fi ve geni\u015fli\u011fi ile tercih nedenidir. Yaz aylar\u0131nda burada T\u00fcrk\u00e7e kadar ba\u015fka dillerin de konu\u015fuldu\u011funu duyabilirsiniz. <\/p>\n<p>S\u0130DE <\/p>\n<p>Akdeniz\u2019in \u00f6teki tatil y\u00f6relerine g\u00f6re daha k\u00fc\u00e7\u00fck ve sevimli bir yer olan Side plaj\u0131, do\u011fal g\u00fczelli\u011fi ve s\u0131cakl\u0131\u011f\u0131yla tercih nedeni. Tarihi kal\u0131nt\u0131lar\u0131n yan\u0131 ba\u015f\u0131nda, bol bol g\u00fcne\u015flenmek ve tertemiz sularda y\u00fczmenin tad\u0131n\u0131 \u00e7\u0131karmak i\u00e7in do\u011fru bir adres. <\/p>\n<p>&nbsp;<\/p>\n","protected":false},"excerpt":{"rendered":"<p>Yaz aylar\u0131nda tam bir tatil cenneti olan \u00fclkemiz, uluslararas\u0131 turizm a\u00e7\u0131s\u0131ndan da tam bir cennet. Plaj tatili i\u00e7in en iyi zamanlar, May\u0131s ay\u0131nda ba\u015flar. Akdeniz ve G\u00fcney Ege i\u00e7in May\u0131s\u2019tan Ekim\u2019e kadar uzun bir deniz sezonu s\u00f6z konusu iken Karadeniz, Marmara ve Kuzey Ege i\u00e7in sezon Haziran-Eyl\u00fcl d\u00f6nemini kapsar. Akdeniz sahillerinde deniz epeyce s\u0131cakt\u0131r. Plajlar [&hellip;]<\/p>\n","protected":false},"author":42,"featured_media":0,"comment_status":"open","ping_status":"closed","sticky":false,"template":"","format":"standard","meta":{"footnotes":""},"categories":[1895],"tags":[],"yoast_head":"<!-- This site is optimized with the Yoast SEO plugin v22.6 - https:\/\/yoast.com\/wordpress\/plugins\/seo\/ -->\n<title>T\u00fcrkiye&#039;nin En Pop\u00fcler Plajlar\u0131 - Properties in Alanya.<\/title>\n<meta name=\"description\" content=\"T\u00fcrkiye&#039;nin En Pop\u00fcler Plajlar\u0131 - Properties in Alanya.\" \/>\n<meta name=\"robots\" content=\"index, follow, max-snippet:-1, max-image-preview:large, max-video-preview:-1\" \/>\n<link rel=\"canonical\" href=\"https:\/\/www.alanyaproperties.com\/tr\/turkiyeden-son-haberler\/tuerkiyenin-en-popueler-plajlar\/\" \/>\n<meta property=\"og:locale\" content=\"tr_TR\" \/>\n<meta property=\"og:type\" content=\"article\" \/>\n<meta property=\"og:title\" content=\"T\u00fcrkiye&#039;nin En Pop\u00fcler Plajlar\u0131 - Properties in Alanya.\" \/>\n<meta property=\"og:description\" content=\"T\u00fcrkiye&#039;nin En Pop\u00fcler Plajlar\u0131 - Properties in Alanya.\" \/>\n<meta property=\"og:url\" content=\"https:\/\/www.alanyaproperties.com\/tr\/turkiyeden-son-haberler\/tuerkiyenin-en-popueler-plajlar\/\" \/>\n<meta property=\"og:site_name\" content=\"Properties in Alanya.\" \/>\n<meta property=\"article:publisher\" content=\"https:\/\/www.facebook.com\/alanyaproperties\/\" \/>\n<meta property=\"article:published_time\" content=\"2009-10-23T04:27:56+00:00\" \/>\n<meta name=\"author\" content=\"Yusuf Ekinci\" \/>\n<meta name=\"twitter:card\" content=\"summary_large_image\" \/>\n<meta name=\"twitter:creator\" content=\"@alanyapro\" \/>\n<meta name=\"twitter:site\" content=\"@alanyapro\" \/>\n<meta name=\"twitter:label1\" content=\"Yazan:\" \/>\n\t<meta name=\"twitter:data1\" content=\"Yusuf Ekinci\" \/>\n\t<meta name=\"twitter:label2\" content=\"Tahmini okuma s\u00fcresi\" \/>\n\t<meta name=\"twitter:data2\" content=\"3 dakika\" \/>\n<script type=\"application\/ld+json\" class=\"yoast-schema-graph\">{\"@context\":\"https:\/\/schema.org\",\"@graph\":[{\"@type\":\"Article\",\"@id\":\"https:\/\/www.alanyaproperties.com\/tr\/turkiyeden-son-haberler\/tuerkiyenin-en-popueler-plajlar\/#article\",\"isPartOf\":{\"@id\":\"https:\/\/www.alanyaproperties.com\/tr\/turkiyeden-son-haberler\/tuerkiyenin-en-popueler-plajlar\/\"},\"author\":{\"name\":\"Yusuf Ekinci\",\"@id\":\"https:\/\/www.alanyaproperties.com\/tr\/#\/schema\/person\/8a92cc9600cbc25fcc67c304ba14680c\"},\"headline\":\"T\u00fcrkiye&#8217;nin En Pop\u00fcler Plajlar\u0131\",\"datePublished\":\"2009-10-23T04:27:56+00:00\",\"dateModified\":\"2009-10-23T04:27:56+00:00\",\"mainEntityOfPage\":{\"@id\":\"https:\/\/www.alanyaproperties.com\/tr\/turkiyeden-son-haberler\/tuerkiyenin-en-popueler-plajlar\/\"},\"wordCount\":694,\"commentCount\":0,\"publisher\":{\"@id\":\"https:\/\/www.alanyaproperties.com\/tr\/#organization\"},\"articleSection\":[\"T\u00fcrkiye'den Son Haberler\"],\"inLanguage\":\"tr\"},{\"@type\":\"WebPage\",\"@id\":\"https:\/\/www.alanyaproperties.com\/tr\/turkiyeden-son-haberler\/tuerkiyenin-en-popueler-plajlar\/\",\"url\":\"https:\/\/www.alanyaproperties.com\/tr\/turkiyeden-son-haberler\/tuerkiyenin-en-popueler-plajlar\/\",\"name\":\"T\u00fcrkiye'nin En Pop\u00fcler Plajlar\u0131 - Properties in Alanya.\",\"isPartOf\":{\"@id\":\"https:\/\/www.alanyaproperties.com\/tr\/#website\"},\"datePublished\":\"2009-10-23T04:27:56+00:00\",\"dateModified\":\"2009-10-23T04:27:56+00:00\",\"description\":\"T\u00fcrkiye'nin En Pop\u00fcler Plajlar\u0131 - Properties in Alanya.\",\"breadcrumb\":{\"@id\":\"https:\/\/www.alanyaproperties.com\/tr\/turkiyeden-son-haberler\/tuerkiyenin-en-popueler-plajlar\/#breadcrumb\"},\"inLanguage\":\"tr\",\"potentialAction\":[{\"@type\":\"ReadAction\",\"target\":[\"https:\/\/www.alanyaproperties.com\/tr\/turkiyeden-son-haberler\/tuerkiyenin-en-popueler-plajlar\/\"]}]},{\"@type\":\"BreadcrumbList\",\"@id\":\"https:\/\/www.alanyaproperties.com\/tr\/turkiyeden-son-haberler\/tuerkiyenin-en-popueler-plajlar\/#breadcrumb\",\"itemListElement\":[{\"@type\":\"ListItem\",\"position\":1,\"name\":\"Home\",\"item\":\"https:\/\/www.alanyaproperties.com\/tr\/\"},{\"@type\":\"ListItem\",\"position\":2,\"name\":\"T\u00fcrkiye&#8217;nin En Pop\u00fcler Plajlar\u0131\"}]},{\"@type\":\"WebSite\",\"@id\":\"https:\/\/www.alanyaproperties.com\/tr\/#website\",\"url\":\"https:\/\/www.alanyaproperties.com\/tr\/\",\"name\":\"Properties in Alanya.\",\"description\":\"Alanya Emlak Daire, Villa, Arsa  |  Alanya Properties\",\"publisher\":{\"@id\":\"https:\/\/www.alanyaproperties.com\/tr\/#organization\"},\"potentialAction\":[{\"@type\":\"SearchAction\",\"target\":{\"@type\":\"EntryPoint\",\"urlTemplate\":\"https:\/\/www.alanyaproperties.com\/tr\/?s={search_term_string}\"},\"query-input\":\"required name=search_term_string\"}],\"inLanguage\":\"tr\"},{\"@type\":\"Organization\",\"@id\":\"https:\/\/www.alanyaproperties.com\/tr\/#organization\",\"name\":\"Alanya Properties\",\"url\":\"https:\/\/www.alanyaproperties.com\/tr\/\",\"logo\":{\"@type\":\"ImageObject\",\"inLanguage\":\"tr\",\"@id\":\"https:\/\/www.alanyaproperties.com\/tr\/#\/schema\/logo\/image\/\",\"url\":\"https:\/\/i0.wp.com\/www.alanyaproperties.com\/wp-content\/uploads\/2017\/06\/alanya-properties-logo-180to.png?fit=180%2C81&ssl=1\",\"contentUrl\":\"https:\/\/i0.wp.com\/www.alanyaproperties.com\/wp-content\/uploads\/2017\/06\/alanya-properties-logo-180to.png?fit=180%2C81&ssl=1\",\"width\":180,\"height\":81,\"caption\":\"Alanya Properties\"},\"image\":{\"@id\":\"https:\/\/www.alanyaproperties.com\/tr\/#\/schema\/logo\/image\/\"},\"sameAs\":[\"https:\/\/www.facebook.com\/alanyaproperties\/\",\"https:\/\/x.com\/alanyapro\",\"https:\/\/www.instagram.com\/alanyaproperties\/\",\"https:\/\/www.youtube.com\/c\/AlanyaProperties\"]},{\"@type\":\"Person\",\"@id\":\"https:\/\/www.alanyaproperties.com\/tr\/#\/schema\/person\/8a92cc9600cbc25fcc67c304ba14680c\",\"name\":\"Yusuf Ekinci\",\"image\":{\"@type\":\"ImageObject\",\"inLanguage\":\"tr\",\"@id\":\"https:\/\/www.alanyaproperties.com\/tr\/#\/schema\/person\/image\/\",\"url\":\"https:\/\/secure.gravatar.com\/avatar\/aed1d8afe914e0136d015d60f22bd285?s=96&d=mm&r=g\",\"contentUrl\":\"https:\/\/secure.gravatar.com\/avatar\/aed1d8afe914e0136d015d60f22bd285?s=96&d=mm&r=g\",\"caption\":\"Yusuf Ekinci\"},\"sameAs\":[\"http:\/\/alanya-web.com\"],\"url\":\"https:\/\/www.alanyaproperties.com\/tr\/author\/admin\/\"}]}<\/script>\n<!-- \/ Yoast SEO plugin. -->","yoast_head_json":{"title":"T\u00fcrkiye'nin En Pop\u00fcler Plajlar\u0131 - Properties in Alanya.","description":"T\u00fcrkiye'nin En Pop\u00fcler Plajlar\u0131 - Properties in Alanya.","robots":{"index":"index","follow":"follow","max-snippet":"max-snippet:-1","max-image-preview":"max-image-preview:large","max-video-preview":"max-video-preview:-1"},"canonical":"https:\/\/www.alanyaproperties.com\/tr\/turkiyeden-son-haberler\/tuerkiyenin-en-popueler-plajlar\/","og_locale":"tr_TR","og_type":"article","og_title":"T\u00fcrkiye'nin En Pop\u00fcler Plajlar\u0131 - Properties in Alanya.","og_description":"T\u00fcrkiye'nin En Pop\u00fcler Plajlar\u0131 - Properties in Alanya.","og_url":"https:\/\/www.alanyaproperties.com\/tr\/turkiyeden-son-haberler\/tuerkiyenin-en-popueler-plajlar\/","og_site_name":"Properties in Alanya.","article_publisher":"https:\/\/www.facebook.com\/alanyaproperties\/","article_published_time":"2009-10-23T04:27:56+00:00","author":"Yusuf Ekinci","twitter_card":"summary_large_image","twitter_creator":"@alanyapro","twitter_site":"@alanyapro","twitter_misc":{"Yazan:":"Yusuf Ekinci","Tahmini okuma s\u00fcresi":"3 dakika"},"schema":{"@context":"https:\/\/schema.org","@graph":[{"@type":"Article","@id":"https:\/\/www.alanyaproperties.com\/tr\/turkiyeden-son-haberler\/tuerkiyenin-en-popueler-plajlar\/#article","isPartOf":{"@id":"https:\/\/www.alanyaproperties.com\/tr\/turkiyeden-son-haberler\/tuerkiyenin-en-popueler-plajlar\/"},"author":{"name":"Yusuf Ekinci","@id":"https:\/\/www.alanyaproperties.com\/tr\/#\/schema\/person\/8a92cc9600cbc25fcc67c304ba14680c"},"headline":"T\u00fcrkiye&#8217;nin En Pop\u00fcler Plajlar\u0131","datePublished":"2009-10-23T04:27:56+00:00","dateModified":"2009-10-23T04:27:56+00:00","mainEntityOfPage":{"@id":"https:\/\/www.alanyaproperties.com\/tr\/turkiyeden-son-haberler\/tuerkiyenin-en-popueler-plajlar\/"},"wordCount":694,"commentCount":0,"publisher":{"@id":"https:\/\/www.alanyaproperties.com\/tr\/#organization"},"articleSection":["T\u00fcrkiye'den Son Haberler"],"inLanguage":"tr"},{"@type":"WebPage","@id":"https:\/\/www.alanyaproperties.com\/tr\/turkiyeden-son-haberler\/tuerkiyenin-en-popueler-plajlar\/","url":"https:\/\/www.alanyaproperties.com\/tr\/turkiyeden-son-haberler\/tuerkiyenin-en-popueler-plajlar\/","name":"T\u00fcrkiye'nin En Pop\u00fcler Plajlar\u0131 - Properties in Alanya.","isPartOf":{"@id":"https:\/\/www.alanyaproperties.com\/tr\/#website"},"datePublished":"2009-10-23T04:27:56+00:00","dateModified":"2009-10-23T04:27:56+00:00","description":"T\u00fcrkiye'nin En Pop\u00fcler Plajlar\u0131 - Properties in Alanya.","breadcrumb":{"@id":"https:\/\/www.alanyaproperties.com\/tr\/turkiyeden-son-haberler\/tuerkiyenin-en-popueler-plajlar\/#breadcrumb"},"inLanguage":"tr","potentialAction":[{"@type":"ReadAction","target":["https:\/\/www.alanyaproperties.com\/tr\/turkiyeden-son-haberler\/tuerkiyenin-en-popueler-plajlar\/"]}]},{"@type":"BreadcrumbList","@id":"https:\/\/www.alanyaproperties.com\/tr\/turkiyeden-son-haberler\/tuerkiyenin-en-popueler-plajlar\/#breadcrumb","itemListElement":[{"@type":"ListItem","position":1,"name":"Home","item":"https:\/\/www.alanyaproperties.com\/tr\/"},{"@type":"ListItem","position":2,"name":"T\u00fcrkiye&#8217;nin En Pop\u00fcler Plajlar\u0131"}]},{"@type":"WebSite","@id":"https:\/\/www.alanyaproperties.com\/tr\/#website","url":"https:\/\/www.alanyaproperties.com\/tr\/","name":"Properties in Alanya.","description":"Alanya Emlak Daire, Villa, Arsa  |  Alanya Properties","publisher":{"@id":"https:\/\/www.alanyaproperties.com\/tr\/#organization"},"potentialAction":[{"@type":"SearchAction","target":{"@type":"EntryPoint","urlTemplate":"https:\/\/www.alanyaproperties.com\/tr\/?s={search_term_string}"},"query-input":"required name=search_term_string"}],"inLanguage":"tr"},{"@type":"Organization","@id":"https:\/\/www.alanyaproperties.com\/tr\/#organization","name":"Alanya Properties","url":"https:\/\/www.alanyaproperties.com\/tr\/","logo":{"@type":"ImageObject","inLanguage":"tr","@id":"https:\/\/www.alanyaproperties.com\/tr\/#\/schema\/logo\/image\/","url":"https:\/\/i0.wp.com\/www.alanyaproperties.com\/wp-content\/uploads\/2017\/06\/alanya-properties-logo-180to.png?fit=180%2C81&ssl=1","contentUrl":"https:\/\/i0.wp.com\/www.alanyaproperties.com\/wp-content\/uploads\/2017\/06\/alanya-properties-logo-180to.png?fit=180%2C81&ssl=1","width":180,"height":81,"caption":"Alanya Properties"},"image":{"@id":"https:\/\/www.alanyaproperties.com\/tr\/#\/schema\/logo\/image\/"},"sameAs":["https:\/\/www.facebook.com\/alanyaproperties\/","https:\/\/x.com\/alanyapro","https:\/\/www.instagram.com\/alanyaproperties\/","https:\/\/www.youtube.com\/c\/AlanyaProperties"]},{"@type":"Person","@id":"https:\/\/www.alanyaproperties.com\/tr\/#\/schema\/person\/8a92cc9600cbc25fcc67c304ba14680c","name":"Yusuf Ekinci","image":{"@type":"ImageObject","inLanguage":"tr","@id":"https:\/\/www.alanyaproperties.com\/tr\/#\/schema\/person\/image\/","url":"https:\/\/secure.gravatar.com\/avatar\/aed1d8afe914e0136d015d60f22bd285?s=96&d=mm&r=g","contentUrl":"https:\/\/secure.gravatar.com\/avatar\/aed1d8afe914e0136d015d60f22bd285?s=96&d=mm&r=g","caption":"Yusuf Ekinci"},"sameAs":["http:\/\/alanya-web.com"],"url":"https:\/\/www.alanyaproperties.com\/tr\/author\/admin\/"}]}},"jetpack_sharing_enabled":true,"jetpack_featured_media_url":"","_links":{"self":[{"href":"https:\/\/www.alanyaproperties.com\/tr\/wp-json\/wp\/v2\/posts\/3342"}],"collection":[{"href":"https:\/\/www.alanyaproperties.com\/tr\/wp-json\/wp\/v2\/posts"}],"about":[{"href":"https:\/\/www.alanyaproperties.com\/tr\/wp-json\/wp\/v2\/types\/post"}],"author":[{"embeddable":true,"href":"https:\/\/www.alanyaproperties.com\/tr\/wp-json\/wp\/v2\/users\/42"}],"replies":[{"embeddable":true,"href":"https:\/\/www.alanyaproperties.com\/tr\/wp-json\/wp\/v2\/comments?post=3342"}],"version-history":[{"count":0,"href":"https:\/\/www.alanyaproperties.com\/tr\/wp-json\/wp\/v2\/posts\/3342\/revisions"}],"wp:attachment":[{"href":"https:\/\/www.alanyaproperties.com\/tr\/wp-json\/wp\/v2\/media?parent=3342"}],"wp:term":[{"taxonomy":"category","embeddable":true,"href":"https:\/\/www.alanyaproperties.com\/tr\/wp-json\/wp\/v2\/categories?post=3342"},{"taxonomy":"post_tag","embeddable":true,"href":"https:\/\/www.alanyaproperties.com\/tr\/wp-json\/wp\/v2\/tags?post=3342"}],"curies":[{"name":"wp","href":"https:\/\/api.w.org\/{rel}","templated":true}]}}