{"id":3638,"date":"2009-10-21T03:28:24","date_gmt":"2009-10-21T03:28:24","guid":{"rendered":"http:\/\/www.alanyaproperties.com\/alanya-kargicak-turkiet\/"},"modified":"2009-10-21T03:28:24","modified_gmt":"2009-10-21T03:28:24","slug":"alanya-kargicak-turkiet","status":"publish","type":"post","link":"https:\/\/www.alanyaproperties.com\/sv\/sv-om-turkiet\/alanya-about-turkey\/alanya-kargicak-turkiet\/","title":{"rendered":"Alanya Kargicak"},"content":{"rendered":"<p> \t<img loading=\"lazy\" decoding=\"async\" class=\" size-full wp-image-3219\" alt=\"\" src=\"https:\/\/i0.wp.com\/www.alanyaproperties.com\/wp-content\/uploads\/2009\/10\/alanya%20turkiet%20alanya%20properties%203.jpg?resize=360%2C254\" style=\"width: 360px; height: 254px;\" width=\"360\" height=\"254\" data-recalc-dims=\"1\" \/><img loading=\"lazy\" decoding=\"async\" class=\" size-full wp-image-3217\" alt=\"\" src=\"https:\/\/i0.wp.com\/www.alanyaproperties.com\/wp-content\/uploads\/2009\/10\/alanya%20turkiet%20alanya%20properties%201.jpg?resize=360%2C243\" style=\"width: 360px; height: 254px;\" width=\"360\" height=\"243\" data-recalc-dims=\"1\" \/><\/p>\n<p> \tKargicak ligger \u00f6ster om Alanya och erbjuder en lugn milj\u00f6, ett litet mysigt centrum med restauranger, marknader men \u00e4ven andra mindre butiker.<\/p>\n<p> \tKargicak \u00e4r omr\u00e5det f\u00f6r dig som vill njuta av den vackra naturen och den enast\u00e5ende vyn \u00f6ver Taurusbergen och Medelhavet.<\/p>\n<p> \tKargicak ligger v\u00e4ldigt n\u00e4ra <a href=\"http:\/\/alanyaproperties.com\/lang-sv\/turkiet-information\/gazipasa.html\" name=\"Alanya-Gazipasa (GZP)\" target=\"_blank\" title=\"Alanya-Gazipasa (GZP)\" type=\"Alanya-Gazipasa (GZP)\">Gazipa\u015fa flygplats<\/a>. <a href=\"http:\/\/alanyaproperties.com\/lang-sv\/turkiet-information\/alanya.html\" name=\"Alanya, Turkiet\" target=\"_blank\" title=\"Fakta om Alanya, Turkiet\" type=\"Fakta om Alanya, Turkiet\">Alanya<\/a> centrum n\u00e5s enkelt h\u00e4rifr\u00e5n.<\/p>\n<p> \tBefolkningen uppgick till 2962 (2013)<\/p>\n<p> \t<a href=\"http:\/\/alanyaproperties.com\/lang-sv\/component\/estateagent\/result.html?src_cat=2&amp;type=0&amp;searchstring=kargicak&amp;minvalue=&amp;maxvalue=&amp;src_country=TR&amp;src_state=&amp;src_district=Alanya&amp;src_town=no&amp;space=0&amp;yobuilt=0&amp;rooms=0&amp;bedrooms=0\" name=\"Kargicak, Alanya\" target=\"_blank\" title=\"L\u00e4genheter i Kargicak, Alanya\" type=\"L\u00e4genheter i Kargicak, Alanya\">L\u00e4genheter till salu i Kargicak.<\/a><\/p>\n<p> \t<img loading=\"lazy\" decoding=\"async\" class=\" size-full wp-image-3218\" alt=\"\" src=\"https:\/\/i0.wp.com\/www.alanyaproperties.com\/wp-content\/uploads\/2009\/10\/alanya%20turkiet%20alanya%20properties%202.jpg?resize=360%2C243\" style=\"width: 360px; height: 254px;\" width=\"360\" height=\"243\" data-recalc-dims=\"1\" \/><img loading=\"lazy\" decoding=\"async\" class=\" size-full wp-image-3222\" alt=\"\" src=\"https:\/\/i0.wp.com\/www.alanyaproperties.com\/wp-content\/uploads\/2009\/10\/alanya%20turkiet%20alanya%20properties%206.jpg?resize=360%2C250\" style=\"width: 360px; height: 254px;\" width=\"360\" height=\"250\" data-recalc-dims=\"1\" \/><\/p>\n","protected":false},"excerpt":{"rendered":"<p>Kargicak ligger \u00f6ster om Alanya och erbjuder en lugn milj\u00f6, ett litet mysigt centrum med restauranger, marknader men \u00e4ven andra mindre butiker. Kargicak \u00e4r omr\u00e5det f\u00f6r dig som vill njuta av den vackra naturen och den enast\u00e5ende vyn \u00f6ver Taurusbergen och Medelhavet. Kargicak ligger v\u00e4ldigt n\u00e4ra Gazipa\u015fa flygplats. Alanya centrum n\u00e5s enkelt h\u00e4rifr\u00e5n. Befolkningen uppgick [&hellip;]<\/p>\n","protected":false},"author":42,"featured_media":3219,"comment_status":"closed","ping_status":"closed","sticky":false,"template":"","format":"standard","meta":{"footnotes":""},"categories":[1882],"tags":[2394,2395],"yoast_head":"<!-- This site is optimized with the Yoast SEO plugin v22.6 - https:\/\/yoast.com\/wordpress\/plugins\/seo\/ -->\n<title>Alanya Kargicak - Properties in Alanya.<\/title>\n<meta name=\"description\" content=\"Alanya Kargicak - Properties in Alanya.\" \/>\n<meta name=\"robots\" content=\"index, follow, max-snippet:-1, max-image-preview:large, max-video-preview:-1\" \/>\n<link rel=\"canonical\" href=\"https:\/\/www.alanyaproperties.com\/sv\/sv-om-turkiet\/alanya-about-turkey\/alanya-kargicak-turkiet\/\" \/>\n<meta property=\"og:locale\" content=\"sv_SE\" \/>\n<meta property=\"og:type\" content=\"article\" \/>\n<meta property=\"og:title\" content=\"Alanya Kargicak - Properties in Alanya.\" \/>\n<meta property=\"og:description\" content=\"Alanya Kargicak - Properties in Alanya.\" \/>\n<meta property=\"og:url\" content=\"https:\/\/www.alanyaproperties.com\/sv\/sv-om-turkiet\/alanya-about-turkey\/alanya-kargicak-turkiet\/\" \/>\n<meta property=\"og:site_name\" content=\"Properties in Alanya.\" \/>\n<meta property=\"article:publisher\" content=\"https:\/\/www.facebook.com\/alanyaproperties\/\" \/>\n<meta property=\"article:published_time\" content=\"2009-10-21T03:28:24+00:00\" \/>\n<meta property=\"og:image\" content=\"https:\/\/www.alanyaproperties.com\/wp-content\/uploads\/2009\/10\/alanya%20turkiet%20alanya%20properties%203.jpg\" \/>\n\t<meta property=\"og:image:width\" content=\"360\" \/>\n\t<meta property=\"og:image:height\" content=\"254\" \/>\n\t<meta property=\"og:image:type\" content=\"image\/jpeg\" \/>\n<meta name=\"author\" content=\"Yusuf Ekinci\" \/>\n<meta name=\"twitter:card\" content=\"summary_large_image\" \/>\n<meta name=\"twitter:creator\" content=\"@alanyapro\" \/>\n<meta name=\"twitter:site\" content=\"@alanyapro\" \/>\n<meta name=\"twitter:label1\" content=\"Skriven av\" \/>\n\t<meta name=\"twitter:data1\" content=\"Yusuf Ekinci\" \/>\n<script type=\"application\/ld+json\" class=\"yoast-schema-graph\">{\"@context\":\"https:\/\/schema.org\",\"@graph\":[{\"@type\":\"Article\",\"@id\":\"https:\/\/www.alanyaproperties.com\/sv\/sv-om-turkiet\/alanya-about-turkey\/alanya-kargicak-turkiet\/#article\",\"isPartOf\":{\"@id\":\"https:\/\/www.alanyaproperties.com\/sv\/sv-om-turkiet\/alanya-about-turkey\/alanya-kargicak-turkiet\/\"},\"author\":{\"name\":\"Yusuf Ekinci\",\"@id\":\"https:\/\/www.alanyaproperties.com\/sv\/#\/schema\/person\/8a92cc9600cbc25fcc67c304ba14680c\"},\"headline\":\"Alanya Kargicak\",\"datePublished\":\"2009-10-21T03:28:24+00:00\",\"dateModified\":\"2009-10-21T03:28:24+00:00\",\"mainEntityOfPage\":{\"@id\":\"https:\/\/www.alanyaproperties.com\/sv\/sv-om-turkiet\/alanya-about-turkey\/alanya-kargicak-turkiet\/\"},\"wordCount\":73,\"publisher\":{\"@id\":\"https:\/\/www.alanyaproperties.com\/sv\/#organization\"},\"image\":{\"@id\":\"https:\/\/www.alanyaproperties.com\/sv\/sv-om-turkiet\/alanya-about-turkey\/alanya-kargicak-turkiet\/#primaryimage\"},\"thumbnailUrl\":\"https:\/\/i0.wp.com\/www.alanyaproperties.com\/wp-content\/uploads\/2009\/10\/alanya turkiet alanya properties 3.jpg?fit=360%2C254&ssl=1\",\"keywords\":[\"fakta om Kargicak\",\"Information om Kargicak\"],\"articleSection\":[\"Alanya\"],\"inLanguage\":\"sv-SE\"},{\"@type\":\"WebPage\",\"@id\":\"https:\/\/www.alanyaproperties.com\/sv\/sv-om-turkiet\/alanya-about-turkey\/alanya-kargicak-turkiet\/\",\"url\":\"https:\/\/www.alanyaproperties.com\/sv\/sv-om-turkiet\/alanya-about-turkey\/alanya-kargicak-turkiet\/\",\"name\":\"Alanya Kargicak - Properties in Alanya.\",\"isPartOf\":{\"@id\":\"https:\/\/www.alanyaproperties.com\/sv\/#website\"},\"primaryImageOfPage\":{\"@id\":\"https:\/\/www.alanyaproperties.com\/sv\/sv-om-turkiet\/alanya-about-turkey\/alanya-kargicak-turkiet\/#primaryimage\"},\"image\":{\"@id\":\"https:\/\/www.alanyaproperties.com\/sv\/sv-om-turkiet\/alanya-about-turkey\/alanya-kargicak-turkiet\/#primaryimage\"},\"thumbnailUrl\":\"https:\/\/i0.wp.com\/www.alanyaproperties.com\/wp-content\/uploads\/2009\/10\/alanya turkiet alanya properties 3.jpg?fit=360%2C254&ssl=1\",\"datePublished\":\"2009-10-21T03:28:24+00:00\",\"dateModified\":\"2009-10-21T03:28:24+00:00\",\"description\":\"Alanya Kargicak - Properties in Alanya.\",\"breadcrumb\":{\"@id\":\"https:\/\/www.alanyaproperties.com\/sv\/sv-om-turkiet\/alanya-about-turkey\/alanya-kargicak-turkiet\/#breadcrumb\"},\"inLanguage\":\"sv-SE\",\"potentialAction\":[{\"@type\":\"ReadAction\",\"target\":[\"https:\/\/www.alanyaproperties.com\/sv\/sv-om-turkiet\/alanya-about-turkey\/alanya-kargicak-turkiet\/\"]}]},{\"@type\":\"ImageObject\",\"inLanguage\":\"sv-SE\",\"@id\":\"https:\/\/www.alanyaproperties.com\/sv\/sv-om-turkiet\/alanya-about-turkey\/alanya-kargicak-turkiet\/#primaryimage\",\"url\":\"https:\/\/i0.wp.com\/www.alanyaproperties.com\/wp-content\/uploads\/2009\/10\/alanya turkiet alanya properties 3.jpg?fit=360%2C254&ssl=1\",\"contentUrl\":\"https:\/\/i0.wp.com\/www.alanyaproperties.com\/wp-content\/uploads\/2009\/10\/alanya turkiet alanya properties 3.jpg?fit=360%2C254&ssl=1\",\"width\":360,\"height\":254},{\"@type\":\"BreadcrumbList\",\"@id\":\"https:\/\/www.alanyaproperties.com\/sv\/sv-om-turkiet\/alanya-about-turkey\/alanya-kargicak-turkiet\/#breadcrumb\",\"itemListElement\":[{\"@type\":\"ListItem\",\"position\":1,\"name\":\"Home\",\"item\":\"https:\/\/www.alanyaproperties.com\/sv\/\"},{\"@type\":\"ListItem\",\"position\":2,\"name\":\"Alanya Kargicak\"}]},{\"@type\":\"WebSite\",\"@id\":\"https:\/\/www.alanyaproperties.com\/sv\/#website\",\"url\":\"https:\/\/www.alanyaproperties.com\/sv\/\",\"name\":\"Properties in Alanya.\",\"description\":\"Fastighet till salu i Turkiet. | Fastighet i Alanya\",\"publisher\":{\"@id\":\"https:\/\/www.alanyaproperties.com\/sv\/#organization\"},\"potentialAction\":[{\"@type\":\"SearchAction\",\"target\":{\"@type\":\"EntryPoint\",\"urlTemplate\":\"https:\/\/www.alanyaproperties.com\/sv\/?s={search_term_string}\"},\"query-input\":\"required name=search_term_string\"}],\"inLanguage\":\"sv-SE\"},{\"@type\":\"Organization\",\"@id\":\"https:\/\/www.alanyaproperties.com\/sv\/#organization\",\"name\":\"Alanya Properties\",\"url\":\"https:\/\/www.alanyaproperties.com\/sv\/\",\"logo\":{\"@type\":\"ImageObject\",\"inLanguage\":\"sv-SE\",\"@id\":\"https:\/\/www.alanyaproperties.com\/sv\/#\/schema\/logo\/image\/\",\"url\":\"https:\/\/i0.wp.com\/www.alanyaproperties.com\/wp-content\/uploads\/2017\/06\/alanya-properties-logo-180to.png?fit=180%2C81&ssl=1\",\"contentUrl\":\"https:\/\/i0.wp.com\/www.alanyaproperties.com\/wp-content\/uploads\/2017\/06\/alanya-properties-logo-180to.png?fit=180%2C81&ssl=1\",\"width\":180,\"height\":81,\"caption\":\"Alanya Properties\"},\"image\":{\"@id\":\"https:\/\/www.alanyaproperties.com\/sv\/#\/schema\/logo\/image\/\"},\"sameAs\":[\"https:\/\/www.facebook.com\/alanyaproperties\/\",\"https:\/\/x.com\/alanyapro\",\"https:\/\/www.instagram.com\/alanyaproperties\/\",\"https:\/\/www.youtube.com\/c\/AlanyaProperties\"]},{\"@type\":\"Person\",\"@id\":\"https:\/\/www.alanyaproperties.com\/sv\/#\/schema\/person\/8a92cc9600cbc25fcc67c304ba14680c\",\"name\":\"Yusuf Ekinci\",\"image\":{\"@type\":\"ImageObject\",\"inLanguage\":\"sv-SE\",\"@id\":\"https:\/\/www.alanyaproperties.com\/sv\/#\/schema\/person\/image\/\",\"url\":\"https:\/\/secure.gravatar.com\/avatar\/aed1d8afe914e0136d015d60f22bd285?s=96&d=mm&r=g\",\"contentUrl\":\"https:\/\/secure.gravatar.com\/avatar\/aed1d8afe914e0136d015d60f22bd285?s=96&d=mm&r=g\",\"caption\":\"Yusuf Ekinci\"},\"sameAs\":[\"http:\/\/alanya-web.com\"],\"url\":\"https:\/\/www.alanyaproperties.com\/sv\/author\/admin\/\"}]}<\/script>\n<!-- \/ Yoast SEO plugin. -->","yoast_head_json":{"title":"Alanya Kargicak - Properties in Alanya.","description":"Alanya Kargicak - Properties in Alanya.","robots":{"index":"index","follow":"follow","max-snippet":"max-snippet:-1","max-image-preview":"max-image-preview:large","max-video-preview":"max-video-preview:-1"},"canonical":"https:\/\/www.alanyaproperties.com\/sv\/sv-om-turkiet\/alanya-about-turkey\/alanya-kargicak-turkiet\/","og_locale":"sv_SE","og_type":"article","og_title":"Alanya Kargicak - Properties in Alanya.","og_description":"Alanya Kargicak - Properties in Alanya.","og_url":"https:\/\/www.alanyaproperties.com\/sv\/sv-om-turkiet\/alanya-about-turkey\/alanya-kargicak-turkiet\/","og_site_name":"Properties in Alanya.","article_publisher":"https:\/\/www.facebook.com\/alanyaproperties\/","article_published_time":"2009-10-21T03:28:24+00:00","og_image":[{"width":360,"height":254,"url":"https:\/\/www.alanyaproperties.com\/wp-content\/uploads\/2009\/10\/alanya turkiet alanya properties 3.jpg","type":"image\/jpeg"}],"author":"Yusuf Ekinci","twitter_card":"summary_large_image","twitter_creator":"@alanyapro","twitter_site":"@alanyapro","twitter_misc":{"Skriven av":"Yusuf Ekinci"},"schema":{"@context":"https:\/\/schema.org","@graph":[{"@type":"Article","@id":"https:\/\/www.alanyaproperties.com\/sv\/sv-om-turkiet\/alanya-about-turkey\/alanya-kargicak-turkiet\/#article","isPartOf":{"@id":"https:\/\/www.alanyaproperties.com\/sv\/sv-om-turkiet\/alanya-about-turkey\/alanya-kargicak-turkiet\/"},"author":{"name":"Yusuf Ekinci","@id":"https:\/\/www.alanyaproperties.com\/sv\/#\/schema\/person\/8a92cc9600cbc25fcc67c304ba14680c"},"headline":"Alanya Kargicak","datePublished":"2009-10-21T03:28:24+00:00","dateModified":"2009-10-21T03:28:24+00:00","mainEntityOfPage":{"@id":"https:\/\/www.alanyaproperties.com\/sv\/sv-om-turkiet\/alanya-about-turkey\/alanya-kargicak-turkiet\/"},"wordCount":73,"publisher":{"@id":"https:\/\/www.alanyaproperties.com\/sv\/#organization"},"image":{"@id":"https:\/\/www.alanyaproperties.com\/sv\/sv-om-turkiet\/alanya-about-turkey\/alanya-kargicak-turkiet\/#primaryimage"},"thumbnailUrl":"https:\/\/i0.wp.com\/www.alanyaproperties.com\/wp-content\/uploads\/2009\/10\/alanya turkiet alanya properties 3.jpg?fit=360%2C254&ssl=1","keywords":["fakta om Kargicak","Information om Kargicak"],"articleSection":["Alanya"],"inLanguage":"sv-SE"},{"@type":"WebPage","@id":"https:\/\/www.alanyaproperties.com\/sv\/sv-om-turkiet\/alanya-about-turkey\/alanya-kargicak-turkiet\/","url":"https:\/\/www.alanyaproperties.com\/sv\/sv-om-turkiet\/alanya-about-turkey\/alanya-kargicak-turkiet\/","name":"Alanya Kargicak - Properties in Alanya.","isPartOf":{"@id":"https:\/\/www.alanyaproperties.com\/sv\/#website"},"primaryImageOfPage":{"@id":"https:\/\/www.alanyaproperties.com\/sv\/sv-om-turkiet\/alanya-about-turkey\/alanya-kargicak-turkiet\/#primaryimage"},"image":{"@id":"https:\/\/www.alanyaproperties.com\/sv\/sv-om-turkiet\/alanya-about-turkey\/alanya-kargicak-turkiet\/#primaryimage"},"thumbnailUrl":"https:\/\/i0.wp.com\/www.alanyaproperties.com\/wp-content\/uploads\/2009\/10\/alanya turkiet alanya properties 3.jpg?fit=360%2C254&ssl=1","datePublished":"2009-10-21T03:28:24+00:00","dateModified":"2009-10-21T03:28:24+00:00","description":"Alanya Kargicak - Properties in Alanya.","breadcrumb":{"@id":"https:\/\/www.alanyaproperties.com\/sv\/sv-om-turkiet\/alanya-about-turkey\/alanya-kargicak-turkiet\/#breadcrumb"},"inLanguage":"sv-SE","potentialAction":[{"@type":"ReadAction","target":["https:\/\/www.alanyaproperties.com\/sv\/sv-om-turkiet\/alanya-about-turkey\/alanya-kargicak-turkiet\/"]}]},{"@type":"ImageObject","inLanguage":"sv-SE","@id":"https:\/\/www.alanyaproperties.com\/sv\/sv-om-turkiet\/alanya-about-turkey\/alanya-kargicak-turkiet\/#primaryimage","url":"https:\/\/i0.wp.com\/www.alanyaproperties.com\/wp-content\/uploads\/2009\/10\/alanya turkiet alanya properties 3.jpg?fit=360%2C254&ssl=1","contentUrl":"https:\/\/i0.wp.com\/www.alanyaproperties.com\/wp-content\/uploads\/2009\/10\/alanya turkiet alanya properties 3.jpg?fit=360%2C254&ssl=1","width":360,"height":254},{"@type":"BreadcrumbList","@id":"https:\/\/www.alanyaproperties.com\/sv\/sv-om-turkiet\/alanya-about-turkey\/alanya-kargicak-turkiet\/#breadcrumb","itemListElement":[{"@type":"ListItem","position":1,"name":"Home","item":"https:\/\/www.alanyaproperties.com\/sv\/"},{"@type":"ListItem","position":2,"name":"Alanya Kargicak"}]},{"@type":"WebSite","@id":"https:\/\/www.alanyaproperties.com\/sv\/#website","url":"https:\/\/www.alanyaproperties.com\/sv\/","name":"Properties in Alanya.","description":"Fastighet till salu i Turkiet. | Fastighet i Alanya","publisher":{"@id":"https:\/\/www.alanyaproperties.com\/sv\/#organization"},"potentialAction":[{"@type":"SearchAction","target":{"@type":"EntryPoint","urlTemplate":"https:\/\/www.alanyaproperties.com\/sv\/?s={search_term_string}"},"query-input":"required name=search_term_string"}],"inLanguage":"sv-SE"},{"@type":"Organization","@id":"https:\/\/www.alanyaproperties.com\/sv\/#organization","name":"Alanya Properties","url":"https:\/\/www.alanyaproperties.com\/sv\/","logo":{"@type":"ImageObject","inLanguage":"sv-SE","@id":"https:\/\/www.alanyaproperties.com\/sv\/#\/schema\/logo\/image\/","url":"https:\/\/i0.wp.com\/www.alanyaproperties.com\/wp-content\/uploads\/2017\/06\/alanya-properties-logo-180to.png?fit=180%2C81&ssl=1","contentUrl":"https:\/\/i0.wp.com\/www.alanyaproperties.com\/wp-content\/uploads\/2017\/06\/alanya-properties-logo-180to.png?fit=180%2C81&ssl=1","width":180,"height":81,"caption":"Alanya Properties"},"image":{"@id":"https:\/\/www.alanyaproperties.com\/sv\/#\/schema\/logo\/image\/"},"sameAs":["https:\/\/www.facebook.com\/alanyaproperties\/","https:\/\/x.com\/alanyapro","https:\/\/www.instagram.com\/alanyaproperties\/","https:\/\/www.youtube.com\/c\/AlanyaProperties"]},{"@type":"Person","@id":"https:\/\/www.alanyaproperties.com\/sv\/#\/schema\/person\/8a92cc9600cbc25fcc67c304ba14680c","name":"Yusuf Ekinci","image":{"@type":"ImageObject","inLanguage":"sv-SE","@id":"https:\/\/www.alanyaproperties.com\/sv\/#\/schema\/person\/image\/","url":"https:\/\/secure.gravatar.com\/avatar\/aed1d8afe914e0136d015d60f22bd285?s=96&d=mm&r=g","contentUrl":"https:\/\/secure.gravatar.com\/avatar\/aed1d8afe914e0136d015d60f22bd285?s=96&d=mm&r=g","caption":"Yusuf Ekinci"},"sameAs":["http:\/\/alanya-web.com"],"url":"https:\/\/www.alanyaproperties.com\/sv\/author\/admin\/"}]}},"jetpack_sharing_enabled":true,"jetpack_featured_media_url":"https:\/\/i0.wp.com\/www.alanyaproperties.com\/wp-content\/uploads\/2009\/10\/alanya turkiet alanya properties 3.jpg?fit=360%2C254&ssl=1","_links":{"self":[{"href":"https:\/\/www.alanyaproperties.com\/sv\/wp-json\/wp\/v2\/posts\/3638"}],"collection":[{"href":"https:\/\/www.alanyaproperties.com\/sv\/wp-json\/wp\/v2\/posts"}],"about":[{"href":"https:\/\/www.alanyaproperties.com\/sv\/wp-json\/wp\/v2\/types\/post"}],"author":[{"embeddable":true,"href":"https:\/\/www.alanyaproperties.com\/sv\/wp-json\/wp\/v2\/users\/42"}],"replies":[{"embeddable":true,"href":"https:\/\/www.alanyaproperties.com\/sv\/wp-json\/wp\/v2\/comments?post=3638"}],"version-history":[{"count":0,"href":"https:\/\/www.alanyaproperties.com\/sv\/wp-json\/wp\/v2\/posts\/3638\/revisions"}],"wp:featuredmedia":[{"embeddable":true,"href":"https:\/\/www.alanyaproperties.com\/sv\/wp-json\/wp\/v2\/media\/3219"}],"wp:attachment":[{"href":"https:\/\/www.alanyaproperties.com\/sv\/wp-json\/wp\/v2\/media?parent=3638"}],"wp:term":[{"taxonomy":"category","embeddable":true,"href":"https:\/\/www.alanyaproperties.com\/sv\/wp-json\/wp\/v2\/categories?post=3638"},{"taxonomy":"post_tag","embeddable":true,"href":"https:\/\/www.alanyaproperties.com\/sv\/wp-json\/wp\/v2\/tags?post=3638"}],"curies":[{"name":"wp","href":"https:\/\/api.w.org\/{rel}","templated":true}]}}