{"id":3534,"date":"2010-03-15T13:08:35","date_gmt":"2010-03-15T13:08:35","guid":{"rendered":"http:\/\/www.alanyaproperties.com\/information-om-oss-alanya-properties\/"},"modified":"2023-09-07T14:00:42","modified_gmt":"2023-09-07T14:00:42","slug":"information-om-oss-alanya-properties","status":"publish","type":"post","link":"https:\/\/www.alanyaproperties.com\/sv\/sv-om-oss\/about-company-about-us\/information-om-oss-alanya-properties\/","title":{"rendered":"Fakta om oss &#8211; Alanya Properties"},"content":{"rendered":"<p><img loading=\"lazy\" decoding=\"async\" class=\"alignnone size-full wp-image-377723\" src=\"https:\/\/i0.wp.com\/www.alanyaproperties.com\/wp-content\/uploads\/2023\/09\/giris-tabela_iphone14-cekimi.jpg?resize=1170%2C871&#038;ssl=1\" alt=\"\" width=\"1170\" height=\"871\" srcset=\"https:\/\/i0.wp.com\/www.alanyaproperties.com\/wp-content\/uploads\/2023\/09\/giris-tabela_iphone14-cekimi.jpg?w=1600&amp;ssl=1 1600w, https:\/\/i0.wp.com\/www.alanyaproperties.com\/wp-content\/uploads\/2023\/09\/giris-tabela_iphone14-cekimi.jpg?resize=300%2C223&amp;ssl=1 300w, https:\/\/i0.wp.com\/www.alanyaproperties.com\/wp-content\/uploads\/2023\/09\/giris-tabela_iphone14-cekimi.jpg?resize=1024%2C762&amp;ssl=1 1024w, https:\/\/i0.wp.com\/www.alanyaproperties.com\/wp-content\/uploads\/2023\/09\/giris-tabela_iphone14-cekimi.jpg?resize=768%2C572&amp;ssl=1 768w, https:\/\/i0.wp.com\/www.alanyaproperties.com\/wp-content\/uploads\/2023\/09\/giris-tabela_iphone14-cekimi.jpg?resize=1536%2C1143&amp;ssl=1 1536w, https:\/\/i0.wp.com\/www.alanyaproperties.com\/wp-content\/uploads\/2023\/09\/giris-tabela_iphone14-cekimi.jpg?resize=150%2C112&amp;ssl=1 150w, https:\/\/i0.wp.com\/www.alanyaproperties.com\/wp-content\/uploads\/2023\/09\/giris-tabela_iphone14-cekimi.jpg?resize=350%2C261&amp;ssl=1 350w, https:\/\/i0.wp.com\/www.alanyaproperties.com\/wp-content\/uploads\/2023\/09\/giris-tabela_iphone14-cekimi.jpg?resize=645%2C480&amp;ssl=1 645w\" sizes=\"(max-width: 1170px) 100vw, 1170px\" data-recalc-dims=\"1\" \/>Alanya Properties\u00a0har sin styrka i\u00a0tidigare erfarenheter och historia. Alanya Properties\u00a0\u00e4r ett familjef\u00f6retag etablerat\u00a0under tre generationer. Den f\u00f6rsta generationen var v\u00e5r farfar som gjorde lera, betongr\u00f6r och stora\u00a0vattencontainrar f\u00f6r byggbranschen mellan 1940 och 1960. Den andra generationen var v\u00e5r far, han\u00a0b\u00f6rjade i byggbranschen 1970 och bytte till dekoration och inredningsverksamhet under 80-och 90-talet. Den tredje generationen \u00e4r br\u00f6derna H\u00fcseyin, Mustafa och Halil G\u00fclseren, som kom in i branschen med en helt ny f\u00f6rst\u00e5else.<\/p>\n<p>H\u00fcseyin G\u00fclseren \u00e4r civilingenj\u00f6r och har varit en av\u00a0de grundande del\u00e4garna\u00a0i Halilo\u011flu, Toroslar och Denizeli konstruktion sedan 1996. Under de senaste 5 \u00e5ren, som en partner i Toroslar har H\u00fcseyin byggt och levererat mer \u00e4n 700 l\u00e4genheter, alla med stor tillfredsst\u00e4llelse f\u00f6r kunderna. Dessutom har H\u00fcseyin mer \u00e4n 200 projekt p\u00e5 sin meritlista som civilingenj\u00f6r. Halil och Mustafa G\u00fclseren har arbetat inom turistn\u00e4ringen och tj\u00e4nstesektorn sedan 1992.<\/p>\n<p>Vi tror att byggsektorn \u00e4r en sektor som st\u00e5r f\u00f6r kompetens och dynamik. Vi anser att\u00a0det \u00e4r\u00a0v\u00e4ldigt viktigt att du kommer att g\u00f6ra en vinst\u00a0p\u00e5 dina investeringar i Turkiet och vi kommer alltid att ta h\u00e4nsyn till dina \u00f6nskem\u00e5l och vad som \u00e4r mest\u00a0f\u00f6rdelaktigt f\u00f6r dig som kund. Vi \u00e4r inte ett f\u00f6retag som har fokus att bygga bara f\u00f6r att g\u00f6ra stora vinster. Vi str\u00e4var efter att tillfredsst\u00e4lla v\u00e5ra kunder och vet att ett gott rykte \u00e4r det b\u00e4sta vi kan \u00e5stadkomma. Den som k\u00f6per en\u00a0fastighet fr\u00e5n oss kommer tillbaka glada och vi ser dem alla som v\u00e4nner.<\/p>\n<p>Under det senaste \u00e5rhundradet har vi uppt\u00e4ckt f\u00f6rdelarna med att kombinera tekniska framsteg n\u00e4r det g\u00e4ller v\u00e5r natur och\u00a0milj\u00f6. V\u00e5rt m\u00e5l \u00e4r att skapa en bekv\u00e4m, glad och lugn milj\u00f6, d\u00e4r det \u00e4r mindre stress och du kan njuta naturens g\u00e5vor. I dessa dagar\u00a0har en semester, bort fr\u00e5n all stress, blivit lika viktig som vatten och syre.<\/p>\n<p><span class=\"hps\">I<\/span> <span class=\"hps\">Alanya<\/span> <span class=\"hps\">har vi<\/span> <span class=\"hps\">f\u00f6rm\u00e5nen att<\/span> <span class=\"hps\">kunna<\/span> <span class=\"hps\">presentera<\/span><span class=\"hps\"> ett<\/span> <span class=\"hps\">av<\/span> <span class=\"hps\">de<\/span> <span class=\"hps\">vackraste<\/span> <span class=\"hps\">naturomr\u00e5dena<\/span> <span class=\"hps\">i<\/span> <span class=\"hps\">v\u00e4rlden f\u00f6r er<\/span>. <span class=\"hps\">I<\/span> <span class=\"hps\">Alanya<\/span>\u00a0\u00e4r du\u00a0<span class=\"hps\">s\u00e5 n\u00e4ra<\/span> <span class=\"hps\">naturen som<\/span> <span class=\"hps\">m\u00f6jligt<\/span> <span class=\"hps\">och<\/span> <span class=\"hps\">du kan<\/span> <span class=\"hps\">plocka<\/span> <span class=\"hps\">frukt<\/span> <span class=\"hps\">och<\/span> <span class=\"hps\">gr\u00f6nsaker<\/span> <span class=\"hps\">fr\u00e5n<\/span> <span class=\"hps\">tr\u00e4dg\u00e5rden<\/span> <span class=\"hps\">varje dag<\/span>. <span class=\"hps\">Vi<\/span> <span class=\"hps\">\u00e4r s\u00e4kra p\u00e5<\/span> <span class=\"hps\">att du<\/span> <span class=\"hps\">kommer att<\/span> <span class=\"hps\">njuta<\/span> <span class=\"hps\">av<\/span> <span class=\"hps\">havet<\/span>, v\u00e5r historia som str\u00e4cker sig \u00f6ver tusentals \u00e5r <span class=\"hps\">och<\/span>\u00a0<span class=\"hps\">s\u00e4llskapet med<\/span> <span class=\"hps\">v\u00e4nliga<\/span> <span class=\"hps\">m\u00e4nniskor<\/span> <span class=\"hps\">i<\/span> <span class=\"hps\">Alanya.<\/span><\/p>\n<p style=\"text-align: center;\"><iframe loading=\"lazy\" src=\"\/\/www.youtube.com\/embed\/WFuBZOnAu-Q?list=UUnm_49ZsfrD32hwx6IJwa6Q\" width=\"683\" height=\"408\" frameborder=\"0\" allowfullscreen=\"allowfullscreen\"><\/iframe><\/p>\n","protected":false},"excerpt":{"rendered":"<p>Alanya Properties\u00a0har sin styrka i\u00a0tidigare erfarenheter och historia. Alanya Properties\u00a0\u00e4r ett familjef\u00f6retag etablerat\u00a0under tre generationer. Den f\u00f6rsta generationen var v\u00e5r farfar som gjorde lera, betongr\u00f6r och stora\u00a0vattencontainrar f\u00f6r byggbranschen mellan 1940 och 1960. Den andra generationen var v\u00e5r far, han\u00a0b\u00f6rjade i byggbranschen 1970 och bytte till dekoration och inredningsverksamhet under 80-och 90-talet. Den tredje generationen [&hellip;]<\/p>\n","protected":false},"author":42,"featured_media":3526,"comment_status":"closed","ping_status":"closed","sticky":false,"template":"","format":"standard","meta":{"footnotes":""},"categories":[1814],"tags":[2296],"yoast_head":"<!-- This site is optimized with the Yoast SEO plugin v22.6 - https:\/\/yoast.com\/wordpress\/plugins\/seo\/ -->\n<title>Fakta om oss - Alanya Properties - Properties in Alanya.<\/title>\n<meta name=\"description\" content=\"Fakta om oss - Alanya Properties - Properties in Alanya.\" \/>\n<meta name=\"robots\" content=\"index, follow, max-snippet:-1, max-image-preview:large, max-video-preview:-1\" \/>\n<link rel=\"canonical\" href=\"https:\/\/www.alanyaproperties.com\/sv\/sv-om-oss\/about-company-about-us\/information-om-oss-alanya-properties\/\" \/>\n<meta property=\"og:locale\" content=\"sv_SE\" \/>\n<meta property=\"og:type\" content=\"article\" \/>\n<meta property=\"og:title\" content=\"Fakta om oss - Alanya Properties - Properties in Alanya.\" \/>\n<meta property=\"og:description\" content=\"Fakta om oss - Alanya Properties - Properties in Alanya.\" \/>\n<meta property=\"og:url\" content=\"https:\/\/www.alanyaproperties.com\/sv\/sv-om-oss\/about-company-about-us\/information-om-oss-alanya-properties\/\" \/>\n<meta property=\"og:site_name\" content=\"Properties in Alanya.\" \/>\n<meta property=\"article:publisher\" content=\"https:\/\/www.facebook.com\/alanyaproperties\/\" \/>\n<meta property=\"article:published_time\" content=\"2010-03-15T13:08:35+00:00\" \/>\n<meta property=\"article:modified_time\" content=\"2023-09-07T14:00:42+00:00\" \/>\n<meta property=\"og:image\" content=\"https:\/\/www.alanyaproperties.com\/wp-content\/uploads\/2010\/03\/property-alanya-forsale.jpg\" \/>\n\t<meta property=\"og:image:width\" content=\"742\" \/>\n\t<meta property=\"og:image:height\" content=\"408\" \/>\n\t<meta property=\"og:image:type\" content=\"image\/jpeg\" \/>\n<meta name=\"author\" content=\"Yusuf Ekinci\" \/>\n<meta name=\"twitter:card\" content=\"summary_large_image\" \/>\n<meta name=\"twitter:creator\" content=\"@alanyapro\" \/>\n<meta name=\"twitter:site\" content=\"@alanyapro\" \/>\n<meta name=\"twitter:label1\" content=\"Skriven av\" \/>\n\t<meta name=\"twitter:data1\" content=\"Yusuf Ekinci\" \/>\n\t<meta name=\"twitter:label2\" content=\"Ber\u00e4knad l\u00e4stid\" \/>\n\t<meta name=\"twitter:data2\" content=\"2 minuter\" \/>\n<script type=\"application\/ld+json\" class=\"yoast-schema-graph\">{\"@context\":\"https:\/\/schema.org\",\"@graph\":[{\"@type\":\"Article\",\"@id\":\"https:\/\/www.alanyaproperties.com\/sv\/sv-om-oss\/about-company-about-us\/information-om-oss-alanya-properties\/#article\",\"isPartOf\":{\"@id\":\"https:\/\/www.alanyaproperties.com\/sv\/sv-om-oss\/about-company-about-us\/information-om-oss-alanya-properties\/\"},\"author\":{\"name\":\"Yusuf Ekinci\",\"@id\":\"https:\/\/www.alanyaproperties.com\/sv\/#\/schema\/person\/8a92cc9600cbc25fcc67c304ba14680c\"},\"headline\":\"Fakta om oss &#8211; Alanya Properties\",\"datePublished\":\"2010-03-15T13:08:35+00:00\",\"dateModified\":\"2023-09-07T14:00:42+00:00\",\"mainEntityOfPage\":{\"@id\":\"https:\/\/www.alanyaproperties.com\/sv\/sv-om-oss\/about-company-about-us\/information-om-oss-alanya-properties\/\"},\"wordCount\":443,\"publisher\":{\"@id\":\"https:\/\/www.alanyaproperties.com\/sv\/#organization\"},\"image\":{\"@id\":\"https:\/\/www.alanyaproperties.com\/sv\/sv-om-oss\/about-company-about-us\/information-om-oss-alanya-properties\/#primaryimage\"},\"thumbnailUrl\":\"https:\/\/i0.wp.com\/www.alanyaproperties.com\/wp-content\/uploads\/2010\/03\/property-alanya-forsale.jpg?fit=742%2C408&ssl=1\",\"keywords\":[\"fakta om Alanya Properties\"],\"articleSection\":[\"About Company\"],\"inLanguage\":\"sv-SE\"},{\"@type\":\"WebPage\",\"@id\":\"https:\/\/www.alanyaproperties.com\/sv\/sv-om-oss\/about-company-about-us\/information-om-oss-alanya-properties\/\",\"url\":\"https:\/\/www.alanyaproperties.com\/sv\/sv-om-oss\/about-company-about-us\/information-om-oss-alanya-properties\/\",\"name\":\"Fakta om oss - Alanya Properties - Properties in Alanya.\",\"isPartOf\":{\"@id\":\"https:\/\/www.alanyaproperties.com\/sv\/#website\"},\"primaryImageOfPage\":{\"@id\":\"https:\/\/www.alanyaproperties.com\/sv\/sv-om-oss\/about-company-about-us\/information-om-oss-alanya-properties\/#primaryimage\"},\"image\":{\"@id\":\"https:\/\/www.alanyaproperties.com\/sv\/sv-om-oss\/about-company-about-us\/information-om-oss-alanya-properties\/#primaryimage\"},\"thumbnailUrl\":\"https:\/\/i0.wp.com\/www.alanyaproperties.com\/wp-content\/uploads\/2010\/03\/property-alanya-forsale.jpg?fit=742%2C408&ssl=1\",\"datePublished\":\"2010-03-15T13:08:35+00:00\",\"dateModified\":\"2023-09-07T14:00:42+00:00\",\"description\":\"Fakta om oss - Alanya Properties - Properties in Alanya.\",\"breadcrumb\":{\"@id\":\"https:\/\/www.alanyaproperties.com\/sv\/sv-om-oss\/about-company-about-us\/information-om-oss-alanya-properties\/#breadcrumb\"},\"inLanguage\":\"sv-SE\",\"potentialAction\":[{\"@type\":\"ReadAction\",\"target\":[\"https:\/\/www.alanyaproperties.com\/sv\/sv-om-oss\/about-company-about-us\/information-om-oss-alanya-properties\/\"]}]},{\"@type\":\"ImageObject\",\"inLanguage\":\"sv-SE\",\"@id\":\"https:\/\/www.alanyaproperties.com\/sv\/sv-om-oss\/about-company-about-us\/information-om-oss-alanya-properties\/#primaryimage\",\"url\":\"https:\/\/i0.wp.com\/www.alanyaproperties.com\/wp-content\/uploads\/2010\/03\/property-alanya-forsale.jpg?fit=742%2C408&ssl=1\",\"contentUrl\":\"https:\/\/i0.wp.com\/www.alanyaproperties.com\/wp-content\/uploads\/2010\/03\/property-alanya-forsale.jpg?fit=742%2C408&ssl=1\",\"width\":742,\"height\":408},{\"@type\":\"BreadcrumbList\",\"@id\":\"https:\/\/www.alanyaproperties.com\/sv\/sv-om-oss\/about-company-about-us\/information-om-oss-alanya-properties\/#breadcrumb\",\"itemListElement\":[{\"@type\":\"ListItem\",\"position\":1,\"name\":\"Home\",\"item\":\"https:\/\/www.alanyaproperties.com\/sv\/\"},{\"@type\":\"ListItem\",\"position\":2,\"name\":\"Fakta om oss &#8211; Alanya Properties\"}]},{\"@type\":\"WebSite\",\"@id\":\"https:\/\/www.alanyaproperties.com\/sv\/#website\",\"url\":\"https:\/\/www.alanyaproperties.com\/sv\/\",\"name\":\"Properties in Alanya.\",\"description\":\"Fastighet till salu i Turkiet. | Fastighet i Alanya\",\"publisher\":{\"@id\":\"https:\/\/www.alanyaproperties.com\/sv\/#organization\"},\"potentialAction\":[{\"@type\":\"SearchAction\",\"target\":{\"@type\":\"EntryPoint\",\"urlTemplate\":\"https:\/\/www.alanyaproperties.com\/sv\/?s={search_term_string}\"},\"query-input\":\"required name=search_term_string\"}],\"inLanguage\":\"sv-SE\"},{\"@type\":\"Organization\",\"@id\":\"https:\/\/www.alanyaproperties.com\/sv\/#organization\",\"name\":\"Alanya Properties\",\"url\":\"https:\/\/www.alanyaproperties.com\/sv\/\",\"logo\":{\"@type\":\"ImageObject\",\"inLanguage\":\"sv-SE\",\"@id\":\"https:\/\/www.alanyaproperties.com\/sv\/#\/schema\/logo\/image\/\",\"url\":\"https:\/\/i0.wp.com\/www.alanyaproperties.com\/wp-content\/uploads\/2017\/06\/alanya-properties-logo-180to.png?fit=180%2C81&ssl=1\",\"contentUrl\":\"https:\/\/i0.wp.com\/www.alanyaproperties.com\/wp-content\/uploads\/2017\/06\/alanya-properties-logo-180to.png?fit=180%2C81&ssl=1\",\"width\":180,\"height\":81,\"caption\":\"Alanya Properties\"},\"image\":{\"@id\":\"https:\/\/www.alanyaproperties.com\/sv\/#\/schema\/logo\/image\/\"},\"sameAs\":[\"https:\/\/www.facebook.com\/alanyaproperties\/\",\"https:\/\/x.com\/alanyapro\",\"https:\/\/www.instagram.com\/alanyaproperties\/\",\"https:\/\/www.youtube.com\/c\/AlanyaProperties\"]},{\"@type\":\"Person\",\"@id\":\"https:\/\/www.alanyaproperties.com\/sv\/#\/schema\/person\/8a92cc9600cbc25fcc67c304ba14680c\",\"name\":\"Yusuf Ekinci\",\"image\":{\"@type\":\"ImageObject\",\"inLanguage\":\"sv-SE\",\"@id\":\"https:\/\/www.alanyaproperties.com\/sv\/#\/schema\/person\/image\/\",\"url\":\"https:\/\/secure.gravatar.com\/avatar\/aed1d8afe914e0136d015d60f22bd285?s=96&d=mm&r=g\",\"contentUrl\":\"https:\/\/secure.gravatar.com\/avatar\/aed1d8afe914e0136d015d60f22bd285?s=96&d=mm&r=g\",\"caption\":\"Yusuf Ekinci\"},\"sameAs\":[\"http:\/\/alanya-web.com\"],\"url\":\"https:\/\/www.alanyaproperties.com\/sv\/author\/admin\/\"}]}<\/script>\n<!-- \/ Yoast SEO plugin. -->","yoast_head_json":{"title":"Fakta om oss - Alanya Properties - Properties in Alanya.","description":"Fakta om oss - Alanya Properties - Properties in Alanya.","robots":{"index":"index","follow":"follow","max-snippet":"max-snippet:-1","max-image-preview":"max-image-preview:large","max-video-preview":"max-video-preview:-1"},"canonical":"https:\/\/www.alanyaproperties.com\/sv\/sv-om-oss\/about-company-about-us\/information-om-oss-alanya-properties\/","og_locale":"sv_SE","og_type":"article","og_title":"Fakta om oss - Alanya Properties - Properties in Alanya.","og_description":"Fakta om oss - Alanya Properties - Properties in Alanya.","og_url":"https:\/\/www.alanyaproperties.com\/sv\/sv-om-oss\/about-company-about-us\/information-om-oss-alanya-properties\/","og_site_name":"Properties in Alanya.","article_publisher":"https:\/\/www.facebook.com\/alanyaproperties\/","article_published_time":"2010-03-15T13:08:35+00:00","article_modified_time":"2023-09-07T14:00:42+00:00","og_image":[{"width":742,"height":408,"url":"https:\/\/www.alanyaproperties.com\/wp-content\/uploads\/2010\/03\/property-alanya-forsale.jpg","type":"image\/jpeg"}],"author":"Yusuf Ekinci","twitter_card":"summary_large_image","twitter_creator":"@alanyapro","twitter_site":"@alanyapro","twitter_misc":{"Skriven av":"Yusuf Ekinci","Ber\u00e4knad l\u00e4stid":"2 minuter"},"schema":{"@context":"https:\/\/schema.org","@graph":[{"@type":"Article","@id":"https:\/\/www.alanyaproperties.com\/sv\/sv-om-oss\/about-company-about-us\/information-om-oss-alanya-properties\/#article","isPartOf":{"@id":"https:\/\/www.alanyaproperties.com\/sv\/sv-om-oss\/about-company-about-us\/information-om-oss-alanya-properties\/"},"author":{"name":"Yusuf Ekinci","@id":"https:\/\/www.alanyaproperties.com\/sv\/#\/schema\/person\/8a92cc9600cbc25fcc67c304ba14680c"},"headline":"Fakta om oss &#8211; Alanya Properties","datePublished":"2010-03-15T13:08:35+00:00","dateModified":"2023-09-07T14:00:42+00:00","mainEntityOfPage":{"@id":"https:\/\/www.alanyaproperties.com\/sv\/sv-om-oss\/about-company-about-us\/information-om-oss-alanya-properties\/"},"wordCount":443,"publisher":{"@id":"https:\/\/www.alanyaproperties.com\/sv\/#organization"},"image":{"@id":"https:\/\/www.alanyaproperties.com\/sv\/sv-om-oss\/about-company-about-us\/information-om-oss-alanya-properties\/#primaryimage"},"thumbnailUrl":"https:\/\/i0.wp.com\/www.alanyaproperties.com\/wp-content\/uploads\/2010\/03\/property-alanya-forsale.jpg?fit=742%2C408&ssl=1","keywords":["fakta om Alanya Properties"],"articleSection":["About Company"],"inLanguage":"sv-SE"},{"@type":"WebPage","@id":"https:\/\/www.alanyaproperties.com\/sv\/sv-om-oss\/about-company-about-us\/information-om-oss-alanya-properties\/","url":"https:\/\/www.alanyaproperties.com\/sv\/sv-om-oss\/about-company-about-us\/information-om-oss-alanya-properties\/","name":"Fakta om oss - Alanya Properties - Properties in Alanya.","isPartOf":{"@id":"https:\/\/www.alanyaproperties.com\/sv\/#website"},"primaryImageOfPage":{"@id":"https:\/\/www.alanyaproperties.com\/sv\/sv-om-oss\/about-company-about-us\/information-om-oss-alanya-properties\/#primaryimage"},"image":{"@id":"https:\/\/www.alanyaproperties.com\/sv\/sv-om-oss\/about-company-about-us\/information-om-oss-alanya-properties\/#primaryimage"},"thumbnailUrl":"https:\/\/i0.wp.com\/www.alanyaproperties.com\/wp-content\/uploads\/2010\/03\/property-alanya-forsale.jpg?fit=742%2C408&ssl=1","datePublished":"2010-03-15T13:08:35+00:00","dateModified":"2023-09-07T14:00:42+00:00","description":"Fakta om oss - Alanya Properties - Properties in Alanya.","breadcrumb":{"@id":"https:\/\/www.alanyaproperties.com\/sv\/sv-om-oss\/about-company-about-us\/information-om-oss-alanya-properties\/#breadcrumb"},"inLanguage":"sv-SE","potentialAction":[{"@type":"ReadAction","target":["https:\/\/www.alanyaproperties.com\/sv\/sv-om-oss\/about-company-about-us\/information-om-oss-alanya-properties\/"]}]},{"@type":"ImageObject","inLanguage":"sv-SE","@id":"https:\/\/www.alanyaproperties.com\/sv\/sv-om-oss\/about-company-about-us\/information-om-oss-alanya-properties\/#primaryimage","url":"https:\/\/i0.wp.com\/www.alanyaproperties.com\/wp-content\/uploads\/2010\/03\/property-alanya-forsale.jpg?fit=742%2C408&ssl=1","contentUrl":"https:\/\/i0.wp.com\/www.alanyaproperties.com\/wp-content\/uploads\/2010\/03\/property-alanya-forsale.jpg?fit=742%2C408&ssl=1","width":742,"height":408},{"@type":"BreadcrumbList","@id":"https:\/\/www.alanyaproperties.com\/sv\/sv-om-oss\/about-company-about-us\/information-om-oss-alanya-properties\/#breadcrumb","itemListElement":[{"@type":"ListItem","position":1,"name":"Home","item":"https:\/\/www.alanyaproperties.com\/sv\/"},{"@type":"ListItem","position":2,"name":"Fakta om oss &#8211; Alanya Properties"}]},{"@type":"WebSite","@id":"https:\/\/www.alanyaproperties.com\/sv\/#website","url":"https:\/\/www.alanyaproperties.com\/sv\/","name":"Properties in Alanya.","description":"Fastighet till salu i Turkiet. | Fastighet i Alanya","publisher":{"@id":"https:\/\/www.alanyaproperties.com\/sv\/#organization"},"potentialAction":[{"@type":"SearchAction","target":{"@type":"EntryPoint","urlTemplate":"https:\/\/www.alanyaproperties.com\/sv\/?s={search_term_string}"},"query-input":"required name=search_term_string"}],"inLanguage":"sv-SE"},{"@type":"Organization","@id":"https:\/\/www.alanyaproperties.com\/sv\/#organization","name":"Alanya Properties","url":"https:\/\/www.alanyaproperties.com\/sv\/","logo":{"@type":"ImageObject","inLanguage":"sv-SE","@id":"https:\/\/www.alanyaproperties.com\/sv\/#\/schema\/logo\/image\/","url":"https:\/\/i0.wp.com\/www.alanyaproperties.com\/wp-content\/uploads\/2017\/06\/alanya-properties-logo-180to.png?fit=180%2C81&ssl=1","contentUrl":"https:\/\/i0.wp.com\/www.alanyaproperties.com\/wp-content\/uploads\/2017\/06\/alanya-properties-logo-180to.png?fit=180%2C81&ssl=1","width":180,"height":81,"caption":"Alanya Properties"},"image":{"@id":"https:\/\/www.alanyaproperties.com\/sv\/#\/schema\/logo\/image\/"},"sameAs":["https:\/\/www.facebook.com\/alanyaproperties\/","https:\/\/x.com\/alanyapro","https:\/\/www.instagram.com\/alanyaproperties\/","https:\/\/www.youtube.com\/c\/AlanyaProperties"]},{"@type":"Person","@id":"https:\/\/www.alanyaproperties.com\/sv\/#\/schema\/person\/8a92cc9600cbc25fcc67c304ba14680c","name":"Yusuf Ekinci","image":{"@type":"ImageObject","inLanguage":"sv-SE","@id":"https:\/\/www.alanyaproperties.com\/sv\/#\/schema\/person\/image\/","url":"https:\/\/secure.gravatar.com\/avatar\/aed1d8afe914e0136d015d60f22bd285?s=96&d=mm&r=g","contentUrl":"https:\/\/secure.gravatar.com\/avatar\/aed1d8afe914e0136d015d60f22bd285?s=96&d=mm&r=g","caption":"Yusuf Ekinci"},"sameAs":["http:\/\/alanya-web.com"],"url":"https:\/\/www.alanyaproperties.com\/sv\/author\/admin\/"}]}},"jetpack_sharing_enabled":true,"jetpack_featured_media_url":"https:\/\/i0.wp.com\/www.alanyaproperties.com\/wp-content\/uploads\/2010\/03\/property-alanya-forsale.jpg?fit=742%2C408&ssl=1","_links":{"self":[{"href":"https:\/\/www.alanyaproperties.com\/sv\/wp-json\/wp\/v2\/posts\/3534"}],"collection":[{"href":"https:\/\/www.alanyaproperties.com\/sv\/wp-json\/wp\/v2\/posts"}],"about":[{"href":"https:\/\/www.alanyaproperties.com\/sv\/wp-json\/wp\/v2\/types\/post"}],"author":[{"embeddable":true,"href":"https:\/\/www.alanyaproperties.com\/sv\/wp-json\/wp\/v2\/users\/42"}],"replies":[{"embeddable":true,"href":"https:\/\/www.alanyaproperties.com\/sv\/wp-json\/wp\/v2\/comments?post=3534"}],"version-history":[{"count":1,"href":"https:\/\/www.alanyaproperties.com\/sv\/wp-json\/wp\/v2\/posts\/3534\/revisions"}],"predecessor-version":[{"id":377733,"href":"https:\/\/www.alanyaproperties.com\/sv\/wp-json\/wp\/v2\/posts\/3534\/revisions\/377733"}],"wp:featuredmedia":[{"embeddable":true,"href":"https:\/\/www.alanyaproperties.com\/sv\/wp-json\/wp\/v2\/media\/3526"}],"wp:attachment":[{"href":"https:\/\/www.alanyaproperties.com\/sv\/wp-json\/wp\/v2\/media?parent=3534"}],"wp:term":[{"taxonomy":"category","embeddable":true,"href":"https:\/\/www.alanyaproperties.com\/sv\/wp-json\/wp\/v2\/categories?post=3534"},{"taxonomy":"post_tag","embeddable":true,"href":"https:\/\/www.alanyaproperties.com\/sv\/wp-json\/wp\/v2\/tags?post=3534"}],"curies":[{"name":"wp","href":"https:\/\/api.w.org\/{rel}","templated":true}]}}