{"id":3452,"date":"2009-10-23T07:26:21","date_gmt":"2009-10-23T07:26:21","guid":{"rendered":"http:\/\/www.alanyaproperties.com\/antalya-information\/"},"modified":"2009-10-23T07:26:21","modified_gmt":"2009-10-23T07:26:21","slug":"antalya-information","status":"publish","type":"post","link":"https:\/\/www.alanyaproperties.com\/sv\/sv-om-turkiet\/general-information-about-turkey\/antalya-information\/","title":{"rendered":"Fakta om Antalya"},"content":{"rendered":"<p> \t<span><strong><span class=\"hps\">Antalya<\/span><\/strong> <span class=\"hps\">(tidigare k\u00e4nd<\/span> <span class=\"hps\">som<\/span> <span class=\"hps\">Adalia<\/span> <span class=\"hps\">eller<\/span> <span class=\"hps\">Attalia<\/span><span>,<\/span> <span class=\"hps\">fr\u00e5n<\/span> <span class=\"hps\">Pamphylian<\/span> <span class=\"hps\">grekiska<\/span><span>:<\/span> <span class=\"hps\">\u0391\u03c4\u03c4\u03ac\u03bb\u03b5\u03b9\u03b1<\/span> <span class=\"hps\">Att\u00e1leia<\/span><span>)<\/span> <span class=\"hps\">\u00e4r<\/span> <span class=\"hps\">en<\/span> <span class=\"hps\">stor stad<\/span> <span class=\"hps\">p\u00e5 Medelhavskusten<\/span> <span class=\"hps\">i sydv\u00e4stra<\/span> <span class=\"hps\">Turkiet<\/span><span>,<\/span> <span class=\"hps\">och<\/span> <span class=\"hps\">huvudstad<\/span> <span class=\"hps\">i<\/span> <span class=\"hps\">provinsen<\/span> <span class=\"hps\">Antalya<\/span><span>.<\/span> <span class=\"hps\">Bel\u00e4get<\/span> <span class=\"hps\">p\u00e5<\/span> <span class=\"hps\">kustn\u00e4ra<\/span> <span class=\"hps\">klippor<\/span><span>,<\/span> <span class=\"hps\">\u00e4r<\/span> <span class=\"hps\">Antalya<\/span> <span class=\"hps\">omgiven av berg<\/span><span>.<\/span> <span class=\"hps\">Utveckling och investeringar<\/span><span>,<\/span> <span class=\"hps\">b\u00f6rjade<\/span> <span class=\"hps\">p\u00e5 1970-talet<\/span> <span class=\"hps\">har<\/span> <span class=\"hps\">f\u00f6rvandlat<\/span> <span class=\"hps\">staden<\/span> <span class=\"hps\">till en<\/span> <span class=\"hps\">popul\u00e4r<\/span> <span class=\"hps\">destination<\/span><span>.<\/span><\/p>\n<p> \t<strong><span class=\"hps\">Historia<\/span><\/strong><\/p>\n<p> \t<span class=\"hps\">Det \u00e4r os\u00e4kert<\/span> <span class=\"hps\">n\u00e4r<\/span> <span class=\"hps\">platsen f\u00f6r<\/span> <span class=\"hps\">den<\/span> <span class=\"hps\">nuvarande<\/span> <span class=\"hps\">stad<\/span> <span class=\"hps\">f\u00f6rsta<\/span> <span class=\"hps\">var<\/span> <span class=\"hps\">bebodd<\/span><span>.<\/span> <span class=\"hps\">Attalos<\/span> <span class=\"hps\">II<\/span><span>,<\/span> <span class=\"hps\">kung<\/span> <span class=\"hps\">p\u00e5<\/span> <span class=\"hps\">Pergamon<\/span><span>,<\/span> <span class=\"hps\">ans\u00e5gs<\/span> <span class=\"hps\">ha<\/span> <span class=\"hps\">grundade staden<\/span> <span class=\"hps\">omkring<\/span> <span class=\"hps\">150<\/span> <span class=\"hps\">f.Kr.<\/span><span>,<\/span> <span class=\"hps\">namnge det<\/span> <span class=\"hps\">Attalia<\/span> <span class=\"hps\">och<\/span> <span class=\"hps\">val<\/span> <span class=\"hps\">det som<\/span> <span class=\"hps\">en<\/span> <span class=\"hps\">marinbas<\/span> <span class=\"hps\">f\u00f6r sin<\/span> <span class=\"hps\">kraftfulla<\/span> <span class=\"hps\">flotta<\/span><span>.<\/span> <span class=\"hps\">Dock har<\/span> <span class=\"hps\">utgr\u00e4vningar<\/span> <span class=\"hps\">2008 i<\/span> <span class=\"hps\">Dogu<\/span> <span class=\"hps\">Garaj\u0131<\/span> <span class=\"hps\">distrikt i Antalya<\/span> <span class=\"hps\">uppt\u00e4ckt<\/span> <span class=\"hps\">l\u00e4mningar<\/span> <span class=\"hps\">\u00e4nda till<\/span> <span class=\"hps\">den 3: e<\/span><span>-talet f.Kr.<\/span><span>,<\/span> <span class=\"hps\">vilket tyder p\u00e5<\/span> <span class=\"hps\">att<\/span> <span class=\"hps\">staden<\/span> <span class=\"hps\">grundades<\/span> <span class=\"hps\">tidigare \u00e4n<\/span> <span class=\"hps\">t\u00e4nkt<\/span><span>.<\/span> <span class=\"hps\">Antalya<\/span> <span class=\"hps\">blev en del<\/span> <span class=\"hps\">av<\/span> <span class=\"hps\">den romerska<\/span> <span class=\"hps\">republiken<\/span> <span class=\"hps\">i<\/span> <span class=\"hps\">133<\/span> <span class=\"hps\">f.Kr.<\/span> <span class=\"hps\">n\u00e4r<\/span> <span class=\"hps\">kung<\/span> <span class=\"hps\">Attalos<\/span> <span class=\"hps\">III<\/span> <span class=\"hps\">p\u00e5<\/span> <span class=\"hps\">Pergamon<\/span> <span class=\"hps\">\u00f6nskat<\/span> <span class=\"hps\">hans rike att<\/span> <span class=\"hps\">Rom<\/span> <span class=\"hps\">vid hans d\u00f6d<\/span><span>.<\/span> <span class=\"hps\">Staden<\/span> <span class=\"hps\">v\u00e4xte<\/span> <span class=\"hps\">och<\/span> <span class=\"hps\">blomstrade<\/span> <span class=\"hps\">under<\/span> <span class=\"hps\">den<\/span> <span class=\"hps\">romerska<\/span> <span class=\"hps\">perioden<\/span><span>.<\/span><\/span><\/p>\n<p> \t<span><span><span><span class=\"hps\">Kristendomen<\/span> <span class=\"hps\">kom<\/span> <span class=\"hps\">till<\/span> <span class=\"hps\">denna<\/span> <span class=\"hps\">plats<\/span> <span class=\"hps\">och<\/span> <span class=\"hps\">b\u00f6rjade<\/span> <span class=\"hps\">att sprida sig i<\/span> <span class=\"hps\">regionen<\/span> <span class=\"hps\">efter<\/span> <span class=\"hps\">2: a \u00e5rhundradet<\/span><span>.<\/span> <span class=\"hps\">Antalya<\/span> <span class=\"hps\">bes\u00f6ktes<\/span> <span class=\"hps\">av Paul<\/span> <span class=\"hps\">av<\/span> <span class=\"hps\">Tarsus<\/span><span>,<\/span> <span class=\"hps\">som finns registrerade i<\/span> <span class=\"hps\">Apostlag\u00e4rningarna<\/span><span>:<\/span> <span class=\"hps atn\">&#8221;<\/span><span>Fr\u00e5n<\/span> <span class=\"hps\">Perga<\/span><span>,<\/span> <span class=\"hps\">Paulus och Barnabas<\/span> <span class=\"hps\">gick ner<\/span> <span class=\"hps\">till<\/span> <span class=\"hps\">Attalia<\/span> <span class=\"hps\">och<\/span> <span class=\"hps\">seglade<\/span> <span class=\"hps\">d\u00e4rifr\u00e5n<\/span> <span class=\"hps\">till<\/span> <span class=\"hps\">Antiokia<\/span> <span class=\"hps\">efter<\/span> <span class=\"hps\">predikan<\/span> <span class=\"hps\">i<\/span> <span class=\"hps\">Pisidien<\/span> <span class=\"hps\">och<\/span> <span class=\"hps\">Pamfylien<\/span><span>&#8221;<\/span> <span class=\"hps atn\">(<\/span><span>Apg<\/span> <span class=\"hps\">14:25-26<\/span><span>)<\/span><span>.<\/span><\/p>\n<p> \t<span class=\"hps\">Antalya<\/span> <span class=\"hps\">var en<\/span> <span class=\"hps\">viktig<\/span> <span class=\"hps\">staden<\/span> <span class=\"hps\">i<\/span> <span class=\"hps\">det bysantinska<\/span> <span class=\"hps\">riket<\/span><span>.<\/span> <span class=\"hps\">Det<\/span> <span class=\"hps\">var<\/span> <span class=\"hps\">huvudstad i det<\/span> <span class=\"hps\">bysantinska<\/span> <span class=\"hps\">tema<\/span> <span class=\"hps\">Carabisiani<\/span> <span class=\"hps atn\">(<\/span><span>\u0398\u03ad\u03bc\u03b1<\/span> <span class=\"hps\">K\u03b1\u03c1\u03b1\u03b2\u03b7\u03c3\u03b9\u03ac\u03bd\u03c9\u03bd<\/span><span>,<\/span> <span class=\"hps\">Thema<\/span> <span class=\"hps\">Karav\u0113sian\u014dn<\/span><span>)<\/span><span>,<\/span> <span class=\"hps\">som<\/span> <span class=\"hps\">ockuperade<\/span> <span class=\"hps\">s\u00f6dra<\/span> <span class=\"hps\">kuster<\/span> <span class=\"hps\">i Mindre Asien<\/span> <span class=\"hps\">och Egeiska<\/span> <span class=\"hps\">\u00f6arna<\/span><span>.<\/span> <span class=\"hps\">Vid tidpunkten<\/span> <span class=\"hps\">av<\/span> <span class=\"hps\">anslutningen<\/span> <span class=\"hps\">av<\/span> <span class=\"hps\">John II<\/span> <span class=\"hps\">Comnenus<\/span> <span class=\"hps\">(1118<\/span><span>)<\/span> <span class=\"hps\">att det<\/span> <span class=\"hps\">var<\/span> <span class=\"hps\">en isolerad<\/span> <span class=\"hps\">utpost<\/span> <span class=\"hps\">mot<\/span> <span class=\"hps\">turkarna<\/span><span>, tillg\u00e4ngligt<\/span> <span class=\"hps\">endast<\/span> <span class=\"hps\">genom<\/span> <span class=\"hps\">havet.<\/span> <span class=\"hps\">F\u00f6ljande<\/span> <span class=\"hps\">\u00e5r<\/span><span>,<\/span> <span class=\"hps\">med<\/span> <span class=\"hps\">hj\u00e4lp av sin<\/span> <span class=\"hps\">bef\u00e4lhavare<\/span><span class=\"atn\">&#8211;<\/span><span>in-chief<\/span> <span class=\"hps\">John<\/span> <span class=\"hps\">Axuch<\/span><span>,<\/span> <span class=\"hps\">k\u00f6rde<\/span> <span class=\"hps\">John<\/span> <span class=\"hps\">II<\/span> <span class=\"hps\">turkarna<\/span> <span class=\"hps\">fr\u00e5n<\/span> <span class=\"hps\">landv\u00e4gen<\/span> <span class=\"hps\">till<\/span> <span class=\"hps\">Antalya<\/span> <span class=\"hps\">och<\/span> <span class=\"hps\">kopplas<\/span> <span class=\"hps\">staden<\/span> <span class=\"hps\">med<\/span> <span class=\"hps\">resten<\/span> <span class=\"hps\">av riket<\/span><span>.<\/span><\/span><\/span><\/span><\/p>\n<p> \t<span><span><span><span><span><span class=\"hps\">Staden<\/span><span>, tillsammans<\/span> <span class=\"hps\">med<\/span> <span class=\"hps\">den omgivande regionen,<\/span> <span class=\"hps\">er\u00f6vrades<\/span> <span class=\"hps\">av<\/span> <span class=\"hps\">seldjukerna<\/span> <span class=\"hps\">i<\/span> <span class=\"hps\">b\u00f6rjan av<\/span> <span class=\"hps\">13-talet<\/span><span>.<\/span> <span class=\"hps\">Antalya<\/span> <span class=\"hps\">var huvudstad<\/span> <span class=\"hps\">av<\/span> <span class=\"hps\">den<\/span> <span class=\"hps\">turkiska<\/span> <span class=\"hps\">beylik<\/span> <span class=\"hps\">av<\/span> <span class=\"hps\">Teke<\/span> <span class=\"hps\">(1321-1423)<\/span> <span class=\"hps\">tills<\/span> <span class=\"hps\">dess<\/span> <span class=\"hps\">er\u00f6vring<\/span> <span class=\"hps\">av<\/span> <span class=\"hps\">osmanerna<\/span><span>.<\/span> <span class=\"hps\">De<\/span> <span class=\"hps\">arabiska<\/span> <span class=\"hps\">resen\u00e4ren<\/span> <span class=\"hps\">Ibn<\/span> <span class=\"hps\">Battuta<\/span> <span class=\"hps\">som kom<\/span> <span class=\"hps\">till<\/span> <span class=\"hps\">staden i<\/span> <span class=\"hps\">mellan<\/span> <span class=\"hps\">1335-1340<\/span> <span class=\"hps\">noteras<\/span><span>:<\/span><\/p>\n<p> \t<span class=\"hps\">Fr\u00e5n Alanya<\/span> <span class=\"hps\">Jag gick<\/span> <span class=\"hps\">till<\/span> <span class=\"hps\">Antaliya<\/span> <span class=\"hps atn\">[<\/span><span>Adalia<\/span><span>]<\/span><span>,<\/span> <span class=\"hps\">en mycket<\/span> <span class=\"hps\">vacker stad<\/span><span>.<\/span> <span class=\"hps\">Den<\/span> <span class=\"hps\">omfattar<\/span> <span class=\"hps\">en<\/span> <span class=\"hps\">enorm<\/span> <span class=\"hps\">yta<\/span><span>,<\/span> <span class=\"hps\">och<\/span> <span class=\"hps\">trots<\/span> <span class=\"hps\">av<\/span> <span class=\"hps\">merparten<\/span> <span class=\"hps\">\u00e4r<\/span> <span class=\"hps\">en<\/span> <span class=\"hps\">av<\/span> <span class=\"hps\">de mest<\/span> <span class=\"hps\">attraktiva<\/span> <span class=\"hps\">st\u00e4der<\/span> <span class=\"hps\">att<\/span> <span class=\"hps\">synas<\/span> <span class=\"hps\">n\u00e5gonstans<\/span><span>,<\/span> <span class=\"hps\">f\u00f6rutom<\/span> <span class=\"hps\">att vara<\/span> <span class=\"hps\">ytterst<\/span> <span class=\"hps\">folkrika<\/span> <span class=\"hps\">och v\u00e4l<\/span> <span class=\"hps\">ut.<\/span> <span class=\"hps\">Varje<\/span> <span class=\"hps\">avsnitt<\/span> <span class=\"hps\">av inv\u00e5narna<\/span> <span class=\"hps\">bor<\/span> <span class=\"hps\">i en<\/span> <span class=\"hps\">separat<\/span> <span class=\"hps\">kvartal<\/span><span>.<\/span> <span class=\"hps\">Den<\/span> <span class=\"hps\">kristna handelsm\u00e4n<\/span> <span class=\"hps\">lever<\/span> <span class=\"hps\">i<\/span> <span class=\"hps\">en fj\u00e4rdedel av<\/span> <span class=\"hps\">staden<\/span> <span class=\"hps\">som kallas<\/span> <span class=\"hps\">Mina<\/span> <span class=\"hps atn\">[<\/span><span>Port<\/span><span>]<\/span><span>,<\/span> <span class=\"hps\">och<\/span> <span class=\"hps\">\u00e4r omgivna<\/span> <span class=\"hps\">av en mur<\/span><span>,<\/span> <span class=\"hps\">portar<\/span> <span class=\"hps\">som<\/span> <span class=\"hps\">st\u00e4ngs<\/span> <span class=\"hps\">p\u00e5<\/span> <span class=\"hps\">dem<\/span> <span class=\"hps\">utifr\u00e5n<\/span> <span class=\"hps\">p\u00e5 natten<\/span> <span class=\"hps\">och<\/span> <span class=\"hps\">under<\/span> <span class=\"hps\">fredagen<\/span> <span class=\"hps\">tj\u00e4nsten<\/span><span>.<\/span> <span class=\"hps\">Grekerna<\/span><span>,<\/span> <span class=\"hps\">som<\/span> <span class=\"hps\">var<\/span> <span class=\"hps\">dess tidigare<\/span> <span class=\"hps\">inv\u00e5nare<\/span><span>,<\/span> <span class=\"hps\">bor<\/span> <span class=\"hps\">sj\u00e4lva<\/span> <span class=\"hps\">i<\/span> <span class=\"hps\">en annan<\/span> <span class=\"hps\">kvartal<\/span><span>,<\/span> <span class=\"hps\">judarna<\/span> <span class=\"hps\">i<\/span> <span class=\"hps\">en annan<\/span><span>,<\/span> <span class=\"hps\">och<\/span> <span class=\"hps\">kungen<\/span> <span class=\"hps\">och<\/span> <span class=\"hps\">hans hov<\/span> <span class=\"hps\">och<\/span> <span class=\"hps\">mamluker<\/span> <span class=\"hps\">i en annan<\/span><span>,<\/span> <span class=\"hps\">var och en<\/span> <span class=\"hps\">av dessa<\/span> <span class=\"hps\">kvartal<\/span> <span class=\"hps\">\u00e4r<\/span> <span class=\"hps\">inringad<\/span> <span class=\"hps\">av<\/span> <span class=\"hps\">detsamma<\/span><span>.<\/span> <span class=\"hps\">Resten<\/span> <span class=\"hps\">av<\/span> <span class=\"hps\">muslimer lever<\/span> <span class=\"hps\">i<\/span> <span class=\"hps\">centralorten<\/span><span>.<\/span> <span class=\"hps\">Runt hela<\/span> <span class=\"hps\">staden<\/span> <span class=\"hps\">och<\/span> <span class=\"hps\">samtliga kvartal<\/span> <span class=\"hps\">som n\u00e4mns d\u00e4r<\/span> <span class=\"hps\">\u00e4r en annan<\/span> <span class=\"hps\">stor<\/span> <span class=\"hps\">v\u00e4gg<\/span><span>.<\/span> <span class=\"hps\">Staden<\/span> <span class=\"hps\">inneh\u00e5ller<\/span> <span class=\"hps\">frukt<\/span> <span class=\"hps\">och<\/span> <span class=\"hps\">producerar<\/span> <span class=\"hps\">fina<\/span> <span class=\"hps\">frukter, inbegripet<\/span> <span class=\"hps\">en<\/span> <span class=\"hps\">beundransv\u00e4rd<\/span> <span class=\"hps\">typ<\/span> <span class=\"hps\">av<\/span> <span class=\"hps\">aprikos<\/span><span>,<\/span> <span class=\"hps\">kallas<\/span> <span class=\"hps\">av<\/span> <span class=\"hps\">dem<\/span> <span class=\"hps\">Qamar<\/span> <span class=\"hps atn\">ad-<\/span><span>Din<\/span><span>, som<\/span> <span class=\"hps\">har en<\/span> <span class=\"hps\">s\u00f6t<\/span> <span class=\"hps\">mandel<\/span> <span class=\"hps\">i<\/span> <span class=\"hps\">dess k\u00e4rna<\/span><span>.<\/span> <span class=\"hps\">Denna<\/span> <span class=\"hps\">frukt<\/span> <span class=\"hps\">torkas<\/span> <span class=\"hps\">och<\/span> <span class=\"hps\">exporteras<\/span> <span class=\"hps\">till<\/span> <span class=\"hps\">Egypten<\/span><span>, d\u00e4r den<\/span> <span class=\"hps\">betraktas som en<\/span> <span class=\"hps\">stor<\/span> <span class=\"hps\">lyx<\/span><span>.<\/span><\/span><\/span><\/span><\/span><\/span><\/p>\n<p> \t<span><span><span><span><span><span><span><span class=\"hps\">Under andra h\u00e4lften<\/span> <span class=\"hps\">av 17<\/span><span>-talet<\/span> <span class=\"hps\">Evliya<\/span> <span class=\"hps\">\u00c7elebi<\/span> <span class=\"hps\">skrev<\/span> <span class=\"hps\">om<\/span> <span class=\"hps\">en stad med<\/span> <span class=\"hps\">smala<\/span> <span class=\"hps\">gator<\/span> <span class=\"hps\">med<\/span> <span class=\"hps\">3.000<\/span> <span class=\"hps\">hus<\/span> <span class=\"hps\">i<\/span> <span class=\"hps\">tjugo<\/span> <span class=\"hps\">turkiska<\/span> <span class=\"hps\">och<\/span> <span class=\"hps\">fyra<\/span> <span class=\"hps\">grekiska<\/span> <span class=\"hps\">stadsdelar<\/span><span>.<\/span> <span class=\"hps\">Staden<\/span> <span class=\"hps\">hade<\/span> <span class=\"hps\">vuxit<\/span> <span class=\"hps\">utanf\u00f6r<\/span> <span class=\"hps\">stadens<\/span> <span class=\"hps\">murar<\/span> <span class=\"hps\">och<\/span> <span class=\"hps\">hamnen<\/span> <span class=\"hps\">rapporterades<\/span> <span class=\"hps\">att h\u00e5lla<\/span> <span class=\"hps\">upp<\/span> <span class=\"hps\">till<\/span> <span class=\"hps\">200<\/span> <span class=\"hps\">b\u00e5tar<\/span><span>.<\/span><\/p>\n<p> \t<span class=\"hps\">I den 19<\/span><span>-talet<\/span><span>,<\/span> <span class=\"hps\">i<\/span> <span class=\"hps\">likhet med<\/span> <span class=\"hps\">de flesta<\/span> <span class=\"hps\">i Anatolien<\/span><span>,<\/span> <span class=\"hps\">var<\/span> <span class=\"hps\">dess<\/span> <span class=\"hps\">suver\u00e4na<\/span> <span class=\"hps\">en<\/span> <span class=\"hps atn\">&#8221;<\/span><span>dere<\/span> <span class=\"hps\">bey<\/span><span>&#8221;<\/span> <span class=\"hps atn\">(<\/span><span>mark<\/span> <span class=\"hps\">herre<\/span> <span class=\"hps\">eller<\/span> <span class=\"hps\">mark\u00e4gare<\/span><span>)<\/span><span>.<\/span> <span class=\"hps\">Familjen<\/span> <span class=\"hps\">av<\/span> <span class=\"hps\">Tekke<\/span> <span class=\"hps\">Oglu<\/span><span>,<\/span> <span class=\"hps\">bosatt<\/span> <span class=\"hps\">i n\u00e4rheten av<\/span> <span class=\"hps\">Perge<\/span><span>,<\/span> <span class=\"hps\">men<\/span> <span class=\"hps\">reduceras<\/span> <span class=\"hps\">till<\/span> <span class=\"hps\">inl\u00e4mning<\/span> <span class=\"hps\">i<\/span> <span class=\"hps\">1812<\/span> <span class=\"hps\">av<\/span> <span class=\"hps\">Mahmud<\/span> <span class=\"hps\">II<\/span><span>,<\/span> <span class=\"hps\">fortsatte<\/span> <span class=\"hps\">att<\/span> <span class=\"hps\">vara en<\/span> <span class=\"hps\">rivaliserande makt<\/span> <span class=\"hps\">till<\/span> <span class=\"hps\">den ottomanska<\/span> <span class=\"hps\">guvern\u00f6ren<\/span> <span class=\"hps\">tills<\/span> <span class=\"hps\">inom<\/span> <span class=\"hps\">den nuvarande<\/span> <span class=\"hps\">generationen<\/span><span>,<\/span> <span class=\"hps\">efterlevande<\/span> <span class=\"hps\">av m\u00e5nga<\/span> <span class=\"hps\">\u00e5rs<\/span> <span class=\"hps\">fall<\/span> <span class=\"hps\">de andra<\/span> <span class=\"hps\">stora<\/span> <span class=\"hps\">Beys<\/span> <span class=\"hps\">av Anatolien<\/span><span>.<\/span> <span class=\"hps\">Registren<\/span> <span class=\"hps\">av Levanten<\/span> <span class=\"hps\">(Turkiet<\/span><span>)<\/span> <span class=\"hps\">Company<\/span><span>,<\/span> <span class=\"hps\">som beh\u00f6ll<\/span> <span class=\"hps\">en byr\u00e5<\/span> <span class=\"hps\">i<\/span> <span class=\"hps\">Antalya<\/span> <span class=\"hps\">f\u00f6rr\u00e4n<\/span> <span class=\"hps\">1825<\/span><span>,<\/span> <span class=\"hps\">dokumenterade<\/span> <span class=\"hps\">lokala<\/span> <span class=\"hps\">dere<\/span> <span class=\"hps\">Beys<\/span><span>.<\/span><\/p>\n<p> \t<span class=\"hps\">I det 20th<\/span> <span class=\"hps\">\u00e5rhundradet<\/span> <span class=\"hps\">befolkningen<\/span> <span class=\"hps\">av<\/span> <span class=\"hps\">Antalya<\/span> <span class=\"hps\">\u00f6kade<\/span> <span class=\"hps\">turkar<\/span> <span class=\"hps\">fr\u00e5n<\/span> <span class=\"hps\">Kaukasus<\/span> <span class=\"hps\">och<\/span> <span class=\"hps\">Balkan<\/span> <span class=\"hps\">flyttade<\/span> <span class=\"hps\">in<\/span> <span class=\"hps\">Anatolien<\/span><span>.<\/span> <span class=\"hps\">Genom att<\/span> <span class=\"hps\">1911 var<\/span> <span class=\"hps\">en stad med<\/span> <span class=\"hps\">omkring<\/span> <span class=\"hps\">25.000<\/span> <span class=\"hps\">personer, d\u00e4ribland m\u00e5nga<\/span> <span class=\"hps\">kristna och<\/span> <span class=\"hps\">judar<\/span><span>,<\/span> <span class=\"hps\">fortfarande lever i<\/span> <span class=\"hps\">skilda<\/span> <span class=\"hps\">h\u00e5ll<\/span> <span class=\"hps\">runt<\/span> <span class=\"hps\">den muromg\u00e4rdade<\/span> <span class=\"hps\">mina<\/span> <span class=\"hps\">eller<\/span> <span class=\"hps\">port<\/span><span>.<\/span> <span class=\"hps\">Hamnen<\/span> <span class=\"hps\">var<\/span> <span class=\"hps\">betj\u00e4nt av<\/span> <span class=\"hps\">kust<\/span> <span class=\"hps\">\u00e5ngkokare<\/span> <span class=\"hps\">f\u00f6r lokala f\u00f6retag.<\/span> <span class=\"hps\">Antalya<\/span> <span class=\"hps atn\">(<\/span><span>d\u00e5<\/span> <span class=\"hps\">Adalia<\/span><span>)<\/span> <span class=\"hps\">var<\/span> <span class=\"hps\">pittoresk<\/span><span>,<\/span> <span class=\"hps\">men<\/span> <span class=\"hps\">illa<\/span> <span class=\"hps\">byggd<\/span> <span class=\"hps\">och<\/span> <span class=\"hps\">bakl\u00e4nges<\/span><span>.<\/span> <span class=\"hps\">Den<\/span> <span class=\"hps\">fr\u00e4msta<\/span> <span class=\"hps\">attraktion<\/span> <span class=\"hps\">f\u00f6r<\/span> <span class=\"hps\">bes\u00f6kare<\/span> <span class=\"hps\">var<\/span> <span class=\"hps\">stadsmuren<\/span><span>,<\/span> <span class=\"hps\">och<\/span> <span class=\"hps\">utanf\u00f6r<\/span> <span class=\"hps\">en<\/span> <span class=\"hps\">strandpromenad<\/span><span class=\"atn\">&#8211;<\/span><span>en del av<\/span> <span class=\"hps\">som<\/span> <span class=\"hps\">\u00f6verlever<\/span> <span class=\"hps\">till idag<\/span><span>.<\/span> <span class=\"hps\">Regeringskansliet och<\/span> <span class=\"hps\">husen<\/span> <span class=\"hps\">av<\/span> <span class=\"hps\">de h\u00f6gre<\/span> <span class=\"hps\">klasserna<\/span> <span class=\"hps\">var<\/span> <span class=\"hps\">alla<\/span> <span class=\"hps\">utanf\u00f6r<\/span> <span class=\"hps\">murarna<\/span><span>.<\/span><br \/> \t<span class=\"hps\">Slingrande<\/span> <span class=\"hps\">osmanska<\/span> <span class=\"hps\">eran<\/span> <span class=\"hps\">gator<\/span> <span class=\"hps\">Kalei\u00e7i<\/span><span>.<\/span><\/span><\/span><\/span><\/span><\/span><\/span><\/span><\/p>\n<p> \t<span><span><span><span><span><span><span><span><span><span class=\"hps\">Staden<\/span> <span class=\"hps\">var<\/span> <span class=\"hps\">kort<\/span> <span class=\"hps\">ockuperade<\/span> <span class=\"hps\">av<\/span> <span class=\"hps\">italienarna<\/span> <span class=\"hps\">fr\u00e5n slutet<\/span> <span class=\"hps\">av<\/span> <span class=\"hps\">f\u00f6rsta v\u00e4rldskriget<\/span> <span class=\"hps\">fram till<\/span> <span class=\"hps\">grundandet<\/span> <span class=\"hps\">av<\/span> <span class=\"hps\">den turkiska<\/span> <span class=\"hps\">republiken<\/span> <span class=\"hps\">1923.<\/span><\/p>\n<p> \t<strong><span class=\"hps\">Etymologi<\/span><\/strong><\/p>\n<p> \t<span class=\"hps\">Enligt traditionen<\/span> <span class=\"hps\">i 2: a<\/span><span>-talet f.Kr.<\/span> <span class=\"hps\">beordrade<\/span> <span class=\"hps\">Pergamon<\/span> <span class=\"hps\">kungen<\/span> <span class=\"hps\">Attalos<\/span> <span class=\"hps\">II<\/span> <span class=\"hps\">sina m\u00e4n<\/span> <span class=\"hps\">f\u00f6r att hitta<\/span> <span class=\"hps atn\">&#8221;<\/span><span>himmelriket p\u00e5<\/span> <span class=\"hps\">jorden<\/span><span>&#8221;<\/span><span>.<\/span> <span class=\"hps\">Efter<\/span> <span class=\"hps\">en omfattande s\u00f6kning<\/span><span>,<\/span> <span class=\"hps\">uppt\u00e4ckte<\/span> <span class=\"hps\">de<\/span> <span class=\"hps\">regionen<\/span> <span class=\"hps\">Antalya<\/span><span>.<\/span> <span class=\"hps\">Kung<\/span> <span class=\"hps\">Attalos<\/span> <span class=\"hps\">\u00e5teruppbyggde staden,<\/span> <span class=\"hps\">ge den<\/span> <span class=\"hps\">namnet<\/span> <span class=\"hps atn\">&#8221;<\/span><span>Attaleia<\/span><span>&#8221;<\/span> <span class=\"hps atn\">(<\/span><span>grekiska<\/span><span>:<\/span> <span class=\"hps\">\u0391\u03c4\u03c4\u03ac\u03bb\u03b5\u03b9\u03b1<\/span><span>)<\/span> <span class=\"hps\">som senare<\/span> <span class=\"hps\">blev<\/span> <span class=\"hps\">Adalia<\/span> <span class=\"hps\">och<\/span> <span class=\"hps\">sedan<\/span> <span class=\"hps\">Antalya<\/span><span>.<\/span><\/p>\n<p> \t<strong><span class=\"hps\">Befolkning<\/span><\/strong><\/p>\n<p> \t<span class=\"hps\">Fr\u00e5n och med<\/span> <span class=\"hps\">2007<\/span> <span class=\"hps\">folkr\u00e4kningen<\/span> <span class=\"hps\">hade<\/span> <span class=\"hps\">Antalya<\/span> <span class=\"hps\">en befolkning<\/span> <span class=\"hps\">om<\/span> <span class=\"hps\">775.157<\/span> <span class=\"hps atn\">(<\/span><span>388.133<\/span> <span class=\"hps\">m\u00e4n<\/span><span>,<\/span> <span class=\"hps\">387.024<\/span> <span class=\"hps\">kvinnor)<\/span><span>.<\/span> <span class=\"hps\">Storstadsomr\u00e5det<\/span> <span class=\"hps\">uppg\u00e5r<\/span> <span class=\"hps\">mer \u00e4n<\/span> <span class=\"hps\">en miljon<\/span> <span class=\"hps\">under vintern<\/span><span>,<\/span> <span class=\"hps\">\u00f6kar<\/span> <span class=\"hps\">kraftigt<\/span> <span class=\"hps\">under sommarm\u00e5naderna.<\/span> <span class=\"hps\">Inte<\/span> <span class=\"hps\">bara<\/span> <span class=\"hps\">popul\u00e4r bland<\/span> <span class=\"hps\">utl\u00e4ndska<\/span> <span class=\"hps\">turister<\/span><span>,<\/span> <span class=\"hps\">\u00e4r<\/span> <span class=\"hps\">det<\/span> <span class=\"hps\">som<\/span> <span class=\"hps\">en<\/span> <span class=\"hps\">semester<\/span> <span class=\"hps\">destination<\/span> <span class=\"hps\">som m\u00e5nga<\/span> <span class=\"hps\">turkar<\/span><span>.<\/span><\/span><\/span><\/span><\/span><\/span><\/span><\/span><\/span><\/span><\/p>\n<p> \t<span><span><span><span><span><span><span><span><span><span><span class=\"short_text\"><u><strong><span class=\"hps\">Befolkning<\/span><\/strong><\/u><span class=\"hps\">:<\/span><br \/> \t<span class=\"hps\"><span><span class=\"hps\">\u00c5r<\/span>&nbsp;&nbsp;&nbsp;&nbsp;&nbsp;&nbsp;&nbsp; <span class=\"hps\">Stad<\/span><br \/> \t<span class=\"hps\">2008<\/span>&nbsp;&nbsp;&nbsp;&nbsp;<span class=\"hps\">798,507<\/span><br \/> \t<span class=\"hps\">2007&nbsp;&nbsp; <\/span>&nbsp;<span class=\"hps\">775,157<\/span><br \/> \t<span class=\"hps\">2000<\/span>&nbsp;&nbsp;&nbsp; <span class=\"hps\">603,190<\/span><br \/> \t<span class=\"hps\">1990<\/span>&nbsp;&nbsp;&nbsp; <span class=\"hps\">378,208<\/span><br \/> \t<span class=\"hps\">1985<\/span>&nbsp;&nbsp;&nbsp; <span class=\"hps\">258,139<\/span><br \/> \t<span class=\"hps\">1970<\/span>&nbsp;&nbsp;&nbsp; <span class=\"hps\">95,000<\/span><br \/> \t<span class=\"hps\">1965<\/span>&nbsp;&nbsp;&nbsp; <span class=\"hps\">72,000<\/span><br \/> \t<span class=\"hps\">1960<\/span>&nbsp;&nbsp;&nbsp; <span class=\"hps\">51,000<\/span><br \/> \t<span class=\"hps\">1955<\/span>&nbsp;&nbsp;&nbsp; <span class=\"hps\">36,000<\/span><br \/> \t<span class=\"hps\">1950<\/span>&nbsp;&nbsp;&nbsp; <span class=\"hps\">28,000<\/span><br \/> \t<span class=\"hps\">1945<\/span>&nbsp;&nbsp;&nbsp; <span class=\"hps\">26,000<\/span><br \/> \t<span class=\"hps\">1940<\/span>&nbsp;&nbsp;&nbsp; <span class=\"hps\">25,000<\/span><br \/> \t<span class=\"hps\">1935<\/span>&nbsp;&nbsp;&nbsp; <span class=\"hps\">23,000<\/span><br \/> \t<span class=\"hps\">1927<\/span>&nbsp;&nbsp;&nbsp; <span class=\"hps\">17,000<\/span><\/span><\/span><\/span><\/span><\/span><\/span><\/span><\/span><\/span><\/span><\/span><\/span><\/span><\/p>\n<p> \t&nbsp;<\/p>\n","protected":false},"excerpt":{"rendered":"<p>Antalya (tidigare k\u00e4nd som Adalia eller Attalia, fr\u00e5n Pamphylian grekiska: \u0391\u03c4\u03c4\u03ac\u03bb\u03b5\u03b9\u03b1 Att\u00e1leia) \u00e4r en stor stad p\u00e5 Medelhavskusten i sydv\u00e4stra Turkiet, och huvudstad i provinsen Antalya. Bel\u00e4get p\u00e5 kustn\u00e4ra klippor, \u00e4r Antalya omgiven av berg. Utveckling och investeringar, b\u00f6rjade p\u00e5 1970-talet har f\u00f6rvandlat staden till en popul\u00e4r destination. Historia Det \u00e4r os\u00e4kert n\u00e4r platsen f\u00f6r [&hellip;]<\/p>\n","protected":false},"author":42,"featured_media":0,"comment_status":"closed","ping_status":"closed","sticky":false,"template":"","format":"standard","meta":{"footnotes":""},"categories":[1863],"tags":[2208,2207],"yoast_head":"<!-- This site is optimized with the Yoast SEO plugin v22.6 - https:\/\/yoast.com\/wordpress\/plugins\/seo\/ -->\n<title>Fakta om Antalya - Properties in Alanya.<\/title>\n<meta name=\"description\" content=\"Fakta om Antalya - Properties in Alanya.\" \/>\n<meta name=\"robots\" content=\"index, follow, max-snippet:-1, max-image-preview:large, max-video-preview:-1\" \/>\n<link rel=\"canonical\" href=\"https:\/\/www.alanyaproperties.com\/sv\/sv-om-turkiet\/general-information-about-turkey\/antalya-information\/\" \/>\n<meta property=\"og:locale\" content=\"sv_SE\" \/>\n<meta property=\"og:type\" content=\"article\" \/>\n<meta property=\"og:title\" content=\"Fakta om Antalya - Properties in Alanya.\" \/>\n<meta property=\"og:description\" content=\"Fakta om Antalya - Properties in Alanya.\" \/>\n<meta property=\"og:url\" content=\"https:\/\/www.alanyaproperties.com\/sv\/sv-om-turkiet\/general-information-about-turkey\/antalya-information\/\" \/>\n<meta property=\"og:site_name\" content=\"Properties in Alanya.\" \/>\n<meta property=\"article:publisher\" content=\"https:\/\/www.facebook.com\/alanyaproperties\/\" \/>\n<meta property=\"article:published_time\" content=\"2009-10-23T07:26:21+00:00\" \/>\n<meta name=\"author\" content=\"Yusuf Ekinci\" \/>\n<meta name=\"twitter:card\" content=\"summary_large_image\" \/>\n<meta name=\"twitter:creator\" content=\"@alanyapro\" \/>\n<meta name=\"twitter:site\" content=\"@alanyapro\" \/>\n<meta name=\"twitter:label1\" content=\"Skriven av\" \/>\n\t<meta name=\"twitter:data1\" content=\"Yusuf Ekinci\" \/>\n\t<meta name=\"twitter:label2\" content=\"Ber\u00e4knad l\u00e4stid\" \/>\n\t<meta name=\"twitter:data2\" content=\"5 minuter\" \/>\n<script type=\"application\/ld+json\" class=\"yoast-schema-graph\">{\"@context\":\"https:\/\/schema.org\",\"@graph\":[{\"@type\":\"Article\",\"@id\":\"https:\/\/www.alanyaproperties.com\/sv\/sv-om-turkiet\/general-information-about-turkey\/antalya-information\/#article\",\"isPartOf\":{\"@id\":\"https:\/\/www.alanyaproperties.com\/sv\/sv-om-turkiet\/general-information-about-turkey\/antalya-information\/\"},\"author\":{\"name\":\"Yusuf Ekinci\",\"@id\":\"https:\/\/www.alanyaproperties.com\/sv\/#\/schema\/person\/8a92cc9600cbc25fcc67c304ba14680c\"},\"headline\":\"Fakta om Antalya\",\"datePublished\":\"2009-10-23T07:26:21+00:00\",\"dateModified\":\"2009-10-23T07:26:21+00:00\",\"mainEntityOfPage\":{\"@id\":\"https:\/\/www.alanyaproperties.com\/sv\/sv-om-turkiet\/general-information-about-turkey\/antalya-information\/\"},\"wordCount\":962,\"publisher\":{\"@id\":\"https:\/\/www.alanyaproperties.com\/sv\/#organization\"},\"keywords\":[\"Antalya. Bra att veta om Antalya.\",\"Fakta om Antalya. L\u00e4s mer om Turkiet\"],\"articleSection\":[\"General Informations\"],\"inLanguage\":\"sv-SE\"},{\"@type\":\"WebPage\",\"@id\":\"https:\/\/www.alanyaproperties.com\/sv\/sv-om-turkiet\/general-information-about-turkey\/antalya-information\/\",\"url\":\"https:\/\/www.alanyaproperties.com\/sv\/sv-om-turkiet\/general-information-about-turkey\/antalya-information\/\",\"name\":\"Fakta om Antalya - Properties in Alanya.\",\"isPartOf\":{\"@id\":\"https:\/\/www.alanyaproperties.com\/sv\/#website\"},\"datePublished\":\"2009-10-23T07:26:21+00:00\",\"dateModified\":\"2009-10-23T07:26:21+00:00\",\"description\":\"Fakta om Antalya - Properties in Alanya.\",\"breadcrumb\":{\"@id\":\"https:\/\/www.alanyaproperties.com\/sv\/sv-om-turkiet\/general-information-about-turkey\/antalya-information\/#breadcrumb\"},\"inLanguage\":\"sv-SE\",\"potentialAction\":[{\"@type\":\"ReadAction\",\"target\":[\"https:\/\/www.alanyaproperties.com\/sv\/sv-om-turkiet\/general-information-about-turkey\/antalya-information\/\"]}]},{\"@type\":\"BreadcrumbList\",\"@id\":\"https:\/\/www.alanyaproperties.com\/sv\/sv-om-turkiet\/general-information-about-turkey\/antalya-information\/#breadcrumb\",\"itemListElement\":[{\"@type\":\"ListItem\",\"position\":1,\"name\":\"Home\",\"item\":\"https:\/\/www.alanyaproperties.com\/sv\/\"},{\"@type\":\"ListItem\",\"position\":2,\"name\":\"Fakta om Antalya\"}]},{\"@type\":\"WebSite\",\"@id\":\"https:\/\/www.alanyaproperties.com\/sv\/#website\",\"url\":\"https:\/\/www.alanyaproperties.com\/sv\/\",\"name\":\"Properties in Alanya.\",\"description\":\"Fastighet till salu i Turkiet. | Fastighet i Alanya\",\"publisher\":{\"@id\":\"https:\/\/www.alanyaproperties.com\/sv\/#organization\"},\"potentialAction\":[{\"@type\":\"SearchAction\",\"target\":{\"@type\":\"EntryPoint\",\"urlTemplate\":\"https:\/\/www.alanyaproperties.com\/sv\/?s={search_term_string}\"},\"query-input\":\"required name=search_term_string\"}],\"inLanguage\":\"sv-SE\"},{\"@type\":\"Organization\",\"@id\":\"https:\/\/www.alanyaproperties.com\/sv\/#organization\",\"name\":\"Alanya Properties\",\"url\":\"https:\/\/www.alanyaproperties.com\/sv\/\",\"logo\":{\"@type\":\"ImageObject\",\"inLanguage\":\"sv-SE\",\"@id\":\"https:\/\/www.alanyaproperties.com\/sv\/#\/schema\/logo\/image\/\",\"url\":\"https:\/\/i0.wp.com\/www.alanyaproperties.com\/wp-content\/uploads\/2017\/06\/alanya-properties-logo-180to.png?fit=180%2C81&ssl=1\",\"contentUrl\":\"https:\/\/i0.wp.com\/www.alanyaproperties.com\/wp-content\/uploads\/2017\/06\/alanya-properties-logo-180to.png?fit=180%2C81&ssl=1\",\"width\":180,\"height\":81,\"caption\":\"Alanya Properties\"},\"image\":{\"@id\":\"https:\/\/www.alanyaproperties.com\/sv\/#\/schema\/logo\/image\/\"},\"sameAs\":[\"https:\/\/www.facebook.com\/alanyaproperties\/\",\"https:\/\/x.com\/alanyapro\",\"https:\/\/www.instagram.com\/alanyaproperties\/\",\"https:\/\/www.youtube.com\/c\/AlanyaProperties\"]},{\"@type\":\"Person\",\"@id\":\"https:\/\/www.alanyaproperties.com\/sv\/#\/schema\/person\/8a92cc9600cbc25fcc67c304ba14680c\",\"name\":\"Yusuf Ekinci\",\"image\":{\"@type\":\"ImageObject\",\"inLanguage\":\"sv-SE\",\"@id\":\"https:\/\/www.alanyaproperties.com\/sv\/#\/schema\/person\/image\/\",\"url\":\"https:\/\/secure.gravatar.com\/avatar\/aed1d8afe914e0136d015d60f22bd285?s=96&d=mm&r=g\",\"contentUrl\":\"https:\/\/secure.gravatar.com\/avatar\/aed1d8afe914e0136d015d60f22bd285?s=96&d=mm&r=g\",\"caption\":\"Yusuf Ekinci\"},\"sameAs\":[\"http:\/\/alanya-web.com\"],\"url\":\"https:\/\/www.alanyaproperties.com\/sv\/author\/admin\/\"}]}<\/script>\n<!-- \/ Yoast SEO plugin. -->","yoast_head_json":{"title":"Fakta om Antalya - Properties in Alanya.","description":"Fakta om Antalya - Properties in Alanya.","robots":{"index":"index","follow":"follow","max-snippet":"max-snippet:-1","max-image-preview":"max-image-preview:large","max-video-preview":"max-video-preview:-1"},"canonical":"https:\/\/www.alanyaproperties.com\/sv\/sv-om-turkiet\/general-information-about-turkey\/antalya-information\/","og_locale":"sv_SE","og_type":"article","og_title":"Fakta om Antalya - Properties in Alanya.","og_description":"Fakta om Antalya - Properties in Alanya.","og_url":"https:\/\/www.alanyaproperties.com\/sv\/sv-om-turkiet\/general-information-about-turkey\/antalya-information\/","og_site_name":"Properties in Alanya.","article_publisher":"https:\/\/www.facebook.com\/alanyaproperties\/","article_published_time":"2009-10-23T07:26:21+00:00","author":"Yusuf Ekinci","twitter_card":"summary_large_image","twitter_creator":"@alanyapro","twitter_site":"@alanyapro","twitter_misc":{"Skriven av":"Yusuf Ekinci","Ber\u00e4knad l\u00e4stid":"5 minuter"},"schema":{"@context":"https:\/\/schema.org","@graph":[{"@type":"Article","@id":"https:\/\/www.alanyaproperties.com\/sv\/sv-om-turkiet\/general-information-about-turkey\/antalya-information\/#article","isPartOf":{"@id":"https:\/\/www.alanyaproperties.com\/sv\/sv-om-turkiet\/general-information-about-turkey\/antalya-information\/"},"author":{"name":"Yusuf Ekinci","@id":"https:\/\/www.alanyaproperties.com\/sv\/#\/schema\/person\/8a92cc9600cbc25fcc67c304ba14680c"},"headline":"Fakta om Antalya","datePublished":"2009-10-23T07:26:21+00:00","dateModified":"2009-10-23T07:26:21+00:00","mainEntityOfPage":{"@id":"https:\/\/www.alanyaproperties.com\/sv\/sv-om-turkiet\/general-information-about-turkey\/antalya-information\/"},"wordCount":962,"publisher":{"@id":"https:\/\/www.alanyaproperties.com\/sv\/#organization"},"keywords":["Antalya. Bra att veta om Antalya.","Fakta om Antalya. L\u00e4s mer om Turkiet"],"articleSection":["General Informations"],"inLanguage":"sv-SE"},{"@type":"WebPage","@id":"https:\/\/www.alanyaproperties.com\/sv\/sv-om-turkiet\/general-information-about-turkey\/antalya-information\/","url":"https:\/\/www.alanyaproperties.com\/sv\/sv-om-turkiet\/general-information-about-turkey\/antalya-information\/","name":"Fakta om Antalya - Properties in Alanya.","isPartOf":{"@id":"https:\/\/www.alanyaproperties.com\/sv\/#website"},"datePublished":"2009-10-23T07:26:21+00:00","dateModified":"2009-10-23T07:26:21+00:00","description":"Fakta om Antalya - Properties in Alanya.","breadcrumb":{"@id":"https:\/\/www.alanyaproperties.com\/sv\/sv-om-turkiet\/general-information-about-turkey\/antalya-information\/#breadcrumb"},"inLanguage":"sv-SE","potentialAction":[{"@type":"ReadAction","target":["https:\/\/www.alanyaproperties.com\/sv\/sv-om-turkiet\/general-information-about-turkey\/antalya-information\/"]}]},{"@type":"BreadcrumbList","@id":"https:\/\/www.alanyaproperties.com\/sv\/sv-om-turkiet\/general-information-about-turkey\/antalya-information\/#breadcrumb","itemListElement":[{"@type":"ListItem","position":1,"name":"Home","item":"https:\/\/www.alanyaproperties.com\/sv\/"},{"@type":"ListItem","position":2,"name":"Fakta om Antalya"}]},{"@type":"WebSite","@id":"https:\/\/www.alanyaproperties.com\/sv\/#website","url":"https:\/\/www.alanyaproperties.com\/sv\/","name":"Properties in Alanya.","description":"Fastighet till salu i Turkiet. | Fastighet i Alanya","publisher":{"@id":"https:\/\/www.alanyaproperties.com\/sv\/#organization"},"potentialAction":[{"@type":"SearchAction","target":{"@type":"EntryPoint","urlTemplate":"https:\/\/www.alanyaproperties.com\/sv\/?s={search_term_string}"},"query-input":"required name=search_term_string"}],"inLanguage":"sv-SE"},{"@type":"Organization","@id":"https:\/\/www.alanyaproperties.com\/sv\/#organization","name":"Alanya Properties","url":"https:\/\/www.alanyaproperties.com\/sv\/","logo":{"@type":"ImageObject","inLanguage":"sv-SE","@id":"https:\/\/www.alanyaproperties.com\/sv\/#\/schema\/logo\/image\/","url":"https:\/\/i0.wp.com\/www.alanyaproperties.com\/wp-content\/uploads\/2017\/06\/alanya-properties-logo-180to.png?fit=180%2C81&ssl=1","contentUrl":"https:\/\/i0.wp.com\/www.alanyaproperties.com\/wp-content\/uploads\/2017\/06\/alanya-properties-logo-180to.png?fit=180%2C81&ssl=1","width":180,"height":81,"caption":"Alanya Properties"},"image":{"@id":"https:\/\/www.alanyaproperties.com\/sv\/#\/schema\/logo\/image\/"},"sameAs":["https:\/\/www.facebook.com\/alanyaproperties\/","https:\/\/x.com\/alanyapro","https:\/\/www.instagram.com\/alanyaproperties\/","https:\/\/www.youtube.com\/c\/AlanyaProperties"]},{"@type":"Person","@id":"https:\/\/www.alanyaproperties.com\/sv\/#\/schema\/person\/8a92cc9600cbc25fcc67c304ba14680c","name":"Yusuf Ekinci","image":{"@type":"ImageObject","inLanguage":"sv-SE","@id":"https:\/\/www.alanyaproperties.com\/sv\/#\/schema\/person\/image\/","url":"https:\/\/secure.gravatar.com\/avatar\/aed1d8afe914e0136d015d60f22bd285?s=96&d=mm&r=g","contentUrl":"https:\/\/secure.gravatar.com\/avatar\/aed1d8afe914e0136d015d60f22bd285?s=96&d=mm&r=g","caption":"Yusuf Ekinci"},"sameAs":["http:\/\/alanya-web.com"],"url":"https:\/\/www.alanyaproperties.com\/sv\/author\/admin\/"}]}},"jetpack_sharing_enabled":true,"jetpack_featured_media_url":"","_links":{"self":[{"href":"https:\/\/www.alanyaproperties.com\/sv\/wp-json\/wp\/v2\/posts\/3452"}],"collection":[{"href":"https:\/\/www.alanyaproperties.com\/sv\/wp-json\/wp\/v2\/posts"}],"about":[{"href":"https:\/\/www.alanyaproperties.com\/sv\/wp-json\/wp\/v2\/types\/post"}],"author":[{"embeddable":true,"href":"https:\/\/www.alanyaproperties.com\/sv\/wp-json\/wp\/v2\/users\/42"}],"replies":[{"embeddable":true,"href":"https:\/\/www.alanyaproperties.com\/sv\/wp-json\/wp\/v2\/comments?post=3452"}],"version-history":[{"count":0,"href":"https:\/\/www.alanyaproperties.com\/sv\/wp-json\/wp\/v2\/posts\/3452\/revisions"}],"wp:attachment":[{"href":"https:\/\/www.alanyaproperties.com\/sv\/wp-json\/wp\/v2\/media?parent=3452"}],"wp:term":[{"taxonomy":"category","embeddable":true,"href":"https:\/\/www.alanyaproperties.com\/sv\/wp-json\/wp\/v2\/categories?post=3452"},{"taxonomy":"post_tag","embeddable":true,"href":"https:\/\/www.alanyaproperties.com\/sv\/wp-json\/wp\/v2\/tags?post=3452"}],"curies":[{"name":"wp","href":"https:\/\/api.w.org\/{rel}","templated":true}]}}