{"id":3424,"date":"2009-10-23T07:11:41","date_gmt":"2009-10-23T07:11:41","guid":{"rendered":"http:\/\/www.alanyaproperties.com\/bra-att-veta-om-kas-antalya-turkiet\/"},"modified":"2009-10-23T07:11:41","modified_gmt":"2009-10-23T07:11:41","slug":"bra-att-veta-om-kas-antalya-turkiet","status":"publish","type":"post","link":"https:\/\/www.alanyaproperties.com\/sv\/sv-om-turkiet\/turkey-about-turkey\/bra-att-veta-om-kas-antalya-turkiet\/","title":{"rendered":"Fakta om Kas"},"content":{"rendered":"<p> \t<span><strong><span class=\"hps\">Ka\u015f<\/span><\/strong> <span class=\"hps\">\u00e4r<\/span> <span class=\"hps\">en<\/span> <span class=\"hps\">liten fiske-<\/span><span>,<\/span> <span class=\"hps\">seglings-<\/span> <span class=\"hps\">och<\/span> <span class=\"hps\">turiststad<\/span> <span class=\"hps\">och \u00e4r ett distrikt i<\/span> <span class=\"hps\">Antalya<\/span> <span class=\"hps\">provinsen<\/span> i <span class=\"hps\">Turkiet<\/span><span>,<\/span> <span class=\"hps\">168 km<\/span> <span class=\"hps\">v\u00e4ster<\/span>&nbsp;om <span class=\"hps\">staden <a href=\"http:\/\/alanyaproperties.com\/lang-sv\/turkiet-information\/antalya.html\" name=\"Om Antalya\" target=\"_blank\" title=\"Fakta on Antalya\">Antalya<\/a><\/span><span>.<\/span> <span class=\"hps\">Som<\/span> <span class=\"hps\">turist<\/span><span class=\"hps\">stad<\/span> <span class=\"hps\">\u00e4r den<\/span>&nbsp;<span class=\"hps\">relativt<\/span> <span class=\"hps\">or\u00f6rd<\/span><span>.<\/span><\/p>\n<p> \t<strong><span class=\"hps\">Geografi<\/span><\/strong><\/p>\n<p> \t<span class=\"hps\">Staden<\/span> <span class=\"hps\">Ka\u015f<\/span> <span class=\"hps\">ligger p\u00e5 en<\/span> <span class=\"hps\">kulle<\/span> <span class=\"hps\">som g\u00e5r<\/span> <span class=\"hps\">ner till<\/span> <span class=\"hps\">havet.<\/span>&nbsp;<span class=\"hps\">Omr\u00e5det<\/span> <span class=\"hps\">har ett<\/span> <span class=\"hps\">typiskt<\/span> <span class=\"hps\">medelhavsklimat med&nbsp;heta<\/span> <span class=\"hps\">torra<\/span> <span class=\"hps\">somrar<\/span> <span class=\"hps\">och<\/span> <span class=\"hps\">varma<\/span><span>,<\/span> <span class=\"hps\">fuktiga<\/span> <span class=\"hps\">vintrar<\/span><span>,<\/span> <span class=\"hps\">vilket<\/span> <span class=\"hps\">inneb\u00e4r<\/span> <span class=\"hps\">att tillv\u00e4xten<\/span> <span class=\"hps\">av<\/span> <span class=\"hps\">apelsiner,<\/span> <span class=\"hps\">citroner<\/span> <span class=\"hps\">och<\/span> <span class=\"hps\">bananer<\/span> <span class=\"hps\">\u00e4r<\/span> <span class=\"hps\">bra<\/span><span>.<\/span> <span class=\"hps\">L\u00e5glandet<\/span> har ocks\u00e5 en stor v\u00e4xtlighet av <span class=\"hps\">snittblommor<\/span> <span class=\"hps\">och<\/span> <span class=\"hps\">en<\/span> <span class=\"hps\">m\u00e4ngd olika<\/span> <span class=\"hps\">frukter<\/span> <span class=\"hps\">och gr\u00f6nsaker<\/span><span>,<\/span> <span class=\"hps\">m\u00e5nga<\/span> <span class=\"hps\">odlas<\/span> <span class=\"hps\">\u00e5ret runt<\/span> <span class=\"hps\">i v\u00e4xthuset<\/span><span>.<\/span>&nbsp;<span class=\"hps\">P\u00e5 sluttningarna&nbsp;produceras mandel och honung, medan det p\u00e5 h\u00f6gre h\u00f6jd finns stora, utbredda tallskogar.<\/span>&nbsp;<span class=\"hps\">V\u00e4dret<\/span> <span class=\"hps\">\u00e4r<\/span> <span class=\"hps\">torrare<\/span> <span class=\"hps\">p\u00e5 h\u00f6g h\u00f6jd<\/span><span>.<\/span> <span class=\"hps\">\u00c4ven om<\/span> <span class=\"hps\">jordbruket<\/span> <span class=\"hps\">fortfarande<\/span> <span class=\"hps\">viktigt<\/span> <span class=\"hps\">\u00e4r turismen<\/span> <span class=\"hps\">den<\/span> <span class=\"hps\">viktigaste<\/span> <span class=\"hps\">inkomstk\u00e4llan<\/span> <span class=\"hps\">i<\/span> <span class=\"hps\">omr\u00e5det<\/span> <span class=\"hps\">som<\/span> <span class=\"hps\">har m\u00e5nga<\/span> <span class=\"hps\">hotell och pensionat.<\/span><\/p>\n<p> \t<span class=\"hps\">Ca 2 km<\/span> <span class=\"hps\">fr\u00e5n<\/span> <span class=\"hps\">Kas \u00e4r<\/span> <span class=\"hps\">den grekiska<\/span> <span class=\"hps\">\u00f6n<\/span> <span class=\"hps\">Kastellorizo<\/span> <span class=\"hps atn\">\u200b\u200b(<\/span><span>p\u00e5 turkiska Meis<\/span>&nbsp;<span class=\"hps\">Adas\u0131<\/span><span>)<\/span> <span class=\"hps\">d\u00e4r turkiska fartyg och f\u00e4rjor g\u00e5r med j\u00e4mna mellanrum<\/span><span>.<\/span><\/span><\/p>\n<p> \t&nbsp;<\/p>\n<p> \t<span><span><strong><span class=\"hps\">Historia<\/span><\/strong><\/p>\n<p> \t<span class=\"hps\">\u00c4ven om<\/span>&nbsp;<span class=\"hps\">Teke<\/span><span class=\"hps\">halv\u00f6n<\/span> <span class=\"hps\">har<\/span> <span class=\"hps\">varit bebodd<\/span> <span class=\"hps\">sedan<\/span> <span class=\"hps\">sten\u00e5ldern<\/span><span>,<\/span> <span class=\"hps\">verkar<\/span> <span class=\"hps\">det som<\/span>&nbsp;<span class=\"hps\">Ka\u015f grundades av lykierna<\/span>&nbsp;<span>,<\/span> <span class=\"hps\">och<\/span> <span class=\"hps\">namnet<\/span> <span class=\"hps\">p\u00e5<\/span> <span class=\"hps\">lykiska<\/span> <span class=\"hps\">spr\u00e5ket<\/span> <span class=\"hps\">var<\/span> <span class=\"hps\">Habesos<\/span> <span class=\"hps\">eller<\/span> <span class=\"hps\">Habesa<\/span><span>.<\/span> <span class=\"hps\">Det var<\/span> <span class=\"hps\">en<\/span> <span class=\"hps\">medlem<\/span> <span class=\"hps\">av<\/span> <span class=\"hps\">lykiska<\/span> <span class=\"hps\">riket,<\/span> <span class=\"hps\">och<\/span> <span class=\"hps\">dess<\/span> <span class=\"hps\">betydelse<\/span> <span class=\"hps\">under denna<\/span> <span class=\"hps\">tid har<\/span>&nbsp;<span class=\"hps\">bekr\u00e4ftats<\/span> <span class=\"hps\">genom f\u00f6rekomsten<\/span> <span class=\"hps\">av<\/span> <span class=\"hps\">en av de<\/span>&nbsp;<span class=\"hps\">st\u00f6rsta lykiska begravningsplatserna.<\/span><\/span><\/span><span><span><span><span class=\"hps\">&nbsp;<\/span><\/span><\/span><\/span><\/p>\n<p> \t<span><span><span>I antikens Grekland fick staden sedan&nbsp;<span class=\"hps\">namnet<\/span> <span class=\"hps\">Antiph\u00e9llos<\/span> <span class=\"hps\">eller<\/span> <span class=\"hps\">Ant\u00edphilos<\/span><span>,<\/span> <span class=\"hps\">eftersom<\/span> <span class=\"hps\">det var<\/span> <span class=\"hps\">hamnen<\/span> <span class=\"hps\">framf\u00f6r<\/span> <span class=\"hps\">staden<\/span> <span class=\"hps\">Phellos<\/span><span>.<\/span> <span class=\"hps\">Under<\/span> <span class=\"hps\">den romerska<\/span> <span class=\"hps\">perioden<\/span><span>,<\/span> <span class=\"hps\">var<\/span> <span class=\"hps\">Antiph\u00e9llos<\/span> <span class=\"hps\">k\u00e4nd<\/span> <span class=\"hps\">f\u00f6r sin<\/span>&nbsp;<span class=\"hps\">export<\/span> <span class=\"hps\">svampar<\/span> <span class=\"hps\">och<\/span> <span class=\"hps\">timmer<\/span><span>.<\/span> <span class=\"hps\">Plinius den<\/span> <span class=\"hps\">\u00e4ldre<\/span> <span class=\"hps\">h\u00e4nvisar<\/span> <span class=\"hps\">till<\/span> <span class=\"hps\">staden<\/span> <span class=\"hps\">i den femte<\/span> <span class=\"hps\">boken<\/span> <span class=\"hps\">av<\/span> <span class=\"hps\">sin<\/span> <span class=\"hps\">Naturalis<\/span> <span class=\"hps\">Historia<\/span><span>.<\/span> <span class=\"hps\">Efter \u00e5r<\/span>&nbsp;<span class=\"hps\">395<\/span> <span class=\"hps\">blev staden<\/span> <span class=\"hps\">en del<\/span> <span class=\"hps\">av<\/span> <span class=\"hps\">det<\/span> <span class=\"hps\">\u00f6stromerska<\/span> <span class=\"hps\">riket<\/span> <span class=\"hps atn\">(b<\/span><span>ysantinskt<\/span><span>).<\/span><\/span><\/span><\/span><\/p>\n<p> \t&nbsp;<\/p>\n<p> \t<span><span><span><span><span><strong><span class=\"hps\">Historisk<\/span> <span class=\"hps\">karta \u00f6ver<\/span> <span class=\"hps\">Ka\u015f<\/span> <span class=\"hps\">av<\/span> <span class=\"hps\">Piri<\/span> <span class=\"hps\">Reis<\/span><\/strong><\/p>\n<p> \t<span class=\"hps\">Staden har<\/span>&nbsp;<span class=\"hps\">lidit sv\u00e5rt&nbsp;p\u00e5 grund<\/span> <span class=\"hps\">av<\/span> <span class=\"hps\">arabiska<\/span> <span class=\"hps\">angrepp<\/span><span>,<\/span> <span class=\"hps\">sedan<\/span> <span class=\"hps\">annekterades<\/span> <span class=\"hps atn\">(<\/span><span>under<\/span> <span class=\"hps\">namnet<\/span> <span class=\"hps\">Andifli<\/span><span>) den<\/span>&nbsp;<span class=\"hps\">till<\/span> <span class=\"hps\">anatoliska<\/span> <span class=\"hps\">sultanatet<\/span> R\u00fcm<span class=\"hps\">,<\/span> <span class=\"hps\">som leddes av seldjukerna<\/span><span>.<\/span> <span class=\"hps\">Efter<\/span> <span class=\"hps\">seldjukernas fall kom staden under ottomanskt styre.<\/span><\/span><\/span><\/span><\/span><\/span><\/p>\n<p> \t<span><span><span><span><span><span class=\"hps\">\u00c5r 1923<\/span><span>,<\/span> <span class=\"hps\">p\u00e5 grund<\/span> <span class=\"hps\">av<\/span> <span class=\"hps\">utbyte av<\/span> <span class=\"hps\">befolkningar<\/span> <span class=\"hps\">mellan Grekland<\/span> <span class=\"hps\">och<\/span> <span class=\"hps\">Turkiet<\/span> <span class=\"hps\">efter<\/span> <span class=\"hps\">det grekisk<\/span><span>-turkiska kriget<\/span><span>, l\u00e4mnade<\/span>&nbsp;<span class=\"hps\">majoriteten av<\/span> <span class=\"hps\">befolkningen<\/span><span>,<\/span> <span class=\"hps\">som var<\/span> <span class=\"hps\">av<\/span> <span class=\"hps\">grekiskt<\/span> <span class=\"hps\">ursprung<\/span><span>,<\/span> <span class=\"hps\">staden<\/span> <span class=\"hps\">f\u00f6r Grekland<\/span><span>.<\/span><\/p>\n<p> \t<span class=\"hps\">I<\/span> <span class=\"hps\">b\u00f6rjan<\/span> <span class=\"hps\">av 1990-talet<\/span> <span class=\"hps\">b\u00f6rjade<\/span> <span class=\"hps\">turismen<\/span> <span class=\"hps\">blomstra<\/span> <span class=\"hps\">i<\/span> <span class=\"hps\">Ka\u015f<\/span><span>,<\/span> <span class=\"hps\">med<\/span> <span class=\"hps\">bes\u00f6kare<\/span> <span class=\"hps\">fr\u00e4mst<\/span> <span class=\"hps\">fr\u00e5n<\/span> <span class=\"hps\">Storbritannien och Tyskland.<\/span> <span class=\"hps\">Denna<\/span> <span class=\"hps\">tillv\u00e4xt<\/span> <span class=\"hps\">av<\/span> <span class=\"hps\">turismen<\/span>&nbsp;startade <span class=\"hps\">en explosion<\/span>&nbsp;av <span class=\"hps\">l\u00e4genhetsbyggen<\/span> <span class=\"hps atn\">(<\/span><span>ofta<\/span> <span class=\"hps\">utan<\/span> <span class=\"hps\">licens<\/span><span>)<\/span><span>, vilket<\/span> <span class=\"hps\">allvarligt<\/span> <span class=\"hps\">hotade<\/span> <span class=\"hps\">landskapet<\/span> <span class=\"hps\">och milj\u00f6n.<\/span> <span class=\"hps\">S\u00e4rskilt<\/span> <span class=\"hps\">ber\u00f6rt \u00e4r<\/span>&nbsp;<span class=\"hps\">den<\/span> <span class=\"hps\">vackra<\/span> <span class=\"hps\">\u00c7ukurba\u011f-<\/span> <span class=\"hps\">halv\u00f6n<\/span><span>,<\/span> <span class=\"hps\">v\u00e4ster om<\/span> <span class=\"hps\">staden<\/span><span>, som<\/span> <span class=\"hps\">nu har flera<\/span>&nbsp;<span class=\"hps\">lyxhotell.<\/span><\/span><\/span><\/span><\/span><\/span><\/p>\n<p> \t&nbsp;<\/p>\n<p> \t<span><span><span><span><span><span><strong><span class=\"hps\">Turism<\/span><\/strong><\/p>\n<p> \t<span class=\"hps\">Turistindustrin<\/span> <span class=\"hps\">\u00e4r<\/span> <span class=\"hps\">centrerad<\/span> <span class=\"hps\">p\u00e5<\/span> <span class=\"hps\">den trevliga<\/span> <span class=\"hps\">staden<\/span> <span class=\"hps\">Ka\u015f<\/span><span>,<\/span> <span class=\"hps\">men<\/span> <span class=\"hps\">m\u00e5nga andra<\/span> <span class=\"hps\">kustst\u00e4der och<\/span> <span class=\"hps\">byar<\/span> <span class=\"hps\">i<\/span> <span class=\"hps\">distriktet<\/span> <span class=\"hps\">har gott<\/span> <span class=\"hps\">om<\/span> <span class=\"hps\">boende<\/span> <span class=\"hps\">f\u00f6r<\/span> <span class=\"hps\">bes\u00f6kare<\/span><span>,&nbsp;till exempel<\/span>&nbsp;<span class=\"hps\">Kalkan<\/span> <span class=\"hps\">och<\/span> <span class=\"hps\">Gelemi\u015f<\/span><span>.<\/span> <span class=\"hps\">Omr\u00e5det kan<\/span> <span class=\"hps\">n\u00e5s fr\u00e5n b\u00e5de<\/span> <span class=\"hps\">Antalya<\/span> <span class=\"hps\">och<\/span> <span class=\"hps\">Dalamans<\/span> <span class=\"hps\">flygplatser<\/span><span>.<\/span><\/p>\n<p> \t<span class=\"hps\">Ka\u015f<\/span>&nbsp;<span class=\"hps\">i sig<\/span>&nbsp;<span class=\"hps\">\u00e4r en<\/span> <span class=\"hps\">lugn<\/span> <span class=\"hps\">trevlig stad<\/span> <span class=\"hps\">med<\/span> <span class=\"hps\">sitt<\/span> <span class=\"hps\">bl\u00e5a hav<\/span> <span class=\"hps\">och<\/span> <span class=\"hps\">smala gator<\/span> <span class=\"hps\">doftande av jasminblommor<\/span><span>.<\/span> <span class=\"hps\">Det finns gott<\/span> <span class=\"hps\">om<\/span> <span class=\"hps\">sm\u00e5<\/span> <span class=\"hps\">g\u00e4sthus<\/span><span>,<\/span> <span class=\"hps\">lugna<\/span> <span class=\"hps\">kaf\u00e9er<\/span> <span class=\"hps\">som serverar<\/span> <span class=\"hps\">hemlagad mat<\/span><span>,<\/span> <span class=\"hps\">eller<\/span> <span class=\"hps\">sm\u00e5<\/span> <span class=\"hps\">barer<\/span> <span class=\"hps\">du kan koppla av<\/span> <span class=\"hps\">efter<\/span> <span class=\"hps\">en<\/span> <span class=\"hps\">dags<\/span> <span class=\"hps\">dykning<\/span><span>.<\/span> <span class=\"hps\">Ka\u015f<\/span> <span class=\"hps\">har<\/span> <span class=\"hps\">en<\/span> <span class=\"hps\">\u00e5rlig<\/span> <span class=\"hps\">konstfestival<\/span><span>,<\/span> <span class=\"hps\">jazzkonserter<\/span> <span class=\"hps\">i<\/span> <span class=\"hps\">den romerska<\/span> <span class=\"hps\">amfiteatern<\/span> <span class=\"hps\">och&nbsp;konstkollektivet &#8221;Kiln under the sea&#8221; har h\u00e5llit undervattensutst\u00e4llningar av keramik h\u00e4r.<\/span><\/span><\/span><\/span><\/span><\/span><\/span><\/p>\n<p> \t<span><span><span><span><span><span><span class=\"hps\">Ka\u015f<\/span> <span class=\"hps\">\u00e4r<\/span> <span class=\"hps\">en<\/span> <span class=\"hps\">av<\/span> <span class=\"hps\">de ledande<\/span> <span class=\"hps\">platserna<\/span> <span class=\"hps\">f\u00f6r<\/span> <span class=\"hps\">dykning<\/span> <span class=\"hps\">i Turkiet<\/span><span>.<\/span> <span class=\"hps\">Det finns<\/span> <span class=\"hps\">en<\/span> <span class=\"hps\">dykskola<\/span><span>,<\/span> <span class=\"hps\">m\u00e5nga<\/span> <span class=\"hps\">platser<\/span>&nbsp;att hyra<span class=\"hps\">&nbsp;utrustning<\/span> <span class=\"hps\">och<\/span> <span class=\"hps\">i hamnen erbjuder<\/span>&nbsp;<span class=\"hps\">lokala<\/span> <span class=\"hps\">dykare<\/span> <span class=\"hps\">kurser<\/span><span>.<\/span> <span class=\"hps\">Om du<\/span> <span class=\"hps\">v\u00e4ljer att<\/span> <span class=\"hps\">prova dykning<\/span> <span class=\"hps\">i<\/span> <span class=\"hps\">Ka\u015f<\/span> <span class=\"hps\">du kan f\u00f6rv\u00e4nta dig<\/span>&nbsp;att <span class=\"hps\">se<\/span> <span class=\"hps\">en<\/span> <span class=\"hps\">vacker samling<\/span> <span class=\"hps\">av<\/span> <span class=\"hps\">fiskar och<\/span> <span class=\"hps\">andra<\/span> <span class=\"hps\">havsdjur<\/span> <span class=\"hps\">som<\/span> <span class=\"hps\">bl\u00e4ckfisk<\/span> <span class=\"hps\">och<\/span> <span class=\"hps\">eventuellt<\/span> <span class=\"hps\">delfiner<\/span><span>,<\/span> <span class=\"hps\">och<\/span> <span class=\"hps\">\u00e4ven<\/span> <span class=\"hps\">vrak<\/span> <span class=\"hps\">av<\/span> <span class=\"hps\">n\u00e5gra<\/span> <span class=\"hps\">gamla<\/span> <span class=\"hps\">fartyg<\/span><span>.<\/span><\/span><\/span><\/span><\/span><\/span><\/span><\/p>\n<p> \t&nbsp;<\/p>\n<p> \t<span><span><span><span><span><span><span><strong><span class=\"hps\">Demografi<\/span><\/strong><\/p>\n<p> \t<span class=\"hps\">Enligt folkr\u00e4kningen 2007<\/span>&nbsp;<span class=\"hps\">har<\/span> <span class=\"hps\">staden<\/span> <span class=\"hps\">5,922 inv\u00e5nare<\/span>&nbsp;<span class=\"hps\">och<\/span> <span class=\"hps\">dess<\/span> <span class=\"hps\">byar<\/span><span class=\"hps\"> har<\/span> <span class=\"hps\">49,629<\/span> <span class=\"hps\">inv\u00e5nare<\/span><span>.<\/span> <span class=\"hps\">Ka\u015f<\/span> <span class=\"hps\">har<\/span> <span class=\"hps\">5<\/span> <span class=\"hps\">kommuner<\/span> <span class=\"hps atn\">(<\/span><span>Gombe<\/span><span>,<\/span> <span class=\"hps\">Kalkan<\/span><span>,<\/span> <span class=\"hps\">K\u0131n\u0131k<\/span><span>,&nbsp;Ova<\/span> <span class=\"hps\">och<\/span> <span class=\"hps\">Ye\u015filk\u00f6y<\/span><span>) och<\/span> <span class=\"hps\">48<\/span> <span class=\"hps\">byar<\/span><span>.<\/span><\/p>\n<p> \t<span class=\"hps\">Befolkningen<\/span> <span class=\"hps\">i<\/span> <span class=\"hps\">bebodda<\/span> <span class=\"hps\">platser<\/span> <span class=\"hps\">\u00e4r<\/span> <span class=\"hps\">f\u00f6ljande<\/span> <span class=\"hps\">enligt<\/span> <span class=\"hps\">folkr\u00e4kningen<\/span> <span class=\"hps\">2007<\/span> <\/span><\/span><\/span><\/span><\/span><\/span><\/span><\/p>\n<p> \t<span><span><span><span><span><span><span><span><span class=\"hps\">Stad<\/span> <span class=\"hps\">\/<\/span> <span class=\"hps\">by&nbsp;&nbsp;&nbsp;&nbsp;&nbsp;&nbsp;&nbsp;&nbsp; Befolkning<\/span>(2007)<\/span><\/span><\/span><\/span><\/span><\/span><\/span><\/span><span><span><span><span><span><span><span><span> <\/span><\/span><\/span><\/span><\/span><\/span><\/span><\/span><\/p>\n<ol>\n<li> \t\t<span><span><span><span><span><span><span><span>Ka\u015f &nbsp;&nbsp; &nbsp;&nbsp;&nbsp; &nbsp;5.922<\/span><\/span><\/span><\/span><\/span><\/span><\/span><\/span><\/li>\n<li> \t\t<span><span><span><span><span><span><span><span>A\u011f\u0131ll\u0131 &nbsp;&nbsp; &nbsp;&nbsp;&nbsp; &nbsp;692<\/span><\/span><\/span><\/span><\/span><\/span><\/span><\/span><\/li>\n<li> \t\t<span><span><span><span><span><span><span><span>Ahatl\u0131 &nbsp;&nbsp; &nbsp;&nbsp;&nbsp; &nbsp;185<\/span><\/span><\/span><\/span><\/span><\/span><\/span><\/span><\/li>\n<li> \t\t<span><span><span><span><span><span><span><span>Aklar &nbsp;&nbsp; &nbsp;&nbsp;&nbsp; &nbsp;408<\/span><\/span><\/span><\/span><\/span><\/span><\/span><\/span><\/li>\n<li> \t\t<span><span><span><span><span><span><span><span>Ak\u00f6r\u00fc &nbsp;&nbsp; &nbsp;&nbsp;&nbsp; &nbsp;356<\/span><\/span><\/span><\/span><\/span><\/span><\/span><\/span><\/li>\n<li> \t\t<span><span><span><span><span><span><span><span>Bay\u0131nd\u0131r &nbsp;&nbsp; &nbsp;653<\/span><\/span><\/span><\/span><\/span><\/span><\/span><\/span><\/li>\n<li> \t\t<span><span><span><span><span><span><span><span>Beldibi &nbsp;&nbsp; &nbsp;314<\/span><\/span><\/span><\/span><\/span><\/span><\/span><\/span><\/li>\n<li> \t\t<span><span><span><span><span><span><span><span>Belenli &nbsp;&nbsp; &nbsp;398<\/span><\/span><\/span><\/span><\/span><\/span><\/span><\/span><\/li>\n<li> \t\t<span><span><span><span><span><span><span><span>Belkonak &nbsp;&nbsp; &nbsp;35<\/span><\/span><\/span><\/span><\/span><\/span><\/span><\/span><\/li>\n<li> \t\t<span><span><span><span><span><span><span><span>Bezirgan &nbsp;&nbsp; &nbsp;1.458<\/span><\/span><\/span><\/span><\/span><\/span><\/span><\/span><\/li>\n<li> \t\t<span><span><span><span><span><span><span><span>Bo\u011fazc\u0131k &nbsp;&nbsp; &nbsp;184<\/span><\/span><\/span><\/span><\/span><\/span><\/span><\/span><\/li>\n<li> \t\t<span><span><span><span><span><span><span><span>Cemre &nbsp;&nbsp; &nbsp;&nbsp;&nbsp; &nbsp;260<\/span><\/span><\/span><\/span><\/span><\/span><\/span><\/span><\/li>\n<li> \t\t<span><span><span><span><span><span><span><span>\u00c7aml\u0131k\u00f6y &nbsp;&nbsp; &nbsp;280<\/span><\/span><\/span><\/span><\/span><\/span><\/span><\/span><\/li>\n<li> \t\t<span><span><span><span><span><span><span><span>\u00c7aml\u0131ova &nbsp;&nbsp; &nbsp;156<\/span><\/span><\/span><\/span><\/span><\/span><\/span><\/span><\/li>\n<li> \t\t<span><span><span><span><span><span><span><span>\u00c7ataloluk &nbsp;&nbsp; &nbsp;153<\/span><\/span><\/span><\/span><\/span><\/span><\/span><\/span><\/li>\n<li> \t\t<span><span><span><span><span><span><span><span>\u00c7avd\u0131r &nbsp;&nbsp; &nbsp;&nbsp;&nbsp; &nbsp;2.482<\/span><\/span><\/span><\/span><\/span><\/span><\/span><\/span><\/li>\n<li> \t\t<span><span><span><span><span><span><span><span>\u00c7ayk\u00f6y &nbsp;&nbsp; &nbsp;&nbsp;&nbsp; &nbsp;1.320<\/span><\/span><\/span><\/span><\/span><\/span><\/span><\/span><\/li>\n<li> \t\t<span><span><span><span><span><span><span><span>\u00c7erler &nbsp;&nbsp; &nbsp;&nbsp;&nbsp; &nbsp;62<\/span><\/span><\/span><\/span><\/span><\/span><\/span><\/span><\/li>\n<li> \t\t<span><span><span><span><span><span><span><span>\u00c7e\u015fmek\u00f6y &nbsp;&nbsp; &nbsp;185<\/span><\/span><\/span><\/span><\/span><\/span><\/span><\/span><\/li>\n<li> \t\t<span><span><span><span><span><span><span><span>\u00c7ukurba\u011f &nbsp;&nbsp; &nbsp;492<\/span><\/span><\/span><\/span><\/span><\/span><\/span><\/span><\/li>\n<li> \t\t<span><span><span><span><span><span><span><span>Derek\u00f6y &nbsp;&nbsp; &nbsp;165<\/span><\/span><\/span><\/span><\/span><\/span><\/span><\/span><\/li>\n<li> \t\t<span><span><span><span><span><span><span><span>Dirgenler &nbsp;&nbsp; &nbsp;547<\/span><\/span><\/span><\/span><\/span><\/span><\/span><\/span><\/li>\n<li> \t\t<span><span><span><span><span><span><span><span>Do\u011fanta\u015f &nbsp;&nbsp; &nbsp;484<\/span><\/span><\/span><\/span><\/span><\/span><\/span><\/span><\/li>\n<li> \t\t<span><span><span><span><span><span><span><span>Gedikba\u015f\u0131 &nbsp;&nbsp; &nbsp;303<\/span><\/span><\/span><\/span><\/span><\/span><\/span><\/span><\/li>\n<li> \t\t<span><span><span><span><span><span><span><span>Gelemi\u015f &nbsp;&nbsp; &nbsp;713<\/span><\/span><\/span><\/span><\/span><\/span><\/span><\/span><\/li>\n<li> \t\t<span><span><span><span><span><span><span><span>G\u00f6k\u00e7e\u00f6ren &nbsp;&nbsp; &nbsp;129<\/span><\/span><\/span><\/span><\/span><\/span><\/span><\/span><\/li>\n<li> \t\t<span><span><span><span><span><span><span><span>G\u00f6k\u00e7eyaz\u0131 &nbsp;&nbsp; &nbsp;872<\/span><\/span><\/span><\/span><\/span><\/span><\/span><\/span><\/li>\n<li> \t\t<span><span><span><span><span><span><span><span>G\u00f6mbe &nbsp;&nbsp; &nbsp;&nbsp;&nbsp; &nbsp;1.774<\/span><\/span><\/span><\/span><\/span><\/span><\/span><\/span><\/li>\n<li> \t\t<span><span><span><span><span><span><span><span>Hac\u0131o\u011flu &nbsp;&nbsp; &nbsp;267<\/span><\/span><\/span><\/span><\/span><\/span><\/span><\/span><\/li>\n<li> \t\t<span><span><span><span><span><span><span><span>\u0130kizce &nbsp;&nbsp; &nbsp;&nbsp;&nbsp; &nbsp;180<\/span><\/span><\/span><\/span><\/span><\/span><\/span><\/span><\/li>\n<li> \t\t<span><span><span><span><span><span><span><span>\u0130slamlar &nbsp;&nbsp; &nbsp;2.034<\/span><\/span><\/span><\/span><\/span><\/span><\/span><\/span><\/li>\n<li> \t\t<span><span><span><span><span><span><span><span>Kalkan &nbsp;&nbsp; &nbsp;&nbsp;&nbsp; &nbsp;2.259<\/span><\/span><\/span><\/span><\/span><\/span><\/span><\/span><\/li>\n<li> \t\t<span><span><span><span><span><span><span><span>Karada\u011f &nbsp;&nbsp; &nbsp;1.055<\/span><\/span><\/span><\/span><\/span><\/span><\/span><\/span><\/li>\n<li> \t\t<span><span><span><span><span><span><span><span>Kasaba &nbsp;&nbsp; &nbsp;&nbsp;&nbsp; &nbsp;1.168<\/span><\/span><\/span><\/span><\/span><\/span><\/span><\/span><\/li>\n<li> \t\t<span><span><span><span><span><span><span><span>Kemerk\u00f6y &nbsp;&nbsp; &nbsp;510<\/span><\/span><\/span><\/span><\/span><\/span><\/span><\/span><\/li>\n<li> \t\t<span><span><span><span><span><span><span><span>K\u0131l\u0131\u00e7l\u0131 &nbsp;&nbsp; &nbsp;231<\/span><\/span><\/span><\/span><\/span><\/span><\/span><\/span><\/li>\n<li> \t\t<span><span><span><span><span><span><span><span>K\u0131l\u0131\u00e7l\u0131yayla &nbsp;&nbsp; &nbsp;272<\/span><\/span><\/span><\/span><\/span><\/span><\/span><\/span><\/li>\n<li> \t\t<span><span><span><span><span><span><span><span>K\u0131n\u0131k &nbsp;&nbsp; &nbsp;&nbsp;&nbsp; &nbsp;5.526<\/span><\/span><\/span><\/span><\/span><\/span><\/span><\/span><\/li>\n<li> \t\t<span><span><span><span><span><span><span><span>K\u0131z\u0131la\u011fa\u00e7 &nbsp;&nbsp; &nbsp;217<\/span><\/span><\/span><\/span><\/span><\/span><\/span><\/span><\/li>\n<li> \t\t<span><span><span><span><span><span><span><span>Ortaba\u011f &nbsp;&nbsp; &nbsp;257<\/span><\/span><\/span><\/span><\/span><\/span><\/span><\/span><\/li>\n<li> \t\t<span><span><span><span><span><span><span><span>Ova &nbsp;&nbsp; &nbsp;&nbsp;&nbsp; &nbsp;5.126<\/span><\/span><\/span><\/span><\/span><\/span><\/span><\/span><\/li>\n<li> \t\t<span><span><span><span><span><span><span><span>Palamut &nbsp;&nbsp; &nbsp;1.043<\/span><\/span><\/span><\/span><\/span><\/span><\/span><\/span><\/li>\n<li> \t\t<span><span><span><span><span><span><span><span>P\u0131narba\u015f\u0131 &nbsp;&nbsp; &nbsp;112<\/span><\/span><\/span><\/span><\/span><\/span><\/span><\/span><\/li>\n<li> \t\t<span><span><span><span><span><span><span><span>Sar\u0131belen &nbsp;&nbsp; &nbsp;800<\/span><\/span><\/span><\/span><\/span><\/span><\/span><\/span><\/li>\n<li> \t\t<span><span><span><span><span><span><span><span>Sar\u0131lar &nbsp;&nbsp; &nbsp;145<\/span><\/span><\/span><\/span><\/span><\/span><\/span><\/span><\/li>\n<li> \t\t<span><span><span><span><span><span><span><span>Sinneli &nbsp;&nbsp; &nbsp;141<\/span><\/span><\/span><\/span><\/span><\/span><\/span><\/span><\/li>\n<li> \t\t<span><span><span><span><span><span><span><span>S\u00fctle\u011fen &nbsp;&nbsp; &nbsp;878<\/span><\/span><\/span><\/span><\/span><\/span><\/span><\/span><\/li>\n<li> \t\t<span><span><span><span><span><span><span><span>U\u011frar &nbsp;&nbsp; &nbsp;&nbsp;&nbsp; &nbsp;781<\/span><\/span><\/span><\/span><\/span><\/span><\/span><\/span><\/li>\n<li> \t\t<span><span><span><span><span><span><span><span>\u00dcz\u00fcml\u00fc &nbsp;&nbsp; &nbsp;&nbsp;&nbsp; &nbsp;1.382<\/span><\/span><\/span><\/span><\/span><\/span><\/span><\/span><\/li>\n<li> \t\t<span><span><span><span><span><span><span><span>Yaylapalamut &nbsp;&nbsp; &nbsp;290<\/span><\/span><\/span><\/span><\/span><\/span><\/span><\/span><\/li>\n<li> \t\t<span><span><span><span><span><span><span><span>Yenik\u00f6y &nbsp;&nbsp; &nbsp;61<\/span><\/span><\/span><\/span><\/span><\/span><\/span><\/span><\/li>\n<li> \t\t<span><span><span><span><span><span><span><span>Ye\u015filbarak &nbsp;&nbsp; &nbsp;281<\/span><\/span><\/span><\/span><\/span><\/span><\/span><\/span><\/li>\n<li> \t\t<span><span><span><span><span><span><span><span>Ye\u015filk\u00f6y &nbsp;&nbsp; &nbsp;3.311<\/span><\/span><\/span><\/span><\/span><\/span><\/span><\/span><\/li>\n<li> \t\t<span><span><span><span><span><span><span><span>Yuvac\u0131k &nbsp;&nbsp; &nbsp;320<\/span><\/span><\/span><\/span><\/span><\/span><\/span><\/span><\/li>\n<li> \t\t<span><span><span><span><span><span><span><span>Total &nbsp;&nbsp; &nbsp;&nbsp;&nbsp; &nbsp;49.629<\/span><\/span><\/span><\/span><\/span><\/span><\/span><\/span><\/li>\n<\/ol>\n<p> \t<span><span><span><span><span><span><span><span><span><span class=\"hps\">*<\/span> <span class=\"hps\">Staden<\/span> <span class=\"hps\">Ka\u015f<\/span> <span class=\"hps\">har<\/span> <span class=\"hps\">en<\/span> <span class=\"hps\">romersk<\/span> <span class=\"hps\">amfiteater<\/span> <span class=\"hps\">och m\u00e5nga<\/span> <span class=\"hps\">andra<\/span> <span class=\"hps\">platser<\/span> <span class=\"hps\">av<\/span> <span class=\"hps\">historiskt<\/span> <span class=\"hps\">intresse<\/span><span>,<\/span> <span class=\"hps\">och<\/span>&nbsp;<span class=\"hps\">\u00e4r fl\u00e4ckat<\/span>&nbsp;<span class=\"hps\">av naturlig<\/span> <span class=\"hps\">sk\u00f6nhet,<\/span> <span class=\"hps\">d\u00e4ribland<\/span> <span class=\"hps\">utm\u00e4rkta str\u00e4nder<\/span> <span class=\"hps\">och<\/span> <span class=\"hps\">en rad intressanta<\/span> <span class=\"hps\">grottor<\/span><span>, n\u00e5gra<\/span> <span class=\"hps\">av dem<\/span> <span class=\"hps\">under vattnet<\/span><span>.<\/span><br \/> \t<span class=\"hps\">*<\/span> <span class=\"hps\">Bergen bakom<\/span> <span class=\"hps\">kusten<\/span> <span class=\"hps\">erbjuder otaliga&nbsp;platser<\/span> <span class=\"hps\">f\u00f6r vandring<\/span><span>, kl\u00e4ttring<\/span> <span class=\"hps\">och<\/span> <span class=\"hps\">forsr\u00e4nning<\/span><span>.<\/span><br \/> \t<span class=\"hps\">*<\/span> <span class=\"hps\">Ruinerna<\/span> <span class=\"hps\">av<\/span> <span class=\"hps\">antika<\/span> <span class=\"hps\">st\u00e4derna<\/span> <span class=\"hps\">Komba<\/span> <span class=\"hps atn\">(<\/span><span>i<\/span> <span class=\"hps\">byn<\/span> <span class=\"hps\">Gombe<\/span><span>)<\/span><span>,<\/span> <span class=\"hps\">Nisa<\/span><span>,<\/span> <span class=\"hps\">Kandyba<\/span><span>,<\/span> <span class=\"hps\">Phellos<\/span><span>,<\/span> <span class=\"hps\">Istlada<\/span><span>,<\/span> <span class=\"hps\">Apollonia<\/span><span>,<\/span> <span class=\"hps\">Isinda<\/span> <span class=\"hps\">och<\/span> <span class=\"hps\">Kyaenai<\/span><span>.<\/span><br \/> \t<span class=\"hps\">*<\/span> <span class=\"hps\">En<\/span> <span class=\"hps\">popul\u00e4r<\/span> <span class=\"hps\">utflykt<\/span> <span class=\"hps\">fr\u00e5n<\/span> <span class=\"hps\">Ka\u015f<\/span> <span class=\"hps\">\u00e4r<\/span> <span class=\"hps\">Kekova<\/span><span class=\"hps\">\u00f6n<\/span> <span class=\"hps\">i<\/span> <span class=\"hps\">den angr\u00e4nsande<\/span> <span class=\"hps\">stadsdelen<\/span> <span class=\"hps\">Demre<\/span><span>.<\/span> <span class=\"hps\">H\u00e4r<\/span> <span class=\"hps\">i<\/span> <span class=\"hps\">dom magnifika<\/span> <span class=\"hps\">vikarna<\/span> <span class=\"hps\">kommer du att<\/span> <span class=\"hps\">se<\/span> <span class=\"hps\">ett \u00f6verraskande utbud av<\/span> <span class=\"hps\">vrak<\/span>&nbsp;fr\u00e5n <span class=\"hps\">gamla<\/span> <span class=\"hps\">fartyg<\/span> <span class=\"hps\">och<\/span> <span class=\"hps\">gamla<\/span> <span class=\"hps\">st\u00e4der som<\/span>&nbsp;<span class=\"hps\">sjunkit<\/span> <span class=\"hps\">under havet till f\u00f6ljd<\/span>&nbsp;<span class=\"hps\">av jordb\u00e4vningar<\/span> <span class=\"hps\">under \u00e5rhundradena.<\/span> <span class=\"hps\">Havet<\/span> <span class=\"hps\">\u00e4r<\/span>&nbsp;s\u00e5 otroligt<span class=\"hps\">&nbsp;klart<\/span> <span class=\"hps\">att<\/span> <span class=\"hps\">uppgifter om<\/span> <span class=\"hps\">byggnader, s\u00e5som<\/span> <span class=\"hps\">trappor<\/span> <span class=\"hps\">och kolumner<\/span> <span class=\"hps\">kan<\/span> <span class=\"hps\">ses<\/span> <span class=\"hps\">fr\u00e5n b\u00e5ten<\/span><span>.<\/span> <span class=\"hps\">I december 2006 lades<\/span>&nbsp;<span class=\"hps\">Ka\u015f<\/span> till i det <span class=\"hps\">s\u00e4rskilt<\/span> <span class=\"hps\">skyddade<\/span> <span class=\"hps\">Kekova<\/span> <span class=\"hps\">marina<\/span> <span class=\"hps\">omr\u00e5det i syfte<\/span>&nbsp;att <span class=\"hps\">bevara<\/span> <span class=\"hps\">dess<\/span> <span class=\"hps\">rika<\/span> <span class=\"hps\">biologiska m\u00e5ngfald.<\/span><\/span><\/span><\/span><\/span><\/span><\/span><\/span><\/span><\/span><\/p>\n","protected":false},"excerpt":{"rendered":"<p>Ka\u015f \u00e4r en liten fiske-, seglings- och turiststad och \u00e4r ett distrikt i Antalya provinsen i Turkiet, 168 km v\u00e4ster&nbsp;om staden Antalya. Som turiststad \u00e4r den&nbsp;relativt or\u00f6rd. Geografi Staden Ka\u015f ligger p\u00e5 en kulle som g\u00e5r ner till havet.&nbsp;Omr\u00e5det har ett typiskt medelhavsklimat med&nbsp;heta torra somrar och varma, fuktiga vintrar, vilket inneb\u00e4r att tillv\u00e4xten av [&hellip;]<\/p>\n","protected":false},"author":42,"featured_media":0,"comment_status":"closed","ping_status":"closed","sticky":false,"template":"","format":"standard","meta":{"footnotes":""},"categories":[1889],"tags":[2174,2172,2175,2173,2177,2178,2176],"yoast_head":"<!-- This site is optimized with the Yoast SEO plugin v22.6 - https:\/\/yoast.com\/wordpress\/plugins\/seo\/ -->\n<title>Fakta om Kas - Properties in Alanya.<\/title>\n<meta name=\"description\" content=\"Fakta om Kas - Properties in Alanya.\" \/>\n<meta name=\"robots\" content=\"index, follow, max-snippet:-1, max-image-preview:large, max-video-preview:-1\" \/>\n<link rel=\"canonical\" href=\"https:\/\/www.alanyaproperties.com\/sv\/sv-om-turkiet\/turkey-about-turkey\/bra-att-veta-om-kas-antalya-turkiet\/\" \/>\n<meta property=\"og:locale\" content=\"sv_SE\" \/>\n<meta property=\"og:type\" content=\"article\" \/>\n<meta property=\"og:title\" content=\"Fakta om Kas - Properties in Alanya.\" \/>\n<meta property=\"og:description\" content=\"Fakta om Kas - Properties in Alanya.\" \/>\n<meta property=\"og:url\" content=\"https:\/\/www.alanyaproperties.com\/sv\/sv-om-turkiet\/turkey-about-turkey\/bra-att-veta-om-kas-antalya-turkiet\/\" \/>\n<meta property=\"og:site_name\" content=\"Properties in Alanya.\" \/>\n<meta property=\"article:publisher\" content=\"https:\/\/www.facebook.com\/alanyaproperties\/\" \/>\n<meta property=\"article:published_time\" content=\"2009-10-23T07:11:41+00:00\" \/>\n<meta name=\"author\" content=\"Yusuf Ekinci\" \/>\n<meta name=\"twitter:card\" content=\"summary_large_image\" \/>\n<meta name=\"twitter:creator\" content=\"@alanyapro\" \/>\n<meta name=\"twitter:site\" content=\"@alanyapro\" \/>\n<meta name=\"twitter:label1\" content=\"Skriven av\" \/>\n\t<meta name=\"twitter:data1\" content=\"Yusuf Ekinci\" \/>\n\t<meta name=\"twitter:label2\" content=\"Ber\u00e4knad l\u00e4stid\" \/>\n\t<meta name=\"twitter:data2\" content=\"6 minuter\" \/>\n<script type=\"application\/ld+json\" class=\"yoast-schema-graph\">{\"@context\":\"https:\/\/schema.org\",\"@graph\":[{\"@type\":\"Article\",\"@id\":\"https:\/\/www.alanyaproperties.com\/sv\/sv-om-turkiet\/turkey-about-turkey\/bra-att-veta-om-kas-antalya-turkiet\/#article\",\"isPartOf\":{\"@id\":\"https:\/\/www.alanyaproperties.com\/sv\/sv-om-turkiet\/turkey-about-turkey\/bra-att-veta-om-kas-antalya-turkiet\/\"},\"author\":{\"name\":\"Yusuf Ekinci\",\"@id\":\"https:\/\/www.alanyaproperties.com\/sv\/#\/schema\/person\/8a92cc9600cbc25fcc67c304ba14680c\"},\"headline\":\"Fakta om Kas\",\"datePublished\":\"2009-10-23T07:11:41+00:00\",\"dateModified\":\"2009-10-23T07:11:41+00:00\",\"mainEntityOfPage\":{\"@id\":\"https:\/\/www.alanyaproperties.com\/sv\/sv-om-turkiet\/turkey-about-turkey\/bra-att-veta-om-kas-antalya-turkiet\/\"},\"wordCount\":1193,\"publisher\":{\"@id\":\"https:\/\/www.alanyaproperties.com\/sv\/#organization\"},\"keywords\":[\"Antalya Turkey\",\"Fakta om Kas\",\"fishing\",\"Kalkan\",\"tourist city\",\"turist city\",\"Yachting\"],\"articleSection\":[\"Turquie\"],\"inLanguage\":\"sv-SE\"},{\"@type\":\"WebPage\",\"@id\":\"https:\/\/www.alanyaproperties.com\/sv\/sv-om-turkiet\/turkey-about-turkey\/bra-att-veta-om-kas-antalya-turkiet\/\",\"url\":\"https:\/\/www.alanyaproperties.com\/sv\/sv-om-turkiet\/turkey-about-turkey\/bra-att-veta-om-kas-antalya-turkiet\/\",\"name\":\"Fakta om Kas - Properties in Alanya.\",\"isPartOf\":{\"@id\":\"https:\/\/www.alanyaproperties.com\/sv\/#website\"},\"datePublished\":\"2009-10-23T07:11:41+00:00\",\"dateModified\":\"2009-10-23T07:11:41+00:00\",\"description\":\"Fakta om Kas - Properties in Alanya.\",\"breadcrumb\":{\"@id\":\"https:\/\/www.alanyaproperties.com\/sv\/sv-om-turkiet\/turkey-about-turkey\/bra-att-veta-om-kas-antalya-turkiet\/#breadcrumb\"},\"inLanguage\":\"sv-SE\",\"potentialAction\":[{\"@type\":\"ReadAction\",\"target\":[\"https:\/\/www.alanyaproperties.com\/sv\/sv-om-turkiet\/turkey-about-turkey\/bra-att-veta-om-kas-antalya-turkiet\/\"]}]},{\"@type\":\"BreadcrumbList\",\"@id\":\"https:\/\/www.alanyaproperties.com\/sv\/sv-om-turkiet\/turkey-about-turkey\/bra-att-veta-om-kas-antalya-turkiet\/#breadcrumb\",\"itemListElement\":[{\"@type\":\"ListItem\",\"position\":1,\"name\":\"Home\",\"item\":\"https:\/\/www.alanyaproperties.com\/sv\/\"},{\"@type\":\"ListItem\",\"position\":2,\"name\":\"Fakta om Kas\"}]},{\"@type\":\"WebSite\",\"@id\":\"https:\/\/www.alanyaproperties.com\/sv\/#website\",\"url\":\"https:\/\/www.alanyaproperties.com\/sv\/\",\"name\":\"Properties in Alanya.\",\"description\":\"Fastighet till salu i Turkiet. | Fastighet i Alanya\",\"publisher\":{\"@id\":\"https:\/\/www.alanyaproperties.com\/sv\/#organization\"},\"potentialAction\":[{\"@type\":\"SearchAction\",\"target\":{\"@type\":\"EntryPoint\",\"urlTemplate\":\"https:\/\/www.alanyaproperties.com\/sv\/?s={search_term_string}\"},\"query-input\":\"required name=search_term_string\"}],\"inLanguage\":\"sv-SE\"},{\"@type\":\"Organization\",\"@id\":\"https:\/\/www.alanyaproperties.com\/sv\/#organization\",\"name\":\"Alanya Properties\",\"url\":\"https:\/\/www.alanyaproperties.com\/sv\/\",\"logo\":{\"@type\":\"ImageObject\",\"inLanguage\":\"sv-SE\",\"@id\":\"https:\/\/www.alanyaproperties.com\/sv\/#\/schema\/logo\/image\/\",\"url\":\"https:\/\/i0.wp.com\/www.alanyaproperties.com\/wp-content\/uploads\/2017\/06\/alanya-properties-logo-180to.png?fit=180%2C81&ssl=1\",\"contentUrl\":\"https:\/\/i0.wp.com\/www.alanyaproperties.com\/wp-content\/uploads\/2017\/06\/alanya-properties-logo-180to.png?fit=180%2C81&ssl=1\",\"width\":180,\"height\":81,\"caption\":\"Alanya Properties\"},\"image\":{\"@id\":\"https:\/\/www.alanyaproperties.com\/sv\/#\/schema\/logo\/image\/\"},\"sameAs\":[\"https:\/\/www.facebook.com\/alanyaproperties\/\",\"https:\/\/x.com\/alanyapro\",\"https:\/\/www.instagram.com\/alanyaproperties\/\",\"https:\/\/www.youtube.com\/c\/AlanyaProperties\"]},{\"@type\":\"Person\",\"@id\":\"https:\/\/www.alanyaproperties.com\/sv\/#\/schema\/person\/8a92cc9600cbc25fcc67c304ba14680c\",\"name\":\"Yusuf Ekinci\",\"image\":{\"@type\":\"ImageObject\",\"inLanguage\":\"sv-SE\",\"@id\":\"https:\/\/www.alanyaproperties.com\/sv\/#\/schema\/person\/image\/\",\"url\":\"https:\/\/secure.gravatar.com\/avatar\/aed1d8afe914e0136d015d60f22bd285?s=96&d=mm&r=g\",\"contentUrl\":\"https:\/\/secure.gravatar.com\/avatar\/aed1d8afe914e0136d015d60f22bd285?s=96&d=mm&r=g\",\"caption\":\"Yusuf Ekinci\"},\"sameAs\":[\"http:\/\/alanya-web.com\"],\"url\":\"https:\/\/www.alanyaproperties.com\/sv\/author\/admin\/\"}]}<\/script>\n<!-- \/ Yoast SEO plugin. -->","yoast_head_json":{"title":"Fakta om Kas - Properties in Alanya.","description":"Fakta om Kas - Properties in Alanya.","robots":{"index":"index","follow":"follow","max-snippet":"max-snippet:-1","max-image-preview":"max-image-preview:large","max-video-preview":"max-video-preview:-1"},"canonical":"https:\/\/www.alanyaproperties.com\/sv\/sv-om-turkiet\/turkey-about-turkey\/bra-att-veta-om-kas-antalya-turkiet\/","og_locale":"sv_SE","og_type":"article","og_title":"Fakta om Kas - Properties in Alanya.","og_description":"Fakta om Kas - Properties in Alanya.","og_url":"https:\/\/www.alanyaproperties.com\/sv\/sv-om-turkiet\/turkey-about-turkey\/bra-att-veta-om-kas-antalya-turkiet\/","og_site_name":"Properties in Alanya.","article_publisher":"https:\/\/www.facebook.com\/alanyaproperties\/","article_published_time":"2009-10-23T07:11:41+00:00","author":"Yusuf Ekinci","twitter_card":"summary_large_image","twitter_creator":"@alanyapro","twitter_site":"@alanyapro","twitter_misc":{"Skriven av":"Yusuf Ekinci","Ber\u00e4knad l\u00e4stid":"6 minuter"},"schema":{"@context":"https:\/\/schema.org","@graph":[{"@type":"Article","@id":"https:\/\/www.alanyaproperties.com\/sv\/sv-om-turkiet\/turkey-about-turkey\/bra-att-veta-om-kas-antalya-turkiet\/#article","isPartOf":{"@id":"https:\/\/www.alanyaproperties.com\/sv\/sv-om-turkiet\/turkey-about-turkey\/bra-att-veta-om-kas-antalya-turkiet\/"},"author":{"name":"Yusuf Ekinci","@id":"https:\/\/www.alanyaproperties.com\/sv\/#\/schema\/person\/8a92cc9600cbc25fcc67c304ba14680c"},"headline":"Fakta om Kas","datePublished":"2009-10-23T07:11:41+00:00","dateModified":"2009-10-23T07:11:41+00:00","mainEntityOfPage":{"@id":"https:\/\/www.alanyaproperties.com\/sv\/sv-om-turkiet\/turkey-about-turkey\/bra-att-veta-om-kas-antalya-turkiet\/"},"wordCount":1193,"publisher":{"@id":"https:\/\/www.alanyaproperties.com\/sv\/#organization"},"keywords":["Antalya Turkey","Fakta om Kas","fishing","Kalkan","tourist city","turist city","Yachting"],"articleSection":["Turquie"],"inLanguage":"sv-SE"},{"@type":"WebPage","@id":"https:\/\/www.alanyaproperties.com\/sv\/sv-om-turkiet\/turkey-about-turkey\/bra-att-veta-om-kas-antalya-turkiet\/","url":"https:\/\/www.alanyaproperties.com\/sv\/sv-om-turkiet\/turkey-about-turkey\/bra-att-veta-om-kas-antalya-turkiet\/","name":"Fakta om Kas - Properties in Alanya.","isPartOf":{"@id":"https:\/\/www.alanyaproperties.com\/sv\/#website"},"datePublished":"2009-10-23T07:11:41+00:00","dateModified":"2009-10-23T07:11:41+00:00","description":"Fakta om Kas - Properties in Alanya.","breadcrumb":{"@id":"https:\/\/www.alanyaproperties.com\/sv\/sv-om-turkiet\/turkey-about-turkey\/bra-att-veta-om-kas-antalya-turkiet\/#breadcrumb"},"inLanguage":"sv-SE","potentialAction":[{"@type":"ReadAction","target":["https:\/\/www.alanyaproperties.com\/sv\/sv-om-turkiet\/turkey-about-turkey\/bra-att-veta-om-kas-antalya-turkiet\/"]}]},{"@type":"BreadcrumbList","@id":"https:\/\/www.alanyaproperties.com\/sv\/sv-om-turkiet\/turkey-about-turkey\/bra-att-veta-om-kas-antalya-turkiet\/#breadcrumb","itemListElement":[{"@type":"ListItem","position":1,"name":"Home","item":"https:\/\/www.alanyaproperties.com\/sv\/"},{"@type":"ListItem","position":2,"name":"Fakta om Kas"}]},{"@type":"WebSite","@id":"https:\/\/www.alanyaproperties.com\/sv\/#website","url":"https:\/\/www.alanyaproperties.com\/sv\/","name":"Properties in Alanya.","description":"Fastighet till salu i Turkiet. | Fastighet i Alanya","publisher":{"@id":"https:\/\/www.alanyaproperties.com\/sv\/#organization"},"potentialAction":[{"@type":"SearchAction","target":{"@type":"EntryPoint","urlTemplate":"https:\/\/www.alanyaproperties.com\/sv\/?s={search_term_string}"},"query-input":"required name=search_term_string"}],"inLanguage":"sv-SE"},{"@type":"Organization","@id":"https:\/\/www.alanyaproperties.com\/sv\/#organization","name":"Alanya Properties","url":"https:\/\/www.alanyaproperties.com\/sv\/","logo":{"@type":"ImageObject","inLanguage":"sv-SE","@id":"https:\/\/www.alanyaproperties.com\/sv\/#\/schema\/logo\/image\/","url":"https:\/\/i0.wp.com\/www.alanyaproperties.com\/wp-content\/uploads\/2017\/06\/alanya-properties-logo-180to.png?fit=180%2C81&ssl=1","contentUrl":"https:\/\/i0.wp.com\/www.alanyaproperties.com\/wp-content\/uploads\/2017\/06\/alanya-properties-logo-180to.png?fit=180%2C81&ssl=1","width":180,"height":81,"caption":"Alanya Properties"},"image":{"@id":"https:\/\/www.alanyaproperties.com\/sv\/#\/schema\/logo\/image\/"},"sameAs":["https:\/\/www.facebook.com\/alanyaproperties\/","https:\/\/x.com\/alanyapro","https:\/\/www.instagram.com\/alanyaproperties\/","https:\/\/www.youtube.com\/c\/AlanyaProperties"]},{"@type":"Person","@id":"https:\/\/www.alanyaproperties.com\/sv\/#\/schema\/person\/8a92cc9600cbc25fcc67c304ba14680c","name":"Yusuf Ekinci","image":{"@type":"ImageObject","inLanguage":"sv-SE","@id":"https:\/\/www.alanyaproperties.com\/sv\/#\/schema\/person\/image\/","url":"https:\/\/secure.gravatar.com\/avatar\/aed1d8afe914e0136d015d60f22bd285?s=96&d=mm&r=g","contentUrl":"https:\/\/secure.gravatar.com\/avatar\/aed1d8afe914e0136d015d60f22bd285?s=96&d=mm&r=g","caption":"Yusuf Ekinci"},"sameAs":["http:\/\/alanya-web.com"],"url":"https:\/\/www.alanyaproperties.com\/sv\/author\/admin\/"}]}},"jetpack_sharing_enabled":true,"jetpack_featured_media_url":"","_links":{"self":[{"href":"https:\/\/www.alanyaproperties.com\/sv\/wp-json\/wp\/v2\/posts\/3424"}],"collection":[{"href":"https:\/\/www.alanyaproperties.com\/sv\/wp-json\/wp\/v2\/posts"}],"about":[{"href":"https:\/\/www.alanyaproperties.com\/sv\/wp-json\/wp\/v2\/types\/post"}],"author":[{"embeddable":true,"href":"https:\/\/www.alanyaproperties.com\/sv\/wp-json\/wp\/v2\/users\/42"}],"replies":[{"embeddable":true,"href":"https:\/\/www.alanyaproperties.com\/sv\/wp-json\/wp\/v2\/comments?post=3424"}],"version-history":[{"count":0,"href":"https:\/\/www.alanyaproperties.com\/sv\/wp-json\/wp\/v2\/posts\/3424\/revisions"}],"wp:attachment":[{"href":"https:\/\/www.alanyaproperties.com\/sv\/wp-json\/wp\/v2\/media?parent=3424"}],"wp:term":[{"taxonomy":"category","embeddable":true,"href":"https:\/\/www.alanyaproperties.com\/sv\/wp-json\/wp\/v2\/categories?post=3424"},{"taxonomy":"post_tag","embeddable":true,"href":"https:\/\/www.alanyaproperties.com\/sv\/wp-json\/wp\/v2\/tags?post=3424"}],"curies":[{"name":"wp","href":"https:\/\/api.w.org\/{rel}","templated":true}]}}