{"id":3414,"date":"2009-10-23T07:05:43","date_gmt":"2009-10-23T07:05:43","guid":{"rendered":"http:\/\/www.alanyaproperties.com\/laes-mer-om-kemer\/"},"modified":"2021-01-26T06:51:35","modified_gmt":"2021-01-26T06:51:35","slug":"laes-mer-om-kemer","status":"publish","type":"post","link":"https:\/\/www.alanyaproperties.com\/sv\/sv-om-turkiet\/turkey-about-turkey\/laes-mer-om-kemer\/","title":{"rendered":"Fakta om Kemer"},"content":{"rendered":"<p><strong><span class=\"hps\">Kemer<\/span> <\/strong><span class=\"hps\">\u00e4r<\/span> <span class=\"hps\">en<\/span>\u00a0<span class=\"hps\">by\u00a0och ett distrikt\u00a0direkt vid havet<\/span> <span class=\"hps\">i<\/span> <span class=\"hps\">provinsen<\/span> <span class=\"hps\">Antalya<\/span> <span class=\"hps\">p\u00e5 den turkiska medelhavskusten<\/span>, <span class=\"hps\">40<\/span> <span class=\"hps\">km<\/span> <span class=\"hps\">v\u00e4ster<\/span>\u00a0om<span class=\"hps\"> Antalya<\/span>.<\/p>\n<p><span class=\"hps\">Kemer<\/span> ligger vid\u00a0Antalyagolfen,\u00a0<span class=\"hps\">53<\/span> <span class=\"hps\">km<\/span> <span class=\"hps\">fr\u00e5n<\/span> <span class=\"hps\">kusten<\/span>\u00a0<span class=\"hps\">vid utkanten av Taurusbergens v\u00e4stra del.<\/span>\u00a0<span class=\"hps\">Kusten<\/span> <span class=\"hps\">har<\/span> <span class=\"hps\">ett typiskt<\/span> <span class=\"hps\">medelhavsklimat<\/span> med\u00a0hett och torrt v\u00e4der och varmt i havet. <span class=\"hps\">Fram till<\/span> <span class=\"hps\">b\u00f6rjan av<\/span> <span class=\"hps\">1980-talet<\/span> <span class=\"hps\">var<\/span> <span class=\"hps\">detta<\/span> <span class=\"hps\">ett lugnt lantligt<\/span> <span class=\"hps\">omr\u00e5de<\/span>, <span class=\"hps\">men<\/span> <span class=\"hps\">i dag \u00e4r<\/span>\u00a0<span class=\"hps\">staden<\/span> <span class=\"hps\">Kemer<\/span> <span class=\"hps\">och<\/span> <span class=\"hps\">kust<\/span><span class=\"hps\">byarna i omr\u00e5det<\/span> <span class=\"hps\">en mycket<\/span> <span class=\"hps\">viktig<\/span> <span class=\"hps\">del<\/span> <span class=\"hps\">av Turkiets turism.<\/span><\/p>\n<p>&nbsp;<\/p>\n<p><span class=\"hps\"><strong><span class=\"hps\">Historia<\/span><\/strong><br \/>\n<span class=\"hps\">Forskning<\/span> <span class=\"hps\">visar<\/span>\u00a0<span class=\"hps\">att Kemer tidigare var den lykiska staden<\/span>\u00a0<span class=\"hps\">Idyros<\/span>.<\/span><\/p>\n<p>&nbsp;<\/p>\n<p><span class=\"hps\"><strong><span class=\"hps\">Historisk<\/span> <span class=\"hps\">karta \u00f6ver<\/span> <span class=\"hps\">Kemer<\/span> <span class=\"hps\">av<\/span> <span class=\"hps\">Piri<\/span> <span class=\"hps\">Reis<\/span><\/strong><\/span><\/p>\n<p><span class=\"hps\">Kemer<\/span> <span class=\"hps\">hette<\/span> <span class=\"hps\">Eski<\/span> <span class=\"hps\">K\u00f6y<\/span> <span class=\"hps atn\">(<\/span>gamla <span class=\"hps\">byn<\/span>) till <span class=\"hps\">\u00e5r 1916<\/span> <span class=\"hps\">&#8211; 1917.<\/span> E<span class=\"hps\">n<\/span> <span class=\"hps\">23<\/span> <span class=\"hps\">km<\/span> <span class=\"hps\">l\u00e5ng<\/span> <span class=\"hps\">stenmur<\/span> <span class=\"hps\">byggdes<\/span> <span class=\"hps\">f\u00f6r att\u00a0f\u00f6rhindra att vatten fr\u00e5n bergen rann ner och \u00f6versv\u00e4mmade staden<\/span><span class=\"hps\">.<\/span> <span class=\"hps\">Namnet<\/span>\u00a0Kemer <span class=\"hps\">h\u00e4nvisas till dessa<\/span> <span class=\"hps\">v\u00e4ggar<\/span>.<\/p>\n<p><span class=\"hps\">Fram till<\/span> <span class=\"hps\">1960<\/span> <span class=\"hps\">fanns det<\/span> <span class=\"hps\">ingen<\/span> <span class=\"hps\">kustv\u00e4g<\/span> <span class=\"hps\">och<\/span> <span class=\"hps\">distriktet<\/span> <span class=\"hps\">var<\/span> <span class=\"hps\">tillg\u00e4nglig<\/span> <span class=\"hps\">endast med b\u00e5t<\/span>. <span class=\"hps\">D\u00e4refter byggdes en v\u00e4g och fr\u00e5n och med 1980-talet och fram\u00e5t\u00a0gjordes stora satsningar p\u00e5 infrastrukturen, planerad av staten och bekostad av V\u00e4rldsbanken, med m\u00e5let att utveckla turismen.<\/span><\/p>\n<p>&nbsp;<\/p>\n<p><span class=\"hps\"><strong><span class=\"hps\">Demografi<\/span><\/strong><\/span><\/p>\n<p><span class=\"hps\">Stadsdelen<\/span> <span class=\"hps\">har en befolkning<\/span> <span class=\"hps\">p\u00e5<\/span> <span class=\"hps\">33,153<\/span> <span class=\"hps\">enligt folkr\u00e4kningen 2007<\/span>. <span class=\"hps\">[1<\/span>] <span class=\"hps\">Sj\u00e4lva staden<\/span> <span class=\"hps\">har<\/span> <span class=\"hps\">11,733<\/span> <span class=\"hps\">inv\u00e5nare<\/span>. <span class=\"hps\">Kemer<\/span> <span class=\"hps\">har<\/span> <span class=\"hps\">4<\/span> <span class=\"hps\">kommuner<\/span> <span class=\"hps atn\">(<\/span>Beldibi, <span class=\"hps\">Camyuva<\/span>, <span class=\"hps\">G\u00f6yn\u00fck<\/span>, <span class=\"hps\">Tekirova<\/span>) <span class=\"hps\">och<\/span> <span class=\"hps\">4<\/span> <span class=\"hps\">byar<\/span>.<\/p>\n<p><strong><span class=\"hps\">Befolkningen<\/span>\u00a0p\u00e5 <span class=\"hps\">bebodda<\/span> <span class=\"hps\">platser:<\/span><\/strong><\/p>\n<p><span class=\"hps\"><span class=\"hps\">Stad<\/span> <span class=\"hps\">\/<\/span> <span class=\"hps\">by<\/span> <span class=\"hps\">Befolkning<\/span> <span class=\"hps\">(2007<\/span>)<br \/>\n<span class=\"hps\">Kemer<\/span> <span class=\"hps\">11,733<\/span><br \/>\n<span class=\"hps\">Beldibi<\/span> <span class=\"hps\">2,494<\/span><br \/>\n<span class=\"hps\">Beycik<\/span> <span class=\"hps\">317<\/span><br \/>\n<span class=\"hps\">Camyuva<\/span> <span class=\"hps\">3,981<\/span><br \/>\n<span class=\"hps\">G\u00f6yn\u00fck<\/span> <span class=\"hps\">5,666<\/span><br \/>\n<span class=\"hps\">Kuzdere<\/span> <span class=\"hps\">4,530<\/span><br \/>\n<span class=\"hps\">Ovacik<\/span> <span class=\"hps\">61<\/span><br \/>\n<span class=\"hps\">Tekirova<\/span> <span class=\"hps\">3,547<\/span><br \/>\n<span class=\"hps\">Ulupinar<\/span> <span class=\"hps\">824<\/span><br \/>\n<span class=\"hps\">Totalt<\/span> <span class=\"hps\">33,153<\/span><\/span><\/p>\n<p><span class=\"hps\"><span class=\"hps\"><span class=\"hps\">Turismen<\/span> <span class=\"hps\">i<\/span> <span class=\"hps\">Kemer<\/span><\/span><\/span><\/p>\n<p><strong><em><span class=\"hps\">En av<\/span> <span class=\"hps\">de st\u00f6rsta<\/span> <span class=\"hps\">attraktionerna<\/span> <span class=\"hps\">i<\/span> <span class=\"hps\">Kemer<\/span> <span class=\"hps\">\u00e4r<\/span> <span class=\"hps\">dess<\/span> <span class=\"hps\">naturliga<\/span> <span class=\"hps\">sk\u00f6nhet<\/span>, <span class=\"hps\">havet, bergen<\/span> <span class=\"hps\">och<\/span> <span class=\"hps\">tallskogen i en underbar harmoni<\/span><\/em><\/strong>.\u00a0<span class=\"hps\">Kustremsan<\/span> <span class=\"hps\">fr\u00e5n<\/span> <span class=\"hps\">Beldibi<\/span> <span class=\"hps\">till<\/span> <span class=\"hps\">Tekirova<\/span> <span class=\"hps\">best\u00e5r<\/span> <span class=\"hps\">av<\/span> <span class=\"hps\">or\u00f6rda<\/span> <span class=\"hps\">str\u00e4nder<\/span> <span class=\"hps\">i<\/span> <span class=\"hps\">vikar<\/span> <span class=\"hps\">av olika<\/span> <span class=\"hps\">storlekar<\/span>, dock\u00a0<span class=\"hps\">mer<\/span> <span class=\"hps\">stenar<\/span> <span class=\"hps\">snarare<\/span> <span class=\"hps\">\u00e4n<\/span> <span class=\"hps\">sand<\/span>. <span class=\"hps\">Med<\/span> <span class=\"hps\">enkel<\/span> <span class=\"hps\">transport<\/span>, bra kommunikationer och <span class=\"hps\">andra kommunala tj\u00e4nster har<\/span>\u00a0<span class=\"hps\">Kemer<\/span> <span class=\"hps\">har<\/span> <span class=\"hps\">en<\/span> <span class=\"hps\">stor<\/span> <span class=\"hps\">del<\/span> <span class=\"hps\">av<\/span> <span class=\"hps\">Antalya<\/span><span class=\"hps\">regionens hotellkapacitet<\/span>\u00a0<span class=\"hps\">och<\/span> <span class=\"hps\">\u00e4r en bekv\u00e4m<\/span> <span class=\"hps\">och<\/span> <span class=\"hps\">fridfull semester<\/span><span class=\"hps\">kust<\/span> <span class=\"hps\">med internationellt\u00a0bra<\/span> <span class=\"hps\">rykte<\/span>,\u00a0och lockar varje \u00e5r\u00a0<span class=\"hps\">ett stort antal<\/span> <span class=\"hps\">bes\u00f6kare<\/span> <span class=\"hps\">fr\u00e5n l\u00e4nder<\/span> <span class=\"hps\">som<\/span> <span class=\"hps\">Tyskland,<\/span> <span class=\"hps\">Nederl\u00e4nderna<\/span> <span class=\"hps\">och<\/span> <span class=\"hps\">under senare<\/span> <span class=\"hps\">\u00e5r<\/span> <span class=\"hps\">huvudsakligen<\/span> <span class=\"hps\">familjer<\/span> <span class=\"hps\">fr\u00e5n<\/span> <span class=\"hps\">Ryssland.<\/span> <span class=\"hps\">M\u00e5nga<\/span> <span class=\"hps\">av<\/span> <span class=\"hps\">bes\u00f6karna kommer<\/span>\u00a0<span class=\"hps\">och bor p\u00e5 de stora all inclusive-hotellen<\/span>\u00a0<span class=\"hps\">men<\/span> <span class=\"hps\">turismen<\/span> <span class=\"hps\">\u00e4r<\/span> <span class=\"hps\">fortfarande<\/span> <span class=\"hps\">grunden i<\/span> <span class=\"hps\">den lokala<\/span> <span class=\"hps\">ekonomin.<\/span> <span class=\"hps\">Det finns<\/span> <span class=\"hps\">s\u00e5<\/span> <span class=\"hps\">m\u00e5nga<\/span> <span class=\"hps\">bes\u00f6kare<\/span> <span class=\"hps\">att de flesta<\/span> <span class=\"hps\">butiker<\/span> <span class=\"hps\">i<\/span> <span class=\"hps\">Kemer<\/span> <span class=\"hps\">\u00e4r inst\u00e4llda\u00a0p\u00e5 att<\/span> <span class=\"hps\">s\u00e4lja<\/span> <span class=\"hps\">saker<\/span> <span class=\"hps\">som<\/span> <span class=\"hps\">skinnjackor<\/span> <span class=\"hps\">till utl\u00e4ndska bes\u00f6kare, och det g\u00e5r bra att betala med euro s\u00e5v\u00e4l som turkiska lira.<\/span><\/p>\n<p><span class=\"hps\"><span class=\"hps\"><span class=\"hps\">Kemers sm\u00e5b\u00e5tshamn erbjuder ett flertal restauranger f\u00f6r turiser, och h\u00e4r \u00e4r det \u00e4ven popul\u00e4rt f\u00f6r m\u00e4nniskor fr\u00e5n Europa och USA att stanna och \u00f6vervintra i sina b\u00e5tar.<\/span><\/span><\/span><\/p>\n<p><span class=\"hps\"><span class=\"hps\"><span class=\"hps\"><span class=\"hps\">G\u00f6yn\u00fck<\/span> <span class=\"hps atn\">(<\/span>Goynuk) <span class=\"hps\">Canyon<\/span>, <span class=\"hps\">Ulupinar<\/span>, <span class=\"hps\">Olympos<\/span>, <span class=\"hps\">Chimera<\/span>, <span class=\"hps\">Phaselis<\/span>, <span class=\"hps\">Three Islands <\/span><span class=\"hps\">och<\/span> <span class=\"hps\">Eco<\/span> <span class=\"hps\">Park<\/span> <span class=\"hps\">\u00e4r<\/span> <span class=\"hps\">popul\u00e4ra utflyktsm\u00e5l f\u00f6r turister i Kemeromr\u00e5det.<\/span><\/span><\/span><\/span><\/p>\n<p><span class=\"hps\"><span class=\"hps\"><span class=\"hps\"><span class=\"hps\">Staden<\/span> <span class=\"hps\">Kemer<\/span> <span class=\"hps\">\u00e4r<\/span> <span class=\"hps\">vibrerande<\/span> <span class=\"hps\">med<\/span> <span class=\"hps\">klubbar<\/span>, barer <span class=\"hps\">och restauranger<\/span>,\u00a0<span class=\"hps\">str\u00e4nder med\u00a0Bl\u00e5 Flagg-m\u00e4rkning<\/span>\u00a0<span class=\"hps\">och<\/span> <span class=\"hps\">en<\/span> <span class=\"hps\">yacht marina med kapacitet f\u00f6r 320 b\u00e5tar<\/span>. <span class=\"hps\">Popul\u00e4ra<\/span> <span class=\"hps\">kustbyar<\/span> <span class=\"hps\">inkluderar<\/span> <span class=\"hps\">Beldibi<\/span>, <span class=\"hps\">Kiris<\/span>, <span class=\"hps\">\u00c7ayova<\/span>, <span class=\"hps\">Aslanbucak<\/span>, <span class=\"hps\">Kuzdere<\/span>, <span class=\"hps\">Beycik<\/span>, <span class=\"hps\">Camyuva<\/span>, <span class=\"hps\">G\u00f6yn\u00fck<\/span> <span class=\"hps\">och<\/span> <span class=\"hps\">\u00c7\u0131ral\u0131<\/span>.<\/span><\/span><\/span><\/p>\n<p><span class=\"hps\">\u00c5rliga evenemang<\/span> <span class=\"hps\">i omr\u00e5det<\/span> <span class=\"hps\">inkluderar<\/span> <span class=\"hps\">konstutst\u00e4llningar<\/span> <span class=\"hps\">i<\/span> <span class=\"hps\">Phaselis<\/span>, <span class=\"hps\">olika former av b\u00e5tt\u00e4vlingar<\/span>, <span class=\"hps\">WRC<\/span> <span class=\"hps atn\">(<\/span>World <span class=\"hps\">Rally<\/span> <span class=\"hps\">Championship<\/span>),\u00a0<span class=\"hps\">Turkey<\/span> <span class=\"hps\">Offshore<\/span> <span class=\"hps\">Championship<\/span>, <span class=\"hps\">Turkey<\/span> <span class=\"hps\">Motocross<\/span> <span class=\"hps\">Championship<\/span>, <span class=\"hps\">Phaselis<\/span> <span class=\"hps\">Art Festival<\/span>, <span class=\"hps\">och<\/span> <span class=\"hps\">Kemer<\/span> <span class=\"hps\">Carnival<\/span>. <span class=\"hps\">Internationella<\/span> <span class=\"hps\">popstj\u00e4rnor<\/span> <span class=\"hps\">och<\/span> <span class=\"hps\">DJs<\/span>, <span class=\"hps\">som<\/span> <span class=\"hps\">Tarkan<\/span> <span class=\"hps\">och<\/span> <span class=\"hps\">DJ<\/span> <span class=\"hps\">Tiesto<\/span>, <span class=\"hps\">ger<\/span> <span class=\"hps\">sommarens konserter<\/span> <span class=\"hps\">p\u00e5<\/span> <span class=\"hps\">denna<\/span> <span class=\"hps\">kust<\/span>.<\/p>\n<p>&nbsp;<\/p>\n<p><span class=\"hps\"><span class=\"hps\"><span class=\"hps\"><u><strong><span class=\"hps\">Omr\u00e5den av<\/span> <span class=\"hps\">naturlig sk\u00f6nhet<\/span><\/strong><\/u><span class=\"hps\">:<\/span><\/span><\/span><\/span><\/p>\n<p><span class=\"hps\">*<\/span> <span class=\"hps\">Adrasan<\/span> <span class=\"hps\">Bay<\/span> <span class=\"hps\">&#8211;<\/span> <span class=\"hps\">2<\/span> <span class=\"hps\">kilometer<\/span> <span class=\"hps\">strand<\/span><br \/>\n<span class=\"hps\">*<\/span>\u00a0<span class=\"hps\">\u00c7\u0131ral\u0131<\/span><span class=\"hps\">byn<\/span> <span class=\"hps\">och dess<\/span>\u00a0<span class=\"hps\">or\u00f6rda<\/span> <span class=\"hps\">4<\/span> <span class=\"hps\">km<\/span> <span class=\"hps atn\">(<\/span>2 <span class=\"hps\">mi<\/span>) <span class=\"hps\">strand<\/span>. <span class=\"hps\">Popul\u00e4rt f\u00f6r<\/span> <span class=\"hps\">naturvandringar.<\/span><br \/>\n<span class=\"hps\">*<\/span> <span class=\"hps\">\u00fc\u00e7<\/span> <span class=\"hps\">Adalar<\/span> <span class=\"hps atn\">(<\/span>tre \u00f6ar) <span class=\"hps\">&#8211;<\/span> <span class=\"hps\">popul\u00e4rt bland<\/span> <span class=\"hps\">dykare<\/span><br \/>\n<span class=\"hps\">*<\/span> <span class=\"hps\">Canyon<\/span> <span class=\"hps\">G\u00f6yn\u00fck<\/span><br \/>\n<span class=\"hps\">*<\/span> <span class=\"hps\">Ikiz<\/span> <span class=\"hps\">Kayalar<\/span> <span class=\"hps atn\">(<\/span>Tvillingstenar)<br \/>\n<span class=\"hps\">*<\/span> <span class=\"hps\">Byn<\/span> <span class=\"hps\">Ulupinar<\/span>, <span class=\"hps\">med<\/span> <span class=\"hps\">sitt<\/span> <span class=\"hps\">k\u00e4llvatten<\/span>.<br \/>\n<span class=\"hps\">* Det<\/span> <span class=\"hps\">finns<\/span> <span class=\"hps\">ett antal intressanta<\/span> <span class=\"hps\">grottor<\/span> <span class=\"hps\">inklusive<\/span> <span class=\"hps\">Beldibi<\/span>, <span class=\"hps\">och<\/span> <span class=\"hps\">Molla<\/span><span class=\"hps\">h\u00e5let<\/span> <span class=\"hps\">i<\/span> <span class=\"hps\">\u00f6ster<\/span> vid<span class=\"hps\">Tahtal\u0131<\/span> <span class=\"hps\">berget<\/span>.<\/p>\n<p><span class=\"hps\">Och<\/span> <span class=\"hps\">naturligtvis<\/span> <span class=\"hps\">Taurusbergen som<\/span>\u00a0<span class=\"hps\">erbjuder<\/span> <span class=\"hps\">m\u00e5nga<\/span> <span class=\"hps\">platser<\/span> <span class=\"hps\">f\u00f6r<\/span> <span class=\"hps\">promenader<\/span> <span class=\"hps\">eller<\/span> <span class=\"hps\">en<\/span> <span class=\"hps\">tur<\/span> <span class=\"hps\">med<\/span> <span class=\"hps\">jeep<\/span>.<\/p>\n<p>&nbsp;<\/p>\n<p><span class=\"hps\"><span class=\"hps\"><span class=\"hps\"><u><strong><span class=\"hps\">Historiska platser:<\/span><\/strong><\/u><\/span><\/span><\/span><\/p>\n<p><span class=\"hps\">*<\/span> <span class=\"hps\">Chimaera<\/span> <span class=\"hps\">&#8211;<\/span> <span class=\"hps\">den<\/span> <span class=\"hps\">naturliga<\/span> <span class=\"hps\">brinnande<\/span> <span class=\"hps\">berget<\/span> <span class=\"hps\">i den grekiska<\/span> <span class=\"hps\">mytologin<\/span>.<br \/>\n<span class=\"hps\">*<\/span> <span class=\"hps\">De gamla st\u00e4derna i<\/span> <span class=\"hps\">Phaselis<\/span> <span class=\"hps\">och<\/span> <span class=\"hps\">Olympos<\/span><br \/>\n<span class=\"hps\">*<\/span> <span class=\"hps\">Staden<\/span> <span class=\"hps\">Kemer<\/span> <span class=\"hps\">sj\u00e4lv<\/span> <span class=\"hps\">har<\/span> <span class=\"hps\">n\u00e5gra kvar<\/span> <span class=\"hps\">av<\/span> <span class=\"hps\">antika<\/span> <span class=\"hps\">Idryos<\/span>, <span class=\"hps\">en<\/span> <span class=\"hps\">bysantinsk<\/span> <span class=\"hps\">kyrka<\/span> <span class=\"hps\">och<\/span> <span class=\"hps\">en<\/span> <span class=\"hps\">Seljuk<\/span> <span class=\"hps\">turkiska<\/span> <span class=\"hps\">jaktstuga<\/span>.<\/p>\n<p><u><strong><span class=\"hps\">V\u00e4norter<\/span><\/strong><\/u><span class=\"hps\">:<\/span><\/p>\n<p><span class=\"hps\">*<\/span> <span class=\"hps\">Kemer<\/span> <span class=\"hps\">\u00e4r<\/span> <span class=\"hps\">en<\/span> <span class=\"hps\">v\u00e4nort<\/span> <span class=\"hps\">av<\/span> <span class=\"hps\">I korthet<\/span> <span class=\"hps\">Schwabach<\/span> <span class=\"hps\">sedan 1998<\/span>.<\/p>\n<p>&nbsp;<\/p>\n","protected":false},"excerpt":{"rendered":"<p>Kemer \u00e4r en\u00a0by\u00a0och ett distrikt\u00a0direkt vid havet i provinsen Antalya p\u00e5 den turkiska medelhavskusten, 40 km v\u00e4ster\u00a0om Antalya. Kemer ligger vid\u00a0Antalyagolfen,\u00a053 km fr\u00e5n kusten\u00a0vid utkanten av Taurusbergens v\u00e4stra del.\u00a0Kusten har ett typiskt medelhavsklimat med\u00a0hett och torrt v\u00e4der och varmt i havet. Fram till b\u00f6rjan av 1980-talet var detta ett lugnt lantligt omr\u00e5de, men i dag [&hellip;]<\/p>\n","protected":false},"author":42,"featured_media":0,"comment_status":"closed","ping_status":"closed","sticky":false,"template":"","format":"standard","meta":{"footnotes":""},"categories":[1889],"tags":[2166,2165,2167],"yoast_head":"<!-- This site is optimized with the Yoast SEO plugin v22.6 - https:\/\/yoast.com\/wordpress\/plugins\/seo\/ -->\n<title>Fakta om Kemer - Properties in Alanya.<\/title>\n<meta name=\"description\" content=\"Fakta om Kemer - Properties in Alanya.\" \/>\n<meta name=\"robots\" content=\"index, follow, max-snippet:-1, max-image-preview:large, max-video-preview:-1\" \/>\n<link rel=\"canonical\" href=\"https:\/\/www.alanyaproperties.com\/sv\/sv-om-turkiet\/turkey-about-turkey\/laes-mer-om-kemer\/\" \/>\n<meta property=\"og:locale\" content=\"sv_SE\" \/>\n<meta property=\"og:type\" content=\"article\" \/>\n<meta property=\"og:title\" content=\"Fakta om Kemer - Properties in Alanya.\" \/>\n<meta property=\"og:description\" content=\"Fakta om Kemer - Properties in Alanya.\" \/>\n<meta property=\"og:url\" content=\"https:\/\/www.alanyaproperties.com\/sv\/sv-om-turkiet\/turkey-about-turkey\/laes-mer-om-kemer\/\" \/>\n<meta property=\"og:site_name\" content=\"Properties in Alanya.\" \/>\n<meta property=\"article:publisher\" content=\"https:\/\/www.facebook.com\/alanyaproperties\/\" \/>\n<meta property=\"article:published_time\" content=\"2009-10-23T07:05:43+00:00\" \/>\n<meta property=\"article:modified_time\" content=\"2021-01-26T06:51:35+00:00\" \/>\n<meta name=\"author\" content=\"Yusuf Ekinci\" \/>\n<meta name=\"twitter:card\" content=\"summary_large_image\" \/>\n<meta name=\"twitter:creator\" content=\"@alanyapro\" \/>\n<meta name=\"twitter:site\" content=\"@alanyapro\" \/>\n<meta name=\"twitter:label1\" content=\"Skriven av\" \/>\n\t<meta name=\"twitter:data1\" content=\"Yusuf Ekinci\" \/>\n\t<meta name=\"twitter:label2\" content=\"Ber\u00e4knad l\u00e4stid\" \/>\n\t<meta name=\"twitter:data2\" content=\"3 minuter\" \/>\n<script type=\"application\/ld+json\" class=\"yoast-schema-graph\">{\"@context\":\"https:\/\/schema.org\",\"@graph\":[{\"@type\":\"Article\",\"@id\":\"https:\/\/www.alanyaproperties.com\/sv\/sv-om-turkiet\/turkey-about-turkey\/laes-mer-om-kemer\/#article\",\"isPartOf\":{\"@id\":\"https:\/\/www.alanyaproperties.com\/sv\/sv-om-turkiet\/turkey-about-turkey\/laes-mer-om-kemer\/\"},\"author\":{\"name\":\"Yusuf Ekinci\",\"@id\":\"https:\/\/www.alanyaproperties.com\/sv\/#\/schema\/person\/8a92cc9600cbc25fcc67c304ba14680c\"},\"headline\":\"Fakta om Kemer\",\"datePublished\":\"2009-10-23T07:05:43+00:00\",\"dateModified\":\"2021-01-26T06:51:35+00:00\",\"mainEntityOfPage\":{\"@id\":\"https:\/\/www.alanyaproperties.com\/sv\/sv-om-turkiet\/turkey-about-turkey\/laes-mer-om-kemer\/\"},\"wordCount\":697,\"publisher\":{\"@id\":\"https:\/\/www.alanyaproperties.com\/sv\/#organization\"},\"keywords\":[\"Antalya Province\",\"Bra att veta om Kemer\",\"Turkiet. st\u00f6rsta attraktionerna i Kemer\"],\"articleSection\":[\"Turquie\"],\"inLanguage\":\"sv-SE\"},{\"@type\":\"WebPage\",\"@id\":\"https:\/\/www.alanyaproperties.com\/sv\/sv-om-turkiet\/turkey-about-turkey\/laes-mer-om-kemer\/\",\"url\":\"https:\/\/www.alanyaproperties.com\/sv\/sv-om-turkiet\/turkey-about-turkey\/laes-mer-om-kemer\/\",\"name\":\"Fakta om Kemer - Properties in Alanya.\",\"isPartOf\":{\"@id\":\"https:\/\/www.alanyaproperties.com\/sv\/#website\"},\"datePublished\":\"2009-10-23T07:05:43+00:00\",\"dateModified\":\"2021-01-26T06:51:35+00:00\",\"description\":\"Fakta om Kemer - Properties in Alanya.\",\"breadcrumb\":{\"@id\":\"https:\/\/www.alanyaproperties.com\/sv\/sv-om-turkiet\/turkey-about-turkey\/laes-mer-om-kemer\/#breadcrumb\"},\"inLanguage\":\"sv-SE\",\"potentialAction\":[{\"@type\":\"ReadAction\",\"target\":[\"https:\/\/www.alanyaproperties.com\/sv\/sv-om-turkiet\/turkey-about-turkey\/laes-mer-om-kemer\/\"]}]},{\"@type\":\"BreadcrumbList\",\"@id\":\"https:\/\/www.alanyaproperties.com\/sv\/sv-om-turkiet\/turkey-about-turkey\/laes-mer-om-kemer\/#breadcrumb\",\"itemListElement\":[{\"@type\":\"ListItem\",\"position\":1,\"name\":\"Home\",\"item\":\"https:\/\/www.alanyaproperties.com\/sv\/\"},{\"@type\":\"ListItem\",\"position\":2,\"name\":\"Fakta om Kemer\"}]},{\"@type\":\"WebSite\",\"@id\":\"https:\/\/www.alanyaproperties.com\/sv\/#website\",\"url\":\"https:\/\/www.alanyaproperties.com\/sv\/\",\"name\":\"Properties in Alanya.\",\"description\":\"Fastighet till salu i Turkiet. | Fastighet i Alanya\",\"publisher\":{\"@id\":\"https:\/\/www.alanyaproperties.com\/sv\/#organization\"},\"potentialAction\":[{\"@type\":\"SearchAction\",\"target\":{\"@type\":\"EntryPoint\",\"urlTemplate\":\"https:\/\/www.alanyaproperties.com\/sv\/?s={search_term_string}\"},\"query-input\":\"required name=search_term_string\"}],\"inLanguage\":\"sv-SE\"},{\"@type\":\"Organization\",\"@id\":\"https:\/\/www.alanyaproperties.com\/sv\/#organization\",\"name\":\"Alanya Properties\",\"url\":\"https:\/\/www.alanyaproperties.com\/sv\/\",\"logo\":{\"@type\":\"ImageObject\",\"inLanguage\":\"sv-SE\",\"@id\":\"https:\/\/www.alanyaproperties.com\/sv\/#\/schema\/logo\/image\/\",\"url\":\"https:\/\/i0.wp.com\/www.alanyaproperties.com\/wp-content\/uploads\/2017\/06\/alanya-properties-logo-180to.png?fit=180%2C81&ssl=1\",\"contentUrl\":\"https:\/\/i0.wp.com\/www.alanyaproperties.com\/wp-content\/uploads\/2017\/06\/alanya-properties-logo-180to.png?fit=180%2C81&ssl=1\",\"width\":180,\"height\":81,\"caption\":\"Alanya Properties\"},\"image\":{\"@id\":\"https:\/\/www.alanyaproperties.com\/sv\/#\/schema\/logo\/image\/\"},\"sameAs\":[\"https:\/\/www.facebook.com\/alanyaproperties\/\",\"https:\/\/x.com\/alanyapro\",\"https:\/\/www.instagram.com\/alanyaproperties\/\",\"https:\/\/www.youtube.com\/c\/AlanyaProperties\"]},{\"@type\":\"Person\",\"@id\":\"https:\/\/www.alanyaproperties.com\/sv\/#\/schema\/person\/8a92cc9600cbc25fcc67c304ba14680c\",\"name\":\"Yusuf Ekinci\",\"image\":{\"@type\":\"ImageObject\",\"inLanguage\":\"sv-SE\",\"@id\":\"https:\/\/www.alanyaproperties.com\/sv\/#\/schema\/person\/image\/\",\"url\":\"https:\/\/secure.gravatar.com\/avatar\/aed1d8afe914e0136d015d60f22bd285?s=96&d=mm&r=g\",\"contentUrl\":\"https:\/\/secure.gravatar.com\/avatar\/aed1d8afe914e0136d015d60f22bd285?s=96&d=mm&r=g\",\"caption\":\"Yusuf Ekinci\"},\"sameAs\":[\"http:\/\/alanya-web.com\"],\"url\":\"https:\/\/www.alanyaproperties.com\/sv\/author\/admin\/\"}]}<\/script>\n<!-- \/ Yoast SEO plugin. -->","yoast_head_json":{"title":"Fakta om Kemer - Properties in Alanya.","description":"Fakta om Kemer - Properties in Alanya.","robots":{"index":"index","follow":"follow","max-snippet":"max-snippet:-1","max-image-preview":"max-image-preview:large","max-video-preview":"max-video-preview:-1"},"canonical":"https:\/\/www.alanyaproperties.com\/sv\/sv-om-turkiet\/turkey-about-turkey\/laes-mer-om-kemer\/","og_locale":"sv_SE","og_type":"article","og_title":"Fakta om Kemer - Properties in Alanya.","og_description":"Fakta om Kemer - Properties in Alanya.","og_url":"https:\/\/www.alanyaproperties.com\/sv\/sv-om-turkiet\/turkey-about-turkey\/laes-mer-om-kemer\/","og_site_name":"Properties in Alanya.","article_publisher":"https:\/\/www.facebook.com\/alanyaproperties\/","article_published_time":"2009-10-23T07:05:43+00:00","article_modified_time":"2021-01-26T06:51:35+00:00","author":"Yusuf Ekinci","twitter_card":"summary_large_image","twitter_creator":"@alanyapro","twitter_site":"@alanyapro","twitter_misc":{"Skriven av":"Yusuf Ekinci","Ber\u00e4knad l\u00e4stid":"3 minuter"},"schema":{"@context":"https:\/\/schema.org","@graph":[{"@type":"Article","@id":"https:\/\/www.alanyaproperties.com\/sv\/sv-om-turkiet\/turkey-about-turkey\/laes-mer-om-kemer\/#article","isPartOf":{"@id":"https:\/\/www.alanyaproperties.com\/sv\/sv-om-turkiet\/turkey-about-turkey\/laes-mer-om-kemer\/"},"author":{"name":"Yusuf Ekinci","@id":"https:\/\/www.alanyaproperties.com\/sv\/#\/schema\/person\/8a92cc9600cbc25fcc67c304ba14680c"},"headline":"Fakta om Kemer","datePublished":"2009-10-23T07:05:43+00:00","dateModified":"2021-01-26T06:51:35+00:00","mainEntityOfPage":{"@id":"https:\/\/www.alanyaproperties.com\/sv\/sv-om-turkiet\/turkey-about-turkey\/laes-mer-om-kemer\/"},"wordCount":697,"publisher":{"@id":"https:\/\/www.alanyaproperties.com\/sv\/#organization"},"keywords":["Antalya Province","Bra att veta om Kemer","Turkiet. st\u00f6rsta attraktionerna i Kemer"],"articleSection":["Turquie"],"inLanguage":"sv-SE"},{"@type":"WebPage","@id":"https:\/\/www.alanyaproperties.com\/sv\/sv-om-turkiet\/turkey-about-turkey\/laes-mer-om-kemer\/","url":"https:\/\/www.alanyaproperties.com\/sv\/sv-om-turkiet\/turkey-about-turkey\/laes-mer-om-kemer\/","name":"Fakta om Kemer - Properties in Alanya.","isPartOf":{"@id":"https:\/\/www.alanyaproperties.com\/sv\/#website"},"datePublished":"2009-10-23T07:05:43+00:00","dateModified":"2021-01-26T06:51:35+00:00","description":"Fakta om Kemer - Properties in Alanya.","breadcrumb":{"@id":"https:\/\/www.alanyaproperties.com\/sv\/sv-om-turkiet\/turkey-about-turkey\/laes-mer-om-kemer\/#breadcrumb"},"inLanguage":"sv-SE","potentialAction":[{"@type":"ReadAction","target":["https:\/\/www.alanyaproperties.com\/sv\/sv-om-turkiet\/turkey-about-turkey\/laes-mer-om-kemer\/"]}]},{"@type":"BreadcrumbList","@id":"https:\/\/www.alanyaproperties.com\/sv\/sv-om-turkiet\/turkey-about-turkey\/laes-mer-om-kemer\/#breadcrumb","itemListElement":[{"@type":"ListItem","position":1,"name":"Home","item":"https:\/\/www.alanyaproperties.com\/sv\/"},{"@type":"ListItem","position":2,"name":"Fakta om Kemer"}]},{"@type":"WebSite","@id":"https:\/\/www.alanyaproperties.com\/sv\/#website","url":"https:\/\/www.alanyaproperties.com\/sv\/","name":"Properties in Alanya.","description":"Fastighet till salu i Turkiet. | Fastighet i Alanya","publisher":{"@id":"https:\/\/www.alanyaproperties.com\/sv\/#organization"},"potentialAction":[{"@type":"SearchAction","target":{"@type":"EntryPoint","urlTemplate":"https:\/\/www.alanyaproperties.com\/sv\/?s={search_term_string}"},"query-input":"required name=search_term_string"}],"inLanguage":"sv-SE"},{"@type":"Organization","@id":"https:\/\/www.alanyaproperties.com\/sv\/#organization","name":"Alanya Properties","url":"https:\/\/www.alanyaproperties.com\/sv\/","logo":{"@type":"ImageObject","inLanguage":"sv-SE","@id":"https:\/\/www.alanyaproperties.com\/sv\/#\/schema\/logo\/image\/","url":"https:\/\/i0.wp.com\/www.alanyaproperties.com\/wp-content\/uploads\/2017\/06\/alanya-properties-logo-180to.png?fit=180%2C81&ssl=1","contentUrl":"https:\/\/i0.wp.com\/www.alanyaproperties.com\/wp-content\/uploads\/2017\/06\/alanya-properties-logo-180to.png?fit=180%2C81&ssl=1","width":180,"height":81,"caption":"Alanya Properties"},"image":{"@id":"https:\/\/www.alanyaproperties.com\/sv\/#\/schema\/logo\/image\/"},"sameAs":["https:\/\/www.facebook.com\/alanyaproperties\/","https:\/\/x.com\/alanyapro","https:\/\/www.instagram.com\/alanyaproperties\/","https:\/\/www.youtube.com\/c\/AlanyaProperties"]},{"@type":"Person","@id":"https:\/\/www.alanyaproperties.com\/sv\/#\/schema\/person\/8a92cc9600cbc25fcc67c304ba14680c","name":"Yusuf Ekinci","image":{"@type":"ImageObject","inLanguage":"sv-SE","@id":"https:\/\/www.alanyaproperties.com\/sv\/#\/schema\/person\/image\/","url":"https:\/\/secure.gravatar.com\/avatar\/aed1d8afe914e0136d015d60f22bd285?s=96&d=mm&r=g","contentUrl":"https:\/\/secure.gravatar.com\/avatar\/aed1d8afe914e0136d015d60f22bd285?s=96&d=mm&r=g","caption":"Yusuf Ekinci"},"sameAs":["http:\/\/alanya-web.com"],"url":"https:\/\/www.alanyaproperties.com\/sv\/author\/admin\/"}]}},"jetpack_sharing_enabled":true,"jetpack_featured_media_url":"","_links":{"self":[{"href":"https:\/\/www.alanyaproperties.com\/sv\/wp-json\/wp\/v2\/posts\/3414"}],"collection":[{"href":"https:\/\/www.alanyaproperties.com\/sv\/wp-json\/wp\/v2\/posts"}],"about":[{"href":"https:\/\/www.alanyaproperties.com\/sv\/wp-json\/wp\/v2\/types\/post"}],"author":[{"embeddable":true,"href":"https:\/\/www.alanyaproperties.com\/sv\/wp-json\/wp\/v2\/users\/42"}],"replies":[{"embeddable":true,"href":"https:\/\/www.alanyaproperties.com\/sv\/wp-json\/wp\/v2\/comments?post=3414"}],"version-history":[{"count":1,"href":"https:\/\/www.alanyaproperties.com\/sv\/wp-json\/wp\/v2\/posts\/3414\/revisions"}],"predecessor-version":[{"id":245576,"href":"https:\/\/www.alanyaproperties.com\/sv\/wp-json\/wp\/v2\/posts\/3414\/revisions\/245576"}],"wp:attachment":[{"href":"https:\/\/www.alanyaproperties.com\/sv\/wp-json\/wp\/v2\/media?parent=3414"}],"wp:term":[{"taxonomy":"category","embeddable":true,"href":"https:\/\/www.alanyaproperties.com\/sv\/wp-json\/wp\/v2\/categories?post=3414"},{"taxonomy":"post_tag","embeddable":true,"href":"https:\/\/www.alanyaproperties.com\/sv\/wp-json\/wp\/v2\/tags?post=3414"}],"curies":[{"name":"wp","href":"https:\/\/api.w.org\/{rel}","templated":true}]}}