{"id":3403,"date":"2009-10-23T06:57:58","date_gmt":"2009-10-23T06:57:58","guid":{"rendered":"http:\/\/www.alanyaproperties.com\/bra-att-veta-om-side\/"},"modified":"2009-10-23T06:57:58","modified_gmt":"2009-10-23T06:57:58","slug":"bra-att-veta-om-side","status":"publish","type":"post","link":"https:\/\/www.alanyaproperties.com\/sv\/sv-om-turkiet\/turkey-about-turkey\/bra-att-veta-om-side\/","title":{"rendered":"Fakta om Side"},"content":{"rendered":"<p> \t<strong>Side<\/strong><\/p>\n<p> \tSide, som traditionellt&nbsp;uttalas \/\u02c8sa\u026adi\/ p\u00e5 engelska, \u00e4r en av de mest v\u00e4lk\u00e4nda klassiska platserna i Turkiet.<\/p>\n<p> \tDet \u00e4r numera en semesterort p\u00e5 Turkiets s\u00f6dra kust, i n\u00e4rheten av byarna Manavgat och Selimiye, ca 75 kilometer fr\u00e5n Antalya. Side ligger p\u00e5 den \u00f6stra delen av den pamfyliska kusten, som ligger cirka 20 kilometer \u00f6ster om floden Eurymedons mynning. Idag, precis som under antiken, breder Side ut sig p\u00e5 en lite halv\u00f6, cirka 1 kilometer l\u00e5ng och 400 meter bred.<\/p>\n<p> \t&nbsp;<\/p>\n<p> \t<strong>Historia<\/strong><\/p>\n<p> \tStrabon och Arrianos ans\u00e5g b\u00e5da att Side koloniserades fr\u00e5n Kyme i Aiolien n\u00e5gon g\u00e5ng p\u00e5 600-talet f\u00f6re Kristus. Tack vare en bra hamn och Sides geografiska placering blev staden en av de viktigaste handelsplatserna i Pamfylien. Enligt Arrianos hade befolkningen som kom fr\u00e5n Kyme till Side stora problem att f\u00f6rst\u00e5 dialekten som talades. Efter ett tag \u00f6vergan de helt enkelt sin grekiska och b\u00f6rjade anv\u00e4nda samma spr\u00e5k som inv\u00e5narna i Side anv\u00e4nde under den perioden. Vid utgr\u00e4vningar har flera skrifter med detta spr\u00e5k hittats och vittnar om att spr\u00e5ket anv\u00e4ndes under flera \u00e5rhundraden efter koloniseringen. Namnet Side \u00e4r av anatoliskt ursprung och betyder granat\u00e4pple.<\/p>\n<p> \t&nbsp;<\/p>\n<p> \t<strong>Alexander den store<\/strong><\/p>\n<p> \tAlexander den store er\u00f6vrade Side, helt utan motst\u00e5nd, \u00e5r 333 f\u00f6re Kristus. Alexander l\u00e4mnade endast en garnison kvar i Side f\u00f6r att h\u00e5lla staden ockuperad. Ockupationen introducerade Sides inv\u00e5nare f\u00f6r den hellenistiska kulturen, vilken sedan blomstrade under m\u00e5nga hundra \u00e5r i staden. Efter Alexanders d\u00f6d kontrollerades Side av en av Alexanders generaler, Ptolemaios I Soter, som senare utn\u00e4mnde sig sj\u00e4lv som h\u00e4rskare i Egypten. Side kontrollerades av Ptolemaios anh\u00e4ngare fram till dess att staden er\u00f6vrades av seleukiderna under det andra \u00e5rhundradet f\u00f6re Kristus.<\/p>\n<p> \t\u00c5r 190 f\u00f6re Kristus besegrades seleukidernas kung, Antiochos den store, av en flotta fr\u00e5n den grekiska \u00f6n Rhodos. Detta gjorde att staden blev fri fr\u00e5n seleukidernas styre-<\/p>\n<p> \tUnder det f\u00f6rsta \u00e5rhundradet f\u00f6re Kristus anv\u00e4ndes Side som en hamnstad och centrum f\u00f6r slavhandel under regi av pirater.<\/p>\n<p> \t\u00c5r 78 f\u00f6re Kristus besegrades dessa pirater av Servilius Vatia och senare den romerska generalen Pompejus, vilket gjorde att Side l\u00f6d under romerst styre och utvecklade ett gott samarbete med romarriket. Kejsar Augustus reformerade statsf\u00f6rvaltningen och placerade Pamfylien och Side i den romerska provinsen Galatia. Side etablerades \u00e5terigen som en viktigt handelsplats i denna del av v\u00e4rlden, mycket p\u00e5 grund av sin handel med olivolja. Befolkningen \u00f6kade till 60 000 inv\u00e5nare och den h\u00e4r eran h\u00f6ll i sig l\u00e5ngt in p\u00e5 200-talet efter Kristus. M\u00e5nga av Sides gamla ruiner h\u00e4rstammar fr\u00e5n denna perioden.<\/p>\n<p> \t&nbsp;<\/p>\n<p> \t<strong>Nedg\u00e5ng<\/strong><\/p>\n<p> \tUnder 300-talet efter Kristus b\u00f6rjade Sides nedg\u00e5ng, mycket p\u00e5 grund av invasionen fr\u00e5n bergsinv\u00e5narna i Taurusbergen. Under 400- och 500-talet \u00e5terh\u00e4mtade sig staden n\u00e5got, men under 600-talet fortsatte r\u00e4derna mot staden av den arabiska flottan, som satte stora delar av Side i brand. Detta i kombination med kraftiga jordb\u00e4vningar gjorde att staden \u00f6vergavs av sina inv\u00e5nare p\u00e5 900-talet, och de flesta bosatte sig i Antalya.<\/p>\n<p> \tP\u00e5 1100-talet etablerades Side \u00e5terigen som en storstad. Genom utgr\u00e4vningar och inskriptioner som har hittats fr\u00e5n denna period har man kunnat se att det fanns ett stort antal judiska inv\u00e5nare i staden-<\/p>\n<p> \tSide \u00f6vergavs \u00e5terigen och den h\u00e4r g\u00e5ngen begravdes staden och var helt \u00f6vergiven under en l\u00e5ng period- Under medeltiden b\u00f6rjade staden \u00e4nnu en g\u00e5ng byggas upp, och de gamla ruinerna gr\u00e4vas fram.<\/p>\n<p> \tIdag \u00e4r Side ett oerh\u00f6rt popul\u00e4rt turistm\u00e5l, och m\u00e5nga av stadens antika ruiner finns att besk\u00e5da \u00e4n idag, bland annat flera tempel och en akvedukt.<\/p>\n<p> \t&nbsp;<\/p>\n<p> \t&nbsp;<\/p>\n","protected":false},"excerpt":{"rendered":"<p>Side Side, som traditionellt&nbsp;uttalas \/\u02c8sa\u026adi\/ p\u00e5 engelska, \u00e4r en av de mest v\u00e4lk\u00e4nda klassiska platserna i Turkiet. Det \u00e4r numera en semesterort p\u00e5 Turkiets s\u00f6dra kust, i n\u00e4rheten av byarna Manavgat och Selimiye, ca 75 kilometer fr\u00e5n Antalya. Side ligger p\u00e5 den \u00f6stra delen av den pamfyliska kusten, som ligger cirka 20 kilometer \u00f6ster om [&hellip;]<\/p>\n","protected":false},"author":42,"featured_media":0,"comment_status":"closed","ping_status":"closed","sticky":false,"template":"","format":"standard","meta":{"footnotes":""},"categories":[1889],"tags":[],"yoast_head":"<!-- This site is optimized with the Yoast SEO plugin v22.6 - https:\/\/yoast.com\/wordpress\/plugins\/seo\/ -->\n<title>Fakta om Side - Properties in Alanya.<\/title>\n<meta name=\"description\" content=\"Fakta om Side - Properties in Alanya.\" \/>\n<meta name=\"robots\" content=\"index, follow, max-snippet:-1, max-image-preview:large, max-video-preview:-1\" \/>\n<link rel=\"canonical\" href=\"https:\/\/www.alanyaproperties.com\/sv\/sv-om-turkiet\/turkey-about-turkey\/bra-att-veta-om-side\/\" \/>\n<meta property=\"og:locale\" content=\"sv_SE\" \/>\n<meta property=\"og:type\" content=\"article\" \/>\n<meta property=\"og:title\" content=\"Fakta om Side - Properties in Alanya.\" \/>\n<meta property=\"og:description\" content=\"Fakta om Side - Properties in Alanya.\" \/>\n<meta property=\"og:url\" content=\"https:\/\/www.alanyaproperties.com\/sv\/sv-om-turkiet\/turkey-about-turkey\/bra-att-veta-om-side\/\" \/>\n<meta property=\"og:site_name\" content=\"Properties in Alanya.\" \/>\n<meta property=\"article:publisher\" content=\"https:\/\/www.facebook.com\/alanyaproperties\/\" \/>\n<meta property=\"article:published_time\" content=\"2009-10-23T06:57:58+00:00\" \/>\n<meta name=\"author\" content=\"Yusuf Ekinci\" \/>\n<meta name=\"twitter:card\" content=\"summary_large_image\" \/>\n<meta name=\"twitter:creator\" content=\"@alanyapro\" \/>\n<meta name=\"twitter:site\" content=\"@alanyapro\" \/>\n<meta name=\"twitter:label1\" content=\"Skriven av\" \/>\n\t<meta name=\"twitter:data1\" content=\"Yusuf Ekinci\" \/>\n\t<meta name=\"twitter:label2\" content=\"Ber\u00e4knad l\u00e4stid\" \/>\n\t<meta name=\"twitter:data2\" content=\"3 minuter\" \/>\n<script type=\"application\/ld+json\" class=\"yoast-schema-graph\">{\"@context\":\"https:\/\/schema.org\",\"@graph\":[{\"@type\":\"Article\",\"@id\":\"https:\/\/www.alanyaproperties.com\/sv\/sv-om-turkiet\/turkey-about-turkey\/bra-att-veta-om-side\/#article\",\"isPartOf\":{\"@id\":\"https:\/\/www.alanyaproperties.com\/sv\/sv-om-turkiet\/turkey-about-turkey\/bra-att-veta-om-side\/\"},\"author\":{\"name\":\"Yusuf Ekinci\",\"@id\":\"https:\/\/www.alanyaproperties.com\/sv\/#\/schema\/person\/8a92cc9600cbc25fcc67c304ba14680c\"},\"headline\":\"Fakta om Side\",\"datePublished\":\"2009-10-23T06:57:58+00:00\",\"dateModified\":\"2009-10-23T06:57:58+00:00\",\"mainEntityOfPage\":{\"@id\":\"https:\/\/www.alanyaproperties.com\/sv\/sv-om-turkiet\/turkey-about-turkey\/bra-att-veta-om-side\/\"},\"wordCount\":648,\"publisher\":{\"@id\":\"https:\/\/www.alanyaproperties.com\/sv\/#organization\"},\"articleSection\":[\"Turquie\"],\"inLanguage\":\"sv-SE\"},{\"@type\":\"WebPage\",\"@id\":\"https:\/\/www.alanyaproperties.com\/sv\/sv-om-turkiet\/turkey-about-turkey\/bra-att-veta-om-side\/\",\"url\":\"https:\/\/www.alanyaproperties.com\/sv\/sv-om-turkiet\/turkey-about-turkey\/bra-att-veta-om-side\/\",\"name\":\"Fakta om Side - Properties in Alanya.\",\"isPartOf\":{\"@id\":\"https:\/\/www.alanyaproperties.com\/sv\/#website\"},\"datePublished\":\"2009-10-23T06:57:58+00:00\",\"dateModified\":\"2009-10-23T06:57:58+00:00\",\"description\":\"Fakta om Side - Properties in Alanya.\",\"breadcrumb\":{\"@id\":\"https:\/\/www.alanyaproperties.com\/sv\/sv-om-turkiet\/turkey-about-turkey\/bra-att-veta-om-side\/#breadcrumb\"},\"inLanguage\":\"sv-SE\",\"potentialAction\":[{\"@type\":\"ReadAction\",\"target\":[\"https:\/\/www.alanyaproperties.com\/sv\/sv-om-turkiet\/turkey-about-turkey\/bra-att-veta-om-side\/\"]}]},{\"@type\":\"BreadcrumbList\",\"@id\":\"https:\/\/www.alanyaproperties.com\/sv\/sv-om-turkiet\/turkey-about-turkey\/bra-att-veta-om-side\/#breadcrumb\",\"itemListElement\":[{\"@type\":\"ListItem\",\"position\":1,\"name\":\"Home\",\"item\":\"https:\/\/www.alanyaproperties.com\/sv\/\"},{\"@type\":\"ListItem\",\"position\":2,\"name\":\"Fakta om Side\"}]},{\"@type\":\"WebSite\",\"@id\":\"https:\/\/www.alanyaproperties.com\/sv\/#website\",\"url\":\"https:\/\/www.alanyaproperties.com\/sv\/\",\"name\":\"Properties in Alanya.\",\"description\":\"Fastighet till salu i Turkiet. | Fastighet i Alanya\",\"publisher\":{\"@id\":\"https:\/\/www.alanyaproperties.com\/sv\/#organization\"},\"potentialAction\":[{\"@type\":\"SearchAction\",\"target\":{\"@type\":\"EntryPoint\",\"urlTemplate\":\"https:\/\/www.alanyaproperties.com\/sv\/?s={search_term_string}\"},\"query-input\":\"required name=search_term_string\"}],\"inLanguage\":\"sv-SE\"},{\"@type\":\"Organization\",\"@id\":\"https:\/\/www.alanyaproperties.com\/sv\/#organization\",\"name\":\"Alanya Properties\",\"url\":\"https:\/\/www.alanyaproperties.com\/sv\/\",\"logo\":{\"@type\":\"ImageObject\",\"inLanguage\":\"sv-SE\",\"@id\":\"https:\/\/www.alanyaproperties.com\/sv\/#\/schema\/logo\/image\/\",\"url\":\"https:\/\/i0.wp.com\/www.alanyaproperties.com\/wp-content\/uploads\/2017\/06\/alanya-properties-logo-180to.png?fit=180%2C81&ssl=1\",\"contentUrl\":\"https:\/\/i0.wp.com\/www.alanyaproperties.com\/wp-content\/uploads\/2017\/06\/alanya-properties-logo-180to.png?fit=180%2C81&ssl=1\",\"width\":180,\"height\":81,\"caption\":\"Alanya Properties\"},\"image\":{\"@id\":\"https:\/\/www.alanyaproperties.com\/sv\/#\/schema\/logo\/image\/\"},\"sameAs\":[\"https:\/\/www.facebook.com\/alanyaproperties\/\",\"https:\/\/x.com\/alanyapro\",\"https:\/\/www.instagram.com\/alanyaproperties\/\",\"https:\/\/www.youtube.com\/c\/AlanyaProperties\"]},{\"@type\":\"Person\",\"@id\":\"https:\/\/www.alanyaproperties.com\/sv\/#\/schema\/person\/8a92cc9600cbc25fcc67c304ba14680c\",\"name\":\"Yusuf Ekinci\",\"image\":{\"@type\":\"ImageObject\",\"inLanguage\":\"sv-SE\",\"@id\":\"https:\/\/www.alanyaproperties.com\/sv\/#\/schema\/person\/image\/\",\"url\":\"https:\/\/secure.gravatar.com\/avatar\/aed1d8afe914e0136d015d60f22bd285?s=96&d=mm&r=g\",\"contentUrl\":\"https:\/\/secure.gravatar.com\/avatar\/aed1d8afe914e0136d015d60f22bd285?s=96&d=mm&r=g\",\"caption\":\"Yusuf Ekinci\"},\"sameAs\":[\"http:\/\/alanya-web.com\"],\"url\":\"https:\/\/www.alanyaproperties.com\/sv\/author\/admin\/\"}]}<\/script>\n<!-- \/ Yoast SEO plugin. -->","yoast_head_json":{"title":"Fakta om Side - Properties in Alanya.","description":"Fakta om Side - Properties in Alanya.","robots":{"index":"index","follow":"follow","max-snippet":"max-snippet:-1","max-image-preview":"max-image-preview:large","max-video-preview":"max-video-preview:-1"},"canonical":"https:\/\/www.alanyaproperties.com\/sv\/sv-om-turkiet\/turkey-about-turkey\/bra-att-veta-om-side\/","og_locale":"sv_SE","og_type":"article","og_title":"Fakta om Side - Properties in Alanya.","og_description":"Fakta om Side - Properties in Alanya.","og_url":"https:\/\/www.alanyaproperties.com\/sv\/sv-om-turkiet\/turkey-about-turkey\/bra-att-veta-om-side\/","og_site_name":"Properties in Alanya.","article_publisher":"https:\/\/www.facebook.com\/alanyaproperties\/","article_published_time":"2009-10-23T06:57:58+00:00","author":"Yusuf Ekinci","twitter_card":"summary_large_image","twitter_creator":"@alanyapro","twitter_site":"@alanyapro","twitter_misc":{"Skriven av":"Yusuf Ekinci","Ber\u00e4knad l\u00e4stid":"3 minuter"},"schema":{"@context":"https:\/\/schema.org","@graph":[{"@type":"Article","@id":"https:\/\/www.alanyaproperties.com\/sv\/sv-om-turkiet\/turkey-about-turkey\/bra-att-veta-om-side\/#article","isPartOf":{"@id":"https:\/\/www.alanyaproperties.com\/sv\/sv-om-turkiet\/turkey-about-turkey\/bra-att-veta-om-side\/"},"author":{"name":"Yusuf Ekinci","@id":"https:\/\/www.alanyaproperties.com\/sv\/#\/schema\/person\/8a92cc9600cbc25fcc67c304ba14680c"},"headline":"Fakta om Side","datePublished":"2009-10-23T06:57:58+00:00","dateModified":"2009-10-23T06:57:58+00:00","mainEntityOfPage":{"@id":"https:\/\/www.alanyaproperties.com\/sv\/sv-om-turkiet\/turkey-about-turkey\/bra-att-veta-om-side\/"},"wordCount":648,"publisher":{"@id":"https:\/\/www.alanyaproperties.com\/sv\/#organization"},"articleSection":["Turquie"],"inLanguage":"sv-SE"},{"@type":"WebPage","@id":"https:\/\/www.alanyaproperties.com\/sv\/sv-om-turkiet\/turkey-about-turkey\/bra-att-veta-om-side\/","url":"https:\/\/www.alanyaproperties.com\/sv\/sv-om-turkiet\/turkey-about-turkey\/bra-att-veta-om-side\/","name":"Fakta om Side - Properties in Alanya.","isPartOf":{"@id":"https:\/\/www.alanyaproperties.com\/sv\/#website"},"datePublished":"2009-10-23T06:57:58+00:00","dateModified":"2009-10-23T06:57:58+00:00","description":"Fakta om Side - Properties in Alanya.","breadcrumb":{"@id":"https:\/\/www.alanyaproperties.com\/sv\/sv-om-turkiet\/turkey-about-turkey\/bra-att-veta-om-side\/#breadcrumb"},"inLanguage":"sv-SE","potentialAction":[{"@type":"ReadAction","target":["https:\/\/www.alanyaproperties.com\/sv\/sv-om-turkiet\/turkey-about-turkey\/bra-att-veta-om-side\/"]}]},{"@type":"BreadcrumbList","@id":"https:\/\/www.alanyaproperties.com\/sv\/sv-om-turkiet\/turkey-about-turkey\/bra-att-veta-om-side\/#breadcrumb","itemListElement":[{"@type":"ListItem","position":1,"name":"Home","item":"https:\/\/www.alanyaproperties.com\/sv\/"},{"@type":"ListItem","position":2,"name":"Fakta om Side"}]},{"@type":"WebSite","@id":"https:\/\/www.alanyaproperties.com\/sv\/#website","url":"https:\/\/www.alanyaproperties.com\/sv\/","name":"Properties in Alanya.","description":"Fastighet till salu i Turkiet. | Fastighet i Alanya","publisher":{"@id":"https:\/\/www.alanyaproperties.com\/sv\/#organization"},"potentialAction":[{"@type":"SearchAction","target":{"@type":"EntryPoint","urlTemplate":"https:\/\/www.alanyaproperties.com\/sv\/?s={search_term_string}"},"query-input":"required name=search_term_string"}],"inLanguage":"sv-SE"},{"@type":"Organization","@id":"https:\/\/www.alanyaproperties.com\/sv\/#organization","name":"Alanya Properties","url":"https:\/\/www.alanyaproperties.com\/sv\/","logo":{"@type":"ImageObject","inLanguage":"sv-SE","@id":"https:\/\/www.alanyaproperties.com\/sv\/#\/schema\/logo\/image\/","url":"https:\/\/i0.wp.com\/www.alanyaproperties.com\/wp-content\/uploads\/2017\/06\/alanya-properties-logo-180to.png?fit=180%2C81&ssl=1","contentUrl":"https:\/\/i0.wp.com\/www.alanyaproperties.com\/wp-content\/uploads\/2017\/06\/alanya-properties-logo-180to.png?fit=180%2C81&ssl=1","width":180,"height":81,"caption":"Alanya Properties"},"image":{"@id":"https:\/\/www.alanyaproperties.com\/sv\/#\/schema\/logo\/image\/"},"sameAs":["https:\/\/www.facebook.com\/alanyaproperties\/","https:\/\/x.com\/alanyapro","https:\/\/www.instagram.com\/alanyaproperties\/","https:\/\/www.youtube.com\/c\/AlanyaProperties"]},{"@type":"Person","@id":"https:\/\/www.alanyaproperties.com\/sv\/#\/schema\/person\/8a92cc9600cbc25fcc67c304ba14680c","name":"Yusuf Ekinci","image":{"@type":"ImageObject","inLanguage":"sv-SE","@id":"https:\/\/www.alanyaproperties.com\/sv\/#\/schema\/person\/image\/","url":"https:\/\/secure.gravatar.com\/avatar\/aed1d8afe914e0136d015d60f22bd285?s=96&d=mm&r=g","contentUrl":"https:\/\/secure.gravatar.com\/avatar\/aed1d8afe914e0136d015d60f22bd285?s=96&d=mm&r=g","caption":"Yusuf Ekinci"},"sameAs":["http:\/\/alanya-web.com"],"url":"https:\/\/www.alanyaproperties.com\/sv\/author\/admin\/"}]}},"jetpack_sharing_enabled":true,"jetpack_featured_media_url":"","_links":{"self":[{"href":"https:\/\/www.alanyaproperties.com\/sv\/wp-json\/wp\/v2\/posts\/3403"}],"collection":[{"href":"https:\/\/www.alanyaproperties.com\/sv\/wp-json\/wp\/v2\/posts"}],"about":[{"href":"https:\/\/www.alanyaproperties.com\/sv\/wp-json\/wp\/v2\/types\/post"}],"author":[{"embeddable":true,"href":"https:\/\/www.alanyaproperties.com\/sv\/wp-json\/wp\/v2\/users\/42"}],"replies":[{"embeddable":true,"href":"https:\/\/www.alanyaproperties.com\/sv\/wp-json\/wp\/v2\/comments?post=3403"}],"version-history":[{"count":0,"href":"https:\/\/www.alanyaproperties.com\/sv\/wp-json\/wp\/v2\/posts\/3403\/revisions"}],"wp:attachment":[{"href":"https:\/\/www.alanyaproperties.com\/sv\/wp-json\/wp\/v2\/media?parent=3403"}],"wp:term":[{"taxonomy":"category","embeddable":true,"href":"https:\/\/www.alanyaproperties.com\/sv\/wp-json\/wp\/v2\/categories?post=3403"},{"taxonomy":"post_tag","embeddable":true,"href":"https:\/\/www.alanyaproperties.com\/sv\/wp-json\/wp\/v2\/tags?post=3403"}],"curies":[{"name":"wp","href":"https:\/\/api.w.org\/{rel}","templated":true}]}}