{"id":3392,"date":"2009-10-23T06:56:48","date_gmt":"2009-10-23T06:56:48","guid":{"rendered":"http:\/\/www.alanyaproperties.com\/information-om-belek\/"},"modified":"2009-10-23T06:56:48","modified_gmt":"2009-10-23T06:56:48","slug":"information-om-belek","status":"publish","type":"post","link":"https:\/\/www.alanyaproperties.com\/sv\/sv-om-turkiet\/turkey-about-turkey\/information-om-belek\/","title":{"rendered":"Fakta om Belek"},"content":{"rendered":"<p> \t<span><strong><span class=\"hps\">Belek<\/span><\/strong> <span class=\"hps\">\u00e4r en<\/span> <span class=\"hps\">stad med<\/span> <span class=\"hps\">egen<\/span> <span class=\"hps\">kommun<\/span> <span class=\"hps\">i<\/span> <span class=\"hps\">Serik<\/span> <span class=\"hps\">distrikt<\/span> <span class=\"hps\">i<\/span> <span class=\"hps\">Turkiets<\/span> <span class=\"hps\">Antalya<\/span> <span class=\"hps\">Province<\/span><span>.<\/span><\/p>\n<p> \t<span class=\"hps\">Belek<\/span> <span class=\"hps\">\u00e4r<\/span> <span class=\"hps\">en<\/span> <span class=\"hps\">av de mest framst\u00e5ende<\/span> <span class=\"hps\">centra f\u00f6r<\/span> <span class=\"hps\">Turkiets<\/span> <span class=\"hps\">turistn\u00e4ringen<\/span><span>,<\/span> <span class=\"hps\">och<\/span> <span class=\"hps\">\u00e4r hem f\u00f6r<\/span> <span class=\"hps\">mer<\/span> <span class=\"hps\">\u00e4n trettio<\/span> <span class=\"hps\">fyrstj\u00e4rniga<\/span> <span class=\"hps\">och<\/span> <span class=\"hps\">femstj\u00e4rniga hotell,<\/span> <span class=\"hps\">och m\u00e5nga<\/span> <span class=\"hps\">andra<\/span> <span class=\"hps\">boende,<\/span> <span class=\"hps\">service<\/span> <span class=\"hps\">och underh\u00e5llning.<\/span><\/p>\n<p> \t<strong><span class=\"hps\">Belek<\/span> <span class=\"hps atn\">\u00e4r ett<\/span><span> Golf<\/span> <span class=\"hps\">Center<\/span> <span class=\"hps\">i Turkiet<\/span><span>.<\/span><\/strong> <span class=\"hps\">Vid planeringen<\/span> <span class=\"hps\">den<\/span> <span class=\"hps\">golf<\/span> <span class=\"hps\">f\u00e4lten<\/span><span>,<\/span> <span class=\"hps\">tog<\/span> <span class=\"hps\">arkitekterna<\/span> <span class=\"hps\">i<\/span> <span class=\"hps\">speciella<\/span> <span class=\"hps\">h\u00e4nsyn till<\/span> <span class=\"hps\">preferenser och<\/span> <span class=\"hps\">f\u00f6rv\u00e4ntningar<\/span> <span class=\"hps\">europeiska<\/span> <span class=\"hps\">golfare<\/span><span>.<\/span> <span class=\"hps\">I Belek<\/span><span>,<\/span> <span class=\"hps\">den<\/span> <span class=\"hps\">perfekt utsikt \u00f6ver<\/span> <span class=\"hps\">golf<\/span> <span class=\"hps\">f\u00e4lten<\/span> <span class=\"hps\">presentera<\/span> <span class=\"hps\">underbart<\/span> <span class=\"hps\">panorama<\/span> <span class=\"hps\">och<\/span> <span class=\"hps\">landskapet i<\/span> <span class=\"hps\">omr\u00e5det<\/span><span>, medan<\/span> <span class=\"hps\">golfspelare<\/span> <span class=\"hps\">har gott<\/span> <span class=\"hps\">om<\/span> <span class=\"hps\">golf<\/span> <span class=\"hps\">gl\u00e4dje<\/span> <span class=\"hps\">och konkurrens<\/span><span>.<\/span><\/p>\n<p> \t<span class=\"hps\">Kursunlu<\/span> <span class=\"hps\">Vattenfall<\/span> <span class=\"hps\">\u00e4r<\/span> <span class=\"hps\">v\u00e4rda ett bes\u00f6k<\/span> <span class=\"hps\">i Belek<\/span><span>.<\/span> <span class=\"hps\">Det finns<\/span> <span class=\"hps\">\u00f6ver 100<\/span> <span class=\"hps\">f\u00e5gelarter<\/span> <span class=\"hps\">som lever<\/span> <span class=\"hps\">av<\/span> <span class=\"hps\">detta naturliga underverk.<\/span> <span class=\"hps\">Den<\/span> <span class=\"hps\">g\u00f6mda<\/span> <span class=\"hps\">grottan<\/span> <span class=\"hps\">p\u00e5 baksidan<\/span> <span class=\"hps\">av<\/span> <span class=\"hps\">vattenfallet<\/span> <span class=\"hps\">\u00e4r en<\/span> <span class=\"hps\">popul\u00e4r<\/span> <span class=\"hps\">plats<\/span> <span class=\"hps\">f\u00f6r<\/span> <span class=\"hps\">bes\u00f6kare<\/span><span>.<\/span> <span class=\"hps\">N\u00e4ra<\/span> <span class=\"hps\">Belek<\/span> <span class=\"hps\">\u00e4r<\/span> <span class=\"hps\">den hellenistiska<\/span> <span class=\"hps\">staden<\/span> <span class=\"hps\">Perge<\/span><span>,<\/span> <span class=\"hps\">som<\/span> <span class=\"hps\">\u00e4r klassad<\/span> <span class=\"hps\">sekund efter<\/span> <span class=\"hps\">Efesos<\/span> <span class=\"hps\">och<\/span> <span class=\"hps\">den stora<\/span> <span class=\"hps\">amfiteater<\/span> <span class=\"hps\">Aspendos<\/span> <span class=\"hps\">som idag fortfarande<\/span> <span class=\"hps\">kan<\/span> <span class=\"hps\">h\u00e5lla<\/span> <span class=\"hps\">\u00f6ver<\/span> <span class=\"hps\">20.000<\/span> <span class=\"hps\">\u00e5sk\u00e5dare<\/span><span>.<\/span><\/span><\/p>\n<p> \t<span><span><span><span class=\"hps\">Belek<\/span>&nbsp;har<span class=\"hps\"> ett<\/span> <span class=\"hps\">modernt<\/span><span>,<\/span> <span class=\"hps\">specialbyggda<\/span> <span class=\"hps\">strand och<\/span> <span class=\"hps\">en<\/span> <span class=\"hps\">golfbana<\/span> <span class=\"hps\">bara 20<\/span> <span class=\"hps\">minuter<\/span> <span class=\"hps\">fr\u00e5n flygplatsen och<\/span> <span class=\"hps\">inom r\u00e4ckh\u00e5ll<\/span> <span class=\"hps\">f\u00f6r<\/span> <span class=\"hps\">alla turistattraktioner<\/span><span>.<\/span> <span class=\"hps\">Turkiets<\/span> <span class=\"hps\">\u00f6nskar<\/span> <span class=\"hps\">att<\/span> <span class=\"hps\">g\u00e5 med<\/span> <span class=\"hps\">i<\/span> <span class=\"hps\">EU<\/span> <span class=\"hps\">kommer att s\u00e4kerst\u00e4lla att<\/span> <span class=\"hps\">Belek<\/span> <span class=\"hps\">kommer att forts\u00e4tta att<\/span> <span class=\"hps\">skydda<\/span> <span class=\"hps\">str\u00e4nder<\/span><span>,<\/span> <span class=\"hps\">fantastiska<\/span> <span class=\"hps\">golfbanor<\/span> <span class=\"hps\">och<\/span> <span class=\"hps\">den vackra<\/span><span>,<\/span> <span class=\"hps\">frodiga<\/span> <span class=\"hps\">tallskogar<\/span> <span class=\"hps\">och<\/span> <span class=\"hps\">euculyptus<\/span><span>.<\/span><br \/> \t<span class=\"hps\">Omr\u00e5det \u00e4r<\/span> <span class=\"hps\">fullt<\/span> <span class=\"hps\">av<\/span> <span class=\"hps\">fantastiska<\/span> <span class=\"hps\">historiska platser.<\/span> <span class=\"hps\">Den<\/span> <span class=\"hps\">antika<\/span> <span class=\"hps\">Aspendos<\/span> <span class=\"hps\">Amphitheatre<\/span> <span class=\"hps\">kan rymma<\/span> <span class=\"hps\">20.000<\/span> <span class=\"hps\">personer<\/span><span>,<\/span> <span class=\"hps\">\u00e4r<\/span> <span class=\"hps\">\u00f6ver<\/span> <span class=\"hps\">2000 \u00e5r<\/span> <span class=\"hps\">gammal och<\/span> <span class=\"hps\">fortfarande \u00f6ppet f\u00f6r<\/span> <span class=\"hps\">luft<\/span> <span class=\"hps\">klassisk<\/span> <span class=\"hps\">balett<\/span> <span class=\"hps\">och<\/span> <span class=\"hps\">festivaler<\/span> <span class=\"hps\">opera<\/span> <span class=\"hps\">idag<\/span><span>.<\/span> <span class=\"hps\">Den<\/span> <span class=\"hps\">romerska<\/span> <span class=\"hps\">ruiner<\/span> <span class=\"hps\">av<\/span> <span class=\"hps\">Perge<\/span> <span class=\"hps\">\u00e4r<\/span> <span class=\"hps\">n\u00e5gra<\/span> <span class=\"hps\">av de<\/span> <span class=\"hps\">b\u00e4st bevarade<\/span> <span class=\"hps\">arkeologiska<\/span> <span class=\"hps\">platser<\/span> <span class=\"hps\">i Turkiet<\/span><span>.<\/span> <span class=\"hps\">Side<\/span> <span class=\"hps\">\u00e4r<\/span> <span class=\"hps\">en<\/span> <span class=\"hps\">av de<\/span> <span class=\"hps\">mest k\u00e4nda<\/span> <span class=\"hps\">klassiska<\/span> <span class=\"hps\">platser<\/span> <span class=\"hps\">i Turkiet<\/span><span>.<\/span><\/span><\/span><\/span><\/p>\n<p> \t<span><span><span><span><span><span class=\"hps\">Den<\/span> <span class=\"hps\">moderna<\/span> <span class=\"hps\">specialbyggda<\/span> <span class=\"hps\">strandorterna<\/span> <span class=\"hps\">\u00e4r<\/span> <span class=\"hps\">redan<\/span> <span class=\"hps\">v\u00e4l<\/span> <span class=\"hps\">etablerad som<\/span> <span class=\"hps\">en popul\u00e4r<\/span> <span class=\"hps\">destination f\u00f6r<\/span> <span class=\"hps\">Turkiets<\/span> <span class=\"hps\">jet<\/span> <span class=\"hps\">seaters<\/span> <span class=\"hps\">som<\/span> <span class=\"hps\">str\u00f6mmar<\/span> <span class=\"hps\">till \u00f6ver<\/span> <span class=\"hps\">50<\/span> <span class=\"hps atn\">fantastiska 5-<\/span><span>stj\u00e4rniga<\/span> <span class=\"hps\">hotell<\/span><span>, spa<\/span> <span class=\"hps\">och<\/span> <span class=\"hps\">m\u00e5nga<\/span> <span class=\"hps\">v\u00e4rldsklass<\/span> <span class=\"hps\">golfbanor<\/span><span>.<\/span> <span class=\"hps\">I centrum<\/span> <span class=\"hps\">av<\/span> <span class=\"hps\">staden<\/span> <span class=\"hps\">st\u00e5r<\/span> <span class=\"hps\">den imponerande<\/span> <span class=\"hps\">mosk\u00e9n<\/span> <span class=\"hps\">med<\/span> <span class=\"hps\">skulpturer<\/span> <span class=\"hps\">och<\/span> <span class=\"hps\">ett<\/span> <span class=\"hps\">vattenfall<\/span> <span class=\"hps\">som leder<\/span> <span class=\"hps\">till<\/span> <span class=\"hps\">en omfattande<\/span> <span class=\"hps\">shopping<\/span> <span class=\"hps\">plats<\/span><span>.<\/span> <span class=\"hps\">En<\/span> <span class=\"hps\">kort<\/span> <span class=\"hps\">bilf\u00e4rd fr\u00e5n hotellet,<\/span> <span class=\"hps\">spektakul\u00e4ra<\/span> <span class=\"hps\">vattenfall<\/span> <span class=\"hps\">och restaurang vid floden<\/span> <span class=\"hps\">\u00e4r<\/span> <span class=\"hps\">en<\/span> <span class=\"hps\">fin skuggig<\/span> <span class=\"hps\">retr\u00e4tt<\/span> <span class=\"hps\">fr\u00e5n<\/span> <span class=\"hps\">den varma<\/span> <span class=\"hps\">torra<\/span> <span class=\"hps\">sommaren<\/span><span>.<\/span> <span class=\"hps\">Detta omr\u00e5de<\/span> <span class=\"hps\">\u00e4r<\/span> <span class=\"hps\">nyckeln<\/span> <span class=\"hps\">till<\/span> <span class=\"hps\">Turkiets<\/span> <span class=\"hps\">totala<\/span> <span class=\"hps\">turismen<\/span> <span class=\"hps\">planer<\/span> <span class=\"hps\">har redan<\/span> <span class=\"hps\">dragit nytta<\/span> <span class=\"hps\">av betydande<\/span> <span class=\"hps\">investeringar<\/span> <span class=\"hps\">av den<\/span> <span class=\"hps\">turkiska<\/span> <span class=\"hps\">turism<\/span> <span class=\"hps\">ministeriet<\/span><span>.<\/span> <span class=\"hps\">Turkiet<\/span> <span class=\"hps\">h\u00e5ller p\u00e5 att bli<\/span> <span class=\"hps\">en rival<\/span> <span class=\"hps\">till<\/span> <span class=\"hps\">Algarve<\/span> <span class=\"hps\">f\u00f6r<\/span> <span class=\"hps\">antalet<\/span> <span class=\"hps\">golf<\/span> <span class=\"hps\">turister<\/span> <span class=\"hps\">\u00e5rligen<\/span><span>.<\/span> <span class=\"hps\">Detta<\/span> <span class=\"hps\">golfarens<\/span> <span class=\"hps\">paradis<\/span><span>,<\/span> <span class=\"hps\">drar till sig uppm\u00e4rksamhet<\/span> <span class=\"hps\">genom att<\/span> <span class=\"hps\">skapa<\/span> <span class=\"hps\">en<\/span> <span class=\"hps\">f\u00f6rstklassig<\/span> <span class=\"hps\">destination<\/span> <span class=\"hps\">med h\u00f6g<\/span> <span class=\"hps\">standard<\/span> <span class=\"hps\">att konkurrera<\/span> <span class=\"hps\">med andra<\/span> <span class=\"hps\">l\u00e4nder i Medelhavsomr\u00e5det<\/span><span>,<\/span> <span class=\"hps\">EU-l\u00e4nderna<\/span><span>.<\/span><\/p>\n<p> \t<strong><span class=\"hps\">Str\u00e4nder<\/span><\/strong><br \/> \t<span class=\"hps\">Den<\/span> <span class=\"hps\">omfattande<\/span> <span class=\"hps\">nya<\/span> <span class=\"hps\">bl\u00e5<\/span> <span class=\"hps\">flagg<\/span> <span class=\"hps\">strandparken<\/span> <span class=\"hps\">har<\/span> <span class=\"hps\">smart<\/span> <span class=\"hps\">design<\/span> <span class=\"hps\">kombinerar<\/span> <span class=\"hps\">kul p\u00e5<\/span> <span class=\"hps\">stranden<\/span><span>,<\/span> <span class=\"hps\">fina<\/span> <span class=\"hps\">vita sandstr\u00e4nder och<\/span> <span class=\"hps\">alla<\/span> <span class=\"hps\">vanliga<\/span> <span class=\"hps\">vattensporter<\/span> <span class=\"hps\">med skuggande<\/span> <span class=\"hps\">parker<\/span> <span class=\"hps\">och<\/span> <span class=\"hps\">lekplatser<\/span> <span class=\"hps\">f\u00f6r<\/span> <span class=\"hps\">barn<\/span> <span class=\"hps\">f\u00f6r<\/span> <span class=\"hps\">en<\/span> <span class=\"hps\">fantastisk dag<\/span><span>.<\/span> <span class=\"hps\">Strand<\/span> <span class=\"hps\">restauranger och<\/span> <span class=\"hps\">barer erbjuder<\/span> <span class=\"hps\">en<\/span> <span class=\"hps\">elegant och avkopplande milj\u00f6<\/span> <span class=\"hps\">med<\/span> <span class=\"hps\">praktfulla<\/span> <span class=\"hps\">soffor<\/span> <span class=\"hps\">eller<\/span> <span class=\"hps\">h\u00e4ngmattor<\/span> <span class=\"hps\">s\u00e5 att du<\/span> <span class=\"hps\">kan<\/span> <span class=\"hps\">njuta<\/span> <span class=\"hps\">i<\/span> <span class=\"hps\">havsbrisen<\/span> <span class=\"hps\">medan du njuter<\/span> <span class=\"hps\">i<\/span> <span class=\"hps\">Medelhavets sol.<\/span> <span class=\"hps\">Krav p\u00e5 renlighet<\/span> <span class=\"hps\">\u00e4r<\/span> <span class=\"hps\">h\u00f6ga<\/span> <span class=\"hps\">med m\u00e5nga<\/span> <span class=\"hps\">nya<\/span> <span class=\"hps\">duschar,<\/span> <span class=\"hps\">toaletter,<\/span> <span class=\"hps\">omkl\u00e4dningsrum<\/span> <span class=\"hps\">och<\/span> <span class=\"hps\">parkering<\/span> <span class=\"hps\">precis vid<\/span> <span class=\"hps\">stranden<\/span><span>.<\/span><\/span><\/span><\/span><\/span><\/span><\/p>\n","protected":false},"excerpt":{"rendered":"<p>Belek \u00e4r en stad med egen kommun i Serik distrikt i Turkiets Antalya Province. Belek \u00e4r en av de mest framst\u00e5ende centra f\u00f6r Turkiets turistn\u00e4ringen, och \u00e4r hem f\u00f6r mer \u00e4n trettio fyrstj\u00e4rniga och femstj\u00e4rniga hotell, och m\u00e5nga andra boende, service och underh\u00e5llning. Belek \u00e4r ett Golf Center i Turkiet. Vid planeringen den golf f\u00e4lten, [&hellip;]<\/p>\n","protected":false},"author":42,"featured_media":0,"comment_status":"closed","ping_status":"closed","sticky":false,"template":"","format":"standard","meta":{"footnotes":""},"categories":[1889],"tags":[2148],"yoast_head":"<!-- This site is optimized with the Yoast SEO plugin v22.6 - https:\/\/yoast.com\/wordpress\/plugins\/seo\/ -->\n<title>Fakta om Belek - Properties in Alanya.<\/title>\n<meta name=\"description\" content=\"Fakta om Belek - Properties in Alanya.\" \/>\n<meta name=\"robots\" content=\"index, follow, max-snippet:-1, max-image-preview:large, max-video-preview:-1\" \/>\n<link rel=\"canonical\" href=\"https:\/\/www.alanyaproperties.com\/sv\/sv-om-turkiet\/turkey-about-turkey\/information-om-belek\/\" \/>\n<meta property=\"og:locale\" content=\"sv_SE\" \/>\n<meta property=\"og:type\" content=\"article\" \/>\n<meta property=\"og:title\" content=\"Fakta om Belek - Properties in Alanya.\" \/>\n<meta property=\"og:description\" content=\"Fakta om Belek - Properties in Alanya.\" \/>\n<meta property=\"og:url\" content=\"https:\/\/www.alanyaproperties.com\/sv\/sv-om-turkiet\/turkey-about-turkey\/information-om-belek\/\" \/>\n<meta property=\"og:site_name\" content=\"Properties in Alanya.\" \/>\n<meta property=\"article:publisher\" content=\"https:\/\/www.facebook.com\/alanyaproperties\/\" \/>\n<meta property=\"article:published_time\" content=\"2009-10-23T06:56:48+00:00\" \/>\n<meta name=\"author\" content=\"Yusuf Ekinci\" \/>\n<meta name=\"twitter:card\" content=\"summary_large_image\" \/>\n<meta name=\"twitter:creator\" content=\"@alanyapro\" \/>\n<meta name=\"twitter:site\" content=\"@alanyapro\" \/>\n<meta name=\"twitter:label1\" content=\"Skriven av\" \/>\n\t<meta name=\"twitter:data1\" content=\"Yusuf Ekinci\" \/>\n\t<meta name=\"twitter:label2\" content=\"Ber\u00e4knad l\u00e4stid\" \/>\n\t<meta name=\"twitter:data2\" content=\"3 minuter\" \/>\n<script type=\"application\/ld+json\" class=\"yoast-schema-graph\">{\"@context\":\"https:\/\/schema.org\",\"@graph\":[{\"@type\":\"Article\",\"@id\":\"https:\/\/www.alanyaproperties.com\/sv\/sv-om-turkiet\/turkey-about-turkey\/information-om-belek\/#article\",\"isPartOf\":{\"@id\":\"https:\/\/www.alanyaproperties.com\/sv\/sv-om-turkiet\/turkey-about-turkey\/information-om-belek\/\"},\"author\":{\"name\":\"Yusuf Ekinci\",\"@id\":\"https:\/\/www.alanyaproperties.com\/sv\/#\/schema\/person\/8a92cc9600cbc25fcc67c304ba14680c\"},\"headline\":\"Fakta om Belek\",\"datePublished\":\"2009-10-23T06:56:48+00:00\",\"dateModified\":\"2009-10-23T06:56:48+00:00\",\"mainEntityOfPage\":{\"@id\":\"https:\/\/www.alanyaproperties.com\/sv\/sv-om-turkiet\/turkey-about-turkey\/information-om-belek\/\"},\"wordCount\":525,\"publisher\":{\"@id\":\"https:\/\/www.alanyaproperties.com\/sv\/#organization\"},\"keywords\":[\"Belek Antalya Turkey golf in Belek golfer paradis i Turkiet\"],\"articleSection\":[\"Turquie\"],\"inLanguage\":\"sv-SE\"},{\"@type\":\"WebPage\",\"@id\":\"https:\/\/www.alanyaproperties.com\/sv\/sv-om-turkiet\/turkey-about-turkey\/information-om-belek\/\",\"url\":\"https:\/\/www.alanyaproperties.com\/sv\/sv-om-turkiet\/turkey-about-turkey\/information-om-belek\/\",\"name\":\"Fakta om Belek - Properties in Alanya.\",\"isPartOf\":{\"@id\":\"https:\/\/www.alanyaproperties.com\/sv\/#website\"},\"datePublished\":\"2009-10-23T06:56:48+00:00\",\"dateModified\":\"2009-10-23T06:56:48+00:00\",\"description\":\"Fakta om Belek - Properties in Alanya.\",\"breadcrumb\":{\"@id\":\"https:\/\/www.alanyaproperties.com\/sv\/sv-om-turkiet\/turkey-about-turkey\/information-om-belek\/#breadcrumb\"},\"inLanguage\":\"sv-SE\",\"potentialAction\":[{\"@type\":\"ReadAction\",\"target\":[\"https:\/\/www.alanyaproperties.com\/sv\/sv-om-turkiet\/turkey-about-turkey\/information-om-belek\/\"]}]},{\"@type\":\"BreadcrumbList\",\"@id\":\"https:\/\/www.alanyaproperties.com\/sv\/sv-om-turkiet\/turkey-about-turkey\/information-om-belek\/#breadcrumb\",\"itemListElement\":[{\"@type\":\"ListItem\",\"position\":1,\"name\":\"Home\",\"item\":\"https:\/\/www.alanyaproperties.com\/sv\/\"},{\"@type\":\"ListItem\",\"position\":2,\"name\":\"Fakta om Belek\"}]},{\"@type\":\"WebSite\",\"@id\":\"https:\/\/www.alanyaproperties.com\/sv\/#website\",\"url\":\"https:\/\/www.alanyaproperties.com\/sv\/\",\"name\":\"Properties in Alanya.\",\"description\":\"Fastighet till salu i Turkiet. | Fastighet i Alanya\",\"publisher\":{\"@id\":\"https:\/\/www.alanyaproperties.com\/sv\/#organization\"},\"potentialAction\":[{\"@type\":\"SearchAction\",\"target\":{\"@type\":\"EntryPoint\",\"urlTemplate\":\"https:\/\/www.alanyaproperties.com\/sv\/?s={search_term_string}\"},\"query-input\":\"required name=search_term_string\"}],\"inLanguage\":\"sv-SE\"},{\"@type\":\"Organization\",\"@id\":\"https:\/\/www.alanyaproperties.com\/sv\/#organization\",\"name\":\"Alanya Properties\",\"url\":\"https:\/\/www.alanyaproperties.com\/sv\/\",\"logo\":{\"@type\":\"ImageObject\",\"inLanguage\":\"sv-SE\",\"@id\":\"https:\/\/www.alanyaproperties.com\/sv\/#\/schema\/logo\/image\/\",\"url\":\"https:\/\/i0.wp.com\/www.alanyaproperties.com\/wp-content\/uploads\/2017\/06\/alanya-properties-logo-180to.png?fit=180%2C81&ssl=1\",\"contentUrl\":\"https:\/\/i0.wp.com\/www.alanyaproperties.com\/wp-content\/uploads\/2017\/06\/alanya-properties-logo-180to.png?fit=180%2C81&ssl=1\",\"width\":180,\"height\":81,\"caption\":\"Alanya Properties\"},\"image\":{\"@id\":\"https:\/\/www.alanyaproperties.com\/sv\/#\/schema\/logo\/image\/\"},\"sameAs\":[\"https:\/\/www.facebook.com\/alanyaproperties\/\",\"https:\/\/x.com\/alanyapro\",\"https:\/\/www.instagram.com\/alanyaproperties\/\",\"https:\/\/www.youtube.com\/c\/AlanyaProperties\"]},{\"@type\":\"Person\",\"@id\":\"https:\/\/www.alanyaproperties.com\/sv\/#\/schema\/person\/8a92cc9600cbc25fcc67c304ba14680c\",\"name\":\"Yusuf Ekinci\",\"image\":{\"@type\":\"ImageObject\",\"inLanguage\":\"sv-SE\",\"@id\":\"https:\/\/www.alanyaproperties.com\/sv\/#\/schema\/person\/image\/\",\"url\":\"https:\/\/secure.gravatar.com\/avatar\/aed1d8afe914e0136d015d60f22bd285?s=96&d=mm&r=g\",\"contentUrl\":\"https:\/\/secure.gravatar.com\/avatar\/aed1d8afe914e0136d015d60f22bd285?s=96&d=mm&r=g\",\"caption\":\"Yusuf Ekinci\"},\"sameAs\":[\"http:\/\/alanya-web.com\"],\"url\":\"https:\/\/www.alanyaproperties.com\/sv\/author\/admin\/\"}]}<\/script>\n<!-- \/ Yoast SEO plugin. -->","yoast_head_json":{"title":"Fakta om Belek - Properties in Alanya.","description":"Fakta om Belek - Properties in Alanya.","robots":{"index":"index","follow":"follow","max-snippet":"max-snippet:-1","max-image-preview":"max-image-preview:large","max-video-preview":"max-video-preview:-1"},"canonical":"https:\/\/www.alanyaproperties.com\/sv\/sv-om-turkiet\/turkey-about-turkey\/information-om-belek\/","og_locale":"sv_SE","og_type":"article","og_title":"Fakta om Belek - Properties in Alanya.","og_description":"Fakta om Belek - Properties in Alanya.","og_url":"https:\/\/www.alanyaproperties.com\/sv\/sv-om-turkiet\/turkey-about-turkey\/information-om-belek\/","og_site_name":"Properties in Alanya.","article_publisher":"https:\/\/www.facebook.com\/alanyaproperties\/","article_published_time":"2009-10-23T06:56:48+00:00","author":"Yusuf Ekinci","twitter_card":"summary_large_image","twitter_creator":"@alanyapro","twitter_site":"@alanyapro","twitter_misc":{"Skriven av":"Yusuf Ekinci","Ber\u00e4knad l\u00e4stid":"3 minuter"},"schema":{"@context":"https:\/\/schema.org","@graph":[{"@type":"Article","@id":"https:\/\/www.alanyaproperties.com\/sv\/sv-om-turkiet\/turkey-about-turkey\/information-om-belek\/#article","isPartOf":{"@id":"https:\/\/www.alanyaproperties.com\/sv\/sv-om-turkiet\/turkey-about-turkey\/information-om-belek\/"},"author":{"name":"Yusuf Ekinci","@id":"https:\/\/www.alanyaproperties.com\/sv\/#\/schema\/person\/8a92cc9600cbc25fcc67c304ba14680c"},"headline":"Fakta om Belek","datePublished":"2009-10-23T06:56:48+00:00","dateModified":"2009-10-23T06:56:48+00:00","mainEntityOfPage":{"@id":"https:\/\/www.alanyaproperties.com\/sv\/sv-om-turkiet\/turkey-about-turkey\/information-om-belek\/"},"wordCount":525,"publisher":{"@id":"https:\/\/www.alanyaproperties.com\/sv\/#organization"},"keywords":["Belek Antalya Turkey golf in Belek golfer paradis i Turkiet"],"articleSection":["Turquie"],"inLanguage":"sv-SE"},{"@type":"WebPage","@id":"https:\/\/www.alanyaproperties.com\/sv\/sv-om-turkiet\/turkey-about-turkey\/information-om-belek\/","url":"https:\/\/www.alanyaproperties.com\/sv\/sv-om-turkiet\/turkey-about-turkey\/information-om-belek\/","name":"Fakta om Belek - Properties in Alanya.","isPartOf":{"@id":"https:\/\/www.alanyaproperties.com\/sv\/#website"},"datePublished":"2009-10-23T06:56:48+00:00","dateModified":"2009-10-23T06:56:48+00:00","description":"Fakta om Belek - Properties in Alanya.","breadcrumb":{"@id":"https:\/\/www.alanyaproperties.com\/sv\/sv-om-turkiet\/turkey-about-turkey\/information-om-belek\/#breadcrumb"},"inLanguage":"sv-SE","potentialAction":[{"@type":"ReadAction","target":["https:\/\/www.alanyaproperties.com\/sv\/sv-om-turkiet\/turkey-about-turkey\/information-om-belek\/"]}]},{"@type":"BreadcrumbList","@id":"https:\/\/www.alanyaproperties.com\/sv\/sv-om-turkiet\/turkey-about-turkey\/information-om-belek\/#breadcrumb","itemListElement":[{"@type":"ListItem","position":1,"name":"Home","item":"https:\/\/www.alanyaproperties.com\/sv\/"},{"@type":"ListItem","position":2,"name":"Fakta om Belek"}]},{"@type":"WebSite","@id":"https:\/\/www.alanyaproperties.com\/sv\/#website","url":"https:\/\/www.alanyaproperties.com\/sv\/","name":"Properties in Alanya.","description":"Fastighet till salu i Turkiet. | Fastighet i Alanya","publisher":{"@id":"https:\/\/www.alanyaproperties.com\/sv\/#organization"},"potentialAction":[{"@type":"SearchAction","target":{"@type":"EntryPoint","urlTemplate":"https:\/\/www.alanyaproperties.com\/sv\/?s={search_term_string}"},"query-input":"required name=search_term_string"}],"inLanguage":"sv-SE"},{"@type":"Organization","@id":"https:\/\/www.alanyaproperties.com\/sv\/#organization","name":"Alanya Properties","url":"https:\/\/www.alanyaproperties.com\/sv\/","logo":{"@type":"ImageObject","inLanguage":"sv-SE","@id":"https:\/\/www.alanyaproperties.com\/sv\/#\/schema\/logo\/image\/","url":"https:\/\/i0.wp.com\/www.alanyaproperties.com\/wp-content\/uploads\/2017\/06\/alanya-properties-logo-180to.png?fit=180%2C81&ssl=1","contentUrl":"https:\/\/i0.wp.com\/www.alanyaproperties.com\/wp-content\/uploads\/2017\/06\/alanya-properties-logo-180to.png?fit=180%2C81&ssl=1","width":180,"height":81,"caption":"Alanya Properties"},"image":{"@id":"https:\/\/www.alanyaproperties.com\/sv\/#\/schema\/logo\/image\/"},"sameAs":["https:\/\/www.facebook.com\/alanyaproperties\/","https:\/\/x.com\/alanyapro","https:\/\/www.instagram.com\/alanyaproperties\/","https:\/\/www.youtube.com\/c\/AlanyaProperties"]},{"@type":"Person","@id":"https:\/\/www.alanyaproperties.com\/sv\/#\/schema\/person\/8a92cc9600cbc25fcc67c304ba14680c","name":"Yusuf Ekinci","image":{"@type":"ImageObject","inLanguage":"sv-SE","@id":"https:\/\/www.alanyaproperties.com\/sv\/#\/schema\/person\/image\/","url":"https:\/\/secure.gravatar.com\/avatar\/aed1d8afe914e0136d015d60f22bd285?s=96&d=mm&r=g","contentUrl":"https:\/\/secure.gravatar.com\/avatar\/aed1d8afe914e0136d015d60f22bd285?s=96&d=mm&r=g","caption":"Yusuf Ekinci"},"sameAs":["http:\/\/alanya-web.com"],"url":"https:\/\/www.alanyaproperties.com\/sv\/author\/admin\/"}]}},"jetpack_sharing_enabled":true,"jetpack_featured_media_url":"","_links":{"self":[{"href":"https:\/\/www.alanyaproperties.com\/sv\/wp-json\/wp\/v2\/posts\/3392"}],"collection":[{"href":"https:\/\/www.alanyaproperties.com\/sv\/wp-json\/wp\/v2\/posts"}],"about":[{"href":"https:\/\/www.alanyaproperties.com\/sv\/wp-json\/wp\/v2\/types\/post"}],"author":[{"embeddable":true,"href":"https:\/\/www.alanyaproperties.com\/sv\/wp-json\/wp\/v2\/users\/42"}],"replies":[{"embeddable":true,"href":"https:\/\/www.alanyaproperties.com\/sv\/wp-json\/wp\/v2\/comments?post=3392"}],"version-history":[{"count":0,"href":"https:\/\/www.alanyaproperties.com\/sv\/wp-json\/wp\/v2\/posts\/3392\/revisions"}],"wp:attachment":[{"href":"https:\/\/www.alanyaproperties.com\/sv\/wp-json\/wp\/v2\/media?parent=3392"}],"wp:term":[{"taxonomy":"category","embeddable":true,"href":"https:\/\/www.alanyaproperties.com\/sv\/wp-json\/wp\/v2\/categories?post=3392"},{"taxonomy":"post_tag","embeddable":true,"href":"https:\/\/www.alanyaproperties.com\/sv\/wp-json\/wp\/v2\/tags?post=3392"}],"curies":[{"name":"wp","href":"https:\/\/api.w.org\/{rel}","templated":true}]}}