{"id":3344,"date":"2009-10-23T04:27:56","date_gmt":"2009-10-23T04:27:56","guid":{"rendered":"http:\/\/www.alanyaproperties.com\/semester-i-turkiet-de-baesta-straenderna\/"},"modified":"2009-10-23T04:27:56","modified_gmt":"2009-10-23T04:27:56","slug":"semester-i-turkiet-de-baesta-straenderna","status":"publish","type":"post","link":"https:\/\/www.alanyaproperties.com\/sv\/sv-nyheter-fran-turkiet\/latest-news-from-turkey-news\/semester-i-turkiet-de-baesta-straenderna\/","title":{"rendered":"Semester i Turkiet De b\u00e4sta str\u00e4nderna"},"content":{"rendered":"<p><span class=\"long_text\"><span class=\"hps\">I<\/span> <span class=\"hps\">denna artikel<\/span> <span class=\"hps\">tar vi<\/span> <span class=\"hps\">en<\/span> <span class=\"hps\">titt<\/span> <span class=\"hps\">p\u00e5<\/span> <span class=\"hps\">de tio<\/span> <span class=\"hps\">b\u00e4sta<\/span> <span class=\"hps\">str\u00e4nderna<\/span> <span class=\"hps\">i Turkiet<\/span><span>.<\/span> <span class=\"hps\">N\u00e4r folk t\u00e4nker<\/span> <span class=\"hps\">p\u00e5<\/span> <span class=\"hps\">stora<\/span> <span class=\"hps\">str\u00e4nder<\/span><span>,<\/span> <span class=\"hps\">tror<\/span> <span class=\"hps\">de<\/span> <span class=\"hps\">oftast<\/span> <span class=\"hps\">av<\/span> <span class=\"hps\">platser<\/span> <span class=\"hps\">som<\/span> <span class=\"hps\">Kalifornien<\/span><span>,<\/span> <span class=\"hps\">Florida<\/span> <span class=\"hps\">eller<\/span> <span class=\"hps\">Hawaii<\/span><span>,<\/span> <span class=\"hps\">men<\/span> <span class=\"hps\">de<\/span> <span class=\"hps\">s\u00e4llan t\u00e4nker<\/span> <span class=\"hps\">p\u00e5<\/span> <span class=\"hps\">ett land som<\/span> <span class=\"hps\">Turkiet<\/span><span>.<\/span> <span class=\"hps\">Trots att<\/span> <span class=\"hps\">under<\/span> <span class=\"hps\">uppm\u00e4rksammade<\/span> <span class=\"hps\">semester till<\/span> <span class=\"hps\">Turkiet<\/span> <span class=\"hps\">kan<\/span> <span class=\"hps\">erbjuda<\/span> <span class=\"hps\">ett brett<\/span> <span class=\"hps\">utbud<\/span> <span class=\"hps\">av<\/span> <span class=\"hps\">str\u00e4nder<\/span> <span class=\"hps\">som<\/span> <span class=\"hps\">str\u00e4cker sig l\u00e4ngs<\/span> <span class=\"hps\">Medelhavet.<\/span><\/p>\n<p><span class=\"hps\">Patara<\/span> <span class=\"hps\">Beach<\/span><span>:<\/span> <span class=\"hps\">Patara<\/span> <span class=\"hps\">\u00e4r<\/span> <span class=\"hps\">den l\u00e4ngsta<\/span> <span class=\"hps\">stranden i<\/span> <span class=\"hps\">Medelhavet<\/span><span>,<\/span> <span class=\"hps\">och<\/span> <span class=\"hps\">hyllades<\/span> <span class=\"hps\">av<\/span> <span class=\"hps\">The<\/span> <span class=\"hps\">Sunday Times<\/span> <span class=\"hps\">som den b\u00e4sta<\/span> <span class=\"hps\">stranden<\/span> <span class=\"hps\">i<\/span> <span class=\"hps\">v\u00e4rlden<\/span><span>.<\/span> <span class=\"hps\">Boende<\/span> <span class=\"hps\">\u00e4r begr\u00e4nsade<\/span><span>,<\/span> <span class=\"hps\">solstolar och<\/span> <span class=\"hps\">parasoller<\/span> <span class=\"hps\">kan<\/span> <span class=\"hps\">hyras<\/span><span>,<\/span> <span class=\"hps\">och<\/span> <span class=\"hps\">den f\u00e5r st\u00f6d<\/span> <span class=\"hps\">av<\/span> <span class=\"hps\">antika<\/span> <span class=\"hps\">ruiner<\/span> <span class=\"hps\">och sanddyner<\/span><span>.<\/span><\/p>\n<p><span class=\"hps\">Oludeniz<\/span> <span class=\"hps\">Beach<\/span><span>:<\/span> <span class=\"hps\">Oludeniz<\/span> <span class=\"hps\">\u00e4r<\/span> <span class=\"hps\">Turkiets<\/span> <span class=\"hps\">mest<\/span> <span class=\"hps\">k\u00e4nda stranden,<\/span> <span class=\"hps\">och d\u00e4rmed i<\/span> <span class=\"hps\">h\u00f6gs\u00e4song<\/span> <span class=\"hps\">\u00e4r det<\/span> <span class=\"hps\">mest<\/span> <span class=\"hps\">tr\u00e5ngt<\/span><span>.<\/span> <span class=\"hps\">Det finns<\/span> <span class=\"hps\">bra hotell<\/span> <span class=\"hps\">att bo<\/span> <span class=\"hps\">p\u00e5<\/span><span>, mycket<\/span> <span class=\"hps\">bra<\/span> <span class=\"hps\">barer<\/span><span>,<\/span> <span class=\"hps\">vattensporter<\/span><span>,<\/span> <span class=\"hps\">dykning<\/span> <span class=\"hps\">och \u00e4r<\/span> <span class=\"hps\">omgivet av<\/span> <span class=\"hps\">resorts<\/span><span>.<\/span><\/p>\n<p><span class=\"hps\">Olimpo<\/span><span>:<\/span> <span class=\"hps\">Om<\/span> <span class=\"hps\">du<\/span> <span class=\"hps\">vill ha en<\/span> <span class=\"hps\">mer<\/span> <span class=\"hps\">avslappnad<\/span><span>,<\/span> <span class=\"hps\">romantisk<\/span> <span class=\"hps\">atmosf\u00e4r<\/span><span>,<\/span> <span class=\"hps\">denna<\/span> <span class=\"hps\">strand<\/span> <span class=\"hps\">f\u00f6r dig<\/span><span>.<\/span> <span class=\"hps\">Det \u00e4r<\/span> <span class=\"hps\">l\u00e5ngt<\/span> <span class=\"hps\">mer avskilt<\/span> <span class=\"hps\">och<\/span> <span class=\"hps\">mindre<\/span> <span class=\"hps\">\u00e4n de<\/span> <span class=\"hps\">andra tv\u00e5<\/span> <span class=\"hps\">str\u00e4nderna<\/span> <span class=\"hps\">n\u00e4mnts<\/span> <span class=\"hps\">hittills<\/span><span>,<\/span> <span class=\"hps\">och st\u00f6ds<\/span> <span class=\"hps\">av<\/span> <span class=\"hps\">en<\/span> <span class=\"hps\">skog<\/span><span>, fylld<\/span> <span class=\"hps\">med<\/span> <span class=\"hps\">romerska<\/span> <span class=\"hps\">ruiner<\/span><span>.<\/span><\/span><\/p>\n<p><span class=\"long_text\"><span><span class=\"long_text\"><span class=\"hps\">Side<\/span><span>:<\/span> <span class=\"hps\">Side<\/span> <span class=\"hps\">\u00e4r<\/span> <span class=\"hps\">bara<\/span> <span class=\"hps\">en<\/span> <span class=\"hps\">timme<\/span> <span class=\"hps\">borta<\/span> <span class=\"hps\">fr\u00e5n<\/span> <span class=\"hps\">Antalyas<\/span> <span class=\"hps\">flygplats och<\/span> <span class=\"hps\">\u00e4r<\/span> <span class=\"hps\">mycket popul\u00e4ra bland<\/span> <span class=\"hps\">semester<\/span> <span class=\"hps\">grupper<\/span><span>.<\/span> <span class=\"hps\">Det<\/span> <span class=\"hps\">\u00e4r en by<\/span> <span class=\"hps\">och<\/span> <span class=\"hps\">en<\/span> <span class=\"hps\">strand<\/span> <span class=\"hps\">fylld<\/span> <span class=\"hps\">med<\/span> <span class=\"hps\">fin<\/span> <span class=\"hps\">sand<\/span><span>,<\/span> <span class=\"hps\">och<\/span> <span class=\"hps\">n\u00e5gra<\/span> <span class=\"hps\">romerska<\/span> <span class=\"hps\">ruiner<\/span> <span class=\"hps\">att utforska<\/span> <span class=\"hps\">i n\u00e4rheten.<\/span><\/p>\n<p><span class=\"hps\">Iztuzu<\/span> <span class=\"hps\">Beach<\/span><span>:<\/span> <span class=\"hps\">Iztuzu<\/span> <span class=\"hps\">Beach<\/span> <span class=\"hps\">\u00e4r<\/span> <span class=\"hps\">en<\/span> <span class=\"hps\">nationell<\/span> <span class=\"hps\">naturskyddsomr\u00e5de<\/span> <span class=\"hps\">och<\/span> <span class=\"hps\">\u00e4r<\/span> <span class=\"hps\">en av<\/span> <span class=\"hps\">de<\/span> <span class=\"hps\">sista<\/span> <span class=\"hps\">h\u00e4ckningsplatser<\/span> <span class=\"hps\">i<\/span> <span class=\"hps\">Europa<\/span> <span class=\"hps\">Loggerhead<\/span> <span class=\"hps\">Havdskilpaddene<\/span><span>.<\/span> <span class=\"hps\">Det kan<\/span> <span class=\"hps\">bara<\/span> <span class=\"hps\">n\u00e5s med<\/span> <span class=\"hps\">en<\/span> <span class=\"hps\">20<\/span> <span class=\"hps\">minuters b\u00e5tf\u00e4rd fr\u00e5n<\/span> <span class=\"hps\">den n\u00e4rbel\u00e4gna<\/span> <span class=\"hps\">staden<\/span> <span class=\"hps\">Dalyan<\/span><span>.<\/span> <span class=\"hps\">Det<\/span> <span class=\"hps\">finns<\/span> <span class=\"hps\">en<\/span> <span class=\"hps\">hel del<\/span> <span class=\"hps\">sand<\/span> <span class=\"hps\">och vattnet<\/span> <span class=\"hps\">\u00e4r<\/span> <span class=\"hps\">varmt<\/span> <span class=\"hps\">och<\/span> <span class=\"hps\">grunt<\/span><span>.<\/span> <span class=\"hps\">I n\u00e4rheten<\/span> <span class=\"hps\">finns<\/span> <span class=\"hps\">n\u00e5gra<\/span> <span class=\"hps\">klippar<\/span> <span class=\"hps\">att utforska<\/span> <span class=\"hps\">ocks\u00e5<\/span><span>.<\/span><\/p>\n<p><span class=\"hps\">Kleopatrastranden<\/span> <span class=\"hps atn\">(<\/span><span>Alanya<\/span><span>)<\/span><span>:<\/span> <span class=\"hps\">Alanya<\/span> <span class=\"hps\">\u00e4r<\/span> <span class=\"hps\">en av de st\u00f6rsta<\/span> <span class=\"hps\">semesterorter<\/span> <span class=\"hps\">som finns<\/span> <span class=\"hps\">i Turkiet<\/span><span>,<\/span> <span class=\"hps\">och<\/span> <span class=\"hps\">Kleopatra<\/span> <span class=\"hps\">stranden<\/span> <span class=\"hps\">\u00e4r<\/span> <span class=\"hps\">fantastisk<\/span> <span class=\"hps\">och<\/span> <span class=\"hps\">mycket popul\u00e4r<\/span><span>.<\/span> <span class=\"hps\">Stranden<\/span> <span class=\"hps\">och<\/span> <span class=\"hps\">staden<\/span> <span class=\"hps\">erbjuder<\/span> <span class=\"hps\">bra boende<\/span><span>,<\/span> <span class=\"hps\">aktiviteter och faciliteter.<\/span> <span class=\"hps\">Det<\/span> <span class=\"hps\">\u00e4r ocks\u00e5<\/span> <span class=\"hps\">en<\/span> <span class=\"hps\">gammal<\/span> <span class=\"hps\">f\u00e4stning<\/span> <span class=\"hps\">i n\u00e4rheten<\/span><span>.<\/span><\/p>\n<p><span class=\"hps\">Kemer<\/span><span>:<\/span> <span class=\"hps\">Kemer<\/span> <span class=\"hps\">\u00e4r<\/span> <span class=\"hps\">i grunden<\/span> <span class=\"hps\">en stad<\/span> <span class=\"hps\">byggd<\/span> <span class=\"hps\">l\u00e4ngs<\/span> <span class=\"hps\">havet.<\/span> <span class=\"hps\">Det finns flera<\/span> <span class=\"hps\">sm\u00e5<\/span> <span class=\"hps\">str\u00e4nder<\/span> <span class=\"hps\">du<\/span> <span class=\"hps\">kan<\/span> <span class=\"hps\">bes\u00f6ka<\/span><span>,<\/span> <span class=\"hps\">samt<\/span>\u00a0<span class=\"hps\"><span class=\"hps\">dagstur<\/span> <span class=\"hps\">m\u00f6jligheter<\/span><\/span><span>.<\/span> <span class=\"hps\">De flesta str\u00e4nderna<\/span> <span class=\"hps\">best\u00e5r<\/span> <span class=\"hps\">av<\/span> <span class=\"hps\">grus<\/span><span>, men det<\/span> <span class=\"hps\">finns<\/span> <span class=\"hps\">n\u00e5gra<\/span> <span class=\"hps\">med<\/span> <span class=\"hps\">sandstr\u00e4nder<\/span><span>.<\/span><\/span><\/span><\/span><\/p>\n<p><span class=\"long_text\"><span><span class=\"long_text\"><span><span class=\"long_text\"><span class=\"hps\">Bodrum<\/span><span>:<\/span> <span class=\"hps\">Bodrum<\/span> <span class=\"hps\">\u00e4r<\/span> <span class=\"hps\">hem<\/span> <span class=\"hps\">till<\/span> <span class=\"hps\">den<\/span> <span class=\"hps\">ursprungliga<\/span> <span class=\"hps\">mausoleum<\/span><span>,<\/span> <span class=\"hps\">en<\/span> <span class=\"hps\">av<\/span> <span class=\"hps\">de sju<\/span> <span class=\"hps\">underverk<\/span><span>.<\/span> <span class=\"hps\">Det \u00e4r<\/span> <span class=\"hps\">ocks\u00e5 hem<\/span> <span class=\"hps\">till<\/span> <span class=\"hps\">slottet<\/span> <span class=\"hps\">av<\/span> <span class=\"hps\">St<\/span> <span class=\"hps\">Peter,<\/span> <span class=\"hps\">som<\/span> <span class=\"hps\">brukade<\/span> <span class=\"hps\">vara<\/span> <span class=\"hps\">en<\/span> <span class=\"hps\">korsfararnas<\/span> <span class=\"hps\">f\u00e4stning<\/span><span>,<\/span> <span class=\"hps\">men<\/span> <span class=\"hps\">nu<\/span> <span class=\"hps\">fungerar som<\/span> <span class=\"hps\">museum<\/span> <span class=\"hps\">Marinarkeologi<\/span><span>.<\/span> <span class=\"hps\">Str\u00e4nderna<\/span> <span class=\"hps\">i<\/span> <span class=\"hps\">stan<\/span> <span class=\"hps\">\u00e4r sm\u00e5<\/span><span>.<\/span><\/p>\n<p><span class=\"hps\">Pamucak<\/span> <span class=\"hps\">Beach<\/span><span>:<\/span> <span class=\"hps\">De flesta<\/span> <span class=\"hps\">av<\/span> <span class=\"hps\">stranden<\/span> <span class=\"hps\">\u00e4r offentlig<\/span><span>,<\/span> <span class=\"hps\">men<\/span> <span class=\"hps\">p\u00e5 s\u00f6dra<\/span> <span class=\"hps\">sidan<\/span> <span class=\"hps\">finns det<\/span> <span class=\"hps\">n\u00e5gra<\/span> <span class=\"hps\">resort<\/span> <span class=\"hps\">hotell.<\/span> <span class=\"hps\">Det<\/span> <span class=\"hps\">\u00e4r n\u00e4ra<\/span> <span class=\"hps\">till<\/span> <span class=\"hps\">Aqua Fantasy<\/span> <span class=\"hps\">vattenpark<\/span><span>,<\/span> <span class=\"hps\">och<\/span> <span class=\"hps\">det<\/span> <span class=\"hps\">\u00e4r ett litet<\/span> <span class=\"hps\">hotell<\/span> <span class=\"hps\">d\u00e4r<\/span> <span class=\"hps\">du kan f\u00e5<\/span> <span class=\"hps\">f\u00f6rfriskningar<\/span><span>.<\/span> <span class=\"hps\">Vattnet<\/span> <span class=\"hps\">\u00e4r<\/span> <span class=\"hps\">ganska<\/span> <span class=\"hps\">vild<\/span><span>,<\/span> <span class=\"hps\">och<\/span> <span class=\"hps\">det<\/span> <span class=\"hps\">finns<\/span> <span class=\"hps\">inget liv<\/span> <span class=\"hps\">vakter<\/span><span>,<\/span> <span class=\"hps\">s\u00e5 var f\u00f6rsiktig.<\/span><\/p>\n<p><span class=\"hps\">Sinop<\/span><span>:<\/span> <span class=\"hps\">Sinop<\/span> <span class=\"hps\">har m\u00e5nga<\/span> <span class=\"hps\">sp\u00e4nnande<\/span> <span class=\"hps\">saker att<\/span> <span class=\"hps\">se<\/span> <span class=\"hps\">och str\u00e4nderna<\/span> <span class=\"hps\">\u00e4r<\/span> <span class=\"hps\">sm\u00e5<\/span><span>.<\/span> <span class=\"hps\">Eftersom<\/span> <span class=\"hps\">vattnet<\/span> <span class=\"hps\">kommer<\/span> <span class=\"hps\">fr\u00e5n Svarta<\/span> <span class=\"hps\">havet<\/span><span>, kan det<\/span> <span class=\"hps\">vara<\/span> <span class=\"hps\">ganska coolt<\/span> <span class=\"hps\">ocks\u00e5<\/span><span>.<\/span><\/span><\/span><\/span><\/span><\/span><\/p>\n","protected":false},"excerpt":{"rendered":"<p>I denna artikel tar vi en titt p\u00e5 de tio b\u00e4sta str\u00e4nderna i Turkiet. N\u00e4r folk t\u00e4nker p\u00e5 stora str\u00e4nder, tror de oftast av platser som Kalifornien, Florida eller Hawaii, men de s\u00e4llan t\u00e4nker p\u00e5 ett land som Turkiet. Trots att under uppm\u00e4rksammade semester till Turkiet kan erbjuda ett brett utbud av str\u00e4nder som str\u00e4cker [&hellip;]<\/p>\n","protected":false},"author":42,"featured_media":0,"comment_status":"open","ping_status":"closed","sticky":false,"template":"","format":"standard","meta":{"footnotes":""},"categories":[1897],"tags":[],"yoast_head":"<!-- This site is optimized with the Yoast SEO plugin v22.6 - https:\/\/yoast.com\/wordpress\/plugins\/seo\/ -->\n<title>Semester i Turkiet De b\u00e4sta str\u00e4nderna - Properties in Alanya.<\/title>\n<meta name=\"description\" content=\"Semester i Turkiet De b\u00e4sta str\u00e4nderna - Properties in Alanya.\" \/>\n<meta name=\"robots\" content=\"index, follow, max-snippet:-1, max-image-preview:large, max-video-preview:-1\" \/>\n<link rel=\"canonical\" href=\"https:\/\/www.alanyaproperties.com\/sv\/sv-nyheter-fran-turkiet\/latest-news-from-turkey-news\/semester-i-turkiet-de-baesta-straenderna\/\" \/>\n<meta property=\"og:locale\" content=\"sv_SE\" \/>\n<meta property=\"og:type\" content=\"article\" \/>\n<meta property=\"og:title\" content=\"Semester i Turkiet De b\u00e4sta str\u00e4nderna - Properties in Alanya.\" \/>\n<meta property=\"og:description\" content=\"Semester i Turkiet De b\u00e4sta str\u00e4nderna - Properties in Alanya.\" \/>\n<meta property=\"og:url\" content=\"https:\/\/www.alanyaproperties.com\/sv\/sv-nyheter-fran-turkiet\/latest-news-from-turkey-news\/semester-i-turkiet-de-baesta-straenderna\/\" \/>\n<meta property=\"og:site_name\" content=\"Properties in Alanya.\" \/>\n<meta property=\"article:publisher\" content=\"https:\/\/www.facebook.com\/alanyaproperties\/\" \/>\n<meta property=\"article:published_time\" content=\"2009-10-23T04:27:56+00:00\" \/>\n<meta name=\"author\" content=\"Yusuf Ekinci\" \/>\n<meta name=\"twitter:card\" content=\"summary_large_image\" \/>\n<meta name=\"twitter:creator\" content=\"@alanyapro\" \/>\n<meta name=\"twitter:site\" content=\"@alanyapro\" \/>\n<meta name=\"twitter:label1\" content=\"Skriven av\" \/>\n\t<meta name=\"twitter:data1\" content=\"Yusuf Ekinci\" \/>\n\t<meta name=\"twitter:label2\" content=\"Ber\u00e4knad l\u00e4stid\" \/>\n\t<meta name=\"twitter:data2\" content=\"3 minuter\" \/>\n<script type=\"application\/ld+json\" class=\"yoast-schema-graph\">{\"@context\":\"https:\/\/schema.org\",\"@graph\":[{\"@type\":\"Article\",\"@id\":\"https:\/\/www.alanyaproperties.com\/sv\/sv-nyheter-fran-turkiet\/latest-news-from-turkey-news\/semester-i-turkiet-de-baesta-straenderna\/#article\",\"isPartOf\":{\"@id\":\"https:\/\/www.alanyaproperties.com\/sv\/sv-nyheter-fran-turkiet\/latest-news-from-turkey-news\/semester-i-turkiet-de-baesta-straenderna\/\"},\"author\":{\"name\":\"Yusuf Ekinci\",\"@id\":\"https:\/\/www.alanyaproperties.com\/sv\/#\/schema\/person\/8a92cc9600cbc25fcc67c304ba14680c\"},\"headline\":\"Semester i Turkiet De b\u00e4sta str\u00e4nderna\",\"datePublished\":\"2009-10-23T04:27:56+00:00\",\"dateModified\":\"2009-10-23T04:27:56+00:00\",\"mainEntityOfPage\":{\"@id\":\"https:\/\/www.alanyaproperties.com\/sv\/sv-nyheter-fran-turkiet\/latest-news-from-turkey-news\/semester-i-turkiet-de-baesta-straenderna\/\"},\"wordCount\":510,\"commentCount\":0,\"publisher\":{\"@id\":\"https:\/\/www.alanyaproperties.com\/sv\/#organization\"},\"articleSection\":[\"Latest news from Turkey\"],\"inLanguage\":\"sv-SE\"},{\"@type\":\"WebPage\",\"@id\":\"https:\/\/www.alanyaproperties.com\/sv\/sv-nyheter-fran-turkiet\/latest-news-from-turkey-news\/semester-i-turkiet-de-baesta-straenderna\/\",\"url\":\"https:\/\/www.alanyaproperties.com\/sv\/sv-nyheter-fran-turkiet\/latest-news-from-turkey-news\/semester-i-turkiet-de-baesta-straenderna\/\",\"name\":\"Semester i Turkiet De b\u00e4sta str\u00e4nderna - Properties in Alanya.\",\"isPartOf\":{\"@id\":\"https:\/\/www.alanyaproperties.com\/sv\/#website\"},\"datePublished\":\"2009-10-23T04:27:56+00:00\",\"dateModified\":\"2009-10-23T04:27:56+00:00\",\"description\":\"Semester i Turkiet De b\u00e4sta str\u00e4nderna - Properties in Alanya.\",\"breadcrumb\":{\"@id\":\"https:\/\/www.alanyaproperties.com\/sv\/sv-nyheter-fran-turkiet\/latest-news-from-turkey-news\/semester-i-turkiet-de-baesta-straenderna\/#breadcrumb\"},\"inLanguage\":\"sv-SE\",\"potentialAction\":[{\"@type\":\"ReadAction\",\"target\":[\"https:\/\/www.alanyaproperties.com\/sv\/sv-nyheter-fran-turkiet\/latest-news-from-turkey-news\/semester-i-turkiet-de-baesta-straenderna\/\"]}]},{\"@type\":\"BreadcrumbList\",\"@id\":\"https:\/\/www.alanyaproperties.com\/sv\/sv-nyheter-fran-turkiet\/latest-news-from-turkey-news\/semester-i-turkiet-de-baesta-straenderna\/#breadcrumb\",\"itemListElement\":[{\"@type\":\"ListItem\",\"position\":1,\"name\":\"Home\",\"item\":\"https:\/\/www.alanyaproperties.com\/sv\/\"},{\"@type\":\"ListItem\",\"position\":2,\"name\":\"Semester i Turkiet De b\u00e4sta str\u00e4nderna\"}]},{\"@type\":\"WebSite\",\"@id\":\"https:\/\/www.alanyaproperties.com\/sv\/#website\",\"url\":\"https:\/\/www.alanyaproperties.com\/sv\/\",\"name\":\"Properties in Alanya.\",\"description\":\"Fastighet till salu i Turkiet. | Fastighet i Alanya\",\"publisher\":{\"@id\":\"https:\/\/www.alanyaproperties.com\/sv\/#organization\"},\"potentialAction\":[{\"@type\":\"SearchAction\",\"target\":{\"@type\":\"EntryPoint\",\"urlTemplate\":\"https:\/\/www.alanyaproperties.com\/sv\/?s={search_term_string}\"},\"query-input\":\"required name=search_term_string\"}],\"inLanguage\":\"sv-SE\"},{\"@type\":\"Organization\",\"@id\":\"https:\/\/www.alanyaproperties.com\/sv\/#organization\",\"name\":\"Alanya Properties\",\"url\":\"https:\/\/www.alanyaproperties.com\/sv\/\",\"logo\":{\"@type\":\"ImageObject\",\"inLanguage\":\"sv-SE\",\"@id\":\"https:\/\/www.alanyaproperties.com\/sv\/#\/schema\/logo\/image\/\",\"url\":\"https:\/\/i0.wp.com\/www.alanyaproperties.com\/wp-content\/uploads\/2017\/06\/alanya-properties-logo-180to.png?fit=180%2C81&ssl=1\",\"contentUrl\":\"https:\/\/i0.wp.com\/www.alanyaproperties.com\/wp-content\/uploads\/2017\/06\/alanya-properties-logo-180to.png?fit=180%2C81&ssl=1\",\"width\":180,\"height\":81,\"caption\":\"Alanya Properties\"},\"image\":{\"@id\":\"https:\/\/www.alanyaproperties.com\/sv\/#\/schema\/logo\/image\/\"},\"sameAs\":[\"https:\/\/www.facebook.com\/alanyaproperties\/\",\"https:\/\/x.com\/alanyapro\",\"https:\/\/www.instagram.com\/alanyaproperties\/\",\"https:\/\/www.youtube.com\/c\/AlanyaProperties\"]},{\"@type\":\"Person\",\"@id\":\"https:\/\/www.alanyaproperties.com\/sv\/#\/schema\/person\/8a92cc9600cbc25fcc67c304ba14680c\",\"name\":\"Yusuf Ekinci\",\"image\":{\"@type\":\"ImageObject\",\"inLanguage\":\"sv-SE\",\"@id\":\"https:\/\/www.alanyaproperties.com\/sv\/#\/schema\/person\/image\/\",\"url\":\"https:\/\/secure.gravatar.com\/avatar\/aed1d8afe914e0136d015d60f22bd285?s=96&d=mm&r=g\",\"contentUrl\":\"https:\/\/secure.gravatar.com\/avatar\/aed1d8afe914e0136d015d60f22bd285?s=96&d=mm&r=g\",\"caption\":\"Yusuf Ekinci\"},\"sameAs\":[\"http:\/\/alanya-web.com\"],\"url\":\"https:\/\/www.alanyaproperties.com\/sv\/author\/admin\/\"}]}<\/script>\n<!-- \/ Yoast SEO plugin. -->","yoast_head_json":{"title":"Semester i Turkiet De b\u00e4sta str\u00e4nderna - Properties in Alanya.","description":"Semester i Turkiet De b\u00e4sta str\u00e4nderna - Properties in Alanya.","robots":{"index":"index","follow":"follow","max-snippet":"max-snippet:-1","max-image-preview":"max-image-preview:large","max-video-preview":"max-video-preview:-1"},"canonical":"https:\/\/www.alanyaproperties.com\/sv\/sv-nyheter-fran-turkiet\/latest-news-from-turkey-news\/semester-i-turkiet-de-baesta-straenderna\/","og_locale":"sv_SE","og_type":"article","og_title":"Semester i Turkiet De b\u00e4sta str\u00e4nderna - Properties in Alanya.","og_description":"Semester i Turkiet De b\u00e4sta str\u00e4nderna - Properties in Alanya.","og_url":"https:\/\/www.alanyaproperties.com\/sv\/sv-nyheter-fran-turkiet\/latest-news-from-turkey-news\/semester-i-turkiet-de-baesta-straenderna\/","og_site_name":"Properties in Alanya.","article_publisher":"https:\/\/www.facebook.com\/alanyaproperties\/","article_published_time":"2009-10-23T04:27:56+00:00","author":"Yusuf Ekinci","twitter_card":"summary_large_image","twitter_creator":"@alanyapro","twitter_site":"@alanyapro","twitter_misc":{"Skriven av":"Yusuf Ekinci","Ber\u00e4knad l\u00e4stid":"3 minuter"},"schema":{"@context":"https:\/\/schema.org","@graph":[{"@type":"Article","@id":"https:\/\/www.alanyaproperties.com\/sv\/sv-nyheter-fran-turkiet\/latest-news-from-turkey-news\/semester-i-turkiet-de-baesta-straenderna\/#article","isPartOf":{"@id":"https:\/\/www.alanyaproperties.com\/sv\/sv-nyheter-fran-turkiet\/latest-news-from-turkey-news\/semester-i-turkiet-de-baesta-straenderna\/"},"author":{"name":"Yusuf Ekinci","@id":"https:\/\/www.alanyaproperties.com\/sv\/#\/schema\/person\/8a92cc9600cbc25fcc67c304ba14680c"},"headline":"Semester i Turkiet De b\u00e4sta str\u00e4nderna","datePublished":"2009-10-23T04:27:56+00:00","dateModified":"2009-10-23T04:27:56+00:00","mainEntityOfPage":{"@id":"https:\/\/www.alanyaproperties.com\/sv\/sv-nyheter-fran-turkiet\/latest-news-from-turkey-news\/semester-i-turkiet-de-baesta-straenderna\/"},"wordCount":510,"commentCount":0,"publisher":{"@id":"https:\/\/www.alanyaproperties.com\/sv\/#organization"},"articleSection":["Latest news from Turkey"],"inLanguage":"sv-SE"},{"@type":"WebPage","@id":"https:\/\/www.alanyaproperties.com\/sv\/sv-nyheter-fran-turkiet\/latest-news-from-turkey-news\/semester-i-turkiet-de-baesta-straenderna\/","url":"https:\/\/www.alanyaproperties.com\/sv\/sv-nyheter-fran-turkiet\/latest-news-from-turkey-news\/semester-i-turkiet-de-baesta-straenderna\/","name":"Semester i Turkiet De b\u00e4sta str\u00e4nderna - Properties in Alanya.","isPartOf":{"@id":"https:\/\/www.alanyaproperties.com\/sv\/#website"},"datePublished":"2009-10-23T04:27:56+00:00","dateModified":"2009-10-23T04:27:56+00:00","description":"Semester i Turkiet De b\u00e4sta str\u00e4nderna - Properties in Alanya.","breadcrumb":{"@id":"https:\/\/www.alanyaproperties.com\/sv\/sv-nyheter-fran-turkiet\/latest-news-from-turkey-news\/semester-i-turkiet-de-baesta-straenderna\/#breadcrumb"},"inLanguage":"sv-SE","potentialAction":[{"@type":"ReadAction","target":["https:\/\/www.alanyaproperties.com\/sv\/sv-nyheter-fran-turkiet\/latest-news-from-turkey-news\/semester-i-turkiet-de-baesta-straenderna\/"]}]},{"@type":"BreadcrumbList","@id":"https:\/\/www.alanyaproperties.com\/sv\/sv-nyheter-fran-turkiet\/latest-news-from-turkey-news\/semester-i-turkiet-de-baesta-straenderna\/#breadcrumb","itemListElement":[{"@type":"ListItem","position":1,"name":"Home","item":"https:\/\/www.alanyaproperties.com\/sv\/"},{"@type":"ListItem","position":2,"name":"Semester i Turkiet De b\u00e4sta str\u00e4nderna"}]},{"@type":"WebSite","@id":"https:\/\/www.alanyaproperties.com\/sv\/#website","url":"https:\/\/www.alanyaproperties.com\/sv\/","name":"Properties in Alanya.","description":"Fastighet till salu i Turkiet. | Fastighet i Alanya","publisher":{"@id":"https:\/\/www.alanyaproperties.com\/sv\/#organization"},"potentialAction":[{"@type":"SearchAction","target":{"@type":"EntryPoint","urlTemplate":"https:\/\/www.alanyaproperties.com\/sv\/?s={search_term_string}"},"query-input":"required name=search_term_string"}],"inLanguage":"sv-SE"},{"@type":"Organization","@id":"https:\/\/www.alanyaproperties.com\/sv\/#organization","name":"Alanya Properties","url":"https:\/\/www.alanyaproperties.com\/sv\/","logo":{"@type":"ImageObject","inLanguage":"sv-SE","@id":"https:\/\/www.alanyaproperties.com\/sv\/#\/schema\/logo\/image\/","url":"https:\/\/i0.wp.com\/www.alanyaproperties.com\/wp-content\/uploads\/2017\/06\/alanya-properties-logo-180to.png?fit=180%2C81&ssl=1","contentUrl":"https:\/\/i0.wp.com\/www.alanyaproperties.com\/wp-content\/uploads\/2017\/06\/alanya-properties-logo-180to.png?fit=180%2C81&ssl=1","width":180,"height":81,"caption":"Alanya Properties"},"image":{"@id":"https:\/\/www.alanyaproperties.com\/sv\/#\/schema\/logo\/image\/"},"sameAs":["https:\/\/www.facebook.com\/alanyaproperties\/","https:\/\/x.com\/alanyapro","https:\/\/www.instagram.com\/alanyaproperties\/","https:\/\/www.youtube.com\/c\/AlanyaProperties"]},{"@type":"Person","@id":"https:\/\/www.alanyaproperties.com\/sv\/#\/schema\/person\/8a92cc9600cbc25fcc67c304ba14680c","name":"Yusuf Ekinci","image":{"@type":"ImageObject","inLanguage":"sv-SE","@id":"https:\/\/www.alanyaproperties.com\/sv\/#\/schema\/person\/image\/","url":"https:\/\/secure.gravatar.com\/avatar\/aed1d8afe914e0136d015d60f22bd285?s=96&d=mm&r=g","contentUrl":"https:\/\/secure.gravatar.com\/avatar\/aed1d8afe914e0136d015d60f22bd285?s=96&d=mm&r=g","caption":"Yusuf Ekinci"},"sameAs":["http:\/\/alanya-web.com"],"url":"https:\/\/www.alanyaproperties.com\/sv\/author\/admin\/"}]}},"jetpack_sharing_enabled":true,"jetpack_featured_media_url":"","_links":{"self":[{"href":"https:\/\/www.alanyaproperties.com\/sv\/wp-json\/wp\/v2\/posts\/3344"}],"collection":[{"href":"https:\/\/www.alanyaproperties.com\/sv\/wp-json\/wp\/v2\/posts"}],"about":[{"href":"https:\/\/www.alanyaproperties.com\/sv\/wp-json\/wp\/v2\/types\/post"}],"author":[{"embeddable":true,"href":"https:\/\/www.alanyaproperties.com\/sv\/wp-json\/wp\/v2\/users\/42"}],"replies":[{"embeddable":true,"href":"https:\/\/www.alanyaproperties.com\/sv\/wp-json\/wp\/v2\/comments?post=3344"}],"version-history":[{"count":0,"href":"https:\/\/www.alanyaproperties.com\/sv\/wp-json\/wp\/v2\/posts\/3344\/revisions"}],"wp:attachment":[{"href":"https:\/\/www.alanyaproperties.com\/sv\/wp-json\/wp\/v2\/media?parent=3344"}],"wp:term":[{"taxonomy":"category","embeddable":true,"href":"https:\/\/www.alanyaproperties.com\/sv\/wp-json\/wp\/v2\/categories?post=3344"},{"taxonomy":"post_tag","embeddable":true,"href":"https:\/\/www.alanyaproperties.com\/sv\/wp-json\/wp\/v2\/tags?post=3344"}],"curies":[{"name":"wp","href":"https:\/\/api.w.org\/{rel}","templated":true}]}}