{"id":3324,"date":"2009-10-21T04:13:51","date_gmt":"2009-10-21T04:13:51","guid":{"rendered":"http:\/\/www.alanyaproperties.com\/hyra-en-bil\/"},"modified":"2009-10-21T04:13:51","modified_gmt":"2009-10-21T04:13:51","slug":"hyra-en-bil","status":"publish","type":"post","link":"https:\/\/www.alanyaproperties.com\/sv\/sv-egendom-service\/our-services-property-service\/hyra-en-bil\/","title":{"rendered":"Hyr en bil i Turkiet"},"content":{"rendered":"<p> \t<img loading=\"lazy\" decoding=\"async\" class=\" size-full wp-image-3316\" alt=\"\" src=\"https:\/\/i0.wp.com\/www.alanyaproperties.com\/wp-content\/uploads\/2009\/10\/rent-a-car-in-turkey-alanya-asuntoja%20alanyasta-alanya%20properties.jpg?resize=1170%2C534\" style=\"width: 674px; height: 307px;\" width=\"1170\" height=\"534\" data-recalc-dims=\"1\" \/><\/p>\n<p> \t<span><span class=\"hps\">Du kommer<\/span> <span class=\"hps\">alltid att<\/span> <span class=\"hps\">k\u00e4nna dig bekv\u00e4m och<\/span> <span class=\"hps\">s\u00e4ker<\/span> <span class=\"hps\">om du har en<\/span> <span class=\"hps\">bil<\/span><span>.<\/span> <span class=\"hps\">Med<\/span> <span class=\"hps\">bil<\/span> <span class=\"hps\">kan du<\/span> <span class=\"hps\">enkelt<\/span> <span class=\"hps\">och<\/span> <span class=\"hps\">p\u00e5 kort<\/span> <span class=\"hps\">tid<\/span> <span class=\"hps\">komma till vilken plats du vill; centrum, historiska platser, stranden eller shoppingstr\u00e5k.<\/span><\/span><\/p>\n<p> \t<span><span class=\"hps\">V\u00e5r<\/span> hyr<span class=\"hps\">bils<\/span><span class=\"hps\">service<\/span> <span class=\"hps\">har<\/span> <span class=\"hps\">alltid<\/span> <span class=\"hps\">tillg\u00e4ngliga bilar<\/span> <span class=\"hps\">och&nbsp;minibussar<\/span> <span class=\"hps\">med<\/span> <span class=\"hps\">manuell<\/span> <span class=\"hps\">och<\/span> <span class=\"hps\">automatisk v\u00e4xell\u00e5da.<\/span> <span class=\"hps\">Om<\/span> <span class=\"hps\">du har<\/span> <span class=\"hps\">ett<\/span> <span class=\"hps\">B-k\u00f6rkort<\/span> <span class=\"hps\">kan du<\/span> <span class=\"hps\">hyra<\/span> <span class=\"hps\">en<\/span> <span class=\"hps\">bil<\/span><span>.<\/span> F\u00f6r a<span class=\"hps\">tt<\/span> <span class=\"hps\">hyra<\/span> <span class=\"hps\">en<\/span> <span class=\"hps\">motorcykel<\/span> <span class=\"hps\">eller<\/span> <span class=\"hps\">scooter<\/span> <span class=\"hps\">m\u00e5ste<\/span> <span class=\"hps\">du<\/span> <span class=\"hps\">ha ett A-k\u00f6rkort<\/span><span class=\"hps\">.<\/span><\/span><\/p>\n<p> \t<span><span class=\"hps\"><span class=\"hps\">K\u00f6rning<\/span> <span class=\"hps\">i<\/span> <span class=\"hps\">Turkiet<\/span> <span class=\"hps\">\u00e4r<\/span> <span class=\"hps\">organiserat<\/span> <span class=\"hps\">i<\/span> <span class=\"hps\">enlighet<\/span> <span class=\"hps\">med<\/span> <span class=\"hps\">de trafikregler som g\u00e4ller \u00f6ver hela v\u00e4rlden<\/span><span class=\"hps\">,<\/span> och v\u00e4gbanorna \u00e4r bra<\/span><span>.<\/span> <span class=\"hps\">Trafiken<\/span> <span class=\"hps\">\u00e4r<\/span> <span class=\"hps\">\u00f6vervakad<\/span> <span class=\"hps\">av<\/span> <span class=\"hps\">trafik<\/span><span class=\"hps\">kameror<\/span> <span class=\"hps\">och<\/span> radar<span>.<\/span> <span class=\"hps\">K\u00f6rning<\/span> <span class=\"hps\">utan<\/span> <span class=\"hps\">dokument<\/span><span>,<\/span> <span class=\"hps\">utan<\/span> <span class=\"hps\">bilb\u00e4lte samt<\/span>&nbsp;<span class=\"hps\">och<\/span> <span class=\"hps\">efter anv\u00e4ndning av<\/span> <span class=\"hps\">alkohol<\/span>&nbsp;<span class=\"hps\">\u00e4r str\u00e4ngt<\/span> <span class=\"hps\">f\u00f6rbjudet.<\/span><\/span><\/p>\n<p> \t<span><span class=\"hps\">Fordon<\/span> <span class=\"hps\">som<\/span> <span class=\"hps\">erbjuds som<\/span> <span class=\"hps\">hyrbilar<\/span> <span class=\"hps\">\u00e4r fullt<\/span> <span class=\"hps\">f\u00f6rs\u00e4krade<\/span><span>.<\/span> <span class=\"hps\">Vid<\/span> <span class=\"hps\">eventuella<\/span> <span class=\"hps\">problem<\/span> kan hyrbilsf\u00f6retaget hj\u00e4lpa dig n\u00e4r som helst.<\/span><\/p>\n<p> \t&nbsp;<\/p>\n<p> \t<u><strong><span><span class=\"short_text\" lang=\"sv\"><span class=\"hps\">H\u00e4r<\/span> <span class=\"hps\">\u00e4r n\u00e5gra exempel<\/span> <span class=\"hps\">fr\u00e5n<\/span> <span class=\"hps\">v\u00e5rt utbud<\/span><span>:<\/span><\/span><\/span><\/strong><\/u><\/p>\n<p> \t&nbsp;<\/p>\n<p> \t<u><strong>Bilar:<\/strong><\/u><\/p>\n<p> \tRenault Latitude<\/p>\n<p> \tRenault Fulence&nbsp;<\/p>\n<p> \tHyundai \u013020<\/p>\n<p> \tHyundai Accent&nbsp;<\/p>\n<p> \tFord Fiesta<\/p>\n<p> \tFord Focus<\/p>\n<p> \tFord Mondeo<\/p>\n<p> \tFiat Linea<\/p>\n<p> \tFiat Albea<\/p>\n<p> \t<u><strong>Minibussar:<\/strong><\/u><\/p>\n<p> \tVolkswagen Caravelle 9+1<\/p>\n<p> \tFord Tourneo Custom 9+1<\/p>\n<p> \t<u><strong>Jeepar:<\/strong><\/u><\/p>\n<p> \tSuzuki Vitara&nbsp;<\/p>\n<p> \tSuzuki Jimny<\/p>\n<p> \t<u><strong style=\"background-color: initial;\">Motorcyklar:<\/strong><\/u><\/p>\n<p> \tYamaha Dragstar XVS 650<\/p>\n<p> \tHonda Shadow VLX 600<\/p>\n<p> \tYamaha XT 600<\/p>\n<p> \tYamaha Fazer 800<\/p>\n<p> \t&nbsp;<\/p>\n<p> \t<span id=\"result_box\" lang=\"sv\"><span class=\"hps\">Olika<\/span> <span class=\"hps\">skotrar<\/span> <span class=\"hps\">fr\u00e5n<\/span> <span class=\"hps\">50cc till<\/span> <span class=\"hps\">125cc<\/span><span>.<\/span><br \/> \t<span class=\"hps\">Normala<\/span> <span class=\"hps\">cyklar och<\/span> <span class=\"hps\">mountainbikes<\/span><span>.<\/span><\/span><\/p>\n<p> \t&nbsp;<\/p>\n<p> \t<strong><span><span class=\"hps\"><a href=\"http:\/\/alanyaproperties.com\/lang-sv\/kontakta-oss.html\" name=\"Kontakta Alanya Properties\" target=\"_blank\" title=\"Kontakta Alanya Properties\" type=\"Kontakta Alanya Properties\">Kontakta g\u00e4rna oss om du vill hyra bil.<\/a> Vi kommer hj\u00e4lpa dig f\u00e5 en passande bil till ett l\u00e5gt pris.<\/span><\/span><\/strong><\/p>\n","protected":false},"excerpt":{"rendered":"<p>Du kommer alltid att k\u00e4nna dig bekv\u00e4m och s\u00e4ker om du har en bil. Med bil kan du enkelt och p\u00e5 kort tid komma till vilken plats du vill; centrum, historiska platser, stranden eller shoppingstr\u00e5k. V\u00e5r hyrbilsservice har alltid tillg\u00e4ngliga bilar och&nbsp;minibussar med manuell och automatisk v\u00e4xell\u00e5da. Om du har ett B-k\u00f6rkort kan du hyra [&hellip;]<\/p>\n","protected":false},"author":42,"featured_media":3316,"comment_status":"closed","ping_status":"closed","sticky":false,"template":"","format":"standard","meta":{"footnotes":""},"categories":[1843],"tags":[2053,2054,2052],"yoast_head":"<!-- This site is optimized with the Yoast SEO plugin v22.6 - https:\/\/yoast.com\/wordpress\/plugins\/seo\/ -->\n<title>Hyr en bil i Turkiet - Properties in Alanya.<\/title>\n<meta name=\"description\" content=\"Hyr en bil i Turkiet - Properties in Alanya.\" \/>\n<meta name=\"robots\" content=\"index, follow, max-snippet:-1, max-image-preview:large, max-video-preview:-1\" \/>\n<link rel=\"canonical\" href=\"https:\/\/www.alanyaproperties.com\/sv\/sv-egendom-service\/our-services-property-service\/hyra-en-bil\/\" \/>\n<meta property=\"og:locale\" content=\"sv_SE\" \/>\n<meta property=\"og:type\" content=\"article\" \/>\n<meta property=\"og:title\" content=\"Hyr en bil i Turkiet - Properties in Alanya.\" \/>\n<meta property=\"og:description\" content=\"Hyr en bil i Turkiet - Properties in Alanya.\" \/>\n<meta property=\"og:url\" content=\"https:\/\/www.alanyaproperties.com\/sv\/sv-egendom-service\/our-services-property-service\/hyra-en-bil\/\" \/>\n<meta property=\"og:site_name\" content=\"Properties in Alanya.\" \/>\n<meta property=\"article:publisher\" content=\"https:\/\/www.facebook.com\/alanyaproperties\/\" \/>\n<meta property=\"article:published_time\" content=\"2009-10-21T04:13:51+00:00\" \/>\n<meta property=\"og:image\" content=\"https:\/\/www.alanyaproperties.com\/wp-content\/uploads\/2009\/10\/rent-a-car-in-turkey-alanya-asuntoja%20alanyasta-alanya%20properties.jpg\" \/>\n\t<meta property=\"og:image:width\" content=\"1600\" \/>\n\t<meta property=\"og:image:height\" content=\"730\" \/>\n\t<meta property=\"og:image:type\" content=\"image\/jpeg\" \/>\n<meta name=\"author\" content=\"Yusuf Ekinci\" \/>\n<meta name=\"twitter:card\" content=\"summary_large_image\" \/>\n<meta name=\"twitter:creator\" content=\"@alanyapro\" \/>\n<meta name=\"twitter:site\" content=\"@alanyapro\" \/>\n<meta name=\"twitter:label1\" content=\"Skriven av\" \/>\n\t<meta name=\"twitter:data1\" content=\"Yusuf Ekinci\" \/>\n\t<meta name=\"twitter:label2\" content=\"Ber\u00e4knad l\u00e4stid\" \/>\n\t<meta name=\"twitter:data2\" content=\"1 minut\" \/>\n<script type=\"application\/ld+json\" class=\"yoast-schema-graph\">{\"@context\":\"https:\/\/schema.org\",\"@graph\":[{\"@type\":\"Article\",\"@id\":\"https:\/\/www.alanyaproperties.com\/sv\/sv-egendom-service\/our-services-property-service\/hyra-en-bil\/#article\",\"isPartOf\":{\"@id\":\"https:\/\/www.alanyaproperties.com\/sv\/sv-egendom-service\/our-services-property-service\/hyra-en-bil\/\"},\"author\":{\"name\":\"Yusuf Ekinci\",\"@id\":\"https:\/\/www.alanyaproperties.com\/sv\/#\/schema\/person\/8a92cc9600cbc25fcc67c304ba14680c\"},\"headline\":\"Hyr en bil i Turkiet\",\"datePublished\":\"2009-10-21T04:13:51+00:00\",\"dateModified\":\"2009-10-21T04:13:51+00:00\",\"mainEntityOfPage\":{\"@id\":\"https:\/\/www.alanyaproperties.com\/sv\/sv-egendom-service\/our-services-property-service\/hyra-en-bil\/\"},\"wordCount\":256,\"publisher\":{\"@id\":\"https:\/\/www.alanyaproperties.com\/sv\/#organization\"},\"image\":{\"@id\":\"https:\/\/www.alanyaproperties.com\/sv\/sv-egendom-service\/our-services-property-service\/hyra-en-bil\/#primaryimage\"},\"thumbnailUrl\":\"https:\/\/i0.wp.com\/www.alanyaproperties.com\/wp-content\/uploads\/2009\/10\/rent-a-car-in-turkey-alanya-asuntoja alanyasta-alanya properties.jpg?fit=1600%2C730&ssl=1\",\"keywords\":[\"biluthyrning i Alanya\",\"boka hyrbil i Turkiet\",\"Hyra bil\"],\"articleSection\":[\"Our Services\"],\"inLanguage\":\"sv-SE\"},{\"@type\":\"WebPage\",\"@id\":\"https:\/\/www.alanyaproperties.com\/sv\/sv-egendom-service\/our-services-property-service\/hyra-en-bil\/\",\"url\":\"https:\/\/www.alanyaproperties.com\/sv\/sv-egendom-service\/our-services-property-service\/hyra-en-bil\/\",\"name\":\"Hyr en bil i Turkiet - Properties in Alanya.\",\"isPartOf\":{\"@id\":\"https:\/\/www.alanyaproperties.com\/sv\/#website\"},\"primaryImageOfPage\":{\"@id\":\"https:\/\/www.alanyaproperties.com\/sv\/sv-egendom-service\/our-services-property-service\/hyra-en-bil\/#primaryimage\"},\"image\":{\"@id\":\"https:\/\/www.alanyaproperties.com\/sv\/sv-egendom-service\/our-services-property-service\/hyra-en-bil\/#primaryimage\"},\"thumbnailUrl\":\"https:\/\/i0.wp.com\/www.alanyaproperties.com\/wp-content\/uploads\/2009\/10\/rent-a-car-in-turkey-alanya-asuntoja alanyasta-alanya properties.jpg?fit=1600%2C730&ssl=1\",\"datePublished\":\"2009-10-21T04:13:51+00:00\",\"dateModified\":\"2009-10-21T04:13:51+00:00\",\"description\":\"Hyr en bil i Turkiet - Properties in Alanya.\",\"breadcrumb\":{\"@id\":\"https:\/\/www.alanyaproperties.com\/sv\/sv-egendom-service\/our-services-property-service\/hyra-en-bil\/#breadcrumb\"},\"inLanguage\":\"sv-SE\",\"potentialAction\":[{\"@type\":\"ReadAction\",\"target\":[\"https:\/\/www.alanyaproperties.com\/sv\/sv-egendom-service\/our-services-property-service\/hyra-en-bil\/\"]}]},{\"@type\":\"ImageObject\",\"inLanguage\":\"sv-SE\",\"@id\":\"https:\/\/www.alanyaproperties.com\/sv\/sv-egendom-service\/our-services-property-service\/hyra-en-bil\/#primaryimage\",\"url\":\"https:\/\/i0.wp.com\/www.alanyaproperties.com\/wp-content\/uploads\/2009\/10\/rent-a-car-in-turkey-alanya-asuntoja alanyasta-alanya properties.jpg?fit=1600%2C730&ssl=1\",\"contentUrl\":\"https:\/\/i0.wp.com\/www.alanyaproperties.com\/wp-content\/uploads\/2009\/10\/rent-a-car-in-turkey-alanya-asuntoja alanyasta-alanya properties.jpg?fit=1600%2C730&ssl=1\",\"width\":1600,\"height\":730},{\"@type\":\"BreadcrumbList\",\"@id\":\"https:\/\/www.alanyaproperties.com\/sv\/sv-egendom-service\/our-services-property-service\/hyra-en-bil\/#breadcrumb\",\"itemListElement\":[{\"@type\":\"ListItem\",\"position\":1,\"name\":\"Home\",\"item\":\"https:\/\/www.alanyaproperties.com\/sv\/\"},{\"@type\":\"ListItem\",\"position\":2,\"name\":\"Hyr en bil i Turkiet\"}]},{\"@type\":\"WebSite\",\"@id\":\"https:\/\/www.alanyaproperties.com\/sv\/#website\",\"url\":\"https:\/\/www.alanyaproperties.com\/sv\/\",\"name\":\"Properties in Alanya.\",\"description\":\"Fastighet till salu i Turkiet. | Fastighet i Alanya\",\"publisher\":{\"@id\":\"https:\/\/www.alanyaproperties.com\/sv\/#organization\"},\"potentialAction\":[{\"@type\":\"SearchAction\",\"target\":{\"@type\":\"EntryPoint\",\"urlTemplate\":\"https:\/\/www.alanyaproperties.com\/sv\/?s={search_term_string}\"},\"query-input\":\"required name=search_term_string\"}],\"inLanguage\":\"sv-SE\"},{\"@type\":\"Organization\",\"@id\":\"https:\/\/www.alanyaproperties.com\/sv\/#organization\",\"name\":\"Alanya Properties\",\"url\":\"https:\/\/www.alanyaproperties.com\/sv\/\",\"logo\":{\"@type\":\"ImageObject\",\"inLanguage\":\"sv-SE\",\"@id\":\"https:\/\/www.alanyaproperties.com\/sv\/#\/schema\/logo\/image\/\",\"url\":\"https:\/\/i0.wp.com\/www.alanyaproperties.com\/wp-content\/uploads\/2017\/06\/alanya-properties-logo-180to.png?fit=180%2C81&ssl=1\",\"contentUrl\":\"https:\/\/i0.wp.com\/www.alanyaproperties.com\/wp-content\/uploads\/2017\/06\/alanya-properties-logo-180to.png?fit=180%2C81&ssl=1\",\"width\":180,\"height\":81,\"caption\":\"Alanya Properties\"},\"image\":{\"@id\":\"https:\/\/www.alanyaproperties.com\/sv\/#\/schema\/logo\/image\/\"},\"sameAs\":[\"https:\/\/www.facebook.com\/alanyaproperties\/\",\"https:\/\/x.com\/alanyapro\",\"https:\/\/www.instagram.com\/alanyaproperties\/\",\"https:\/\/www.youtube.com\/c\/AlanyaProperties\"]},{\"@type\":\"Person\",\"@id\":\"https:\/\/www.alanyaproperties.com\/sv\/#\/schema\/person\/8a92cc9600cbc25fcc67c304ba14680c\",\"name\":\"Yusuf Ekinci\",\"image\":{\"@type\":\"ImageObject\",\"inLanguage\":\"sv-SE\",\"@id\":\"https:\/\/www.alanyaproperties.com\/sv\/#\/schema\/person\/image\/\",\"url\":\"https:\/\/secure.gravatar.com\/avatar\/aed1d8afe914e0136d015d60f22bd285?s=96&d=mm&r=g\",\"contentUrl\":\"https:\/\/secure.gravatar.com\/avatar\/aed1d8afe914e0136d015d60f22bd285?s=96&d=mm&r=g\",\"caption\":\"Yusuf Ekinci\"},\"sameAs\":[\"http:\/\/alanya-web.com\"],\"url\":\"https:\/\/www.alanyaproperties.com\/sv\/author\/admin\/\"}]}<\/script>\n<!-- \/ Yoast SEO plugin. -->","yoast_head_json":{"title":"Hyr en bil i Turkiet - Properties in Alanya.","description":"Hyr en bil i Turkiet - Properties in Alanya.","robots":{"index":"index","follow":"follow","max-snippet":"max-snippet:-1","max-image-preview":"max-image-preview:large","max-video-preview":"max-video-preview:-1"},"canonical":"https:\/\/www.alanyaproperties.com\/sv\/sv-egendom-service\/our-services-property-service\/hyra-en-bil\/","og_locale":"sv_SE","og_type":"article","og_title":"Hyr en bil i Turkiet - Properties in Alanya.","og_description":"Hyr en bil i Turkiet - Properties in Alanya.","og_url":"https:\/\/www.alanyaproperties.com\/sv\/sv-egendom-service\/our-services-property-service\/hyra-en-bil\/","og_site_name":"Properties in Alanya.","article_publisher":"https:\/\/www.facebook.com\/alanyaproperties\/","article_published_time":"2009-10-21T04:13:51+00:00","og_image":[{"width":1600,"height":730,"url":"https:\/\/www.alanyaproperties.com\/wp-content\/uploads\/2009\/10\/rent-a-car-in-turkey-alanya-asuntoja alanyasta-alanya properties.jpg","type":"image\/jpeg"}],"author":"Yusuf Ekinci","twitter_card":"summary_large_image","twitter_creator":"@alanyapro","twitter_site":"@alanyapro","twitter_misc":{"Skriven av":"Yusuf Ekinci","Ber\u00e4knad l\u00e4stid":"1 minut"},"schema":{"@context":"https:\/\/schema.org","@graph":[{"@type":"Article","@id":"https:\/\/www.alanyaproperties.com\/sv\/sv-egendom-service\/our-services-property-service\/hyra-en-bil\/#article","isPartOf":{"@id":"https:\/\/www.alanyaproperties.com\/sv\/sv-egendom-service\/our-services-property-service\/hyra-en-bil\/"},"author":{"name":"Yusuf Ekinci","@id":"https:\/\/www.alanyaproperties.com\/sv\/#\/schema\/person\/8a92cc9600cbc25fcc67c304ba14680c"},"headline":"Hyr en bil i Turkiet","datePublished":"2009-10-21T04:13:51+00:00","dateModified":"2009-10-21T04:13:51+00:00","mainEntityOfPage":{"@id":"https:\/\/www.alanyaproperties.com\/sv\/sv-egendom-service\/our-services-property-service\/hyra-en-bil\/"},"wordCount":256,"publisher":{"@id":"https:\/\/www.alanyaproperties.com\/sv\/#organization"},"image":{"@id":"https:\/\/www.alanyaproperties.com\/sv\/sv-egendom-service\/our-services-property-service\/hyra-en-bil\/#primaryimage"},"thumbnailUrl":"https:\/\/i0.wp.com\/www.alanyaproperties.com\/wp-content\/uploads\/2009\/10\/rent-a-car-in-turkey-alanya-asuntoja alanyasta-alanya properties.jpg?fit=1600%2C730&ssl=1","keywords":["biluthyrning i Alanya","boka hyrbil i Turkiet","Hyra bil"],"articleSection":["Our Services"],"inLanguage":"sv-SE"},{"@type":"WebPage","@id":"https:\/\/www.alanyaproperties.com\/sv\/sv-egendom-service\/our-services-property-service\/hyra-en-bil\/","url":"https:\/\/www.alanyaproperties.com\/sv\/sv-egendom-service\/our-services-property-service\/hyra-en-bil\/","name":"Hyr en bil i Turkiet - Properties in Alanya.","isPartOf":{"@id":"https:\/\/www.alanyaproperties.com\/sv\/#website"},"primaryImageOfPage":{"@id":"https:\/\/www.alanyaproperties.com\/sv\/sv-egendom-service\/our-services-property-service\/hyra-en-bil\/#primaryimage"},"image":{"@id":"https:\/\/www.alanyaproperties.com\/sv\/sv-egendom-service\/our-services-property-service\/hyra-en-bil\/#primaryimage"},"thumbnailUrl":"https:\/\/i0.wp.com\/www.alanyaproperties.com\/wp-content\/uploads\/2009\/10\/rent-a-car-in-turkey-alanya-asuntoja alanyasta-alanya properties.jpg?fit=1600%2C730&ssl=1","datePublished":"2009-10-21T04:13:51+00:00","dateModified":"2009-10-21T04:13:51+00:00","description":"Hyr en bil i Turkiet - Properties in Alanya.","breadcrumb":{"@id":"https:\/\/www.alanyaproperties.com\/sv\/sv-egendom-service\/our-services-property-service\/hyra-en-bil\/#breadcrumb"},"inLanguage":"sv-SE","potentialAction":[{"@type":"ReadAction","target":["https:\/\/www.alanyaproperties.com\/sv\/sv-egendom-service\/our-services-property-service\/hyra-en-bil\/"]}]},{"@type":"ImageObject","inLanguage":"sv-SE","@id":"https:\/\/www.alanyaproperties.com\/sv\/sv-egendom-service\/our-services-property-service\/hyra-en-bil\/#primaryimage","url":"https:\/\/i0.wp.com\/www.alanyaproperties.com\/wp-content\/uploads\/2009\/10\/rent-a-car-in-turkey-alanya-asuntoja alanyasta-alanya properties.jpg?fit=1600%2C730&ssl=1","contentUrl":"https:\/\/i0.wp.com\/www.alanyaproperties.com\/wp-content\/uploads\/2009\/10\/rent-a-car-in-turkey-alanya-asuntoja alanyasta-alanya properties.jpg?fit=1600%2C730&ssl=1","width":1600,"height":730},{"@type":"BreadcrumbList","@id":"https:\/\/www.alanyaproperties.com\/sv\/sv-egendom-service\/our-services-property-service\/hyra-en-bil\/#breadcrumb","itemListElement":[{"@type":"ListItem","position":1,"name":"Home","item":"https:\/\/www.alanyaproperties.com\/sv\/"},{"@type":"ListItem","position":2,"name":"Hyr en bil i Turkiet"}]},{"@type":"WebSite","@id":"https:\/\/www.alanyaproperties.com\/sv\/#website","url":"https:\/\/www.alanyaproperties.com\/sv\/","name":"Properties in Alanya.","description":"Fastighet till salu i Turkiet. | Fastighet i Alanya","publisher":{"@id":"https:\/\/www.alanyaproperties.com\/sv\/#organization"},"potentialAction":[{"@type":"SearchAction","target":{"@type":"EntryPoint","urlTemplate":"https:\/\/www.alanyaproperties.com\/sv\/?s={search_term_string}"},"query-input":"required name=search_term_string"}],"inLanguage":"sv-SE"},{"@type":"Organization","@id":"https:\/\/www.alanyaproperties.com\/sv\/#organization","name":"Alanya Properties","url":"https:\/\/www.alanyaproperties.com\/sv\/","logo":{"@type":"ImageObject","inLanguage":"sv-SE","@id":"https:\/\/www.alanyaproperties.com\/sv\/#\/schema\/logo\/image\/","url":"https:\/\/i0.wp.com\/www.alanyaproperties.com\/wp-content\/uploads\/2017\/06\/alanya-properties-logo-180to.png?fit=180%2C81&ssl=1","contentUrl":"https:\/\/i0.wp.com\/www.alanyaproperties.com\/wp-content\/uploads\/2017\/06\/alanya-properties-logo-180to.png?fit=180%2C81&ssl=1","width":180,"height":81,"caption":"Alanya Properties"},"image":{"@id":"https:\/\/www.alanyaproperties.com\/sv\/#\/schema\/logo\/image\/"},"sameAs":["https:\/\/www.facebook.com\/alanyaproperties\/","https:\/\/x.com\/alanyapro","https:\/\/www.instagram.com\/alanyaproperties\/","https:\/\/www.youtube.com\/c\/AlanyaProperties"]},{"@type":"Person","@id":"https:\/\/www.alanyaproperties.com\/sv\/#\/schema\/person\/8a92cc9600cbc25fcc67c304ba14680c","name":"Yusuf Ekinci","image":{"@type":"ImageObject","inLanguage":"sv-SE","@id":"https:\/\/www.alanyaproperties.com\/sv\/#\/schema\/person\/image\/","url":"https:\/\/secure.gravatar.com\/avatar\/aed1d8afe914e0136d015d60f22bd285?s=96&d=mm&r=g","contentUrl":"https:\/\/secure.gravatar.com\/avatar\/aed1d8afe914e0136d015d60f22bd285?s=96&d=mm&r=g","caption":"Yusuf Ekinci"},"sameAs":["http:\/\/alanya-web.com"],"url":"https:\/\/www.alanyaproperties.com\/sv\/author\/admin\/"}]}},"jetpack_sharing_enabled":true,"jetpack_featured_media_url":"https:\/\/i0.wp.com\/www.alanyaproperties.com\/wp-content\/uploads\/2009\/10\/rent-a-car-in-turkey-alanya-asuntoja alanyasta-alanya properties.jpg?fit=1600%2C730&ssl=1","_links":{"self":[{"href":"https:\/\/www.alanyaproperties.com\/sv\/wp-json\/wp\/v2\/posts\/3324"}],"collection":[{"href":"https:\/\/www.alanyaproperties.com\/sv\/wp-json\/wp\/v2\/posts"}],"about":[{"href":"https:\/\/www.alanyaproperties.com\/sv\/wp-json\/wp\/v2\/types\/post"}],"author":[{"embeddable":true,"href":"https:\/\/www.alanyaproperties.com\/sv\/wp-json\/wp\/v2\/users\/42"}],"replies":[{"embeddable":true,"href":"https:\/\/www.alanyaproperties.com\/sv\/wp-json\/wp\/v2\/comments?post=3324"}],"version-history":[{"count":0,"href":"https:\/\/www.alanyaproperties.com\/sv\/wp-json\/wp\/v2\/posts\/3324\/revisions"}],"wp:featuredmedia":[{"embeddable":true,"href":"https:\/\/www.alanyaproperties.com\/sv\/wp-json\/wp\/v2\/media\/3316"}],"wp:attachment":[{"href":"https:\/\/www.alanyaproperties.com\/sv\/wp-json\/wp\/v2\/media?parent=3324"}],"wp:term":[{"taxonomy":"category","embeddable":true,"href":"https:\/\/www.alanyaproperties.com\/sv\/wp-json\/wp\/v2\/categories?post=3324"},{"taxonomy":"post_tag","embeddable":true,"href":"https:\/\/www.alanyaproperties.com\/sv\/wp-json\/wp\/v2\/tags?post=3324"}],"curies":[{"name":"wp","href":"https:\/\/api.w.org\/{rel}","templated":true}]}}