{"id":3241,"date":"2009-10-21T03:28:24","date_gmt":"2009-10-21T03:28:24","guid":{"rendered":"http:\/\/www.alanyaproperties.com\/bra-att-veta-om-alanya\/"},"modified":"2009-10-21T03:28:24","modified_gmt":"2009-10-21T03:28:24","slug":"bra-att-veta-om-alanya","status":"publish","type":"post","link":"https:\/\/www.alanyaproperties.com\/sv\/sv-om-turkiet\/alanya-about-turkey\/bra-att-veta-om-alanya\/","title":{"rendered":"Fakta om Alanya"},"content":{"rendered":"<p> \t<img loading=\"lazy\" decoding=\"async\" border=\"0\" height=\"243\" src=\"https:\/\/i0.wp.com\/www.prestigeresidence.net\/images\/alanya2.jpg?resize=614%2C243\" width=\"614\" data-recalc-dims=\"1\" \/><\/p>\n<p> \t<span><span class=\"hps\">Alanya<\/span> <span class=\"hps\">\u00e4r<\/span> <span class=\"hps\">en<\/span> <span class=\"hps\">vacker<\/span> <span class=\"hps\">stad som ligger<\/span> <span class=\"hps\">vid Medelhavets kust <\/span><span class=\"hps\">och<\/span> <span class=\"hps\">\u00e4r omgiven<\/span> <span class=\"hps\">av<\/span> <span class=\"hps\">h\u00f6ga berg<\/span><span>,<\/span> <span class=\"hps\">gr\u00f6na<\/span> <span class=\"hps\">\u00e4ngar<\/span><span>,<\/span> <span class=\"hps\">sl\u00e4tter<\/span> <span class=\"hps\">och<\/span> <span class=\"hps\">m\u00e5nga<\/span> <span class=\"hps\">stora<\/span> <span class=\"hps\">floder<\/span><span>.<\/span><\/p>\n<p> \t<span class=\"hps\">Denna<\/span> <span class=\"hps\">lilla<\/span> <span class=\"hps\">staden<\/span>&nbsp;vid&nbsp;<span class=\"hps\">Medelhavskusten<\/span> <span class=\"hps\">har<\/span> <span class=\"hps\">det typiska<\/span> <span class=\"hps\">klimatet<\/span>&nbsp;f\u00f6r <span class=\"hps\">denna region<\/span> <span class=\"hps\">med<\/span> <span class=\"hps\">300<\/span> <span class=\"hps\">soldagar<\/span> <span class=\"hps\">och<\/span> <span class=\"hps\">temperaturer<\/span> <span class=\"hps\">som<\/span> <span class=\"hps\">s\u00e4llan<\/span> <span class=\"hps\">sjunker under<\/span> <span class=\"hps\">10 grader<\/span> <span class=\"hps\">p\u00e5 vintern<\/span><span>.<\/span><\/p>\n<p> \t<span class=\"hps\">Fylld<\/span> <span class=\"hps\">med<\/span> <span class=\"hps\">sp\u00e5r<\/span> <span class=\"hps\">av<\/span> <span class=\"hps\">historia<\/span> <span class=\"hps\">blandat<\/span> <span class=\"hps\">med<\/span> <span class=\"hps\">fantastisk utsikt \u00f6ver<\/span> <span class=\"hps\">naturen har<\/span> <span class=\"hps\">Alanya<\/span> <span class=\"hps\">blivit en av<\/span> <span class=\"hps\">de<\/span> <span class=\"hps\">mest<\/span> <span class=\"hps\">livliga<\/span> <span class=\"hps\">semesterorterna i<\/span> <span class=\"hps\">Turkiet<\/span><span>.<\/span> <span class=\"hps\">Den<\/span> <span class=\"hps\">moderna<\/span> <span class=\"hps\">och kosmopolitiska atmosf\u00e4ren<\/span> <span class=\"hps\">\u00e4r<\/span> <span class=\"hps\">anledningen till att m\u00e5nga<\/span> <span class=\"hps\">turister<\/span> <span class=\"hps\">fr\u00e5n<\/span> <span class=\"hps\">hela<\/span> <span class=\"hps\">v\u00e4rlden<\/span>&nbsp;<span class=\"hps\">semestrar<\/span> <span class=\"hps\">i<\/span> <span class=\"hps\">Alanya<\/span> <span class=\"hps\">\u00e5ret runt<\/span><span>.<\/span><\/p>\n<p> \t<span class=\"hps\">Turister lockas<\/span> <span class=\"hps\">till<\/span> <span class=\"hps\">omr\u00e5det<\/span> <span class=\"hps\">av de<\/span>&nbsp;<span class=\"hps\">rimliga<\/span> <span class=\"hps\">priserna<\/span><span>,<\/span>&nbsp;fina <span class=\"hps\">v\u00e4dret<\/span><span>,<\/span> <span class=\"hps\">sandstr\u00e4nderna<\/span><span>, de&nbsp;historiska<\/span> <span class=\"hps\">platserna<\/span> <span class=\"hps\">och den goda maten<\/span><span class=\"hps\">.<\/span> <span class=\"hps\">Strandaktiviteter<\/span> <span class=\"hps\">i Alanya<\/span> <span class=\"hps\">inkluderar<\/span> <span class=\"hps\">windsurfing<\/span><span>, parasailing<\/span><span>,<\/span> <span class=\"hps\">jet skiing<\/span><span>,<\/span> <span class=\"hps\">banan<\/span><span class=\"hps\">b\u00e5t<\/span> <span class=\"hps\">och<\/span> <span class=\"hps\">b\u00e5tliv<\/span><span>.<\/span><\/p>\n<p> \t<span class=\"hps\">Under<\/span> <span class=\"hps\">vintern<\/span> <span class=\"hps\">kan<\/span> <span class=\"hps\">turister<\/span> <span class=\"hps\">njuta av<\/span> <span class=\"hps\">tiden<\/span> <span class=\"hps\">p\u00e5 stranden<\/span> <span class=\"hps\">och<\/span><span class=\"hps\"> av<\/span> <span class=\"hps\">olika<\/span> <span class=\"hps\">vintersporter<\/span> <span class=\"hps\">som skid\u00e5kning<\/span><span>,<\/span> <span class=\"hps\">snowboard<\/span><span>,<\/span> <span class=\"hps\">sp\u00e5rning<\/span> <span class=\"hps\">p\u00e5 Taurusbergen<\/span><span>.<\/span><\/span><\/p>\n<p> \t<span><span><span><span class=\"hps\">Golfbanor som<\/span> <span class=\"hps\">\u00e4r bemannade<\/span> <span class=\"hps\">hela<\/span> <span class=\"hps\">\u00e5ret<\/span> <span class=\"hps\">\u00e4r l\u00e4tttillg\u00e4ngliga.<\/span> <span class=\"hps\">Nattklubbar,<\/span> <span class=\"hps\">barer,<\/span> <span class=\"hps\">restauranger och<\/span> <span class=\"hps\">platser med<\/span> <span class=\"hps\">levande<\/span> <span class=\"hps\">musik<\/span> <span class=\"hps\">ger<\/span> <span class=\"hps\">ett sp\u00e4nnande nattliv.<\/span><\/p>\n<p> \t<span class=\"hps\">Turistn\u00e4ringen<\/span> <span class=\"hps\">\u00e4r<\/span> <span class=\"hps\">v\u00e4rt<\/span> <span class=\"hps\">\u00f6ver 1,2 miljarder euro<\/span> <span class=\"hps\">och<\/span> <span class=\"hps\">Alanya<\/span> <span class=\"hps\">genererar<\/span> <span class=\"hps\">10<\/span><span>%<\/span> <span class=\"hps\">av<\/span> <span class=\"hps\">turism<\/span><span class=\"hps\">int\u00e4kterna<\/span> <span class=\"hps\">i Turkiet<\/span><span>,<\/span> <span class=\"hps\">men<\/span> <span class=\"hps\">omr\u00e5det<\/span> <span class=\"hps\">\u00e4r<\/span> <span class=\"hps\">ocks\u00e5<\/span> <span class=\"hps\">k\u00e4nt<\/span> <span class=\"hps\">f\u00f6r sina<\/span> <span class=\"hps\">m\u00e5nga<\/span> <span class=\"hps\">fruktodlingar<\/span><span>,<\/span> <span class=\"hps\">s\u00e4rskilt<\/span> <span class=\"hps\">citroner och<\/span> <span class=\"hps\">apelsiner<\/span><span>,<\/span> <span class=\"hps\">och<\/span> <span class=\"hps\">stora<\/span> <span class=\"hps\">odlingar<\/span> <span class=\"hps\">av<\/span> <span class=\"hps\">tomater<\/span> <span class=\"hps\">och<\/span> <span class=\"hps\">gurka<\/span><span>.<\/span><br \/> \t<span class=\"hps\">Det finns<\/span> <span class=\"hps\">flyg<\/span> <span class=\"hps\">under hela<\/span> <span class=\"hps\">\u00e5ret<\/span> <span class=\"hps\">till<\/span> <span class=\"hps\">Antalya<\/span><span>,<\/span> <span class=\"hps\">Alanya \u00e4r<\/span> <span class=\"hps\">en<\/span> <span class=\"hps\">1<\/span> <span class=\"hps\">och<\/span> <span class=\"hps\">\u00bd<\/span> <span class=\"hps\">timmes bilresa<\/span> <span class=\"hps\">fr\u00e5n flygplatsen.<\/span><\/p>\n<p> \t<span class=\"hps\">Flyg<\/span> <span class=\"hps\">fr\u00e5n alla<\/span> <span class=\"hps\">st\u00f6rre<\/span> <span class=\"hps\">st\u00e4der<\/span> <span class=\"hps\">i<\/span> <span class=\"hps\">Turkiet<\/span> <span class=\"hps\">och<\/span> <span class=\"hps\">Europa<\/span> <span class=\"hps\">kommer<\/span> <span class=\"hps\">till<\/span> <span class=\"hps\">den internationella flygplatsen i<\/span> <span class=\"hps\">Antalya<\/span><span>.<\/span><\/span><\/span><\/span><\/p>\n","protected":false},"excerpt":{"rendered":"<p>Alanya \u00e4r en vacker stad som ligger vid Medelhavets kust och \u00e4r omgiven av h\u00f6ga berg, gr\u00f6na \u00e4ngar, sl\u00e4tter och m\u00e5nga stora floder. Denna lilla staden&nbsp;vid&nbsp;Medelhavskusten har det typiska klimatet&nbsp;f\u00f6r denna region med 300 soldagar och temperaturer som s\u00e4llan sjunker under 10 grader p\u00e5 vintern. Fylld med sp\u00e5r av historia blandat med fantastisk utsikt \u00f6ver [&hellip;]<\/p>\n","protected":false},"author":42,"featured_media":0,"comment_status":"closed","ping_status":"closed","sticky":false,"template":"","format":"standard","meta":{"footnotes":""},"categories":[1882],"tags":[1960,1961],"yoast_head":"<!-- This site is optimized with the Yoast SEO plugin v22.6 - https:\/\/yoast.com\/wordpress\/plugins\/seo\/ -->\n<title>Fakta om Alanya - Properties in Alanya.<\/title>\n<meta name=\"description\" content=\"Fakta om Alanya - Properties in Alanya.\" \/>\n<meta name=\"robots\" content=\"index, follow, max-snippet:-1, max-image-preview:large, max-video-preview:-1\" \/>\n<link rel=\"canonical\" href=\"https:\/\/www.alanyaproperties.com\/sv\/sv-om-turkiet\/alanya-about-turkey\/bra-att-veta-om-alanya\/\" \/>\n<meta property=\"og:locale\" content=\"sv_SE\" \/>\n<meta property=\"og:type\" content=\"article\" \/>\n<meta property=\"og:title\" content=\"Fakta om Alanya - Properties in Alanya.\" \/>\n<meta property=\"og:description\" content=\"Fakta om Alanya - Properties in Alanya.\" \/>\n<meta property=\"og:url\" content=\"https:\/\/www.alanyaproperties.com\/sv\/sv-om-turkiet\/alanya-about-turkey\/bra-att-veta-om-alanya\/\" \/>\n<meta property=\"og:site_name\" content=\"Properties in Alanya.\" \/>\n<meta property=\"article:publisher\" content=\"https:\/\/www.facebook.com\/alanyaproperties\/\" \/>\n<meta property=\"article:published_time\" content=\"2009-10-21T03:28:24+00:00\" \/>\n<meta property=\"og:image\" content=\"http:\/\/www.prestigeresidence.net\/images\/alanya2.jpg\" \/>\n<meta name=\"author\" content=\"Yusuf Ekinci\" \/>\n<meta name=\"twitter:card\" content=\"summary_large_image\" \/>\n<meta name=\"twitter:creator\" content=\"@alanyapro\" \/>\n<meta name=\"twitter:site\" content=\"@alanyapro\" \/>\n<meta name=\"twitter:label1\" content=\"Skriven av\" \/>\n\t<meta name=\"twitter:data1\" content=\"Yusuf Ekinci\" \/>\n\t<meta name=\"twitter:label2\" content=\"Ber\u00e4knad l\u00e4stid\" \/>\n\t<meta name=\"twitter:data2\" content=\"1 minut\" \/>\n<script type=\"application\/ld+json\" class=\"yoast-schema-graph\">{\"@context\":\"https:\/\/schema.org\",\"@graph\":[{\"@type\":\"Article\",\"@id\":\"https:\/\/www.alanyaproperties.com\/sv\/sv-om-turkiet\/alanya-about-turkey\/bra-att-veta-om-alanya\/#article\",\"isPartOf\":{\"@id\":\"https:\/\/www.alanyaproperties.com\/sv\/sv-om-turkiet\/alanya-about-turkey\/bra-att-veta-om-alanya\/\"},\"author\":{\"name\":\"Yusuf Ekinci\",\"@id\":\"https:\/\/www.alanyaproperties.com\/sv\/#\/schema\/person\/8a92cc9600cbc25fcc67c304ba14680c\"},\"headline\":\"Fakta om Alanya\",\"datePublished\":\"2009-10-21T03:28:24+00:00\",\"dateModified\":\"2009-10-21T03:28:24+00:00\",\"mainEntityOfPage\":{\"@id\":\"https:\/\/www.alanyaproperties.com\/sv\/sv-om-turkiet\/alanya-about-turkey\/bra-att-veta-om-alanya\/\"},\"wordCount\":265,\"publisher\":{\"@id\":\"https:\/\/www.alanyaproperties.com\/sv\/#organization\"},\"image\":{\"@id\":\"https:\/\/www.alanyaproperties.com\/sv\/sv-om-turkiet\/alanya-about-turkey\/bra-att-veta-om-alanya\/#primaryimage\"},\"thumbnailUrl\":\"http:\/\/www.prestigeresidence.net\/images\/alanya2.jpg\",\"keywords\":[\"fakta on Tyrkiet Alanya\",\"Information om Alanya Tyrkiet\"],\"articleSection\":[\"Alanya\"],\"inLanguage\":\"sv-SE\"},{\"@type\":\"WebPage\",\"@id\":\"https:\/\/www.alanyaproperties.com\/sv\/sv-om-turkiet\/alanya-about-turkey\/bra-att-veta-om-alanya\/\",\"url\":\"https:\/\/www.alanyaproperties.com\/sv\/sv-om-turkiet\/alanya-about-turkey\/bra-att-veta-om-alanya\/\",\"name\":\"Fakta om Alanya - Properties in Alanya.\",\"isPartOf\":{\"@id\":\"https:\/\/www.alanyaproperties.com\/sv\/#website\"},\"primaryImageOfPage\":{\"@id\":\"https:\/\/www.alanyaproperties.com\/sv\/sv-om-turkiet\/alanya-about-turkey\/bra-att-veta-om-alanya\/#primaryimage\"},\"image\":{\"@id\":\"https:\/\/www.alanyaproperties.com\/sv\/sv-om-turkiet\/alanya-about-turkey\/bra-att-veta-om-alanya\/#primaryimage\"},\"thumbnailUrl\":\"http:\/\/www.prestigeresidence.net\/images\/alanya2.jpg\",\"datePublished\":\"2009-10-21T03:28:24+00:00\",\"dateModified\":\"2009-10-21T03:28:24+00:00\",\"description\":\"Fakta om Alanya - Properties in Alanya.\",\"breadcrumb\":{\"@id\":\"https:\/\/www.alanyaproperties.com\/sv\/sv-om-turkiet\/alanya-about-turkey\/bra-att-veta-om-alanya\/#breadcrumb\"},\"inLanguage\":\"sv-SE\",\"potentialAction\":[{\"@type\":\"ReadAction\",\"target\":[\"https:\/\/www.alanyaproperties.com\/sv\/sv-om-turkiet\/alanya-about-turkey\/bra-att-veta-om-alanya\/\"]}]},{\"@type\":\"ImageObject\",\"inLanguage\":\"sv-SE\",\"@id\":\"https:\/\/www.alanyaproperties.com\/sv\/sv-om-turkiet\/alanya-about-turkey\/bra-att-veta-om-alanya\/#primaryimage\",\"url\":\"http:\/\/www.prestigeresidence.net\/images\/alanya2.jpg\",\"contentUrl\":\"http:\/\/www.prestigeresidence.net\/images\/alanya2.jpg\"},{\"@type\":\"BreadcrumbList\",\"@id\":\"https:\/\/www.alanyaproperties.com\/sv\/sv-om-turkiet\/alanya-about-turkey\/bra-att-veta-om-alanya\/#breadcrumb\",\"itemListElement\":[{\"@type\":\"ListItem\",\"position\":1,\"name\":\"Home\",\"item\":\"https:\/\/www.alanyaproperties.com\/sv\/\"},{\"@type\":\"ListItem\",\"position\":2,\"name\":\"Fakta om Alanya\"}]},{\"@type\":\"WebSite\",\"@id\":\"https:\/\/www.alanyaproperties.com\/sv\/#website\",\"url\":\"https:\/\/www.alanyaproperties.com\/sv\/\",\"name\":\"Properties in Alanya.\",\"description\":\"Fastighet till salu i Turkiet. | Fastighet i Alanya\",\"publisher\":{\"@id\":\"https:\/\/www.alanyaproperties.com\/sv\/#organization\"},\"potentialAction\":[{\"@type\":\"SearchAction\",\"target\":{\"@type\":\"EntryPoint\",\"urlTemplate\":\"https:\/\/www.alanyaproperties.com\/sv\/?s={search_term_string}\"},\"query-input\":\"required name=search_term_string\"}],\"inLanguage\":\"sv-SE\"},{\"@type\":\"Organization\",\"@id\":\"https:\/\/www.alanyaproperties.com\/sv\/#organization\",\"name\":\"Alanya Properties\",\"url\":\"https:\/\/www.alanyaproperties.com\/sv\/\",\"logo\":{\"@type\":\"ImageObject\",\"inLanguage\":\"sv-SE\",\"@id\":\"https:\/\/www.alanyaproperties.com\/sv\/#\/schema\/logo\/image\/\",\"url\":\"https:\/\/i0.wp.com\/www.alanyaproperties.com\/wp-content\/uploads\/2017\/06\/alanya-properties-logo-180to.png?fit=180%2C81&ssl=1\",\"contentUrl\":\"https:\/\/i0.wp.com\/www.alanyaproperties.com\/wp-content\/uploads\/2017\/06\/alanya-properties-logo-180to.png?fit=180%2C81&ssl=1\",\"width\":180,\"height\":81,\"caption\":\"Alanya Properties\"},\"image\":{\"@id\":\"https:\/\/www.alanyaproperties.com\/sv\/#\/schema\/logo\/image\/\"},\"sameAs\":[\"https:\/\/www.facebook.com\/alanyaproperties\/\",\"https:\/\/x.com\/alanyapro\",\"https:\/\/www.instagram.com\/alanyaproperties\/\",\"https:\/\/www.youtube.com\/c\/AlanyaProperties\"]},{\"@type\":\"Person\",\"@id\":\"https:\/\/www.alanyaproperties.com\/sv\/#\/schema\/person\/8a92cc9600cbc25fcc67c304ba14680c\",\"name\":\"Yusuf Ekinci\",\"image\":{\"@type\":\"ImageObject\",\"inLanguage\":\"sv-SE\",\"@id\":\"https:\/\/www.alanyaproperties.com\/sv\/#\/schema\/person\/image\/\",\"url\":\"https:\/\/secure.gravatar.com\/avatar\/aed1d8afe914e0136d015d60f22bd285?s=96&d=mm&r=g\",\"contentUrl\":\"https:\/\/secure.gravatar.com\/avatar\/aed1d8afe914e0136d015d60f22bd285?s=96&d=mm&r=g\",\"caption\":\"Yusuf Ekinci\"},\"sameAs\":[\"http:\/\/alanya-web.com\"],\"url\":\"https:\/\/www.alanyaproperties.com\/sv\/author\/admin\/\"}]}<\/script>\n<!-- \/ Yoast SEO plugin. -->","yoast_head_json":{"title":"Fakta om Alanya - Properties in Alanya.","description":"Fakta om Alanya - Properties in Alanya.","robots":{"index":"index","follow":"follow","max-snippet":"max-snippet:-1","max-image-preview":"max-image-preview:large","max-video-preview":"max-video-preview:-1"},"canonical":"https:\/\/www.alanyaproperties.com\/sv\/sv-om-turkiet\/alanya-about-turkey\/bra-att-veta-om-alanya\/","og_locale":"sv_SE","og_type":"article","og_title":"Fakta om Alanya - Properties in Alanya.","og_description":"Fakta om Alanya - Properties in Alanya.","og_url":"https:\/\/www.alanyaproperties.com\/sv\/sv-om-turkiet\/alanya-about-turkey\/bra-att-veta-om-alanya\/","og_site_name":"Properties in Alanya.","article_publisher":"https:\/\/www.facebook.com\/alanyaproperties\/","article_published_time":"2009-10-21T03:28:24+00:00","og_image":[{"url":"http:\/\/www.prestigeresidence.net\/images\/alanya2.jpg"}],"author":"Yusuf Ekinci","twitter_card":"summary_large_image","twitter_creator":"@alanyapro","twitter_site":"@alanyapro","twitter_misc":{"Skriven av":"Yusuf Ekinci","Ber\u00e4knad l\u00e4stid":"1 minut"},"schema":{"@context":"https:\/\/schema.org","@graph":[{"@type":"Article","@id":"https:\/\/www.alanyaproperties.com\/sv\/sv-om-turkiet\/alanya-about-turkey\/bra-att-veta-om-alanya\/#article","isPartOf":{"@id":"https:\/\/www.alanyaproperties.com\/sv\/sv-om-turkiet\/alanya-about-turkey\/bra-att-veta-om-alanya\/"},"author":{"name":"Yusuf Ekinci","@id":"https:\/\/www.alanyaproperties.com\/sv\/#\/schema\/person\/8a92cc9600cbc25fcc67c304ba14680c"},"headline":"Fakta om Alanya","datePublished":"2009-10-21T03:28:24+00:00","dateModified":"2009-10-21T03:28:24+00:00","mainEntityOfPage":{"@id":"https:\/\/www.alanyaproperties.com\/sv\/sv-om-turkiet\/alanya-about-turkey\/bra-att-veta-om-alanya\/"},"wordCount":265,"publisher":{"@id":"https:\/\/www.alanyaproperties.com\/sv\/#organization"},"image":{"@id":"https:\/\/www.alanyaproperties.com\/sv\/sv-om-turkiet\/alanya-about-turkey\/bra-att-veta-om-alanya\/#primaryimage"},"thumbnailUrl":"http:\/\/www.prestigeresidence.net\/images\/alanya2.jpg","keywords":["fakta on Tyrkiet Alanya","Information om Alanya Tyrkiet"],"articleSection":["Alanya"],"inLanguage":"sv-SE"},{"@type":"WebPage","@id":"https:\/\/www.alanyaproperties.com\/sv\/sv-om-turkiet\/alanya-about-turkey\/bra-att-veta-om-alanya\/","url":"https:\/\/www.alanyaproperties.com\/sv\/sv-om-turkiet\/alanya-about-turkey\/bra-att-veta-om-alanya\/","name":"Fakta om Alanya - Properties in Alanya.","isPartOf":{"@id":"https:\/\/www.alanyaproperties.com\/sv\/#website"},"primaryImageOfPage":{"@id":"https:\/\/www.alanyaproperties.com\/sv\/sv-om-turkiet\/alanya-about-turkey\/bra-att-veta-om-alanya\/#primaryimage"},"image":{"@id":"https:\/\/www.alanyaproperties.com\/sv\/sv-om-turkiet\/alanya-about-turkey\/bra-att-veta-om-alanya\/#primaryimage"},"thumbnailUrl":"http:\/\/www.prestigeresidence.net\/images\/alanya2.jpg","datePublished":"2009-10-21T03:28:24+00:00","dateModified":"2009-10-21T03:28:24+00:00","description":"Fakta om Alanya - Properties in Alanya.","breadcrumb":{"@id":"https:\/\/www.alanyaproperties.com\/sv\/sv-om-turkiet\/alanya-about-turkey\/bra-att-veta-om-alanya\/#breadcrumb"},"inLanguage":"sv-SE","potentialAction":[{"@type":"ReadAction","target":["https:\/\/www.alanyaproperties.com\/sv\/sv-om-turkiet\/alanya-about-turkey\/bra-att-veta-om-alanya\/"]}]},{"@type":"ImageObject","inLanguage":"sv-SE","@id":"https:\/\/www.alanyaproperties.com\/sv\/sv-om-turkiet\/alanya-about-turkey\/bra-att-veta-om-alanya\/#primaryimage","url":"http:\/\/www.prestigeresidence.net\/images\/alanya2.jpg","contentUrl":"http:\/\/www.prestigeresidence.net\/images\/alanya2.jpg"},{"@type":"BreadcrumbList","@id":"https:\/\/www.alanyaproperties.com\/sv\/sv-om-turkiet\/alanya-about-turkey\/bra-att-veta-om-alanya\/#breadcrumb","itemListElement":[{"@type":"ListItem","position":1,"name":"Home","item":"https:\/\/www.alanyaproperties.com\/sv\/"},{"@type":"ListItem","position":2,"name":"Fakta om Alanya"}]},{"@type":"WebSite","@id":"https:\/\/www.alanyaproperties.com\/sv\/#website","url":"https:\/\/www.alanyaproperties.com\/sv\/","name":"Properties in Alanya.","description":"Fastighet till salu i Turkiet. | Fastighet i Alanya","publisher":{"@id":"https:\/\/www.alanyaproperties.com\/sv\/#organization"},"potentialAction":[{"@type":"SearchAction","target":{"@type":"EntryPoint","urlTemplate":"https:\/\/www.alanyaproperties.com\/sv\/?s={search_term_string}"},"query-input":"required name=search_term_string"}],"inLanguage":"sv-SE"},{"@type":"Organization","@id":"https:\/\/www.alanyaproperties.com\/sv\/#organization","name":"Alanya Properties","url":"https:\/\/www.alanyaproperties.com\/sv\/","logo":{"@type":"ImageObject","inLanguage":"sv-SE","@id":"https:\/\/www.alanyaproperties.com\/sv\/#\/schema\/logo\/image\/","url":"https:\/\/i0.wp.com\/www.alanyaproperties.com\/wp-content\/uploads\/2017\/06\/alanya-properties-logo-180to.png?fit=180%2C81&ssl=1","contentUrl":"https:\/\/i0.wp.com\/www.alanyaproperties.com\/wp-content\/uploads\/2017\/06\/alanya-properties-logo-180to.png?fit=180%2C81&ssl=1","width":180,"height":81,"caption":"Alanya Properties"},"image":{"@id":"https:\/\/www.alanyaproperties.com\/sv\/#\/schema\/logo\/image\/"},"sameAs":["https:\/\/www.facebook.com\/alanyaproperties\/","https:\/\/x.com\/alanyapro","https:\/\/www.instagram.com\/alanyaproperties\/","https:\/\/www.youtube.com\/c\/AlanyaProperties"]},{"@type":"Person","@id":"https:\/\/www.alanyaproperties.com\/sv\/#\/schema\/person\/8a92cc9600cbc25fcc67c304ba14680c","name":"Yusuf Ekinci","image":{"@type":"ImageObject","inLanguage":"sv-SE","@id":"https:\/\/www.alanyaproperties.com\/sv\/#\/schema\/person\/image\/","url":"https:\/\/secure.gravatar.com\/avatar\/aed1d8afe914e0136d015d60f22bd285?s=96&d=mm&r=g","contentUrl":"https:\/\/secure.gravatar.com\/avatar\/aed1d8afe914e0136d015d60f22bd285?s=96&d=mm&r=g","caption":"Yusuf Ekinci"},"sameAs":["http:\/\/alanya-web.com"],"url":"https:\/\/www.alanyaproperties.com\/sv\/author\/admin\/"}]}},"jetpack_sharing_enabled":true,"jetpack_featured_media_url":"","_links":{"self":[{"href":"https:\/\/www.alanyaproperties.com\/sv\/wp-json\/wp\/v2\/posts\/3241"}],"collection":[{"href":"https:\/\/www.alanyaproperties.com\/sv\/wp-json\/wp\/v2\/posts"}],"about":[{"href":"https:\/\/www.alanyaproperties.com\/sv\/wp-json\/wp\/v2\/types\/post"}],"author":[{"embeddable":true,"href":"https:\/\/www.alanyaproperties.com\/sv\/wp-json\/wp\/v2\/users\/42"}],"replies":[{"embeddable":true,"href":"https:\/\/www.alanyaproperties.com\/sv\/wp-json\/wp\/v2\/comments?post=3241"}],"version-history":[{"count":0,"href":"https:\/\/www.alanyaproperties.com\/sv\/wp-json\/wp\/v2\/posts\/3241\/revisions"}],"wp:attachment":[{"href":"https:\/\/www.alanyaproperties.com\/sv\/wp-json\/wp\/v2\/media?parent=3241"}],"wp:term":[{"taxonomy":"category","embeddable":true,"href":"https:\/\/www.alanyaproperties.com\/sv\/wp-json\/wp\/v2\/categories?post=3241"},{"taxonomy":"post_tag","embeddable":true,"href":"https:\/\/www.alanyaproperties.com\/sv\/wp-json\/wp\/v2\/tags?post=3241"}],"curies":[{"name":"wp","href":"https:\/\/api.w.org\/{rel}","templated":true}]}}