{"id":3420,"date":"2009-10-23T07:11:41","date_gmt":"2009-10-23T07:11:41","guid":{"rendered":"http:\/\/www.alanyaproperties.com\/kas-turkije\/"},"modified":"2021-02-17T15:55:21","modified_gmt":"2021-02-17T15:55:21","slug":"kas-turkije","status":"publish","type":"post","link":"https:\/\/www.alanyaproperties.com\/nl\/over-turkije\/turkey-about-turkey\/kas-turkije\/","title":{"rendered":"De stad Kash"},"content":{"rendered":"<p>Ka\u015f is een kleine vissers-, zeilers- en toeristische stad en een district van de provincie Antalya, 168 kilometer ten westen van de stad Antalya. Voor een toeristische stad is het relatief ongerept.<\/p>\n<p>Aardrijkskunde<\/p>\n<p>De stad van Ka\u015f ligt op een heuvel die loopt tot aan de zee. De wijk heeft een typisch mediterraan klimaat van warme, droge zomers en warme, natte winters, waardoor er sinaasappelen, citroenen en bananen groeien. De laaggelegen gebieden zijn ook beplant met snijbloemen en een verscheidenheid aan groenten en fruit, velen worden het hele jaar door in kassen geteeld. De hellingen produceren honing en amandelen, terwijl op grote hoogte uitgestrekte dennenbossen zijn. Het weer is droger op grote hoogten. Hoewel de landbouw nog steeds belangrijk is, is het toerisme de belangrijkste bron van inkomsten in de plaats, waar veel hotels en pensions zijn.<\/p>\n<p>Ongeveer 2 km uit de kust bij Ka\u015f ligt het Griekse eiland Kastelorizo (in het Turks: Meis Adasi) Daar vandaan \/ ernaartoe varen van tijd tot tijd Turkse schepen en een veerboot.<\/p>\n<p>Geschiedenis<\/p>\n<p>Hoewel het schiereiland Teke is bewoond sinds het stenen tijdperk lijkt Ka\u015f opgericht door de Lycians, en zijn naam was in Lycische taal Habesos of Habesa. Het was een lid van het Lycische verbond, en het belang ervan in deze tijd wordt bevestigd door de aanwezigheid van een van de grootste Lycische begraafplaatsen.<\/p>\n<p>De oude Grieken gaven het later de naam van Antiphellos of Antiphilos, omdat het de haven was die tegenover de stad Phellos lag. Tijdens de Romeinse periode, werd Antiphellos beroemd om zijn uitvoer van sponzen en hout. Plinius de Oudere verwijst naar de stad in het vijfde boek van zijn Naturalis Historia. Na 395 werd de stad onderdeel van het Oost-Romeinse Rijk (Byzantijnse) en tijdens de vroege Middeleeuwen was het een bisschopszetel &#8211; en als Antiphellus nog steeds een titulaire zetel.<\/p>\n<p>De stad heeft geleden als gevolg van Arabische invallen, en werd (onder de naam Andifli) aan de Anatolische Sultanaat van Rum toegevoegd, geleid door de Seltsjoeken. Na de ondergang van de Seltsjoeken, kwam het onder heerschap van de Ottomanen.<\/p>\n<p>In 1923, als gevolg van de uitwisseling van populaties tussen Griekenland en Turkije na de Grieks-Turkse Oorlog, verliet de meerderheid van de bevolking van Griekse afkomst de stad en trok naar Griekenland.<\/p>\n<p>In de vroege jaren 1990 begon het toerisme explosief toe te nemen in Ka\u015f, met vooral bezoekers uit het Verenigd Koninkrijk en Duitsland. Deze groei van het toerisme bracht de bouw van enorm veel appartementcomplexen tot stand (vaak zonder licentie), wat het landschap en het milieu ernstig heeft bedreigt. Bijzonder getroffen is het prachtige \u00c7ukurba\u011f schiereiland, ten westen van de stad, waar nu luxe hotels zijn gebouwd.<\/p>\n<p>Toerisme<\/p>\n<p>De toeristische industrie is gericht op de gezellige stad Ka\u015f, maar veel andere kustplaatsen en dorpen in het district hebben ook genoeg accommodatie voor bezoekers, zoals Kalkan en Gelemis. De plaats is bereikbaar vanaf de luchthaven van zowel Antalya als Dalaman.<\/p>\n<p>Ka\u015f zelf is een rustig en gezellig stadje met zijn blauwe zee en smalle straatjes die heerlijk naar jasmijn geuren. Er zijn tal van kleine pensions, rustige restaurants die traditioneel eten serveren, of kleine bars om te ontspannen na een dag scuba duiken. In Ka\u015f wordt jaarlijks het Arts Festival gehouden, met jazz-concerten in het Romeinse amfitheater en de Kiln Under the Sea kunstvereniging heeft hier onderwater keramiek exposities gehouden.<\/p>\n<p>Ka\u015f is een van de belangrijkste plekken om te duiken in Turkije. Er is een duikschool, vele verhuurbedrijfjes en in de haven bieden lokale duikers cursussen. Als u besluit te proberen te duiken in Ka\u015f kunt u een prachtige reeks van vis en andere zeedieren verwachten, zoals inktvis en eventueel dolfijnen, en ook de wrakken van enkele oude schepen.<\/p>\n<p>Bevolking<\/p>\n<p>In 2007 had de stad 5.922 en haar dorpen 49.629 inwoners. Ka\u015f heeft 5 gemeenten (Gombe, Kalkan, K\u0131n\u0131k, Ova en Yesilkoy) en 48 dorpen.<\/p>\n<p>Bezienswaardigheden<\/p>\n<p>* De stad Ka\u015f heeft een Romeins amfitheater en vele andere bezienswaardigheden van historisch belang, en het heeft plekken met een natuurlijke schoonheid, met inbegrip van uitstekende stranden en een aantal interessante grotten, een paar van hen onder water.<br \/>\n* De bergen achter de kust bieden talloze wandel-, klim- en rivier rafting routes.<br \/>\n* De ru\u00efnes van de antieke steden van Komba (in het dorp van G\u00f6mbe), Nisa, Kandyba, Phellos, Istlada, Apollonia, Isinda en Kyaenai liggen in de omgeving.<br \/>\n* Een populaire excursie uit Ka\u015f is het Kekova eiland in het naburige district Demre. Hier in de prachtige baaien ziet u een verrassende verscheidenheid van wrakken van oude schepen en oude steden verzonken onder de zee door aardbevingen door de eeuwen heen. De zee is zo helder dat de details van de stadsgebouwen zoals trappen en kolommen kunnen worden onderscheiden. In december 2006 is Ka\u015f toegevoegd aan het speciaal beschermde marine gebied Kekova om haar rijke biodiversiteit te behouden.<\/p>\n","protected":false},"excerpt":{"rendered":"<p>Ka\u015f is een kleine vissers-, zeilers- en toeristische stad en een district van de provincie Antalya, 168 kilometer ten westen van de stad Antalya. Voor een toeristische stad is het relatief ongerept. Aardrijkskunde De stad van Ka\u015f ligt op een heuvel die loopt tot aan de zee. De wijk heeft een typisch mediterraan klimaat van [&hellip;]<\/p>\n","protected":false},"author":42,"featured_media":0,"comment_status":"closed","ping_status":"closed","sticky":false,"template":"","format":"standard","meta":{"footnotes":""},"categories":[1886],"tags":[2170],"yoast_head":"<!-- This site is optimized with the Yoast SEO plugin v22.6 - https:\/\/yoast.com\/wordpress\/plugins\/seo\/ -->\n<title>De stad Kash - Properties in Alanya.<\/title>\n<meta name=\"description\" content=\"De stad Kash - Properties in Alanya.\" \/>\n<meta name=\"robots\" content=\"index, follow, max-snippet:-1, max-image-preview:large, max-video-preview:-1\" \/>\n<link rel=\"canonical\" href=\"https:\/\/www.alanyaproperties.com\/nl\/over-turkije\/turkey-about-turkey\/kas-turkije\/\" \/>\n<meta property=\"og:locale\" content=\"nl_NL\" \/>\n<meta property=\"og:type\" content=\"article\" \/>\n<meta property=\"og:title\" content=\"De stad Kash - Properties in Alanya.\" \/>\n<meta property=\"og:description\" content=\"De stad Kash - Properties in Alanya.\" \/>\n<meta property=\"og:url\" content=\"https:\/\/www.alanyaproperties.com\/nl\/over-turkije\/turkey-about-turkey\/kas-turkije\/\" \/>\n<meta property=\"og:site_name\" content=\"Properties in Alanya.\" \/>\n<meta property=\"article:publisher\" content=\"https:\/\/www.facebook.com\/alanyaproperties\/\" \/>\n<meta property=\"article:published_time\" content=\"2009-10-23T07:11:41+00:00\" \/>\n<meta property=\"article:modified_time\" content=\"2021-02-17T15:55:21+00:00\" \/>\n<meta name=\"author\" content=\"Yusuf Ekinci\" \/>\n<meta name=\"twitter:card\" content=\"summary_large_image\" \/>\n<meta name=\"twitter:creator\" content=\"@alanyapro\" \/>\n<meta name=\"twitter:site\" content=\"@alanyapro\" \/>\n<meta name=\"twitter:label1\" content=\"Geschreven door\" \/>\n\t<meta name=\"twitter:data1\" content=\"Yusuf Ekinci\" \/>\n\t<meta name=\"twitter:label2\" content=\"Geschatte leestijd\" \/>\n\t<meta name=\"twitter:data2\" content=\"4 minuten\" \/>\n<script type=\"application\/ld+json\" class=\"yoast-schema-graph\">{\"@context\":\"https:\/\/schema.org\",\"@graph\":[{\"@type\":\"Article\",\"@id\":\"https:\/\/www.alanyaproperties.com\/nl\/over-turkije\/turkey-about-turkey\/kas-turkije\/#article\",\"isPartOf\":{\"@id\":\"https:\/\/www.alanyaproperties.com\/nl\/over-turkije\/turkey-about-turkey\/kas-turkije\/\"},\"author\":{\"name\":\"Yusuf Ekinci\",\"@id\":\"https:\/\/www.alanyaproperties.com\/nl\/#\/schema\/person\/8a92cc9600cbc25fcc67c304ba14680c\"},\"headline\":\"De stad Kash\",\"datePublished\":\"2009-10-23T07:11:41+00:00\",\"dateModified\":\"2021-02-17T15:55:21+00:00\",\"mainEntityOfPage\":{\"@id\":\"https:\/\/www.alanyaproperties.com\/nl\/over-turkije\/turkey-about-turkey\/kas-turkije\/\"},\"wordCount\":789,\"publisher\":{\"@id\":\"https:\/\/www.alanyaproperties.com\/nl\/#organization\"},\"keywords\":[\"Kas Kalkan Antalya Turkije vissen zeilen vakantie toerisme\"],\"articleSection\":[\"Turquie\"],\"inLanguage\":\"nl-NL\"},{\"@type\":\"WebPage\",\"@id\":\"https:\/\/www.alanyaproperties.com\/nl\/over-turkije\/turkey-about-turkey\/kas-turkije\/\",\"url\":\"https:\/\/www.alanyaproperties.com\/nl\/over-turkije\/turkey-about-turkey\/kas-turkije\/\",\"name\":\"De stad Kash - Properties in Alanya.\",\"isPartOf\":{\"@id\":\"https:\/\/www.alanyaproperties.com\/nl\/#website\"},\"datePublished\":\"2009-10-23T07:11:41+00:00\",\"dateModified\":\"2021-02-17T15:55:21+00:00\",\"description\":\"De stad Kash - Properties in Alanya.\",\"breadcrumb\":{\"@id\":\"https:\/\/www.alanyaproperties.com\/nl\/over-turkije\/turkey-about-turkey\/kas-turkije\/#breadcrumb\"},\"inLanguage\":\"nl-NL\",\"potentialAction\":[{\"@type\":\"ReadAction\",\"target\":[\"https:\/\/www.alanyaproperties.com\/nl\/over-turkije\/turkey-about-turkey\/kas-turkije\/\"]}]},{\"@type\":\"BreadcrumbList\",\"@id\":\"https:\/\/www.alanyaproperties.com\/nl\/over-turkije\/turkey-about-turkey\/kas-turkije\/#breadcrumb\",\"itemListElement\":[{\"@type\":\"ListItem\",\"position\":1,\"name\":\"Home\",\"item\":\"https:\/\/www.alanyaproperties.com\/nl\/\"},{\"@type\":\"ListItem\",\"position\":2,\"name\":\"De stad Kash\"}]},{\"@type\":\"WebSite\",\"@id\":\"https:\/\/www.alanyaproperties.com\/nl\/#website\",\"url\":\"https:\/\/www.alanyaproperties.com\/nl\/\",\"name\":\"Properties in Alanya.\",\"description\":\"Vastgoed in Alanya, Turkije | zoekt u een appartement of villa in Turkije ?\",\"publisher\":{\"@id\":\"https:\/\/www.alanyaproperties.com\/nl\/#organization\"},\"potentialAction\":[{\"@type\":\"SearchAction\",\"target\":{\"@type\":\"EntryPoint\",\"urlTemplate\":\"https:\/\/www.alanyaproperties.com\/nl\/?s={search_term_string}\"},\"query-input\":\"required name=search_term_string\"}],\"inLanguage\":\"nl-NL\"},{\"@type\":\"Organization\",\"@id\":\"https:\/\/www.alanyaproperties.com\/nl\/#organization\",\"name\":\"Alanya Properties\",\"url\":\"https:\/\/www.alanyaproperties.com\/nl\/\",\"logo\":{\"@type\":\"ImageObject\",\"inLanguage\":\"nl-NL\",\"@id\":\"https:\/\/www.alanyaproperties.com\/nl\/#\/schema\/logo\/image\/\",\"url\":\"https:\/\/i0.wp.com\/www.alanyaproperties.com\/wp-content\/uploads\/2017\/06\/alanya-properties-logo-180to.png?fit=180%2C81&ssl=1\",\"contentUrl\":\"https:\/\/i0.wp.com\/www.alanyaproperties.com\/wp-content\/uploads\/2017\/06\/alanya-properties-logo-180to.png?fit=180%2C81&ssl=1\",\"width\":180,\"height\":81,\"caption\":\"Alanya Properties\"},\"image\":{\"@id\":\"https:\/\/www.alanyaproperties.com\/nl\/#\/schema\/logo\/image\/\"},\"sameAs\":[\"https:\/\/www.facebook.com\/alanyaproperties\/\",\"https:\/\/x.com\/alanyapro\",\"https:\/\/www.instagram.com\/alanyaproperties\/\",\"https:\/\/www.youtube.com\/c\/AlanyaProperties\"]},{\"@type\":\"Person\",\"@id\":\"https:\/\/www.alanyaproperties.com\/nl\/#\/schema\/person\/8a92cc9600cbc25fcc67c304ba14680c\",\"name\":\"Yusuf Ekinci\",\"image\":{\"@type\":\"ImageObject\",\"inLanguage\":\"nl-NL\",\"@id\":\"https:\/\/www.alanyaproperties.com\/nl\/#\/schema\/person\/image\/\",\"url\":\"https:\/\/secure.gravatar.com\/avatar\/aed1d8afe914e0136d015d60f22bd285?s=96&d=mm&r=g\",\"contentUrl\":\"https:\/\/secure.gravatar.com\/avatar\/aed1d8afe914e0136d015d60f22bd285?s=96&d=mm&r=g\",\"caption\":\"Yusuf Ekinci\"},\"sameAs\":[\"http:\/\/alanya-web.com\"],\"url\":\"https:\/\/www.alanyaproperties.com\/nl\/author\/admin\/\"}]}<\/script>\n<!-- \/ Yoast SEO plugin. -->","yoast_head_json":{"title":"De stad Kash - Properties in Alanya.","description":"De stad Kash - Properties in Alanya.","robots":{"index":"index","follow":"follow","max-snippet":"max-snippet:-1","max-image-preview":"max-image-preview:large","max-video-preview":"max-video-preview:-1"},"canonical":"https:\/\/www.alanyaproperties.com\/nl\/over-turkije\/turkey-about-turkey\/kas-turkije\/","og_locale":"nl_NL","og_type":"article","og_title":"De stad Kash - Properties in Alanya.","og_description":"De stad Kash - Properties in Alanya.","og_url":"https:\/\/www.alanyaproperties.com\/nl\/over-turkije\/turkey-about-turkey\/kas-turkije\/","og_site_name":"Properties in Alanya.","article_publisher":"https:\/\/www.facebook.com\/alanyaproperties\/","article_published_time":"2009-10-23T07:11:41+00:00","article_modified_time":"2021-02-17T15:55:21+00:00","author":"Yusuf Ekinci","twitter_card":"summary_large_image","twitter_creator":"@alanyapro","twitter_site":"@alanyapro","twitter_misc":{"Geschreven door":"Yusuf Ekinci","Geschatte leestijd":"4 minuten"},"schema":{"@context":"https:\/\/schema.org","@graph":[{"@type":"Article","@id":"https:\/\/www.alanyaproperties.com\/nl\/over-turkije\/turkey-about-turkey\/kas-turkije\/#article","isPartOf":{"@id":"https:\/\/www.alanyaproperties.com\/nl\/over-turkije\/turkey-about-turkey\/kas-turkije\/"},"author":{"name":"Yusuf Ekinci","@id":"https:\/\/www.alanyaproperties.com\/nl\/#\/schema\/person\/8a92cc9600cbc25fcc67c304ba14680c"},"headline":"De stad Kash","datePublished":"2009-10-23T07:11:41+00:00","dateModified":"2021-02-17T15:55:21+00:00","mainEntityOfPage":{"@id":"https:\/\/www.alanyaproperties.com\/nl\/over-turkije\/turkey-about-turkey\/kas-turkije\/"},"wordCount":789,"publisher":{"@id":"https:\/\/www.alanyaproperties.com\/nl\/#organization"},"keywords":["Kas Kalkan Antalya Turkije vissen zeilen vakantie toerisme"],"articleSection":["Turquie"],"inLanguage":"nl-NL"},{"@type":"WebPage","@id":"https:\/\/www.alanyaproperties.com\/nl\/over-turkije\/turkey-about-turkey\/kas-turkije\/","url":"https:\/\/www.alanyaproperties.com\/nl\/over-turkije\/turkey-about-turkey\/kas-turkije\/","name":"De stad Kash - Properties in Alanya.","isPartOf":{"@id":"https:\/\/www.alanyaproperties.com\/nl\/#website"},"datePublished":"2009-10-23T07:11:41+00:00","dateModified":"2021-02-17T15:55:21+00:00","description":"De stad Kash - Properties in Alanya.","breadcrumb":{"@id":"https:\/\/www.alanyaproperties.com\/nl\/over-turkije\/turkey-about-turkey\/kas-turkije\/#breadcrumb"},"inLanguage":"nl-NL","potentialAction":[{"@type":"ReadAction","target":["https:\/\/www.alanyaproperties.com\/nl\/over-turkije\/turkey-about-turkey\/kas-turkije\/"]}]},{"@type":"BreadcrumbList","@id":"https:\/\/www.alanyaproperties.com\/nl\/over-turkije\/turkey-about-turkey\/kas-turkije\/#breadcrumb","itemListElement":[{"@type":"ListItem","position":1,"name":"Home","item":"https:\/\/www.alanyaproperties.com\/nl\/"},{"@type":"ListItem","position":2,"name":"De stad Kash"}]},{"@type":"WebSite","@id":"https:\/\/www.alanyaproperties.com\/nl\/#website","url":"https:\/\/www.alanyaproperties.com\/nl\/","name":"Properties in Alanya.","description":"Vastgoed in Alanya, Turkije | zoekt u een appartement of villa in Turkije ?","publisher":{"@id":"https:\/\/www.alanyaproperties.com\/nl\/#organization"},"potentialAction":[{"@type":"SearchAction","target":{"@type":"EntryPoint","urlTemplate":"https:\/\/www.alanyaproperties.com\/nl\/?s={search_term_string}"},"query-input":"required name=search_term_string"}],"inLanguage":"nl-NL"},{"@type":"Organization","@id":"https:\/\/www.alanyaproperties.com\/nl\/#organization","name":"Alanya Properties","url":"https:\/\/www.alanyaproperties.com\/nl\/","logo":{"@type":"ImageObject","inLanguage":"nl-NL","@id":"https:\/\/www.alanyaproperties.com\/nl\/#\/schema\/logo\/image\/","url":"https:\/\/i0.wp.com\/www.alanyaproperties.com\/wp-content\/uploads\/2017\/06\/alanya-properties-logo-180to.png?fit=180%2C81&ssl=1","contentUrl":"https:\/\/i0.wp.com\/www.alanyaproperties.com\/wp-content\/uploads\/2017\/06\/alanya-properties-logo-180to.png?fit=180%2C81&ssl=1","width":180,"height":81,"caption":"Alanya Properties"},"image":{"@id":"https:\/\/www.alanyaproperties.com\/nl\/#\/schema\/logo\/image\/"},"sameAs":["https:\/\/www.facebook.com\/alanyaproperties\/","https:\/\/x.com\/alanyapro","https:\/\/www.instagram.com\/alanyaproperties\/","https:\/\/www.youtube.com\/c\/AlanyaProperties"]},{"@type":"Person","@id":"https:\/\/www.alanyaproperties.com\/nl\/#\/schema\/person\/8a92cc9600cbc25fcc67c304ba14680c","name":"Yusuf Ekinci","image":{"@type":"ImageObject","inLanguage":"nl-NL","@id":"https:\/\/www.alanyaproperties.com\/nl\/#\/schema\/person\/image\/","url":"https:\/\/secure.gravatar.com\/avatar\/aed1d8afe914e0136d015d60f22bd285?s=96&d=mm&r=g","contentUrl":"https:\/\/secure.gravatar.com\/avatar\/aed1d8afe914e0136d015d60f22bd285?s=96&d=mm&r=g","caption":"Yusuf Ekinci"},"sameAs":["http:\/\/alanya-web.com"],"url":"https:\/\/www.alanyaproperties.com\/nl\/author\/admin\/"}]}},"jetpack_sharing_enabled":true,"jetpack_featured_media_url":"","_links":{"self":[{"href":"https:\/\/www.alanyaproperties.com\/nl\/wp-json\/wp\/v2\/posts\/3420"}],"collection":[{"href":"https:\/\/www.alanyaproperties.com\/nl\/wp-json\/wp\/v2\/posts"}],"about":[{"href":"https:\/\/www.alanyaproperties.com\/nl\/wp-json\/wp\/v2\/types\/post"}],"author":[{"embeddable":true,"href":"https:\/\/www.alanyaproperties.com\/nl\/wp-json\/wp\/v2\/users\/42"}],"replies":[{"embeddable":true,"href":"https:\/\/www.alanyaproperties.com\/nl\/wp-json\/wp\/v2\/comments?post=3420"}],"version-history":[{"count":1,"href":"https:\/\/www.alanyaproperties.com\/nl\/wp-json\/wp\/v2\/posts\/3420\/revisions"}],"predecessor-version":[{"id":246609,"href":"https:\/\/www.alanyaproperties.com\/nl\/wp-json\/wp\/v2\/posts\/3420\/revisions\/246609"}],"wp:attachment":[{"href":"https:\/\/www.alanyaproperties.com\/nl\/wp-json\/wp\/v2\/media?parent=3420"}],"wp:term":[{"taxonomy":"category","embeddable":true,"href":"https:\/\/www.alanyaproperties.com\/nl\/wp-json\/wp\/v2\/categories?post=3420"},{"taxonomy":"post_tag","embeddable":true,"href":"https:\/\/www.alanyaproperties.com\/nl\/wp-json\/wp\/v2\/tags?post=3420"}],"curies":[{"name":"wp","href":"https:\/\/api.w.org\/{rel}","templated":true}]}}