{"id":3735,"date":"2014-10-22T09:17:42","date_gmt":"2014-10-22T09:17:42","guid":{"rendered":"http:\/\/www.alanyaproperties.com\/emerald-park-ouverture\/"},"modified":"2014-10-22T09:17:42","modified_gmt":"2014-10-22T09:17:42","slug":"emerald-park-ouverture","status":"publish","type":"post","link":"https:\/\/www.alanyaproperties.com\/fr\/uncategorized\/emerald-park-ouverture\/","title":{"rendered":"EMERALD PARK &#8211; GRANDE OUVERTURE"},"content":{"rendered":"<div> \t<font size=\"3\">Le 11 Octobre 2014, la grande ouverture officielle a eu lieu de<\/font><\/div>\n<div> \t&nbsp;<\/div>\n<div> \t<font size=\"3\">\u00ab\u00a0Emerald Park\u00a0\u00bb \u00e0 Alanya \/ Avsallar.<\/font><\/div>\n<div> \t&nbsp;<\/div>\n<div> \t<font size=\"3\">Ce fut un \u00e9v\u00e9nement merveilleux. Beaucoup de propri\u00e9taires ont particip\u00e9<\/font><span style=\"font-size: medium; line-height: 1.6;\">&nbsp;\u00e0 cette f\u00eate.<\/span><\/div>\n<div> \t&nbsp;<\/div>\n<div> \t<font size=\"3\">Voulez vous aussi avoir un appartement &nbsp;dans le magnifique complexe ?<\/font><\/div>\n<div> \t&nbsp;<\/div>\n<div> \t<font size=\"3\">S&rsquo; il vous pla\u00eet ne pas h\u00e9siter \u00e0 nous contacter.<\/font><\/div>\n","protected":false},"excerpt":{"rendered":"<p>Le 11 Octobre 2014, la grande ouverture officielle a eu lieu de &nbsp; \u00ab\u00a0Emerald Park\u00a0\u00bb \u00e0 Alanya \/ Avsallar. &nbsp; Ce fut un \u00e9v\u00e9nement merveilleux. Beaucoup de propri\u00e9taires ont particip\u00e9&nbsp;\u00e0 cette f\u00eate. &nbsp; Voulez vous aussi avoir un appartement &nbsp;dans le magnifique complexe ? &nbsp; S&rsquo; il vous pla\u00eet ne pas h\u00e9siter \u00e0 nous contacter.<\/p>\n","protected":false},"author":31,"featured_media":0,"comment_status":"open","ping_status":"closed","sticky":false,"template":"","format":"standard","meta":{"footnotes":""},"categories":[1],"tags":[],"yoast_head":"<!-- This site is optimized with the Yoast SEO plugin v22.6 - https:\/\/yoast.com\/wordpress\/plugins\/seo\/ -->\n<title>EMERALD PARK - GRANDE OUVERTURE - Properties in Alanya.<\/title>\n<meta name=\"description\" content=\"EMERALD PARK - GRANDE OUVERTURE - Properties in Alanya.\" \/>\n<meta name=\"robots\" content=\"index, follow, max-snippet:-1, max-image-preview:large, max-video-preview:-1\" \/>\n<link rel=\"canonical\" href=\"https:\/\/www.alanyaproperties.com\/fr\/uncategorized\/emerald-park-ouverture\/\" \/>\n<meta property=\"og:locale\" content=\"fr_FR\" \/>\n<meta property=\"og:type\" content=\"article\" \/>\n<meta property=\"og:title\" content=\"EMERALD PARK - GRANDE OUVERTURE - Properties in Alanya.\" \/>\n<meta property=\"og:description\" content=\"EMERALD PARK - GRANDE OUVERTURE - Properties in Alanya.\" \/>\n<meta property=\"og:url\" content=\"https:\/\/www.alanyaproperties.com\/fr\/uncategorized\/emerald-park-ouverture\/\" \/>\n<meta property=\"og:site_name\" content=\"Properties in Alanya.\" \/>\n<meta property=\"article:publisher\" content=\"https:\/\/www.facebook.com\/alanyaproperties\/\" \/>\n<meta property=\"article:published_time\" content=\"2014-10-22T09:17:42+00:00\" \/>\n<meta name=\"author\" content=\"vera\" \/>\n<meta name=\"twitter:card\" content=\"summary_large_image\" \/>\n<meta name=\"twitter:creator\" content=\"@alanyapro\" \/>\n<meta name=\"twitter:site\" content=\"@alanyapro\" \/>\n<meta name=\"twitter:label1\" content=\"\u00c9crit par\" \/>\n\t<meta name=\"twitter:data1\" content=\"vera\" \/>\n<script type=\"application\/ld+json\" class=\"yoast-schema-graph\">{\"@context\":\"https:\/\/schema.org\",\"@graph\":[{\"@type\":\"Article\",\"@id\":\"https:\/\/www.alanyaproperties.com\/fr\/uncategorized\/emerald-park-ouverture\/#article\",\"isPartOf\":{\"@id\":\"https:\/\/www.alanyaproperties.com\/fr\/uncategorized\/emerald-park-ouverture\/\"},\"author\":{\"name\":\"vera\",\"@id\":\"https:\/\/www.alanyaproperties.com\/fr\/#\/schema\/person\/393465907d44bff7d2e9dd06b27e028a\"},\"headline\":\"EMERALD PARK &#8211; GRANDE OUVERTURE\",\"datePublished\":\"2014-10-22T09:17:42+00:00\",\"dateModified\":\"2014-10-22T09:17:42+00:00\",\"mainEntityOfPage\":{\"@id\":\"https:\/\/www.alanyaproperties.com\/fr\/uncategorized\/emerald-park-ouverture\/\"},\"wordCount\":61,\"commentCount\":0,\"publisher\":{\"@id\":\"https:\/\/www.alanyaproperties.com\/fr\/#organization\"},\"articleSection\":[\"Uncategorized\"],\"inLanguage\":\"fr-FR\"},{\"@type\":\"WebPage\",\"@id\":\"https:\/\/www.alanyaproperties.com\/fr\/uncategorized\/emerald-park-ouverture\/\",\"url\":\"https:\/\/www.alanyaproperties.com\/fr\/uncategorized\/emerald-park-ouverture\/\",\"name\":\"EMERALD PARK - GRANDE OUVERTURE - Properties in Alanya.\",\"isPartOf\":{\"@id\":\"https:\/\/www.alanyaproperties.com\/fr\/#website\"},\"datePublished\":\"2014-10-22T09:17:42+00:00\",\"dateModified\":\"2014-10-22T09:17:42+00:00\",\"description\":\"EMERALD PARK - GRANDE OUVERTURE - Properties in Alanya.\",\"breadcrumb\":{\"@id\":\"https:\/\/www.alanyaproperties.com\/fr\/uncategorized\/emerald-park-ouverture\/#breadcrumb\"},\"inLanguage\":\"fr-FR\",\"potentialAction\":[{\"@type\":\"ReadAction\",\"target\":[\"https:\/\/www.alanyaproperties.com\/fr\/uncategorized\/emerald-park-ouverture\/\"]}]},{\"@type\":\"BreadcrumbList\",\"@id\":\"https:\/\/www.alanyaproperties.com\/fr\/uncategorized\/emerald-park-ouverture\/#breadcrumb\",\"itemListElement\":[{\"@type\":\"ListItem\",\"position\":1,\"name\":\"Home\",\"item\":\"https:\/\/www.alanyaproperties.com\/fr\/\"},{\"@type\":\"ListItem\",\"position\":2,\"name\":\"EMERALD PARK &#8211; GRANDE OUVERTURE\"}]},{\"@type\":\"WebSite\",\"@id\":\"https:\/\/www.alanyaproperties.com\/fr\/#website\",\"url\":\"https:\/\/www.alanyaproperties.com\/fr\/\",\"name\":\"Properties in Alanya.\",\"description\":\"Immobilier en Turquie | Acheter un immobilier en Turquie\",\"publisher\":{\"@id\":\"https:\/\/www.alanyaproperties.com\/fr\/#organization\"},\"potentialAction\":[{\"@type\":\"SearchAction\",\"target\":{\"@type\":\"EntryPoint\",\"urlTemplate\":\"https:\/\/www.alanyaproperties.com\/fr\/?s={search_term_string}\"},\"query-input\":\"required name=search_term_string\"}],\"inLanguage\":\"fr-FR\"},{\"@type\":\"Organization\",\"@id\":\"https:\/\/www.alanyaproperties.com\/fr\/#organization\",\"name\":\"Alanya Properties\",\"url\":\"https:\/\/www.alanyaproperties.com\/fr\/\",\"logo\":{\"@type\":\"ImageObject\",\"inLanguage\":\"fr-FR\",\"@id\":\"https:\/\/www.alanyaproperties.com\/fr\/#\/schema\/logo\/image\/\",\"url\":\"https:\/\/i0.wp.com\/www.alanyaproperties.com\/wp-content\/uploads\/2017\/06\/alanya-properties-logo-180to.png?fit=180%2C81&ssl=1\",\"contentUrl\":\"https:\/\/i0.wp.com\/www.alanyaproperties.com\/wp-content\/uploads\/2017\/06\/alanya-properties-logo-180to.png?fit=180%2C81&ssl=1\",\"width\":180,\"height\":81,\"caption\":\"Alanya Properties\"},\"image\":{\"@id\":\"https:\/\/www.alanyaproperties.com\/fr\/#\/schema\/logo\/image\/\"},\"sameAs\":[\"https:\/\/www.facebook.com\/alanyaproperties\/\",\"https:\/\/x.com\/alanyapro\",\"https:\/\/www.instagram.com\/alanyaproperties\/\",\"https:\/\/www.youtube.com\/c\/AlanyaProperties\"]},{\"@type\":\"Person\",\"@id\":\"https:\/\/www.alanyaproperties.com\/fr\/#\/schema\/person\/393465907d44bff7d2e9dd06b27e028a\",\"name\":\"vera\",\"image\":{\"@type\":\"ImageObject\",\"inLanguage\":\"fr-FR\",\"@id\":\"https:\/\/www.alanyaproperties.com\/fr\/#\/schema\/person\/image\/\",\"url\":\"https:\/\/secure.gravatar.com\/avatar\/14e74caaf9dc8a181c69054d73275937?s=96&d=mm&r=g\",\"contentUrl\":\"https:\/\/secure.gravatar.com\/avatar\/14e74caaf9dc8a181c69054d73275937?s=96&d=mm&r=g\",\"caption\":\"vera\"},\"url\":\"https:\/\/www.alanyaproperties.com\/fr\/author\/vera\/\"}]}<\/script>\n<!-- \/ Yoast SEO plugin. -->","yoast_head_json":{"title":"EMERALD PARK - GRANDE OUVERTURE - Properties in Alanya.","description":"EMERALD PARK - GRANDE OUVERTURE - Properties in Alanya.","robots":{"index":"index","follow":"follow","max-snippet":"max-snippet:-1","max-image-preview":"max-image-preview:large","max-video-preview":"max-video-preview:-1"},"canonical":"https:\/\/www.alanyaproperties.com\/fr\/uncategorized\/emerald-park-ouverture\/","og_locale":"fr_FR","og_type":"article","og_title":"EMERALD PARK - GRANDE OUVERTURE - Properties in Alanya.","og_description":"EMERALD PARK - GRANDE OUVERTURE - Properties in Alanya.","og_url":"https:\/\/www.alanyaproperties.com\/fr\/uncategorized\/emerald-park-ouverture\/","og_site_name":"Properties in Alanya.","article_publisher":"https:\/\/www.facebook.com\/alanyaproperties\/","article_published_time":"2014-10-22T09:17:42+00:00","author":"vera","twitter_card":"summary_large_image","twitter_creator":"@alanyapro","twitter_site":"@alanyapro","twitter_misc":{"\u00c9crit par":"vera"},"schema":{"@context":"https:\/\/schema.org","@graph":[{"@type":"Article","@id":"https:\/\/www.alanyaproperties.com\/fr\/uncategorized\/emerald-park-ouverture\/#article","isPartOf":{"@id":"https:\/\/www.alanyaproperties.com\/fr\/uncategorized\/emerald-park-ouverture\/"},"author":{"name":"vera","@id":"https:\/\/www.alanyaproperties.com\/fr\/#\/schema\/person\/393465907d44bff7d2e9dd06b27e028a"},"headline":"EMERALD PARK &#8211; GRANDE OUVERTURE","datePublished":"2014-10-22T09:17:42+00:00","dateModified":"2014-10-22T09:17:42+00:00","mainEntityOfPage":{"@id":"https:\/\/www.alanyaproperties.com\/fr\/uncategorized\/emerald-park-ouverture\/"},"wordCount":61,"commentCount":0,"publisher":{"@id":"https:\/\/www.alanyaproperties.com\/fr\/#organization"},"articleSection":["Uncategorized"],"inLanguage":"fr-FR"},{"@type":"WebPage","@id":"https:\/\/www.alanyaproperties.com\/fr\/uncategorized\/emerald-park-ouverture\/","url":"https:\/\/www.alanyaproperties.com\/fr\/uncategorized\/emerald-park-ouverture\/","name":"EMERALD PARK - GRANDE OUVERTURE - Properties in Alanya.","isPartOf":{"@id":"https:\/\/www.alanyaproperties.com\/fr\/#website"},"datePublished":"2014-10-22T09:17:42+00:00","dateModified":"2014-10-22T09:17:42+00:00","description":"EMERALD PARK - GRANDE OUVERTURE - Properties in Alanya.","breadcrumb":{"@id":"https:\/\/www.alanyaproperties.com\/fr\/uncategorized\/emerald-park-ouverture\/#breadcrumb"},"inLanguage":"fr-FR","potentialAction":[{"@type":"ReadAction","target":["https:\/\/www.alanyaproperties.com\/fr\/uncategorized\/emerald-park-ouverture\/"]}]},{"@type":"BreadcrumbList","@id":"https:\/\/www.alanyaproperties.com\/fr\/uncategorized\/emerald-park-ouverture\/#breadcrumb","itemListElement":[{"@type":"ListItem","position":1,"name":"Home","item":"https:\/\/www.alanyaproperties.com\/fr\/"},{"@type":"ListItem","position":2,"name":"EMERALD PARK &#8211; GRANDE OUVERTURE"}]},{"@type":"WebSite","@id":"https:\/\/www.alanyaproperties.com\/fr\/#website","url":"https:\/\/www.alanyaproperties.com\/fr\/","name":"Properties in Alanya.","description":"Immobilier en Turquie | Acheter un immobilier en Turquie","publisher":{"@id":"https:\/\/www.alanyaproperties.com\/fr\/#organization"},"potentialAction":[{"@type":"SearchAction","target":{"@type":"EntryPoint","urlTemplate":"https:\/\/www.alanyaproperties.com\/fr\/?s={search_term_string}"},"query-input":"required name=search_term_string"}],"inLanguage":"fr-FR"},{"@type":"Organization","@id":"https:\/\/www.alanyaproperties.com\/fr\/#organization","name":"Alanya Properties","url":"https:\/\/www.alanyaproperties.com\/fr\/","logo":{"@type":"ImageObject","inLanguage":"fr-FR","@id":"https:\/\/www.alanyaproperties.com\/fr\/#\/schema\/logo\/image\/","url":"https:\/\/i0.wp.com\/www.alanyaproperties.com\/wp-content\/uploads\/2017\/06\/alanya-properties-logo-180to.png?fit=180%2C81&ssl=1","contentUrl":"https:\/\/i0.wp.com\/www.alanyaproperties.com\/wp-content\/uploads\/2017\/06\/alanya-properties-logo-180to.png?fit=180%2C81&ssl=1","width":180,"height":81,"caption":"Alanya Properties"},"image":{"@id":"https:\/\/www.alanyaproperties.com\/fr\/#\/schema\/logo\/image\/"},"sameAs":["https:\/\/www.facebook.com\/alanyaproperties\/","https:\/\/x.com\/alanyapro","https:\/\/www.instagram.com\/alanyaproperties\/","https:\/\/www.youtube.com\/c\/AlanyaProperties"]},{"@type":"Person","@id":"https:\/\/www.alanyaproperties.com\/fr\/#\/schema\/person\/393465907d44bff7d2e9dd06b27e028a","name":"vera","image":{"@type":"ImageObject","inLanguage":"fr-FR","@id":"https:\/\/www.alanyaproperties.com\/fr\/#\/schema\/person\/image\/","url":"https:\/\/secure.gravatar.com\/avatar\/14e74caaf9dc8a181c69054d73275937?s=96&d=mm&r=g","contentUrl":"https:\/\/secure.gravatar.com\/avatar\/14e74caaf9dc8a181c69054d73275937?s=96&d=mm&r=g","caption":"vera"},"url":"https:\/\/www.alanyaproperties.com\/fr\/author\/vera\/"}]}},"jetpack_sharing_enabled":true,"jetpack_featured_media_url":"","_links":{"self":[{"href":"https:\/\/www.alanyaproperties.com\/fr\/wp-json\/wp\/v2\/posts\/3735"}],"collection":[{"href":"https:\/\/www.alanyaproperties.com\/fr\/wp-json\/wp\/v2\/posts"}],"about":[{"href":"https:\/\/www.alanyaproperties.com\/fr\/wp-json\/wp\/v2\/types\/post"}],"author":[{"embeddable":true,"href":"https:\/\/www.alanyaproperties.com\/fr\/wp-json\/wp\/v2\/users\/31"}],"replies":[{"embeddable":true,"href":"https:\/\/www.alanyaproperties.com\/fr\/wp-json\/wp\/v2\/comments?post=3735"}],"version-history":[{"count":0,"href":"https:\/\/www.alanyaproperties.com\/fr\/wp-json\/wp\/v2\/posts\/3735\/revisions"}],"wp:attachment":[{"href":"https:\/\/www.alanyaproperties.com\/fr\/wp-json\/wp\/v2\/media?parent=3735"}],"wp:term":[{"taxonomy":"category","embeddable":true,"href":"https:\/\/www.alanyaproperties.com\/fr\/wp-json\/wp\/v2\/categories?post=3735"},{"taxonomy":"post_tag","embeddable":true,"href":"https:\/\/www.alanyaproperties.com\/fr\/wp-json\/wp\/v2\/tags?post=3735"}],"curies":[{"name":"wp","href":"https:\/\/api.w.org\/{rel}","templated":true}]}}