{"id":3686,"date":"2009-10-21T03:28:24","date_gmt":"2009-10-21T03:28:24","guid":{"rendered":"http:\/\/www.alanyaproperties.com\/alanya-cikcilli-2\/"},"modified":"2009-10-21T03:28:24","modified_gmt":"2009-10-21T03:28:24","slug":"alanya-cikcilli-2","status":"publish","type":"post","link":"https:\/\/www.alanyaproperties.com\/fr\/uncategorized\/alanya-cikcilli-2\/","title":{"rendered":"Alanya Cikcilli information"},"content":{"rendered":"<div> \t<\/p>\n<table align=\"center\" border=\"0\" cellpadding=\"1\" cellspacing=\"1\">\n<tbody>\n<tr>\n<td style=\"text-align: center; \"> \t\t\t\t\t<img loading=\"lazy\" decoding=\"async\" alt=\"\" height=\"250\" src=\"https:\/\/i0.wp.com\/alanyaproperties.com\/images\/turkey\/700-10234730012012.jpg?resize=360%2C250\" width=\"360\" data-recalc-dims=\"1\" \/><\/td>\n<td> \t\t\t\t\t&nbsp;<\/td>\n<td style=\"text-align: center; \"> \t\t\t\t\t<img loading=\"lazy\" decoding=\"async\" alt=\"\" height=\"250\" src=\"https:\/\/i0.wp.com\/alanyaproperties.com\/images\/turkey\/700-12090325012012.jpg?resize=360%2C250\" width=\"360\" data-recalc-dims=\"1\" \/><\/td>\n<\/tr>\n<\/tbody>\n<\/table><\/div>\n<div> \t&nbsp;<\/div>\n<div> \t<strong>Alanya Cikcilli&nbsp;<\/strong><\/div>\n<div> \tCikcilli est situ\u00e9 \u00e0 3 km du centre d&rsquo;Alanya. Cikcilli a une population de 14291 (2013).&nbsp;<\/div>\n<div> \tCette r\u00e9gion est id\u00e9ale pour ceux qui veulent vivre \u00e0 proximit\u00e9 du centre d&rsquo;Alanya, mais pr\u00e9f\u00e8rent environnement plus calme, m\u00e9lang\u00e9 avec le style de vie local.&nbsp;<\/div>\n<div> \tCikcilli est la zone tr\u00e8s c\u00e9l\u00e8bre pour les \u00e9trangers, en particulier scandinaves et beaucoup d&rsquo;entre eux ont trouv\u00e9 leurs appartements de vacances \u00e0 partir de cette zone.&nbsp;<\/div>\n<div> \tDe nombreux march\u00e9s, restaurants, petits magasins et les grands march\u00e9s comme la Kippa et de m\u00e9tro sont situ\u00e9s dans ce domaine.&nbsp;<\/div>\n<div> \tShoppingcenter Alanyum est \u00e9galement situ\u00e9 dans Cikcilli. Chaque samedi, vous trouverez un march\u00e9 local (bazar) \u00e0 c\u00f4t\u00e9 de Kipa-hypermarch\u00e9 dans Cikcilli.&nbsp;<\/div>\n<div> \t&nbsp;<\/div>\n<div> \t<a href=\"http:\/\/alanyaproperties.com\/fr\/component\/estateagent\/result.html?src_cat=2&amp;type=0&amp;searchstring=cikcilli&amp;minvalue=&amp;maxvalue=&amp;src_country=TR&amp;src_state=&amp;src_district=Alanya&amp;src_town=no&amp;space=0&amp;yobuilt=0&amp;rooms=0&amp;bedrooms=0\" name=\"appartement cikcilli\" target=\"_blank\" title=\"APPARTEMENT VENDRE LOUER CIKCILLI\">Appartements \u00e0 vendre et \u00e0 louer \u00e0 Cikcilli.<\/a><\/div>\n<div> \t&nbsp;<\/div>\n<div>\n<table align=\"center\" border=\"0\" cellpadding=\"1\" cellspacing=\"1\" style=\"width: 100%; \">\n<tbody>\n<tr>\n<td style=\"text-align: center; \"> \t\t\t\t\t<img loading=\"lazy\" decoding=\"async\" alt=\"Turkey\" height=\"250\" src=\"https:\/\/i0.wp.com\/alanyaproperties.com\/images\/turkey\/700-12090925012012.jpg?resize=360%2C250\" title=\"Alanya\" width=\"360\" data-recalc-dims=\"1\" \/><\/td>\n<td> \t\t\t\t\t&nbsp;<\/td>\n<td style=\"text-align: center; \"> \t\t\t\t\t<img decoding=\"async\" alt=\"Turkey\" src=\"https:\/\/i0.wp.com\/alanyaproperties.com\/images\/turkey\/700-10235230012012.jpg?w=1170\" title=\"Alanya\" data-recalc-dims=\"1\" \/><\/td>\n<\/tr>\n<\/tbody>\n<\/table>\n<p> \t\t&nbsp;<\/p>\n<\/p><\/div>\n","protected":false},"excerpt":{"rendered":"<p>&nbsp; &nbsp; Alanya Cikcilli&nbsp; Cikcilli est situ\u00e9 \u00e0 3 km du centre d&rsquo;Alanya. Cikcilli a une population de 14291 (2013).&nbsp; Cette r\u00e9gion est id\u00e9ale pour ceux qui veulent vivre \u00e0 proximit\u00e9 du centre d&rsquo;Alanya, mais pr\u00e9f\u00e8rent environnement plus calme, m\u00e9lang\u00e9 avec le style de vie local.&nbsp; Cikcilli est la zone tr\u00e8s c\u00e9l\u00e8bre pour les \u00e9trangers, [&hellip;]<\/p>\n","protected":false},"author":42,"featured_media":0,"comment_status":"closed","ping_status":"closed","sticky":false,"template":"","format":"standard","meta":{"footnotes":""},"categories":[1],"tags":[2581,2583,2579,2580,2576,2578,2582,2577,2575],"yoast_head":"<!-- This site is optimized with the Yoast SEO plugin v22.6 - https:\/\/yoast.com\/wordpress\/plugins\/seo\/ -->\n<title>Alanya Cikcilli information - Properties in Alanya.<\/title>\n<meta name=\"description\" content=\"Alanya Cikcilli information - Properties in Alanya.\" \/>\n<meta name=\"robots\" content=\"index, follow, max-snippet:-1, max-image-preview:large, max-video-preview:-1\" \/>\n<link rel=\"canonical\" href=\"https:\/\/www.alanyaproperties.com\/fr\/uncategorized\/alanya-cikcilli-2\/\" \/>\n<meta property=\"og:locale\" content=\"fr_FR\" \/>\n<meta property=\"og:type\" content=\"article\" \/>\n<meta property=\"og:title\" content=\"Alanya Cikcilli information - Properties in Alanya.\" \/>\n<meta property=\"og:description\" content=\"Alanya Cikcilli information - Properties in Alanya.\" \/>\n<meta property=\"og:url\" content=\"https:\/\/www.alanyaproperties.com\/fr\/uncategorized\/alanya-cikcilli-2\/\" \/>\n<meta property=\"og:site_name\" content=\"Properties in Alanya.\" \/>\n<meta property=\"article:publisher\" content=\"https:\/\/www.facebook.com\/alanyaproperties\/\" \/>\n<meta property=\"article:published_time\" content=\"2009-10-21T03:28:24+00:00\" \/>\n<meta property=\"og:image\" content=\"http:\/\/alanyaproperties.com\/images\/turkey\/700-10234730012012.jpg\" \/>\n<meta name=\"author\" content=\"Yusuf Ekinci\" \/>\n<meta name=\"twitter:card\" content=\"summary_large_image\" \/>\n<meta name=\"twitter:creator\" content=\"@alanyapro\" \/>\n<meta name=\"twitter:site\" content=\"@alanyapro\" \/>\n<meta name=\"twitter:label1\" content=\"\u00c9crit par\" \/>\n\t<meta name=\"twitter:data1\" content=\"Yusuf Ekinci\" \/>\n\t<meta name=\"twitter:label2\" content=\"Dur\u00e9e de lecture estim\u00e9e\" \/>\n\t<meta name=\"twitter:data2\" content=\"1 minute\" \/>\n<script type=\"application\/ld+json\" class=\"yoast-schema-graph\">{\"@context\":\"https:\/\/schema.org\",\"@graph\":[{\"@type\":\"Article\",\"@id\":\"https:\/\/www.alanyaproperties.com\/fr\/uncategorized\/alanya-cikcilli-2\/#article\",\"isPartOf\":{\"@id\":\"https:\/\/www.alanyaproperties.com\/fr\/uncategorized\/alanya-cikcilli-2\/\"},\"author\":{\"name\":\"Yusuf Ekinci\",\"@id\":\"https:\/\/www.alanyaproperties.com\/fr\/#\/schema\/person\/8a92cc9600cbc25fcc67c304ba14680c\"},\"headline\":\"Alanya Cikcilli information\",\"datePublished\":\"2009-10-21T03:28:24+00:00\",\"dateModified\":\"2009-10-21T03:28:24+00:00\",\"mainEntityOfPage\":{\"@id\":\"https:\/\/www.alanyaproperties.com\/fr\/uncategorized\/alanya-cikcilli-2\/\"},\"wordCount\":139,\"publisher\":{\"@id\":\"https:\/\/www.alanyaproperties.com\/fr\/#organization\"},\"image\":{\"@id\":\"https:\/\/www.alanyaproperties.com\/fr\/uncategorized\/alanya-cikcilli-2\/#primaryimage\"},\"thumbnailUrl\":\"http:\/\/alanyaproperties.com\/images\/turkey\/700-10234730012012.jpg\",\"keywords\":[\"Alanyum shoppingcenter\",\"appartement de Cikcilli\",\"bazar Cikcilli\",\"Kippa\",\"les \u00e9trangers vivant dans Cikcilli\",\"march\u00e9 local\",\"Metro-march\u00e9\",\"o\u00f9 est Cikcilli\",\"r\u00e9gion c\u00e9l\u00e8bre parmi les gens Skandinavian\"],\"articleSection\":[\"Uncategorized\"],\"inLanguage\":\"fr-FR\"},{\"@type\":\"WebPage\",\"@id\":\"https:\/\/www.alanyaproperties.com\/fr\/uncategorized\/alanya-cikcilli-2\/\",\"url\":\"https:\/\/www.alanyaproperties.com\/fr\/uncategorized\/alanya-cikcilli-2\/\",\"name\":\"Alanya Cikcilli information - Properties in Alanya.\",\"isPartOf\":{\"@id\":\"https:\/\/www.alanyaproperties.com\/fr\/#website\"},\"primaryImageOfPage\":{\"@id\":\"https:\/\/www.alanyaproperties.com\/fr\/uncategorized\/alanya-cikcilli-2\/#primaryimage\"},\"image\":{\"@id\":\"https:\/\/www.alanyaproperties.com\/fr\/uncategorized\/alanya-cikcilli-2\/#primaryimage\"},\"thumbnailUrl\":\"http:\/\/alanyaproperties.com\/images\/turkey\/700-10234730012012.jpg\",\"datePublished\":\"2009-10-21T03:28:24+00:00\",\"dateModified\":\"2009-10-21T03:28:24+00:00\",\"description\":\"Alanya Cikcilli information - Properties in Alanya.\",\"breadcrumb\":{\"@id\":\"https:\/\/www.alanyaproperties.com\/fr\/uncategorized\/alanya-cikcilli-2\/#breadcrumb\"},\"inLanguage\":\"fr-FR\",\"potentialAction\":[{\"@type\":\"ReadAction\",\"target\":[\"https:\/\/www.alanyaproperties.com\/fr\/uncategorized\/alanya-cikcilli-2\/\"]}]},{\"@type\":\"ImageObject\",\"inLanguage\":\"fr-FR\",\"@id\":\"https:\/\/www.alanyaproperties.com\/fr\/uncategorized\/alanya-cikcilli-2\/#primaryimage\",\"url\":\"http:\/\/alanyaproperties.com\/images\/turkey\/700-10234730012012.jpg\",\"contentUrl\":\"http:\/\/alanyaproperties.com\/images\/turkey\/700-10234730012012.jpg\"},{\"@type\":\"BreadcrumbList\",\"@id\":\"https:\/\/www.alanyaproperties.com\/fr\/uncategorized\/alanya-cikcilli-2\/#breadcrumb\",\"itemListElement\":[{\"@type\":\"ListItem\",\"position\":1,\"name\":\"Home\",\"item\":\"https:\/\/www.alanyaproperties.com\/fr\/\"},{\"@type\":\"ListItem\",\"position\":2,\"name\":\"Alanya Cikcilli information\"}]},{\"@type\":\"WebSite\",\"@id\":\"https:\/\/www.alanyaproperties.com\/fr\/#website\",\"url\":\"https:\/\/www.alanyaproperties.com\/fr\/\",\"name\":\"Properties in Alanya.\",\"description\":\"Immobilier en Turquie | Acheter un immobilier en Turquie\",\"publisher\":{\"@id\":\"https:\/\/www.alanyaproperties.com\/fr\/#organization\"},\"potentialAction\":[{\"@type\":\"SearchAction\",\"target\":{\"@type\":\"EntryPoint\",\"urlTemplate\":\"https:\/\/www.alanyaproperties.com\/fr\/?s={search_term_string}\"},\"query-input\":\"required name=search_term_string\"}],\"inLanguage\":\"fr-FR\"},{\"@type\":\"Organization\",\"@id\":\"https:\/\/www.alanyaproperties.com\/fr\/#organization\",\"name\":\"Alanya Properties\",\"url\":\"https:\/\/www.alanyaproperties.com\/fr\/\",\"logo\":{\"@type\":\"ImageObject\",\"inLanguage\":\"fr-FR\",\"@id\":\"https:\/\/www.alanyaproperties.com\/fr\/#\/schema\/logo\/image\/\",\"url\":\"https:\/\/i0.wp.com\/www.alanyaproperties.com\/wp-content\/uploads\/2017\/06\/alanya-properties-logo-180to.png?fit=180%2C81&ssl=1\",\"contentUrl\":\"https:\/\/i0.wp.com\/www.alanyaproperties.com\/wp-content\/uploads\/2017\/06\/alanya-properties-logo-180to.png?fit=180%2C81&ssl=1\",\"width\":180,\"height\":81,\"caption\":\"Alanya Properties\"},\"image\":{\"@id\":\"https:\/\/www.alanyaproperties.com\/fr\/#\/schema\/logo\/image\/\"},\"sameAs\":[\"https:\/\/www.facebook.com\/alanyaproperties\/\",\"https:\/\/x.com\/alanyapro\",\"https:\/\/www.instagram.com\/alanyaproperties\/\",\"https:\/\/www.youtube.com\/c\/AlanyaProperties\"]},{\"@type\":\"Person\",\"@id\":\"https:\/\/www.alanyaproperties.com\/fr\/#\/schema\/person\/8a92cc9600cbc25fcc67c304ba14680c\",\"name\":\"Yusuf Ekinci\",\"image\":{\"@type\":\"ImageObject\",\"inLanguage\":\"fr-FR\",\"@id\":\"https:\/\/www.alanyaproperties.com\/fr\/#\/schema\/person\/image\/\",\"url\":\"https:\/\/secure.gravatar.com\/avatar\/aed1d8afe914e0136d015d60f22bd285?s=96&d=mm&r=g\",\"contentUrl\":\"https:\/\/secure.gravatar.com\/avatar\/aed1d8afe914e0136d015d60f22bd285?s=96&d=mm&r=g\",\"caption\":\"Yusuf Ekinci\"},\"sameAs\":[\"http:\/\/alanya-web.com\"],\"url\":\"https:\/\/www.alanyaproperties.com\/fr\/author\/admin\/\"}]}<\/script>\n<!-- \/ Yoast SEO plugin. -->","yoast_head_json":{"title":"Alanya Cikcilli information - Properties in Alanya.","description":"Alanya Cikcilli information - Properties in Alanya.","robots":{"index":"index","follow":"follow","max-snippet":"max-snippet:-1","max-image-preview":"max-image-preview:large","max-video-preview":"max-video-preview:-1"},"canonical":"https:\/\/www.alanyaproperties.com\/fr\/uncategorized\/alanya-cikcilli-2\/","og_locale":"fr_FR","og_type":"article","og_title":"Alanya Cikcilli information - Properties in Alanya.","og_description":"Alanya Cikcilli information - Properties in Alanya.","og_url":"https:\/\/www.alanyaproperties.com\/fr\/uncategorized\/alanya-cikcilli-2\/","og_site_name":"Properties in Alanya.","article_publisher":"https:\/\/www.facebook.com\/alanyaproperties\/","article_published_time":"2009-10-21T03:28:24+00:00","og_image":[{"url":"http:\/\/alanyaproperties.com\/images\/turkey\/700-10234730012012.jpg"}],"author":"Yusuf Ekinci","twitter_card":"summary_large_image","twitter_creator":"@alanyapro","twitter_site":"@alanyapro","twitter_misc":{"\u00c9crit par":"Yusuf Ekinci","Dur\u00e9e de lecture estim\u00e9e":"1 minute"},"schema":{"@context":"https:\/\/schema.org","@graph":[{"@type":"Article","@id":"https:\/\/www.alanyaproperties.com\/fr\/uncategorized\/alanya-cikcilli-2\/#article","isPartOf":{"@id":"https:\/\/www.alanyaproperties.com\/fr\/uncategorized\/alanya-cikcilli-2\/"},"author":{"name":"Yusuf Ekinci","@id":"https:\/\/www.alanyaproperties.com\/fr\/#\/schema\/person\/8a92cc9600cbc25fcc67c304ba14680c"},"headline":"Alanya Cikcilli information","datePublished":"2009-10-21T03:28:24+00:00","dateModified":"2009-10-21T03:28:24+00:00","mainEntityOfPage":{"@id":"https:\/\/www.alanyaproperties.com\/fr\/uncategorized\/alanya-cikcilli-2\/"},"wordCount":139,"publisher":{"@id":"https:\/\/www.alanyaproperties.com\/fr\/#organization"},"image":{"@id":"https:\/\/www.alanyaproperties.com\/fr\/uncategorized\/alanya-cikcilli-2\/#primaryimage"},"thumbnailUrl":"http:\/\/alanyaproperties.com\/images\/turkey\/700-10234730012012.jpg","keywords":["Alanyum shoppingcenter","appartement de Cikcilli","bazar Cikcilli","Kippa","les \u00e9trangers vivant dans Cikcilli","march\u00e9 local","Metro-march\u00e9","o\u00f9 est Cikcilli","r\u00e9gion c\u00e9l\u00e8bre parmi les gens Skandinavian"],"articleSection":["Uncategorized"],"inLanguage":"fr-FR"},{"@type":"WebPage","@id":"https:\/\/www.alanyaproperties.com\/fr\/uncategorized\/alanya-cikcilli-2\/","url":"https:\/\/www.alanyaproperties.com\/fr\/uncategorized\/alanya-cikcilli-2\/","name":"Alanya Cikcilli information - Properties in Alanya.","isPartOf":{"@id":"https:\/\/www.alanyaproperties.com\/fr\/#website"},"primaryImageOfPage":{"@id":"https:\/\/www.alanyaproperties.com\/fr\/uncategorized\/alanya-cikcilli-2\/#primaryimage"},"image":{"@id":"https:\/\/www.alanyaproperties.com\/fr\/uncategorized\/alanya-cikcilli-2\/#primaryimage"},"thumbnailUrl":"http:\/\/alanyaproperties.com\/images\/turkey\/700-10234730012012.jpg","datePublished":"2009-10-21T03:28:24+00:00","dateModified":"2009-10-21T03:28:24+00:00","description":"Alanya Cikcilli information - Properties in Alanya.","breadcrumb":{"@id":"https:\/\/www.alanyaproperties.com\/fr\/uncategorized\/alanya-cikcilli-2\/#breadcrumb"},"inLanguage":"fr-FR","potentialAction":[{"@type":"ReadAction","target":["https:\/\/www.alanyaproperties.com\/fr\/uncategorized\/alanya-cikcilli-2\/"]}]},{"@type":"ImageObject","inLanguage":"fr-FR","@id":"https:\/\/www.alanyaproperties.com\/fr\/uncategorized\/alanya-cikcilli-2\/#primaryimage","url":"http:\/\/alanyaproperties.com\/images\/turkey\/700-10234730012012.jpg","contentUrl":"http:\/\/alanyaproperties.com\/images\/turkey\/700-10234730012012.jpg"},{"@type":"BreadcrumbList","@id":"https:\/\/www.alanyaproperties.com\/fr\/uncategorized\/alanya-cikcilli-2\/#breadcrumb","itemListElement":[{"@type":"ListItem","position":1,"name":"Home","item":"https:\/\/www.alanyaproperties.com\/fr\/"},{"@type":"ListItem","position":2,"name":"Alanya Cikcilli information"}]},{"@type":"WebSite","@id":"https:\/\/www.alanyaproperties.com\/fr\/#website","url":"https:\/\/www.alanyaproperties.com\/fr\/","name":"Properties in Alanya.","description":"Immobilier en Turquie | Acheter un immobilier en Turquie","publisher":{"@id":"https:\/\/www.alanyaproperties.com\/fr\/#organization"},"potentialAction":[{"@type":"SearchAction","target":{"@type":"EntryPoint","urlTemplate":"https:\/\/www.alanyaproperties.com\/fr\/?s={search_term_string}"},"query-input":"required name=search_term_string"}],"inLanguage":"fr-FR"},{"@type":"Organization","@id":"https:\/\/www.alanyaproperties.com\/fr\/#organization","name":"Alanya Properties","url":"https:\/\/www.alanyaproperties.com\/fr\/","logo":{"@type":"ImageObject","inLanguage":"fr-FR","@id":"https:\/\/www.alanyaproperties.com\/fr\/#\/schema\/logo\/image\/","url":"https:\/\/i0.wp.com\/www.alanyaproperties.com\/wp-content\/uploads\/2017\/06\/alanya-properties-logo-180to.png?fit=180%2C81&ssl=1","contentUrl":"https:\/\/i0.wp.com\/www.alanyaproperties.com\/wp-content\/uploads\/2017\/06\/alanya-properties-logo-180to.png?fit=180%2C81&ssl=1","width":180,"height":81,"caption":"Alanya Properties"},"image":{"@id":"https:\/\/www.alanyaproperties.com\/fr\/#\/schema\/logo\/image\/"},"sameAs":["https:\/\/www.facebook.com\/alanyaproperties\/","https:\/\/x.com\/alanyapro","https:\/\/www.instagram.com\/alanyaproperties\/","https:\/\/www.youtube.com\/c\/AlanyaProperties"]},{"@type":"Person","@id":"https:\/\/www.alanyaproperties.com\/fr\/#\/schema\/person\/8a92cc9600cbc25fcc67c304ba14680c","name":"Yusuf Ekinci","image":{"@type":"ImageObject","inLanguage":"fr-FR","@id":"https:\/\/www.alanyaproperties.com\/fr\/#\/schema\/person\/image\/","url":"https:\/\/secure.gravatar.com\/avatar\/aed1d8afe914e0136d015d60f22bd285?s=96&d=mm&r=g","contentUrl":"https:\/\/secure.gravatar.com\/avatar\/aed1d8afe914e0136d015d60f22bd285?s=96&d=mm&r=g","caption":"Yusuf Ekinci"},"sameAs":["http:\/\/alanya-web.com"],"url":"https:\/\/www.alanyaproperties.com\/fr\/author\/admin\/"}]}},"jetpack_sharing_enabled":true,"jetpack_featured_media_url":"","_links":{"self":[{"href":"https:\/\/www.alanyaproperties.com\/fr\/wp-json\/wp\/v2\/posts\/3686"}],"collection":[{"href":"https:\/\/www.alanyaproperties.com\/fr\/wp-json\/wp\/v2\/posts"}],"about":[{"href":"https:\/\/www.alanyaproperties.com\/fr\/wp-json\/wp\/v2\/types\/post"}],"author":[{"embeddable":true,"href":"https:\/\/www.alanyaproperties.com\/fr\/wp-json\/wp\/v2\/users\/42"}],"replies":[{"embeddable":true,"href":"https:\/\/www.alanyaproperties.com\/fr\/wp-json\/wp\/v2\/comments?post=3686"}],"version-history":[{"count":0,"href":"https:\/\/www.alanyaproperties.com\/fr\/wp-json\/wp\/v2\/posts\/3686\/revisions"}],"wp:attachment":[{"href":"https:\/\/www.alanyaproperties.com\/fr\/wp-json\/wp\/v2\/media?parent=3686"}],"wp:term":[{"taxonomy":"category","embeddable":true,"href":"https:\/\/www.alanyaproperties.com\/fr\/wp-json\/wp\/v2\/categories?post=3686"},{"taxonomy":"post_tag","embeddable":true,"href":"https:\/\/www.alanyaproperties.com\/fr\/wp-json\/wp\/v2\/tags?post=3686"}],"curies":[{"name":"wp","href":"https:\/\/api.w.org\/{rel}","templated":true}]}}