{"id":3585,"date":"2012-03-01T09:42:25","date_gmt":"2012-03-01T09:42:25","guid":{"rendered":"http:\/\/www.alanyaproperties.com\/foires-en-belgique\/"},"modified":"2012-03-01T09:42:25","modified_gmt":"2012-03-01T09:42:25","slug":"foires-en-belgique","status":"publish","type":"post","link":"https:\/\/www.alanyaproperties.com\/fr\/uncategorized\/foires-en-belgique\/","title":{"rendered":"Foires en Belgique"},"content":{"rendered":"<p>Foires en Belgique<\/p>\n<p>\u00ab\u00a0SECOND PLACE\u00a0\u00bb Expo \u00e0 Gand.<\/p>\n<p>16-18 mars 2012 &#8211; Flanders Expo Gand &#8211; stand 328<\/p>\n<p><span class=\"hps\">Alanya<\/span> <span class=\"hps\">Propri\u00e9t\u00e9s<\/span> <span class=\"hps\">et Turk<\/span> <span class=\"hps\">Immo<\/span> <span class=\"hps\">vous remercie pour votre<\/span> <span class=\"hps\">visite !<\/span><\/p>\n","protected":false},"excerpt":{"rendered":"<p>Foires en Belgique \u00ab\u00a0SECOND PLACE\u00a0\u00bb Expo \u00e0 Gand. 16-18 mars 2012 &#8211; Flanders Expo Gand &#8211; stand 328 Alanya Propri\u00e9t\u00e9s et Turk Immo vous remercie pour votre visite !<\/p>\n","protected":false},"author":29,"featured_media":0,"comment_status":"open","ping_status":"closed","sticky":false,"template":"","format":"standard","meta":{"footnotes":""},"categories":[1],"tags":[],"yoast_head":"<!-- This site is optimized with the Yoast SEO plugin v22.6 - https:\/\/yoast.com\/wordpress\/plugins\/seo\/ -->\n<title>Foires en Belgique - Properties in Alanya.<\/title>\n<meta name=\"description\" content=\"Foires en Belgique - Properties in Alanya.\" \/>\n<meta name=\"robots\" content=\"index, follow, max-snippet:-1, max-image-preview:large, max-video-preview:-1\" \/>\n<link rel=\"canonical\" href=\"https:\/\/www.alanyaproperties.com\/fr\/uncategorized\/foires-en-belgique\/\" \/>\n<meta property=\"og:locale\" content=\"fr_FR\" \/>\n<meta property=\"og:type\" content=\"article\" \/>\n<meta property=\"og:title\" content=\"Foires en Belgique - Properties in Alanya.\" \/>\n<meta property=\"og:description\" content=\"Foires en Belgique - Properties in Alanya.\" \/>\n<meta property=\"og:url\" content=\"https:\/\/www.alanyaproperties.com\/fr\/uncategorized\/foires-en-belgique\/\" \/>\n<meta property=\"og:site_name\" content=\"Properties in Alanya.\" \/>\n<meta property=\"article:publisher\" content=\"https:\/\/www.facebook.com\/alanyaproperties\/\" \/>\n<meta property=\"article:published_time\" content=\"2012-03-01T09:42:25+00:00\" \/>\n<meta name=\"author\" content=\"Halil G\u00fclseren\" \/>\n<meta name=\"twitter:card\" content=\"summary_large_image\" \/>\n<meta name=\"twitter:creator\" content=\"@alanyapro\" \/>\n<meta name=\"twitter:site\" content=\"@alanyapro\" \/>\n<meta name=\"twitter:label1\" content=\"\u00c9crit par\" \/>\n\t<meta name=\"twitter:data1\" content=\"Halil G\u00fclseren\" \/>\n<script type=\"application\/ld+json\" class=\"yoast-schema-graph\">{\"@context\":\"https:\/\/schema.org\",\"@graph\":[{\"@type\":\"Article\",\"@id\":\"https:\/\/www.alanyaproperties.com\/fr\/uncategorized\/foires-en-belgique\/#article\",\"isPartOf\":{\"@id\":\"https:\/\/www.alanyaproperties.com\/fr\/uncategorized\/foires-en-belgique\/\"},\"author\":{\"name\":\"Halil G\u00fclseren\",\"@id\":\"https:\/\/www.alanyaproperties.com\/fr\/#\/schema\/person\/e09521d4219318420570978191fd5f94\"},\"headline\":\"Foires en Belgique\",\"datePublished\":\"2012-03-01T09:42:25+00:00\",\"dateModified\":\"2012-03-01T09:42:25+00:00\",\"mainEntityOfPage\":{\"@id\":\"https:\/\/www.alanyaproperties.com\/fr\/uncategorized\/foires-en-belgique\/\"},\"wordCount\":30,\"commentCount\":0,\"publisher\":{\"@id\":\"https:\/\/www.alanyaproperties.com\/fr\/#organization\"},\"articleSection\":[\"Uncategorized\"],\"inLanguage\":\"fr-FR\"},{\"@type\":\"WebPage\",\"@id\":\"https:\/\/www.alanyaproperties.com\/fr\/uncategorized\/foires-en-belgique\/\",\"url\":\"https:\/\/www.alanyaproperties.com\/fr\/uncategorized\/foires-en-belgique\/\",\"name\":\"Foires en Belgique - Properties in Alanya.\",\"isPartOf\":{\"@id\":\"https:\/\/www.alanyaproperties.com\/fr\/#website\"},\"datePublished\":\"2012-03-01T09:42:25+00:00\",\"dateModified\":\"2012-03-01T09:42:25+00:00\",\"description\":\"Foires en Belgique - Properties in Alanya.\",\"breadcrumb\":{\"@id\":\"https:\/\/www.alanyaproperties.com\/fr\/uncategorized\/foires-en-belgique\/#breadcrumb\"},\"inLanguage\":\"fr-FR\",\"potentialAction\":[{\"@type\":\"ReadAction\",\"target\":[\"https:\/\/www.alanyaproperties.com\/fr\/uncategorized\/foires-en-belgique\/\"]}]},{\"@type\":\"BreadcrumbList\",\"@id\":\"https:\/\/www.alanyaproperties.com\/fr\/uncategorized\/foires-en-belgique\/#breadcrumb\",\"itemListElement\":[{\"@type\":\"ListItem\",\"position\":1,\"name\":\"Home\",\"item\":\"https:\/\/www.alanyaproperties.com\/fr\/\"},{\"@type\":\"ListItem\",\"position\":2,\"name\":\"Foires en Belgique\"}]},{\"@type\":\"WebSite\",\"@id\":\"https:\/\/www.alanyaproperties.com\/fr\/#website\",\"url\":\"https:\/\/www.alanyaproperties.com\/fr\/\",\"name\":\"Properties in Alanya.\",\"description\":\"Immobilier en Turquie | Acheter un immobilier en Turquie\",\"publisher\":{\"@id\":\"https:\/\/www.alanyaproperties.com\/fr\/#organization\"},\"potentialAction\":[{\"@type\":\"SearchAction\",\"target\":{\"@type\":\"EntryPoint\",\"urlTemplate\":\"https:\/\/www.alanyaproperties.com\/fr\/?s={search_term_string}\"},\"query-input\":\"required name=search_term_string\"}],\"inLanguage\":\"fr-FR\"},{\"@type\":\"Organization\",\"@id\":\"https:\/\/www.alanyaproperties.com\/fr\/#organization\",\"name\":\"Alanya Properties\",\"url\":\"https:\/\/www.alanyaproperties.com\/fr\/\",\"logo\":{\"@type\":\"ImageObject\",\"inLanguage\":\"fr-FR\",\"@id\":\"https:\/\/www.alanyaproperties.com\/fr\/#\/schema\/logo\/image\/\",\"url\":\"https:\/\/i0.wp.com\/www.alanyaproperties.com\/wp-content\/uploads\/2017\/06\/alanya-properties-logo-180to.png?fit=180%2C81&ssl=1\",\"contentUrl\":\"https:\/\/i0.wp.com\/www.alanyaproperties.com\/wp-content\/uploads\/2017\/06\/alanya-properties-logo-180to.png?fit=180%2C81&ssl=1\",\"width\":180,\"height\":81,\"caption\":\"Alanya Properties\"},\"image\":{\"@id\":\"https:\/\/www.alanyaproperties.com\/fr\/#\/schema\/logo\/image\/\"},\"sameAs\":[\"https:\/\/www.facebook.com\/alanyaproperties\/\",\"https:\/\/x.com\/alanyapro\",\"https:\/\/www.instagram.com\/alanyaproperties\/\",\"https:\/\/www.youtube.com\/c\/AlanyaProperties\"]},{\"@type\":\"Person\",\"@id\":\"https:\/\/www.alanyaproperties.com\/fr\/#\/schema\/person\/e09521d4219318420570978191fd5f94\",\"name\":\"Halil G\u00fclseren\",\"image\":{\"@type\":\"ImageObject\",\"inLanguage\":\"fr-FR\",\"@id\":\"https:\/\/www.alanyaproperties.com\/fr\/#\/schema\/person\/image\/\",\"url\":\"https:\/\/secure.gravatar.com\/avatar\/c3b4ccf5aaba4ba398768f6bb41f9276?s=96&d=mm&r=g\",\"contentUrl\":\"https:\/\/secure.gravatar.com\/avatar\/c3b4ccf5aaba4ba398768f6bb41f9276?s=96&d=mm&r=g\",\"caption\":\"Halil G\u00fclseren\"},\"url\":\"https:\/\/www.alanyaproperties.com\/fr\/author\/halil\/\"}]}<\/script>\n<!-- \/ Yoast SEO plugin. -->","yoast_head_json":{"title":"Foires en Belgique - Properties in Alanya.","description":"Foires en Belgique - Properties in Alanya.","robots":{"index":"index","follow":"follow","max-snippet":"max-snippet:-1","max-image-preview":"max-image-preview:large","max-video-preview":"max-video-preview:-1"},"canonical":"https:\/\/www.alanyaproperties.com\/fr\/uncategorized\/foires-en-belgique\/","og_locale":"fr_FR","og_type":"article","og_title":"Foires en Belgique - Properties in Alanya.","og_description":"Foires en Belgique - Properties in Alanya.","og_url":"https:\/\/www.alanyaproperties.com\/fr\/uncategorized\/foires-en-belgique\/","og_site_name":"Properties in Alanya.","article_publisher":"https:\/\/www.facebook.com\/alanyaproperties\/","article_published_time":"2012-03-01T09:42:25+00:00","author":"Halil G\u00fclseren","twitter_card":"summary_large_image","twitter_creator":"@alanyapro","twitter_site":"@alanyapro","twitter_misc":{"\u00c9crit par":"Halil G\u00fclseren"},"schema":{"@context":"https:\/\/schema.org","@graph":[{"@type":"Article","@id":"https:\/\/www.alanyaproperties.com\/fr\/uncategorized\/foires-en-belgique\/#article","isPartOf":{"@id":"https:\/\/www.alanyaproperties.com\/fr\/uncategorized\/foires-en-belgique\/"},"author":{"name":"Halil G\u00fclseren","@id":"https:\/\/www.alanyaproperties.com\/fr\/#\/schema\/person\/e09521d4219318420570978191fd5f94"},"headline":"Foires en Belgique","datePublished":"2012-03-01T09:42:25+00:00","dateModified":"2012-03-01T09:42:25+00:00","mainEntityOfPage":{"@id":"https:\/\/www.alanyaproperties.com\/fr\/uncategorized\/foires-en-belgique\/"},"wordCount":30,"commentCount":0,"publisher":{"@id":"https:\/\/www.alanyaproperties.com\/fr\/#organization"},"articleSection":["Uncategorized"],"inLanguage":"fr-FR"},{"@type":"WebPage","@id":"https:\/\/www.alanyaproperties.com\/fr\/uncategorized\/foires-en-belgique\/","url":"https:\/\/www.alanyaproperties.com\/fr\/uncategorized\/foires-en-belgique\/","name":"Foires en Belgique - Properties in Alanya.","isPartOf":{"@id":"https:\/\/www.alanyaproperties.com\/fr\/#website"},"datePublished":"2012-03-01T09:42:25+00:00","dateModified":"2012-03-01T09:42:25+00:00","description":"Foires en Belgique - Properties in Alanya.","breadcrumb":{"@id":"https:\/\/www.alanyaproperties.com\/fr\/uncategorized\/foires-en-belgique\/#breadcrumb"},"inLanguage":"fr-FR","potentialAction":[{"@type":"ReadAction","target":["https:\/\/www.alanyaproperties.com\/fr\/uncategorized\/foires-en-belgique\/"]}]},{"@type":"BreadcrumbList","@id":"https:\/\/www.alanyaproperties.com\/fr\/uncategorized\/foires-en-belgique\/#breadcrumb","itemListElement":[{"@type":"ListItem","position":1,"name":"Home","item":"https:\/\/www.alanyaproperties.com\/fr\/"},{"@type":"ListItem","position":2,"name":"Foires en Belgique"}]},{"@type":"WebSite","@id":"https:\/\/www.alanyaproperties.com\/fr\/#website","url":"https:\/\/www.alanyaproperties.com\/fr\/","name":"Properties in Alanya.","description":"Immobilier en Turquie | Acheter un immobilier en Turquie","publisher":{"@id":"https:\/\/www.alanyaproperties.com\/fr\/#organization"},"potentialAction":[{"@type":"SearchAction","target":{"@type":"EntryPoint","urlTemplate":"https:\/\/www.alanyaproperties.com\/fr\/?s={search_term_string}"},"query-input":"required name=search_term_string"}],"inLanguage":"fr-FR"},{"@type":"Organization","@id":"https:\/\/www.alanyaproperties.com\/fr\/#organization","name":"Alanya Properties","url":"https:\/\/www.alanyaproperties.com\/fr\/","logo":{"@type":"ImageObject","inLanguage":"fr-FR","@id":"https:\/\/www.alanyaproperties.com\/fr\/#\/schema\/logo\/image\/","url":"https:\/\/i0.wp.com\/www.alanyaproperties.com\/wp-content\/uploads\/2017\/06\/alanya-properties-logo-180to.png?fit=180%2C81&ssl=1","contentUrl":"https:\/\/i0.wp.com\/www.alanyaproperties.com\/wp-content\/uploads\/2017\/06\/alanya-properties-logo-180to.png?fit=180%2C81&ssl=1","width":180,"height":81,"caption":"Alanya Properties"},"image":{"@id":"https:\/\/www.alanyaproperties.com\/fr\/#\/schema\/logo\/image\/"},"sameAs":["https:\/\/www.facebook.com\/alanyaproperties\/","https:\/\/x.com\/alanyapro","https:\/\/www.instagram.com\/alanyaproperties\/","https:\/\/www.youtube.com\/c\/AlanyaProperties"]},{"@type":"Person","@id":"https:\/\/www.alanyaproperties.com\/fr\/#\/schema\/person\/e09521d4219318420570978191fd5f94","name":"Halil G\u00fclseren","image":{"@type":"ImageObject","inLanguage":"fr-FR","@id":"https:\/\/www.alanyaproperties.com\/fr\/#\/schema\/person\/image\/","url":"https:\/\/secure.gravatar.com\/avatar\/c3b4ccf5aaba4ba398768f6bb41f9276?s=96&d=mm&r=g","contentUrl":"https:\/\/secure.gravatar.com\/avatar\/c3b4ccf5aaba4ba398768f6bb41f9276?s=96&d=mm&r=g","caption":"Halil G\u00fclseren"},"url":"https:\/\/www.alanyaproperties.com\/fr\/author\/halil\/"}]}},"jetpack_sharing_enabled":true,"jetpack_featured_media_url":"","_links":{"self":[{"href":"https:\/\/www.alanyaproperties.com\/fr\/wp-json\/wp\/v2\/posts\/3585"}],"collection":[{"href":"https:\/\/www.alanyaproperties.com\/fr\/wp-json\/wp\/v2\/posts"}],"about":[{"href":"https:\/\/www.alanyaproperties.com\/fr\/wp-json\/wp\/v2\/types\/post"}],"author":[{"embeddable":true,"href":"https:\/\/www.alanyaproperties.com\/fr\/wp-json\/wp\/v2\/users\/29"}],"replies":[{"embeddable":true,"href":"https:\/\/www.alanyaproperties.com\/fr\/wp-json\/wp\/v2\/comments?post=3585"}],"version-history":[{"count":0,"href":"https:\/\/www.alanyaproperties.com\/fr\/wp-json\/wp\/v2\/posts\/3585\/revisions"}],"wp:attachment":[{"href":"https:\/\/www.alanyaproperties.com\/fr\/wp-json\/wp\/v2\/media?parent=3585"}],"wp:term":[{"taxonomy":"category","embeddable":true,"href":"https:\/\/www.alanyaproperties.com\/fr\/wp-json\/wp\/v2\/categories?post=3585"},{"taxonomy":"post_tag","embeddable":true,"href":"https:\/\/www.alanyaproperties.com\/fr\/wp-json\/wp\/v2\/tags?post=3585"}],"curies":[{"name":"wp","href":"https:\/\/api.w.org\/{rel}","templated":true}]}}