{"id":3745,"date":"2014-12-06T08:15:35","date_gmt":"2014-12-06T08:15:35","guid":{"rendered":"http:\/\/www.alanyaproperties.com\/joulumarkkinat-alanya-2014\/"},"modified":"2014-12-06T08:15:35","modified_gmt":"2014-12-06T08:15:35","slug":"joulumarkkinat-alanya-2014","status":"publish","type":"post","link":"https:\/\/www.alanyaproperties.com\/fi\/uutisia-turkista\/joulumarkkinat-alanya-2014\/","title":{"rendered":"Alanyan 5. kansainv\u00e4liset joulumarkkinat 14.12.2014"},"content":{"rendered":"<p style=\"text-align: center;\"> \t<span style=\"font-size:14px;\"><strong><span style=\"font-family: arial,helvetica,sans-serif;\"><span style=\"color: rgb(20, 24, 35); font-style: normal; font-variant: normal; font-weight: normal; letter-spacing: normal; line-height: 18px; text-align: center; text-indent: 0px; text-transform: none; white-space: normal; word-spacing: 0px; display: inline ! important; float: none; background-color: rgb(255, 255, 255);\">Alanyan kansainv\u00e4linen Joulubasaari j\u00e4rjestet\u00e4\u00e4n sunnuntaina 14. joulukuuta Alanyan satamassa.<\/span><\/span><\/strong><\/span><\/p>\n<p style=\"text-align: center;\"> \t<span style=\"font-size:14px;\"><strong><span style=\"font-family: arial,helvetica,sans-serif;\"><span style=\"color: rgb(20, 24, 35); font-style: normal; font-variant: normal; font-weight: normal; letter-spacing: normal; line-height: 18px; text-align: center; text-indent: 0px; text-transform: none; white-space: normal; word-spacing: 0px; display: inline ! important; float: none; background-color: rgb(255, 255, 255);\">Joulumarkkinat ovat avoinna klo 10.00 &#8211; 20.00<\/span><\/span><\/strong><\/span><\/p>\n<p style=\"text-align: center;\"> \t<span style=\"font-size:14px;\"><strong><span style=\"font-family: arial,helvetica,sans-serif;\"><span style=\"color: rgb(20, 24, 35); font-style: normal; font-variant: normal; font-weight: normal; letter-spacing: normal; line-height: 18px; text-align: center; text-indent: 0px; text-transform: none; white-space: normal; word-spacing: 0px; display: inline ! important; float: none; background-color: rgb(255, 255, 255);\">Tutustu my\u00f6s viime vuoden joulumarkkina kuviin alta.<\/span><\/span><\/strong><\/span><\/p>\n<p style=\"text-align: center;\"> \t<span style=\"font-size:14px;\"><strong><span style=\"font-family: arial,helvetica,sans-serif;\"><span style=\"color: rgb(20, 24, 35); font-style: normal; font-variant: normal; font-weight: normal; letter-spacing: normal; line-height: 18px; text-align: center; text-indent: 0px; text-transform: none; white-space: normal; word-spacing: 0px; display: inline ! important; float: none; background-color: rgb(255, 255, 255);\"><img loading=\"lazy\" decoding=\"async\" class=\" size-full wp-image-3742\" alt=\"\" src=\"https:\/\/i0.wp.com\/www.alanyaproperties.com\/wp-content\/uploads\/2014\/12\/christmas%20bazaar%202014.jpg?resize=960%2C676\" style=\"height: 408px; width: 580px;\" width=\"960\" height=\"676\" data-recalc-dims=\"1\" \/><\/span><\/span><\/strong><\/span><\/p>\n<p style=\"text-align: center;\"> \t{AdmirorGallery}NoelBazaar2014{\/AdmirorGallery}<\/p>\n","protected":false},"excerpt":{"rendered":"<p>Alanyan kansainv\u00e4linen Joulubasaari j\u00e4rjestet\u00e4\u00e4n sunnuntaina 14. joulukuuta Alanyan satamassa. Joulumarkkinat ovat avoinna klo 10.00 &#8211; 20.00 Tutustu my\u00f6s viime vuoden joulumarkkina kuviin alta. {AdmirorGallery}NoelBazaar2014{\/AdmirorGallery}<\/p>\n","protected":false},"author":32,"featured_media":3742,"comment_status":"open","ping_status":"closed","sticky":false,"template":"","format":"standard","meta":{"footnotes":""},"categories":[1896],"tags":[2675,2676,2677,2673,2678,2679,2682,2683,2674,2681,2680],"yoast_head":"<!-- This site is optimized with the Yoast SEO plugin v22.6 - https:\/\/yoast.com\/wordpress\/plugins\/seo\/ -->\n<title>Alanyan 5. kansainv\u00e4liset joulumarkkinat 14.12.2014 - Properties in Alanya.<\/title>\n<meta name=\"description\" content=\"Alanyan 5. kansainv\u00e4liset joulumarkkinat 14.12.2014 - Properties in Alanya.\" \/>\n<meta name=\"robots\" content=\"index, follow, max-snippet:-1, max-image-preview:large, max-video-preview:-1\" \/>\n<link rel=\"canonical\" href=\"https:\/\/www.alanyaproperties.com\/fi\/uutisia-turkista\/joulumarkkinat-alanya-2014\/\" \/>\n<meta property=\"og:locale\" content=\"fi_FI\" \/>\n<meta property=\"og:type\" content=\"article\" \/>\n<meta property=\"og:title\" content=\"Alanyan 5. kansainv\u00e4liset joulumarkkinat 14.12.2014 - Properties in Alanya.\" \/>\n<meta property=\"og:description\" content=\"Alanyan 5. kansainv\u00e4liset joulumarkkinat 14.12.2014 - Properties in Alanya.\" \/>\n<meta property=\"og:url\" content=\"https:\/\/www.alanyaproperties.com\/fi\/uutisia-turkista\/joulumarkkinat-alanya-2014\/\" \/>\n<meta property=\"og:site_name\" content=\"Properties in Alanya.\" \/>\n<meta property=\"article:publisher\" content=\"https:\/\/www.facebook.com\/alanyaproperties\/\" \/>\n<meta property=\"article:published_time\" content=\"2014-12-06T08:15:35+00:00\" \/>\n<meta property=\"og:image\" content=\"https:\/\/www.alanyaproperties.com\/wp-content\/uploads\/2014\/12\/christmas%20bazaar%202014.jpg\" \/>\n\t<meta property=\"og:image:width\" content=\"960\" \/>\n\t<meta property=\"og:image:height\" content=\"676\" \/>\n\t<meta property=\"og:image:type\" content=\"image\/jpeg\" \/>\n<meta name=\"author\" content=\"Martina\" \/>\n<meta name=\"twitter:card\" content=\"summary_large_image\" \/>\n<meta name=\"twitter:creator\" content=\"@alanyapro\" \/>\n<meta name=\"twitter:site\" content=\"@alanyapro\" \/>\n<meta name=\"twitter:label1\" content=\"Kirjoittanut\" \/>\n\t<meta name=\"twitter:data1\" content=\"Martina\" \/>\n<script type=\"application\/ld+json\" class=\"yoast-schema-graph\">{\"@context\":\"https:\/\/schema.org\",\"@graph\":[{\"@type\":\"Article\",\"@id\":\"https:\/\/www.alanyaproperties.com\/fi\/uutisia-turkista\/joulumarkkinat-alanya-2014\/#article\",\"isPartOf\":{\"@id\":\"https:\/\/www.alanyaproperties.com\/fi\/uutisia-turkista\/joulumarkkinat-alanya-2014\/\"},\"author\":{\"name\":\"Martina\",\"@id\":\"https:\/\/www.alanyaproperties.com\/fi\/#\/schema\/person\/1afbb08f40fd885d11a264b27d522a91\"},\"headline\":\"Alanyan 5. kansainv\u00e4liset joulumarkkinat 14.12.2014\",\"datePublished\":\"2014-12-06T08:15:35+00:00\",\"dateModified\":\"2014-12-06T08:15:35+00:00\",\"mainEntityOfPage\":{\"@id\":\"https:\/\/www.alanyaproperties.com\/fi\/uutisia-turkista\/joulumarkkinat-alanya-2014\/\"},\"wordCount\":31,\"commentCount\":0,\"publisher\":{\"@id\":\"https:\/\/www.alanyaproperties.com\/fi\/#organization\"},\"image\":{\"@id\":\"https:\/\/www.alanyaproperties.com\/fi\/uutisia-turkista\/joulumarkkinat-alanya-2014\/#primaryimage\"},\"thumbnailUrl\":\"https:\/\/i0.wp.com\/www.alanyaproperties.com\/wp-content\/uploads\/2014\/12\/christmas bazaar 2014.jpg?fit=960%2C676&ssl=1\",\"keywords\":[\"14.12.2014\",\"Alanya Noel Bazaar\",\"Alanya Noel Pazari\",\"Alanyan joulubasaari\",\"Alanyan joulumarkkinat. Joulumarkkinat 14.12.2014\",\"Joulu\",\"joulukuusi\",\"joululaulu\",\"joulumarkkinat Alanya\",\"joulupukki\",\"suomalaiset\"],\"articleSection\":[\"Uutisia Turkista\"],\"inLanguage\":\"fi\"},{\"@type\":\"WebPage\",\"@id\":\"https:\/\/www.alanyaproperties.com\/fi\/uutisia-turkista\/joulumarkkinat-alanya-2014\/\",\"url\":\"https:\/\/www.alanyaproperties.com\/fi\/uutisia-turkista\/joulumarkkinat-alanya-2014\/\",\"name\":\"Alanyan 5. kansainv\u00e4liset joulumarkkinat 14.12.2014 - Properties in Alanya.\",\"isPartOf\":{\"@id\":\"https:\/\/www.alanyaproperties.com\/fi\/#website\"},\"primaryImageOfPage\":{\"@id\":\"https:\/\/www.alanyaproperties.com\/fi\/uutisia-turkista\/joulumarkkinat-alanya-2014\/#primaryimage\"},\"image\":{\"@id\":\"https:\/\/www.alanyaproperties.com\/fi\/uutisia-turkista\/joulumarkkinat-alanya-2014\/#primaryimage\"},\"thumbnailUrl\":\"https:\/\/i0.wp.com\/www.alanyaproperties.com\/wp-content\/uploads\/2014\/12\/christmas bazaar 2014.jpg?fit=960%2C676&ssl=1\",\"datePublished\":\"2014-12-06T08:15:35+00:00\",\"dateModified\":\"2014-12-06T08:15:35+00:00\",\"description\":\"Alanyan 5. kansainv\u00e4liset joulumarkkinat 14.12.2014 - Properties in Alanya.\",\"breadcrumb\":{\"@id\":\"https:\/\/www.alanyaproperties.com\/fi\/uutisia-turkista\/joulumarkkinat-alanya-2014\/#breadcrumb\"},\"inLanguage\":\"fi\",\"potentialAction\":[{\"@type\":\"ReadAction\",\"target\":[\"https:\/\/www.alanyaproperties.com\/fi\/uutisia-turkista\/joulumarkkinat-alanya-2014\/\"]}]},{\"@type\":\"ImageObject\",\"inLanguage\":\"fi\",\"@id\":\"https:\/\/www.alanyaproperties.com\/fi\/uutisia-turkista\/joulumarkkinat-alanya-2014\/#primaryimage\",\"url\":\"https:\/\/i0.wp.com\/www.alanyaproperties.com\/wp-content\/uploads\/2014\/12\/christmas bazaar 2014.jpg?fit=960%2C676&ssl=1\",\"contentUrl\":\"https:\/\/i0.wp.com\/www.alanyaproperties.com\/wp-content\/uploads\/2014\/12\/christmas bazaar 2014.jpg?fit=960%2C676&ssl=1\",\"width\":960,\"height\":676},{\"@type\":\"BreadcrumbList\",\"@id\":\"https:\/\/www.alanyaproperties.com\/fi\/uutisia-turkista\/joulumarkkinat-alanya-2014\/#breadcrumb\",\"itemListElement\":[{\"@type\":\"ListItem\",\"position\":1,\"name\":\"Home\",\"item\":\"https:\/\/www.alanyaproperties.com\/fi\/\"},{\"@type\":\"ListItem\",\"position\":2,\"name\":\"Alanyan 5. kansainv\u00e4liset joulumarkkinat 14.12.2014\"}]},{\"@type\":\"WebSite\",\"@id\":\"https:\/\/www.alanyaproperties.com\/fi\/#website\",\"url\":\"https:\/\/www.alanyaproperties.com\/fi\/\",\"name\":\"Properties in Alanya.\",\"description\":\"Properties in Alanya.\",\"publisher\":{\"@id\":\"https:\/\/www.alanyaproperties.com\/fi\/#organization\"},\"potentialAction\":[{\"@type\":\"SearchAction\",\"target\":{\"@type\":\"EntryPoint\",\"urlTemplate\":\"https:\/\/www.alanyaproperties.com\/fi\/?s={search_term_string}\"},\"query-input\":\"required name=search_term_string\"}],\"inLanguage\":\"fi\"},{\"@type\":\"Organization\",\"@id\":\"https:\/\/www.alanyaproperties.com\/fi\/#organization\",\"name\":\"Alanya Properties\",\"url\":\"https:\/\/www.alanyaproperties.com\/fi\/\",\"logo\":{\"@type\":\"ImageObject\",\"inLanguage\":\"fi\",\"@id\":\"https:\/\/www.alanyaproperties.com\/fi\/#\/schema\/logo\/image\/\",\"url\":\"https:\/\/i0.wp.com\/www.alanyaproperties.com\/wp-content\/uploads\/2017\/06\/alanya-properties-logo-180to.png?fit=180%2C81&ssl=1\",\"contentUrl\":\"https:\/\/i0.wp.com\/www.alanyaproperties.com\/wp-content\/uploads\/2017\/06\/alanya-properties-logo-180to.png?fit=180%2C81&ssl=1\",\"width\":180,\"height\":81,\"caption\":\"Alanya Properties\"},\"image\":{\"@id\":\"https:\/\/www.alanyaproperties.com\/fi\/#\/schema\/logo\/image\/\"},\"sameAs\":[\"https:\/\/www.facebook.com\/alanyaproperties\/\",\"https:\/\/x.com\/alanyapro\",\"https:\/\/www.instagram.com\/alanyaproperties\/\",\"https:\/\/www.youtube.com\/c\/AlanyaProperties\"]},{\"@type\":\"Person\",\"@id\":\"https:\/\/www.alanyaproperties.com\/fi\/#\/schema\/person\/1afbb08f40fd885d11a264b27d522a91\",\"name\":\"Martina\",\"image\":{\"@type\":\"ImageObject\",\"inLanguage\":\"fi\",\"@id\":\"https:\/\/www.alanyaproperties.com\/fi\/#\/schema\/person\/image\/\",\"url\":\"https:\/\/secure.gravatar.com\/avatar\/03671da5077080905f541f86ab66acf8?s=96&d=mm&r=g\",\"contentUrl\":\"https:\/\/secure.gravatar.com\/avatar\/03671da5077080905f541f86ab66acf8?s=96&d=mm&r=g\",\"caption\":\"Martina\"},\"url\":\"https:\/\/www.alanyaproperties.com\/fi\/author\/martina\/\"}]}<\/script>\n<!-- \/ Yoast SEO plugin. -->","yoast_head_json":{"title":"Alanyan 5. kansainv\u00e4liset joulumarkkinat 14.12.2014 - Properties in Alanya.","description":"Alanyan 5. kansainv\u00e4liset joulumarkkinat 14.12.2014 - Properties in Alanya.","robots":{"index":"index","follow":"follow","max-snippet":"max-snippet:-1","max-image-preview":"max-image-preview:large","max-video-preview":"max-video-preview:-1"},"canonical":"https:\/\/www.alanyaproperties.com\/fi\/uutisia-turkista\/joulumarkkinat-alanya-2014\/","og_locale":"fi_FI","og_type":"article","og_title":"Alanyan 5. kansainv\u00e4liset joulumarkkinat 14.12.2014 - Properties in Alanya.","og_description":"Alanyan 5. kansainv\u00e4liset joulumarkkinat 14.12.2014 - Properties in Alanya.","og_url":"https:\/\/www.alanyaproperties.com\/fi\/uutisia-turkista\/joulumarkkinat-alanya-2014\/","og_site_name":"Properties in Alanya.","article_publisher":"https:\/\/www.facebook.com\/alanyaproperties\/","article_published_time":"2014-12-06T08:15:35+00:00","og_image":[{"width":960,"height":676,"url":"https:\/\/www.alanyaproperties.com\/wp-content\/uploads\/2014\/12\/christmas bazaar 2014.jpg","type":"image\/jpeg"}],"author":"Martina","twitter_card":"summary_large_image","twitter_creator":"@alanyapro","twitter_site":"@alanyapro","twitter_misc":{"Kirjoittanut":"Martina"},"schema":{"@context":"https:\/\/schema.org","@graph":[{"@type":"Article","@id":"https:\/\/www.alanyaproperties.com\/fi\/uutisia-turkista\/joulumarkkinat-alanya-2014\/#article","isPartOf":{"@id":"https:\/\/www.alanyaproperties.com\/fi\/uutisia-turkista\/joulumarkkinat-alanya-2014\/"},"author":{"name":"Martina","@id":"https:\/\/www.alanyaproperties.com\/fi\/#\/schema\/person\/1afbb08f40fd885d11a264b27d522a91"},"headline":"Alanyan 5. kansainv\u00e4liset joulumarkkinat 14.12.2014","datePublished":"2014-12-06T08:15:35+00:00","dateModified":"2014-12-06T08:15:35+00:00","mainEntityOfPage":{"@id":"https:\/\/www.alanyaproperties.com\/fi\/uutisia-turkista\/joulumarkkinat-alanya-2014\/"},"wordCount":31,"commentCount":0,"publisher":{"@id":"https:\/\/www.alanyaproperties.com\/fi\/#organization"},"image":{"@id":"https:\/\/www.alanyaproperties.com\/fi\/uutisia-turkista\/joulumarkkinat-alanya-2014\/#primaryimage"},"thumbnailUrl":"https:\/\/i0.wp.com\/www.alanyaproperties.com\/wp-content\/uploads\/2014\/12\/christmas bazaar 2014.jpg?fit=960%2C676&ssl=1","keywords":["14.12.2014","Alanya Noel Bazaar","Alanya Noel Pazari","Alanyan joulubasaari","Alanyan joulumarkkinat. Joulumarkkinat 14.12.2014","Joulu","joulukuusi","joululaulu","joulumarkkinat Alanya","joulupukki","suomalaiset"],"articleSection":["Uutisia Turkista"],"inLanguage":"fi"},{"@type":"WebPage","@id":"https:\/\/www.alanyaproperties.com\/fi\/uutisia-turkista\/joulumarkkinat-alanya-2014\/","url":"https:\/\/www.alanyaproperties.com\/fi\/uutisia-turkista\/joulumarkkinat-alanya-2014\/","name":"Alanyan 5. kansainv\u00e4liset joulumarkkinat 14.12.2014 - Properties in Alanya.","isPartOf":{"@id":"https:\/\/www.alanyaproperties.com\/fi\/#website"},"primaryImageOfPage":{"@id":"https:\/\/www.alanyaproperties.com\/fi\/uutisia-turkista\/joulumarkkinat-alanya-2014\/#primaryimage"},"image":{"@id":"https:\/\/www.alanyaproperties.com\/fi\/uutisia-turkista\/joulumarkkinat-alanya-2014\/#primaryimage"},"thumbnailUrl":"https:\/\/i0.wp.com\/www.alanyaproperties.com\/wp-content\/uploads\/2014\/12\/christmas bazaar 2014.jpg?fit=960%2C676&ssl=1","datePublished":"2014-12-06T08:15:35+00:00","dateModified":"2014-12-06T08:15:35+00:00","description":"Alanyan 5. kansainv\u00e4liset joulumarkkinat 14.12.2014 - Properties in Alanya.","breadcrumb":{"@id":"https:\/\/www.alanyaproperties.com\/fi\/uutisia-turkista\/joulumarkkinat-alanya-2014\/#breadcrumb"},"inLanguage":"fi","potentialAction":[{"@type":"ReadAction","target":["https:\/\/www.alanyaproperties.com\/fi\/uutisia-turkista\/joulumarkkinat-alanya-2014\/"]}]},{"@type":"ImageObject","inLanguage":"fi","@id":"https:\/\/www.alanyaproperties.com\/fi\/uutisia-turkista\/joulumarkkinat-alanya-2014\/#primaryimage","url":"https:\/\/i0.wp.com\/www.alanyaproperties.com\/wp-content\/uploads\/2014\/12\/christmas bazaar 2014.jpg?fit=960%2C676&ssl=1","contentUrl":"https:\/\/i0.wp.com\/www.alanyaproperties.com\/wp-content\/uploads\/2014\/12\/christmas bazaar 2014.jpg?fit=960%2C676&ssl=1","width":960,"height":676},{"@type":"BreadcrumbList","@id":"https:\/\/www.alanyaproperties.com\/fi\/uutisia-turkista\/joulumarkkinat-alanya-2014\/#breadcrumb","itemListElement":[{"@type":"ListItem","position":1,"name":"Home","item":"https:\/\/www.alanyaproperties.com\/fi\/"},{"@type":"ListItem","position":2,"name":"Alanyan 5. kansainv\u00e4liset joulumarkkinat 14.12.2014"}]},{"@type":"WebSite","@id":"https:\/\/www.alanyaproperties.com\/fi\/#website","url":"https:\/\/www.alanyaproperties.com\/fi\/","name":"Properties in Alanya.","description":"Properties in Alanya.","publisher":{"@id":"https:\/\/www.alanyaproperties.com\/fi\/#organization"},"potentialAction":[{"@type":"SearchAction","target":{"@type":"EntryPoint","urlTemplate":"https:\/\/www.alanyaproperties.com\/fi\/?s={search_term_string}"},"query-input":"required name=search_term_string"}],"inLanguage":"fi"},{"@type":"Organization","@id":"https:\/\/www.alanyaproperties.com\/fi\/#organization","name":"Alanya Properties","url":"https:\/\/www.alanyaproperties.com\/fi\/","logo":{"@type":"ImageObject","inLanguage":"fi","@id":"https:\/\/www.alanyaproperties.com\/fi\/#\/schema\/logo\/image\/","url":"https:\/\/i0.wp.com\/www.alanyaproperties.com\/wp-content\/uploads\/2017\/06\/alanya-properties-logo-180to.png?fit=180%2C81&ssl=1","contentUrl":"https:\/\/i0.wp.com\/www.alanyaproperties.com\/wp-content\/uploads\/2017\/06\/alanya-properties-logo-180to.png?fit=180%2C81&ssl=1","width":180,"height":81,"caption":"Alanya Properties"},"image":{"@id":"https:\/\/www.alanyaproperties.com\/fi\/#\/schema\/logo\/image\/"},"sameAs":["https:\/\/www.facebook.com\/alanyaproperties\/","https:\/\/x.com\/alanyapro","https:\/\/www.instagram.com\/alanyaproperties\/","https:\/\/www.youtube.com\/c\/AlanyaProperties"]},{"@type":"Person","@id":"https:\/\/www.alanyaproperties.com\/fi\/#\/schema\/person\/1afbb08f40fd885d11a264b27d522a91","name":"Martina","image":{"@type":"ImageObject","inLanguage":"fi","@id":"https:\/\/www.alanyaproperties.com\/fi\/#\/schema\/person\/image\/","url":"https:\/\/secure.gravatar.com\/avatar\/03671da5077080905f541f86ab66acf8?s=96&d=mm&r=g","contentUrl":"https:\/\/secure.gravatar.com\/avatar\/03671da5077080905f541f86ab66acf8?s=96&d=mm&r=g","caption":"Martina"},"url":"https:\/\/www.alanyaproperties.com\/fi\/author\/martina\/"}]}},"jetpack_sharing_enabled":true,"jetpack_featured_media_url":"https:\/\/i0.wp.com\/www.alanyaproperties.com\/wp-content\/uploads\/2014\/12\/christmas bazaar 2014.jpg?fit=960%2C676&ssl=1","_links":{"self":[{"href":"https:\/\/www.alanyaproperties.com\/fi\/wp-json\/wp\/v2\/posts\/3745"}],"collection":[{"href":"https:\/\/www.alanyaproperties.com\/fi\/wp-json\/wp\/v2\/posts"}],"about":[{"href":"https:\/\/www.alanyaproperties.com\/fi\/wp-json\/wp\/v2\/types\/post"}],"author":[{"embeddable":true,"href":"https:\/\/www.alanyaproperties.com\/fi\/wp-json\/wp\/v2\/users\/32"}],"replies":[{"embeddable":true,"href":"https:\/\/www.alanyaproperties.com\/fi\/wp-json\/wp\/v2\/comments?post=3745"}],"version-history":[{"count":0,"href":"https:\/\/www.alanyaproperties.com\/fi\/wp-json\/wp\/v2\/posts\/3745\/revisions"}],"wp:featuredmedia":[{"embeddable":true,"href":"https:\/\/www.alanyaproperties.com\/fi\/wp-json\/wp\/v2\/media\/3742"}],"wp:attachment":[{"href":"https:\/\/www.alanyaproperties.com\/fi\/wp-json\/wp\/v2\/media?parent=3745"}],"wp:term":[{"taxonomy":"category","embeddable":true,"href":"https:\/\/www.alanyaproperties.com\/fi\/wp-json\/wp\/v2\/categories?post=3745"},{"taxonomy":"post_tag","embeddable":true,"href":"https:\/\/www.alanyaproperties.com\/fi\/wp-json\/wp\/v2\/tags?post=3745"}],"curies":[{"name":"wp","href":"https:\/\/api.w.org\/{rel}","templated":true}]}}