{"id":3739,"date":"2014-11-15T09:38:10","date_gmt":"2014-11-15T09:38:10","guid":{"rendered":"http:\/\/www.alanyaproperties.com\/kermes-cikcilli-alanya-3\/"},"modified":"2014-11-15T09:38:10","modified_gmt":"2014-11-15T09:38:10","slug":"kermes-cikcilli-alanya-3","status":"publish","type":"post","link":"https:\/\/www.alanyaproperties.com\/fi\/uutisia-turkista\/kermes-cikcilli-alanya-3\/","title":{"rendered":"Kermes-markkinat Cikcilliss\u00e4, Alanyassa 14.11. &#8211; 23.11.2014"},"content":{"rendered":"<p style=\"text-align: center;\"> \tKermes-markkinat Cikcilliss\u00e4, Alanyassa 14.11. &#8211; 23.11.2014.<\/p>\n<p style=\"text-align: center;\"> \tPaikkana: Hacibaban hautausmaan alapuolella sijaitseva koulu.<\/p>\n<p style=\"text-align: center;\"> \tTarjolla mm. aitoa turkkilaista kotiruokaa pikkurahalla, aina pikkusuolaisista suussasulaviin j\u00e4lkiruokiin!<\/p>\n<p style=\"text-align: center;\"> \tMarkkinat avoinna p\u00e4ivitt\u00e4in aamu kymmenest\u00e4 iltamy\u00f6h\u00e4\u00e4n! K\u00e4yk\u00e4\u00e4h\u00e4n tutustumassa!<\/p>\n<p style=\"text-align: center;\"> \t<img loading=\"lazy\" decoding=\"async\" class=\" size-full wp-image-3736\" alt=\"\" src=\"https:\/\/i0.wp.com\/www.alanyaproperties.com\/wp-content\/uploads\/2014\/11\/kermes%20cikcilli%20alanya.jpg?resize=463%2C651\" width=\"463\" height=\"651\" data-recalc-dims=\"1\" \/><\/p>\n<p style=\"text-align: center;\"> \t<span style=\"font-family: Arial, Helvetica, sans-serif; font-size: 11px; line-height: normal;\">{AdmirorGallery}kermes{\/AdmirorGallery}<\/span><\/p>\n","protected":false},"excerpt":{"rendered":"<p>Kermes-markkinat Cikcilliss\u00e4, Alanyassa 14.11. &#8211; 23.11.2014. Paikkana: Hacibaban hautausmaan alapuolella sijaitseva koulu. Tarjolla mm. aitoa turkkilaista kotiruokaa pikkurahalla, aina pikkusuolaisista suussasulaviin j\u00e4lkiruokiin! Markkinat avoinna p\u00e4ivitt\u00e4in aamu kymmenest\u00e4 iltamy\u00f6h\u00e4\u00e4n! K\u00e4yk\u00e4\u00e4h\u00e4n tutustumassa! {AdmirorGallery}kermes{\/AdmirorGallery}<\/p>\n","protected":false},"author":32,"featured_media":3736,"comment_status":"open","ping_status":"closed","sticky":false,"template":"","format":"standard","meta":{"footnotes":""},"categories":[1896],"tags":[2663,2662],"yoast_head":"<!-- This site is optimized with the Yoast SEO plugin v22.6 - https:\/\/yoast.com\/wordpress\/plugins\/seo\/ -->\n<title>Kermes-markkinat Cikcilliss\u00e4, Alanyassa 14.11. - 23.11.2014 - Properties in Alanya.<\/title>\n<meta name=\"description\" content=\"Kermes-markkinat Cikcilliss\u00e4, Alanyassa 14.11. - 23.11.2014 - Properties in Alanya.\" \/>\n<meta name=\"robots\" content=\"index, follow, max-snippet:-1, max-image-preview:large, max-video-preview:-1\" \/>\n<link rel=\"canonical\" href=\"https:\/\/www.alanyaproperties.com\/fi\/uutisia-turkista\/kermes-cikcilli-alanya-3\/\" \/>\n<meta property=\"og:locale\" content=\"fi_FI\" \/>\n<meta property=\"og:type\" content=\"article\" \/>\n<meta property=\"og:title\" content=\"Kermes-markkinat Cikcilliss\u00e4, Alanyassa 14.11. - 23.11.2014 - Properties in Alanya.\" \/>\n<meta property=\"og:description\" content=\"Kermes-markkinat Cikcilliss\u00e4, Alanyassa 14.11. - 23.11.2014 - Properties in Alanya.\" \/>\n<meta property=\"og:url\" content=\"https:\/\/www.alanyaproperties.com\/fi\/uutisia-turkista\/kermes-cikcilli-alanya-3\/\" \/>\n<meta property=\"og:site_name\" content=\"Properties in Alanya.\" \/>\n<meta property=\"article:publisher\" content=\"https:\/\/www.facebook.com\/alanyaproperties\/\" \/>\n<meta property=\"article:published_time\" content=\"2014-11-15T09:38:10+00:00\" \/>\n<meta property=\"og:image\" content=\"https:\/\/www.alanyaproperties.com\/wp-content\/uploads\/2014\/11\/kermes%20cikcilli%20alanya.jpg\" \/>\n\t<meta property=\"og:image:width\" content=\"463\" \/>\n\t<meta property=\"og:image:height\" content=\"651\" \/>\n\t<meta property=\"og:image:type\" content=\"image\/jpeg\" \/>\n<meta name=\"author\" content=\"Martina\" \/>\n<meta name=\"twitter:card\" content=\"summary_large_image\" \/>\n<meta name=\"twitter:creator\" content=\"@alanyapro\" \/>\n<meta name=\"twitter:site\" content=\"@alanyapro\" \/>\n<meta name=\"twitter:label1\" content=\"Kirjoittanut\" \/>\n\t<meta name=\"twitter:data1\" content=\"Martina\" \/>\n<script type=\"application\/ld+json\" class=\"yoast-schema-graph\">{\"@context\":\"https:\/\/schema.org\",\"@graph\":[{\"@type\":\"Article\",\"@id\":\"https:\/\/www.alanyaproperties.com\/fi\/uutisia-turkista\/kermes-cikcilli-alanya-3\/#article\",\"isPartOf\":{\"@id\":\"https:\/\/www.alanyaproperties.com\/fi\/uutisia-turkista\/kermes-cikcilli-alanya-3\/\"},\"author\":{\"name\":\"Martina\",\"@id\":\"https:\/\/www.alanyaproperties.com\/fi\/#\/schema\/person\/1afbb08f40fd885d11a264b27d522a91\"},\"headline\":\"Kermes-markkinat Cikcilliss\u00e4, Alanyassa 14.11. &#8211; 23.11.2014\",\"datePublished\":\"2014-11-15T09:38:10+00:00\",\"dateModified\":\"2014-11-15T09:38:10+00:00\",\"mainEntityOfPage\":{\"@id\":\"https:\/\/www.alanyaproperties.com\/fi\/uutisia-turkista\/kermes-cikcilli-alanya-3\/\"},\"wordCount\":43,\"commentCount\":0,\"publisher\":{\"@id\":\"https:\/\/www.alanyaproperties.com\/fi\/#organization\"},\"image\":{\"@id\":\"https:\/\/www.alanyaproperties.com\/fi\/uutisia-turkista\/kermes-cikcilli-alanya-3\/#primaryimage\"},\"thumbnailUrl\":\"https:\/\/i0.wp.com\/www.alanyaproperties.com\/wp-content\/uploads\/2014\/11\/kermes cikcilli alanya.jpg?fit=463%2C651&ssl=1\",\"keywords\":[\"14.11.2014\",\"markkinat\"],\"articleSection\":[\"Uutisia Turkista\"],\"inLanguage\":\"fi\"},{\"@type\":\"WebPage\",\"@id\":\"https:\/\/www.alanyaproperties.com\/fi\/uutisia-turkista\/kermes-cikcilli-alanya-3\/\",\"url\":\"https:\/\/www.alanyaproperties.com\/fi\/uutisia-turkista\/kermes-cikcilli-alanya-3\/\",\"name\":\"Kermes-markkinat Cikcilliss\u00e4, Alanyassa 14.11. - 23.11.2014 - Properties in Alanya.\",\"isPartOf\":{\"@id\":\"https:\/\/www.alanyaproperties.com\/fi\/#website\"},\"primaryImageOfPage\":{\"@id\":\"https:\/\/www.alanyaproperties.com\/fi\/uutisia-turkista\/kermes-cikcilli-alanya-3\/#primaryimage\"},\"image\":{\"@id\":\"https:\/\/www.alanyaproperties.com\/fi\/uutisia-turkista\/kermes-cikcilli-alanya-3\/#primaryimage\"},\"thumbnailUrl\":\"https:\/\/i0.wp.com\/www.alanyaproperties.com\/wp-content\/uploads\/2014\/11\/kermes cikcilli alanya.jpg?fit=463%2C651&ssl=1\",\"datePublished\":\"2014-11-15T09:38:10+00:00\",\"dateModified\":\"2014-11-15T09:38:10+00:00\",\"description\":\"Kermes-markkinat Cikcilliss\u00e4, Alanyassa 14.11. - 23.11.2014 - Properties in Alanya.\",\"breadcrumb\":{\"@id\":\"https:\/\/www.alanyaproperties.com\/fi\/uutisia-turkista\/kermes-cikcilli-alanya-3\/#breadcrumb\"},\"inLanguage\":\"fi\",\"potentialAction\":[{\"@type\":\"ReadAction\",\"target\":[\"https:\/\/www.alanyaproperties.com\/fi\/uutisia-turkista\/kermes-cikcilli-alanya-3\/\"]}]},{\"@type\":\"ImageObject\",\"inLanguage\":\"fi\",\"@id\":\"https:\/\/www.alanyaproperties.com\/fi\/uutisia-turkista\/kermes-cikcilli-alanya-3\/#primaryimage\",\"url\":\"https:\/\/i0.wp.com\/www.alanyaproperties.com\/wp-content\/uploads\/2014\/11\/kermes cikcilli alanya.jpg?fit=463%2C651&ssl=1\",\"contentUrl\":\"https:\/\/i0.wp.com\/www.alanyaproperties.com\/wp-content\/uploads\/2014\/11\/kermes cikcilli alanya.jpg?fit=463%2C651&ssl=1\",\"width\":463,\"height\":651},{\"@type\":\"BreadcrumbList\",\"@id\":\"https:\/\/www.alanyaproperties.com\/fi\/uutisia-turkista\/kermes-cikcilli-alanya-3\/#breadcrumb\",\"itemListElement\":[{\"@type\":\"ListItem\",\"position\":1,\"name\":\"Home\",\"item\":\"https:\/\/www.alanyaproperties.com\/fi\/\"},{\"@type\":\"ListItem\",\"position\":2,\"name\":\"Kermes-markkinat Cikcilliss\u00e4, Alanyassa 14.11. &#8211; 23.11.2014\"}]},{\"@type\":\"WebSite\",\"@id\":\"https:\/\/www.alanyaproperties.com\/fi\/#website\",\"url\":\"https:\/\/www.alanyaproperties.com\/fi\/\",\"name\":\"Properties in Alanya.\",\"description\":\"Properties in Alanya.\",\"publisher\":{\"@id\":\"https:\/\/www.alanyaproperties.com\/fi\/#organization\"},\"potentialAction\":[{\"@type\":\"SearchAction\",\"target\":{\"@type\":\"EntryPoint\",\"urlTemplate\":\"https:\/\/www.alanyaproperties.com\/fi\/?s={search_term_string}\"},\"query-input\":\"required name=search_term_string\"}],\"inLanguage\":\"fi\"},{\"@type\":\"Organization\",\"@id\":\"https:\/\/www.alanyaproperties.com\/fi\/#organization\",\"name\":\"Alanya Properties\",\"url\":\"https:\/\/www.alanyaproperties.com\/fi\/\",\"logo\":{\"@type\":\"ImageObject\",\"inLanguage\":\"fi\",\"@id\":\"https:\/\/www.alanyaproperties.com\/fi\/#\/schema\/logo\/image\/\",\"url\":\"https:\/\/i0.wp.com\/www.alanyaproperties.com\/wp-content\/uploads\/2017\/06\/alanya-properties-logo-180to.png?fit=180%2C81&ssl=1\",\"contentUrl\":\"https:\/\/i0.wp.com\/www.alanyaproperties.com\/wp-content\/uploads\/2017\/06\/alanya-properties-logo-180to.png?fit=180%2C81&ssl=1\",\"width\":180,\"height\":81,\"caption\":\"Alanya Properties\"},\"image\":{\"@id\":\"https:\/\/www.alanyaproperties.com\/fi\/#\/schema\/logo\/image\/\"},\"sameAs\":[\"https:\/\/www.facebook.com\/alanyaproperties\/\",\"https:\/\/x.com\/alanyapro\",\"https:\/\/www.instagram.com\/alanyaproperties\/\",\"https:\/\/www.youtube.com\/c\/AlanyaProperties\"]},{\"@type\":\"Person\",\"@id\":\"https:\/\/www.alanyaproperties.com\/fi\/#\/schema\/person\/1afbb08f40fd885d11a264b27d522a91\",\"name\":\"Martina\",\"image\":{\"@type\":\"ImageObject\",\"inLanguage\":\"fi\",\"@id\":\"https:\/\/www.alanyaproperties.com\/fi\/#\/schema\/person\/image\/\",\"url\":\"https:\/\/secure.gravatar.com\/avatar\/03671da5077080905f541f86ab66acf8?s=96&d=mm&r=g\",\"contentUrl\":\"https:\/\/secure.gravatar.com\/avatar\/03671da5077080905f541f86ab66acf8?s=96&d=mm&r=g\",\"caption\":\"Martina\"},\"url\":\"https:\/\/www.alanyaproperties.com\/fi\/author\/martina\/\"}]}<\/script>\n<!-- \/ Yoast SEO plugin. -->","yoast_head_json":{"title":"Kermes-markkinat Cikcilliss\u00e4, Alanyassa 14.11. - 23.11.2014 - Properties in Alanya.","description":"Kermes-markkinat Cikcilliss\u00e4, Alanyassa 14.11. - 23.11.2014 - Properties in Alanya.","robots":{"index":"index","follow":"follow","max-snippet":"max-snippet:-1","max-image-preview":"max-image-preview:large","max-video-preview":"max-video-preview:-1"},"canonical":"https:\/\/www.alanyaproperties.com\/fi\/uutisia-turkista\/kermes-cikcilli-alanya-3\/","og_locale":"fi_FI","og_type":"article","og_title":"Kermes-markkinat Cikcilliss\u00e4, Alanyassa 14.11. - 23.11.2014 - Properties in Alanya.","og_description":"Kermes-markkinat Cikcilliss\u00e4, Alanyassa 14.11. - 23.11.2014 - Properties in Alanya.","og_url":"https:\/\/www.alanyaproperties.com\/fi\/uutisia-turkista\/kermes-cikcilli-alanya-3\/","og_site_name":"Properties in Alanya.","article_publisher":"https:\/\/www.facebook.com\/alanyaproperties\/","article_published_time":"2014-11-15T09:38:10+00:00","og_image":[{"width":463,"height":651,"url":"https:\/\/www.alanyaproperties.com\/wp-content\/uploads\/2014\/11\/kermes cikcilli alanya.jpg","type":"image\/jpeg"}],"author":"Martina","twitter_card":"summary_large_image","twitter_creator":"@alanyapro","twitter_site":"@alanyapro","twitter_misc":{"Kirjoittanut":"Martina"},"schema":{"@context":"https:\/\/schema.org","@graph":[{"@type":"Article","@id":"https:\/\/www.alanyaproperties.com\/fi\/uutisia-turkista\/kermes-cikcilli-alanya-3\/#article","isPartOf":{"@id":"https:\/\/www.alanyaproperties.com\/fi\/uutisia-turkista\/kermes-cikcilli-alanya-3\/"},"author":{"name":"Martina","@id":"https:\/\/www.alanyaproperties.com\/fi\/#\/schema\/person\/1afbb08f40fd885d11a264b27d522a91"},"headline":"Kermes-markkinat Cikcilliss\u00e4, Alanyassa 14.11. &#8211; 23.11.2014","datePublished":"2014-11-15T09:38:10+00:00","dateModified":"2014-11-15T09:38:10+00:00","mainEntityOfPage":{"@id":"https:\/\/www.alanyaproperties.com\/fi\/uutisia-turkista\/kermes-cikcilli-alanya-3\/"},"wordCount":43,"commentCount":0,"publisher":{"@id":"https:\/\/www.alanyaproperties.com\/fi\/#organization"},"image":{"@id":"https:\/\/www.alanyaproperties.com\/fi\/uutisia-turkista\/kermes-cikcilli-alanya-3\/#primaryimage"},"thumbnailUrl":"https:\/\/i0.wp.com\/www.alanyaproperties.com\/wp-content\/uploads\/2014\/11\/kermes cikcilli alanya.jpg?fit=463%2C651&ssl=1","keywords":["14.11.2014","markkinat"],"articleSection":["Uutisia Turkista"],"inLanguage":"fi"},{"@type":"WebPage","@id":"https:\/\/www.alanyaproperties.com\/fi\/uutisia-turkista\/kermes-cikcilli-alanya-3\/","url":"https:\/\/www.alanyaproperties.com\/fi\/uutisia-turkista\/kermes-cikcilli-alanya-3\/","name":"Kermes-markkinat Cikcilliss\u00e4, Alanyassa 14.11. - 23.11.2014 - Properties in Alanya.","isPartOf":{"@id":"https:\/\/www.alanyaproperties.com\/fi\/#website"},"primaryImageOfPage":{"@id":"https:\/\/www.alanyaproperties.com\/fi\/uutisia-turkista\/kermes-cikcilli-alanya-3\/#primaryimage"},"image":{"@id":"https:\/\/www.alanyaproperties.com\/fi\/uutisia-turkista\/kermes-cikcilli-alanya-3\/#primaryimage"},"thumbnailUrl":"https:\/\/i0.wp.com\/www.alanyaproperties.com\/wp-content\/uploads\/2014\/11\/kermes cikcilli alanya.jpg?fit=463%2C651&ssl=1","datePublished":"2014-11-15T09:38:10+00:00","dateModified":"2014-11-15T09:38:10+00:00","description":"Kermes-markkinat Cikcilliss\u00e4, Alanyassa 14.11. - 23.11.2014 - Properties in Alanya.","breadcrumb":{"@id":"https:\/\/www.alanyaproperties.com\/fi\/uutisia-turkista\/kermes-cikcilli-alanya-3\/#breadcrumb"},"inLanguage":"fi","potentialAction":[{"@type":"ReadAction","target":["https:\/\/www.alanyaproperties.com\/fi\/uutisia-turkista\/kermes-cikcilli-alanya-3\/"]}]},{"@type":"ImageObject","inLanguage":"fi","@id":"https:\/\/www.alanyaproperties.com\/fi\/uutisia-turkista\/kermes-cikcilli-alanya-3\/#primaryimage","url":"https:\/\/i0.wp.com\/www.alanyaproperties.com\/wp-content\/uploads\/2014\/11\/kermes cikcilli alanya.jpg?fit=463%2C651&ssl=1","contentUrl":"https:\/\/i0.wp.com\/www.alanyaproperties.com\/wp-content\/uploads\/2014\/11\/kermes cikcilli alanya.jpg?fit=463%2C651&ssl=1","width":463,"height":651},{"@type":"BreadcrumbList","@id":"https:\/\/www.alanyaproperties.com\/fi\/uutisia-turkista\/kermes-cikcilli-alanya-3\/#breadcrumb","itemListElement":[{"@type":"ListItem","position":1,"name":"Home","item":"https:\/\/www.alanyaproperties.com\/fi\/"},{"@type":"ListItem","position":2,"name":"Kermes-markkinat Cikcilliss\u00e4, Alanyassa 14.11. &#8211; 23.11.2014"}]},{"@type":"WebSite","@id":"https:\/\/www.alanyaproperties.com\/fi\/#website","url":"https:\/\/www.alanyaproperties.com\/fi\/","name":"Properties in Alanya.","description":"Properties in Alanya.","publisher":{"@id":"https:\/\/www.alanyaproperties.com\/fi\/#organization"},"potentialAction":[{"@type":"SearchAction","target":{"@type":"EntryPoint","urlTemplate":"https:\/\/www.alanyaproperties.com\/fi\/?s={search_term_string}"},"query-input":"required name=search_term_string"}],"inLanguage":"fi"},{"@type":"Organization","@id":"https:\/\/www.alanyaproperties.com\/fi\/#organization","name":"Alanya Properties","url":"https:\/\/www.alanyaproperties.com\/fi\/","logo":{"@type":"ImageObject","inLanguage":"fi","@id":"https:\/\/www.alanyaproperties.com\/fi\/#\/schema\/logo\/image\/","url":"https:\/\/i0.wp.com\/www.alanyaproperties.com\/wp-content\/uploads\/2017\/06\/alanya-properties-logo-180to.png?fit=180%2C81&ssl=1","contentUrl":"https:\/\/i0.wp.com\/www.alanyaproperties.com\/wp-content\/uploads\/2017\/06\/alanya-properties-logo-180to.png?fit=180%2C81&ssl=1","width":180,"height":81,"caption":"Alanya Properties"},"image":{"@id":"https:\/\/www.alanyaproperties.com\/fi\/#\/schema\/logo\/image\/"},"sameAs":["https:\/\/www.facebook.com\/alanyaproperties\/","https:\/\/x.com\/alanyapro","https:\/\/www.instagram.com\/alanyaproperties\/","https:\/\/www.youtube.com\/c\/AlanyaProperties"]},{"@type":"Person","@id":"https:\/\/www.alanyaproperties.com\/fi\/#\/schema\/person\/1afbb08f40fd885d11a264b27d522a91","name":"Martina","image":{"@type":"ImageObject","inLanguage":"fi","@id":"https:\/\/www.alanyaproperties.com\/fi\/#\/schema\/person\/image\/","url":"https:\/\/secure.gravatar.com\/avatar\/03671da5077080905f541f86ab66acf8?s=96&d=mm&r=g","contentUrl":"https:\/\/secure.gravatar.com\/avatar\/03671da5077080905f541f86ab66acf8?s=96&d=mm&r=g","caption":"Martina"},"url":"https:\/\/www.alanyaproperties.com\/fi\/author\/martina\/"}]}},"jetpack_sharing_enabled":true,"jetpack_featured_media_url":"https:\/\/i0.wp.com\/www.alanyaproperties.com\/wp-content\/uploads\/2014\/11\/kermes cikcilli alanya.jpg?fit=463%2C651&ssl=1","_links":{"self":[{"href":"https:\/\/www.alanyaproperties.com\/fi\/wp-json\/wp\/v2\/posts\/3739"}],"collection":[{"href":"https:\/\/www.alanyaproperties.com\/fi\/wp-json\/wp\/v2\/posts"}],"about":[{"href":"https:\/\/www.alanyaproperties.com\/fi\/wp-json\/wp\/v2\/types\/post"}],"author":[{"embeddable":true,"href":"https:\/\/www.alanyaproperties.com\/fi\/wp-json\/wp\/v2\/users\/32"}],"replies":[{"embeddable":true,"href":"https:\/\/www.alanyaproperties.com\/fi\/wp-json\/wp\/v2\/comments?post=3739"}],"version-history":[{"count":0,"href":"https:\/\/www.alanyaproperties.com\/fi\/wp-json\/wp\/v2\/posts\/3739\/revisions"}],"wp:featuredmedia":[{"embeddable":true,"href":"https:\/\/www.alanyaproperties.com\/fi\/wp-json\/wp\/v2\/media\/3736"}],"wp:attachment":[{"href":"https:\/\/www.alanyaproperties.com\/fi\/wp-json\/wp\/v2\/media?parent=3739"}],"wp:term":[{"taxonomy":"category","embeddable":true,"href":"https:\/\/www.alanyaproperties.com\/fi\/wp-json\/wp\/v2\/categories?post=3739"},{"taxonomy":"post_tag","embeddable":true,"href":"https:\/\/www.alanyaproperties.com\/fi\/wp-json\/wp\/v2\/tags?post=3739"}],"curies":[{"name":"wp","href":"https:\/\/api.w.org\/{rel}","templated":true}]}}