{"id":3733,"date":"2014-10-01T16:13:55","date_gmt":"2014-10-01T16:13:55","guid":{"rendered":"http:\/\/www.alanyaproperties.com\/kurban-bayram-uhrijuhla-410-7102014\/"},"modified":"2017-01-21T20:55:47","modified_gmt":"2017-01-21T20:55:47","slug":"kurban-bayram-uhrijuhla-410-7102014","status":"publish","type":"post","link":"https:\/\/www.alanyaproperties.com\/fi\/uncategorized\/kurban-bayram-uhrijuhla-410-7102014\/","title":{"rendered":"Kurban Bayram\u0131 &#8211; Uhrijuhla 4.10. &#8211; 7.10.2014"},"content":{"rendered":"<p style=\"line-height: 25.6000003814697px; text-align: center;\"> \t<strong><img loading=\"lazy\" decoding=\"async\" class=\" size-full wp-image-3718\" alt=\"Uhrijuhla, Kurban Bayrami 2014\" src=\"https:\/\/i0.wp.com\/www.alanyaproperties.com\/wp-content\/uploads\/2014\/10\/kurban%20bayrami%20uhrijuhla%202014%20turkki%20juhlapyh%201.jpg?resize=1170%2C690\" style=\"height: 250px; width: 360px;\" title=\"Uhrijuhla, Kurban Bayrami 2014\" width=\"1170\" height=\"690\" data-recalc-dims=\"1\" \/><img loading=\"lazy\" decoding=\"async\" class=\" size-full wp-image-3719\" alt=\"Kurban Bayrami, Uhrijuhla 2014, Turkki\" src=\"https:\/\/i0.wp.com\/www.alanyaproperties.com\/wp-content\/uploads\/2014\/10\/kurban%20bayrami%20uhrijuhla%202014%20turkki%20juhlapyh%202.jpg?resize=1170%2C914\" style=\"height: 250px; width: 360px;\" title=\"Kurban Bayrami, Uhrijuhla 2014, Turkki\" width=\"1170\" height=\"914\" data-recalc-dims=\"1\" \/><\/strong><\/p>\n<p style=\"line-height: 25.6000003814697px; text-align: center;\"> \t<strong>T\u00e4n\u00e4 vuonna Turkissa vietet\u00e4\u00e4n Kurban Bayramia eli uhrijuhlaa, v\u00e4lill\u00e4 4.10 &#8211; 7.10.2014.<\/strong><\/p>\n<p style=\"line-height: 25.6000003814697px;\"> \tUhrijuhlan viett\u00e4minen perustuu tarinaan siit\u00e4, kuinka profeetta Abraham olisi ollut valmis uhraamaan jopa ainoan poikansa, toteuttaakseen Allahin k\u00e4sky\u00e4.<\/p>\n<p style=\"line-height: 25.6000003814697px;\"> \t<strong>Kurban Bayram\u0131<\/strong>&nbsp;on yksi vanhimmista Islaminuskon juhlapyhist\u00e4 Turkissa. Perjantai-iltap\u00e4iv\u00e4st\u00e4 seuraavan nelj\u00e4n p\u00e4iv\u00e4n ajan valtion virastot, koulut, pankit, apteekit sek\u00e4 postitoimistot yleens\u00e4 kiinni. My\u00f6s osa kaupoista ja marketeista saattaa olla auki hieman tavallisista aukioloajoista poiketen. My\u00f6skin julkisen liikenteen aikatauluissa voi olla muutoksia pyhien aikana, on my\u00f6s syyt\u00e4 varautua liikenneruuhkiin pyhien aikana.<\/p>\n<p style=\"line-height: 25.6000003814697px;\"> \tUhrijuhlan perinteeseen kuuluu, ett\u00e4 perheet uhraavat yleens\u00e4 lampaan tai vuohen, josta he itse pit\u00e4v\u00e4t yhden kolmasosan, lahjoittavat naapureille ja yst\u00e4ville toisen kolmanneksen ja k\u00f6yhemm\u00e4lle, v\u00e4h\u00e4varaiselle perheelle kolmannen kolmanneksen.<\/p>\n<p style=\"line-height: 25.6000003814697px;\"> \tKatujen varsille perustetaan myyntipaikkoja, joissa n\u00e4it\u00e4 el\u00e4imi\u00e4 myyd\u00e4\u00e4n teurastettavaksi.<\/p>\n<p style=\"line-height: 25.6000003814697px;\"> \tT\u00e4m\u00e4n juhlapyh\u00e4n perinteisiin kuuluu my\u00f6s viett\u00e4\u00e4 paljon aikaa yhdess\u00e4 perheen ja sukulaisten kanssa.<\/p>\n<p style=\"line-height: 25.6000003814697px;\"> \t<strong>N\u00e4m\u00e4 kuvat on otettu&nbsp;<a href=\"http:\/\/www.alanyaproperties.com\/lang-fi\/turkkitietoa-yleistietoa-turkista\/alanya-turkki.html\" name=\"Alanya, Turkki\" target=\"_blank\" title=\"Turkin, Alanyasta lis\u00e4tietoa\" type=\"Tietoa Alanyan kaupungista\">Alanyan<\/a>&nbsp;<a href=\"http:\/\/www.alanyaproperties.com\/fi\/cikcilli-alanya-yleistietoa-cikcillistae-alanyasta-turkista\/\" name=\"Cikcilli, Alanya, Turkki\" target=\"_blank\" title=\"Tietoa Alanyan Cikcillist\u00e4\" type=\"Cikcilli, Alanya\">Cikcillist\u00e4<\/a>, jossa katujen varsille on rakennettu useita myyntipaikkoja.<\/strong><\/p>\n<p style=\"line-height: 25.6000003814697px; text-align: center;\"> \t<strong><img loading=\"lazy\" decoding=\"async\" class=\" size-full wp-image-3720\" alt=\"Uhrijuhla 2014, 4.10. - 7.10.2014\" src=\"https:\/\/i0.wp.com\/www.alanyaproperties.com\/wp-content\/uploads\/2014\/10\/kurban%20bayrami%20uhrijuhla%202014%20turkki%20juhlapyh%203.jpg?resize=1170%2C878\" style=\"height: 250px; width: 360px;\" title=\"Kurban Bayrami, Uhrijuhla 2014\" width=\"1170\" height=\"878\" data-recalc-dims=\"1\" \/><img loading=\"lazy\" decoding=\"async\" class=\" size-full wp-image-3732\" alt=\"Uhrijuhla, Kurban Bayrami 2014\" src=\"https:\/\/i0.wp.com\/www.alanyaproperties.com\/wp-content\/uploads\/2014\/10\/kurban%20bayrami%20uhrijuhla%202014%20turkki%20juhlapyh%204.jpg?resize=1170%2C878\" style=\"width: 360px; height: 250px;\" title=\"Kurban Bayrami, Uhrijuhla 2014\" width=\"1170\" height=\"878\" data-recalc-dims=\"1\" \/><\/strong><\/p>\n","protected":false},"excerpt":{"rendered":"<p>T\u00e4n\u00e4 vuonna Turkissa vietet\u00e4\u00e4n Kurban Bayramia eli uhrijuhlaa, v\u00e4lill\u00e4 4.10 &#8211; 7.10.2014. Uhrijuhlan viett\u00e4minen perustuu tarinaan siit\u00e4, kuinka profeetta Abraham olisi ollut valmis uhraamaan jopa ainoan poikansa, toteuttaakseen Allahin k\u00e4sky\u00e4. Kurban Bayram\u0131&nbsp;on yksi vanhimmista Islaminuskon juhlapyhist\u00e4 Turkissa. Perjantai-iltap\u00e4iv\u00e4st\u00e4 seuraavan nelj\u00e4n p\u00e4iv\u00e4n ajan valtion virastot, koulut, pankit, apteekit sek\u00e4 postitoimistot yleens\u00e4 kiinni. My\u00f6s osa kaupoista ja [&hellip;]<\/p>\n","protected":false},"author":42,"featured_media":3718,"comment_status":"open","ping_status":"closed","sticky":false,"template":"","format":"standard","meta":{"footnotes":""},"categories":[1,1896],"tags":[],"yoast_head":"<!-- This site is optimized with the Yoast SEO plugin v22.6 - https:\/\/yoast.com\/wordpress\/plugins\/seo\/ -->\n<title>Kurban Bayram\u0131 - Uhrijuhla 4.10. - 7.10.2014 - Properties in Alanya.<\/title>\n<meta name=\"description\" content=\"Kurban Bayram\u0131 - Uhrijuhla 4.10. - 7.10.2014 - Properties in Alanya.\" \/>\n<meta name=\"robots\" content=\"index, follow, max-snippet:-1, max-image-preview:large, max-video-preview:-1\" \/>\n<link rel=\"canonical\" href=\"https:\/\/www.alanyaproperties.com\/fi\/uncategorized\/kurban-bayram-uhrijuhla-410-7102014\/\" \/>\n<meta property=\"og:locale\" content=\"fi_FI\" \/>\n<meta property=\"og:type\" content=\"article\" \/>\n<meta property=\"og:title\" content=\"Kurban Bayram\u0131 - Uhrijuhla 4.10. - 7.10.2014 - Properties in Alanya.\" \/>\n<meta property=\"og:description\" content=\"Kurban Bayram\u0131 - Uhrijuhla 4.10. - 7.10.2014 - Properties in Alanya.\" \/>\n<meta property=\"og:url\" content=\"https:\/\/www.alanyaproperties.com\/fi\/uncategorized\/kurban-bayram-uhrijuhla-410-7102014\/\" \/>\n<meta property=\"og:site_name\" content=\"Properties in Alanya.\" \/>\n<meta property=\"article:publisher\" content=\"https:\/\/www.facebook.com\/alanyaproperties\/\" \/>\n<meta property=\"article:published_time\" content=\"2014-10-01T16:13:55+00:00\" \/>\n<meta property=\"article:modified_time\" content=\"2017-01-21T20:55:47+00:00\" \/>\n<meta property=\"og:image\" content=\"https:\/\/www.alanyaproperties.com\/wp-content\/uploads\/2014\/10\/kurban%20bayrami%20uhrijuhla%202014%20turkki%20juhlapyh%201.jpg\" \/>\n\t<meta property=\"og:image:width\" content=\"1280\" \/>\n\t<meta property=\"og:image:height\" content=\"755\" \/>\n\t<meta property=\"og:image:type\" content=\"image\/jpeg\" \/>\n<meta name=\"author\" content=\"Yusuf Ekinci\" \/>\n<meta name=\"twitter:card\" content=\"summary_large_image\" \/>\n<meta name=\"twitter:creator\" content=\"@alanyapro\" \/>\n<meta name=\"twitter:site\" content=\"@alanyapro\" \/>\n<meta name=\"twitter:label1\" content=\"Kirjoittanut\" \/>\n\t<meta name=\"twitter:data1\" content=\"Yusuf Ekinci\" \/>\n\t<meta name=\"twitter:label2\" content=\"Arvioitu lukuaika\" \/>\n\t<meta name=\"twitter:data2\" content=\"1 minuutti\" \/>\n<script type=\"application\/ld+json\" class=\"yoast-schema-graph\">{\"@context\":\"https:\/\/schema.org\",\"@graph\":[{\"@type\":\"Article\",\"@id\":\"https:\/\/www.alanyaproperties.com\/fi\/uncategorized\/kurban-bayram-uhrijuhla-410-7102014\/#article\",\"isPartOf\":{\"@id\":\"https:\/\/www.alanyaproperties.com\/fi\/uncategorized\/kurban-bayram-uhrijuhla-410-7102014\/\"},\"author\":{\"name\":\"Yusuf Ekinci\",\"@id\":\"https:\/\/www.alanyaproperties.com\/fi\/#\/schema\/person\/8a92cc9600cbc25fcc67c304ba14680c\"},\"headline\":\"Kurban Bayram\u0131 &#8211; Uhrijuhla 4.10. &#8211; 7.10.2014\",\"datePublished\":\"2014-10-01T16:13:55+00:00\",\"dateModified\":\"2017-01-21T20:55:47+00:00\",\"mainEntityOfPage\":{\"@id\":\"https:\/\/www.alanyaproperties.com\/fi\/uncategorized\/kurban-bayram-uhrijuhla-410-7102014\/\"},\"wordCount\":177,\"commentCount\":0,\"publisher\":{\"@id\":\"https:\/\/www.alanyaproperties.com\/fi\/#organization\"},\"image\":{\"@id\":\"https:\/\/www.alanyaproperties.com\/fi\/uncategorized\/kurban-bayram-uhrijuhla-410-7102014\/#primaryimage\"},\"thumbnailUrl\":\"https:\/\/i0.wp.com\/www.alanyaproperties.com\/wp-content\/uploads\/2014\/10\/kurban bayrami uhrijuhla 2014 turkki juhlapyh 1.jpg?fit=1280%2C755&ssl=1\",\"articleSection\":[\"Uncategorized\",\"Uutisia Turkista\"],\"inLanguage\":\"fi\"},{\"@type\":\"WebPage\",\"@id\":\"https:\/\/www.alanyaproperties.com\/fi\/uncategorized\/kurban-bayram-uhrijuhla-410-7102014\/\",\"url\":\"https:\/\/www.alanyaproperties.com\/fi\/uncategorized\/kurban-bayram-uhrijuhla-410-7102014\/\",\"name\":\"Kurban Bayram\u0131 - Uhrijuhla 4.10. - 7.10.2014 - Properties in Alanya.\",\"isPartOf\":{\"@id\":\"https:\/\/www.alanyaproperties.com\/fi\/#website\"},\"primaryImageOfPage\":{\"@id\":\"https:\/\/www.alanyaproperties.com\/fi\/uncategorized\/kurban-bayram-uhrijuhla-410-7102014\/#primaryimage\"},\"image\":{\"@id\":\"https:\/\/www.alanyaproperties.com\/fi\/uncategorized\/kurban-bayram-uhrijuhla-410-7102014\/#primaryimage\"},\"thumbnailUrl\":\"https:\/\/i0.wp.com\/www.alanyaproperties.com\/wp-content\/uploads\/2014\/10\/kurban bayrami uhrijuhla 2014 turkki juhlapyh 1.jpg?fit=1280%2C755&ssl=1\",\"datePublished\":\"2014-10-01T16:13:55+00:00\",\"dateModified\":\"2017-01-21T20:55:47+00:00\",\"description\":\"Kurban Bayram\u0131 - Uhrijuhla 4.10. - 7.10.2014 - Properties in Alanya.\",\"breadcrumb\":{\"@id\":\"https:\/\/www.alanyaproperties.com\/fi\/uncategorized\/kurban-bayram-uhrijuhla-410-7102014\/#breadcrumb\"},\"inLanguage\":\"fi\",\"potentialAction\":[{\"@type\":\"ReadAction\",\"target\":[\"https:\/\/www.alanyaproperties.com\/fi\/uncategorized\/kurban-bayram-uhrijuhla-410-7102014\/\"]}]},{\"@type\":\"ImageObject\",\"inLanguage\":\"fi\",\"@id\":\"https:\/\/www.alanyaproperties.com\/fi\/uncategorized\/kurban-bayram-uhrijuhla-410-7102014\/#primaryimage\",\"url\":\"https:\/\/i0.wp.com\/www.alanyaproperties.com\/wp-content\/uploads\/2014\/10\/kurban bayrami uhrijuhla 2014 turkki juhlapyh 1.jpg?fit=1280%2C755&ssl=1\",\"contentUrl\":\"https:\/\/i0.wp.com\/www.alanyaproperties.com\/wp-content\/uploads\/2014\/10\/kurban bayrami uhrijuhla 2014 turkki juhlapyh 1.jpg?fit=1280%2C755&ssl=1\",\"width\":1280,\"height\":755,\"caption\":\"Uhrijuhla, Kurban Bayrami 2014\"},{\"@type\":\"BreadcrumbList\",\"@id\":\"https:\/\/www.alanyaproperties.com\/fi\/uncategorized\/kurban-bayram-uhrijuhla-410-7102014\/#breadcrumb\",\"itemListElement\":[{\"@type\":\"ListItem\",\"position\":1,\"name\":\"Home\",\"item\":\"https:\/\/www.alanyaproperties.com\/fi\/\"},{\"@type\":\"ListItem\",\"position\":2,\"name\":\"Kurban Bayram\u0131 &#8211; Uhrijuhla 4.10. &#8211; 7.10.2014\"}]},{\"@type\":\"WebSite\",\"@id\":\"https:\/\/www.alanyaproperties.com\/fi\/#website\",\"url\":\"https:\/\/www.alanyaproperties.com\/fi\/\",\"name\":\"Properties in Alanya.\",\"description\":\"Properties in Alanya.\",\"publisher\":{\"@id\":\"https:\/\/www.alanyaproperties.com\/fi\/#organization\"},\"potentialAction\":[{\"@type\":\"SearchAction\",\"target\":{\"@type\":\"EntryPoint\",\"urlTemplate\":\"https:\/\/www.alanyaproperties.com\/fi\/?s={search_term_string}\"},\"query-input\":\"required name=search_term_string\"}],\"inLanguage\":\"fi\"},{\"@type\":\"Organization\",\"@id\":\"https:\/\/www.alanyaproperties.com\/fi\/#organization\",\"name\":\"Alanya Properties\",\"url\":\"https:\/\/www.alanyaproperties.com\/fi\/\",\"logo\":{\"@type\":\"ImageObject\",\"inLanguage\":\"fi\",\"@id\":\"https:\/\/www.alanyaproperties.com\/fi\/#\/schema\/logo\/image\/\",\"url\":\"https:\/\/i0.wp.com\/www.alanyaproperties.com\/wp-content\/uploads\/2017\/06\/alanya-properties-logo-180to.png?fit=180%2C81&ssl=1\",\"contentUrl\":\"https:\/\/i0.wp.com\/www.alanyaproperties.com\/wp-content\/uploads\/2017\/06\/alanya-properties-logo-180to.png?fit=180%2C81&ssl=1\",\"width\":180,\"height\":81,\"caption\":\"Alanya Properties\"},\"image\":{\"@id\":\"https:\/\/www.alanyaproperties.com\/fi\/#\/schema\/logo\/image\/\"},\"sameAs\":[\"https:\/\/www.facebook.com\/alanyaproperties\/\",\"https:\/\/x.com\/alanyapro\",\"https:\/\/www.instagram.com\/alanyaproperties\/\",\"https:\/\/www.youtube.com\/c\/AlanyaProperties\"]},{\"@type\":\"Person\",\"@id\":\"https:\/\/www.alanyaproperties.com\/fi\/#\/schema\/person\/8a92cc9600cbc25fcc67c304ba14680c\",\"name\":\"Yusuf Ekinci\",\"image\":{\"@type\":\"ImageObject\",\"inLanguage\":\"fi\",\"@id\":\"https:\/\/www.alanyaproperties.com\/fi\/#\/schema\/person\/image\/\",\"url\":\"https:\/\/secure.gravatar.com\/avatar\/aed1d8afe914e0136d015d60f22bd285?s=96&d=mm&r=g\",\"contentUrl\":\"https:\/\/secure.gravatar.com\/avatar\/aed1d8afe914e0136d015d60f22bd285?s=96&d=mm&r=g\",\"caption\":\"Yusuf Ekinci\"},\"sameAs\":[\"http:\/\/alanya-web.com\"],\"url\":\"https:\/\/www.alanyaproperties.com\/fi\/author\/admin\/\"}]}<\/script>\n<!-- \/ Yoast SEO plugin. -->","yoast_head_json":{"title":"Kurban Bayram\u0131 - Uhrijuhla 4.10. - 7.10.2014 - Properties in Alanya.","description":"Kurban Bayram\u0131 - Uhrijuhla 4.10. - 7.10.2014 - Properties in Alanya.","robots":{"index":"index","follow":"follow","max-snippet":"max-snippet:-1","max-image-preview":"max-image-preview:large","max-video-preview":"max-video-preview:-1"},"canonical":"https:\/\/www.alanyaproperties.com\/fi\/uncategorized\/kurban-bayram-uhrijuhla-410-7102014\/","og_locale":"fi_FI","og_type":"article","og_title":"Kurban Bayram\u0131 - Uhrijuhla 4.10. - 7.10.2014 - Properties in Alanya.","og_description":"Kurban Bayram\u0131 - Uhrijuhla 4.10. - 7.10.2014 - Properties in Alanya.","og_url":"https:\/\/www.alanyaproperties.com\/fi\/uncategorized\/kurban-bayram-uhrijuhla-410-7102014\/","og_site_name":"Properties in Alanya.","article_publisher":"https:\/\/www.facebook.com\/alanyaproperties\/","article_published_time":"2014-10-01T16:13:55+00:00","article_modified_time":"2017-01-21T20:55:47+00:00","og_image":[{"width":1280,"height":755,"url":"https:\/\/www.alanyaproperties.com\/wp-content\/uploads\/2014\/10\/kurban bayrami uhrijuhla 2014 turkki juhlapyh 1.jpg","type":"image\/jpeg"}],"author":"Yusuf Ekinci","twitter_card":"summary_large_image","twitter_creator":"@alanyapro","twitter_site":"@alanyapro","twitter_misc":{"Kirjoittanut":"Yusuf Ekinci","Arvioitu lukuaika":"1 minuutti"},"schema":{"@context":"https:\/\/schema.org","@graph":[{"@type":"Article","@id":"https:\/\/www.alanyaproperties.com\/fi\/uncategorized\/kurban-bayram-uhrijuhla-410-7102014\/#article","isPartOf":{"@id":"https:\/\/www.alanyaproperties.com\/fi\/uncategorized\/kurban-bayram-uhrijuhla-410-7102014\/"},"author":{"name":"Yusuf Ekinci","@id":"https:\/\/www.alanyaproperties.com\/fi\/#\/schema\/person\/8a92cc9600cbc25fcc67c304ba14680c"},"headline":"Kurban Bayram\u0131 &#8211; Uhrijuhla 4.10. &#8211; 7.10.2014","datePublished":"2014-10-01T16:13:55+00:00","dateModified":"2017-01-21T20:55:47+00:00","mainEntityOfPage":{"@id":"https:\/\/www.alanyaproperties.com\/fi\/uncategorized\/kurban-bayram-uhrijuhla-410-7102014\/"},"wordCount":177,"commentCount":0,"publisher":{"@id":"https:\/\/www.alanyaproperties.com\/fi\/#organization"},"image":{"@id":"https:\/\/www.alanyaproperties.com\/fi\/uncategorized\/kurban-bayram-uhrijuhla-410-7102014\/#primaryimage"},"thumbnailUrl":"https:\/\/i0.wp.com\/www.alanyaproperties.com\/wp-content\/uploads\/2014\/10\/kurban bayrami uhrijuhla 2014 turkki juhlapyh 1.jpg?fit=1280%2C755&ssl=1","articleSection":["Uncategorized","Uutisia Turkista"],"inLanguage":"fi"},{"@type":"WebPage","@id":"https:\/\/www.alanyaproperties.com\/fi\/uncategorized\/kurban-bayram-uhrijuhla-410-7102014\/","url":"https:\/\/www.alanyaproperties.com\/fi\/uncategorized\/kurban-bayram-uhrijuhla-410-7102014\/","name":"Kurban Bayram\u0131 - Uhrijuhla 4.10. - 7.10.2014 - Properties in Alanya.","isPartOf":{"@id":"https:\/\/www.alanyaproperties.com\/fi\/#website"},"primaryImageOfPage":{"@id":"https:\/\/www.alanyaproperties.com\/fi\/uncategorized\/kurban-bayram-uhrijuhla-410-7102014\/#primaryimage"},"image":{"@id":"https:\/\/www.alanyaproperties.com\/fi\/uncategorized\/kurban-bayram-uhrijuhla-410-7102014\/#primaryimage"},"thumbnailUrl":"https:\/\/i0.wp.com\/www.alanyaproperties.com\/wp-content\/uploads\/2014\/10\/kurban bayrami uhrijuhla 2014 turkki juhlapyh 1.jpg?fit=1280%2C755&ssl=1","datePublished":"2014-10-01T16:13:55+00:00","dateModified":"2017-01-21T20:55:47+00:00","description":"Kurban Bayram\u0131 - Uhrijuhla 4.10. - 7.10.2014 - Properties in Alanya.","breadcrumb":{"@id":"https:\/\/www.alanyaproperties.com\/fi\/uncategorized\/kurban-bayram-uhrijuhla-410-7102014\/#breadcrumb"},"inLanguage":"fi","potentialAction":[{"@type":"ReadAction","target":["https:\/\/www.alanyaproperties.com\/fi\/uncategorized\/kurban-bayram-uhrijuhla-410-7102014\/"]}]},{"@type":"ImageObject","inLanguage":"fi","@id":"https:\/\/www.alanyaproperties.com\/fi\/uncategorized\/kurban-bayram-uhrijuhla-410-7102014\/#primaryimage","url":"https:\/\/i0.wp.com\/www.alanyaproperties.com\/wp-content\/uploads\/2014\/10\/kurban bayrami uhrijuhla 2014 turkki juhlapyh 1.jpg?fit=1280%2C755&ssl=1","contentUrl":"https:\/\/i0.wp.com\/www.alanyaproperties.com\/wp-content\/uploads\/2014\/10\/kurban bayrami uhrijuhla 2014 turkki juhlapyh 1.jpg?fit=1280%2C755&ssl=1","width":1280,"height":755,"caption":"Uhrijuhla, Kurban Bayrami 2014"},{"@type":"BreadcrumbList","@id":"https:\/\/www.alanyaproperties.com\/fi\/uncategorized\/kurban-bayram-uhrijuhla-410-7102014\/#breadcrumb","itemListElement":[{"@type":"ListItem","position":1,"name":"Home","item":"https:\/\/www.alanyaproperties.com\/fi\/"},{"@type":"ListItem","position":2,"name":"Kurban Bayram\u0131 &#8211; Uhrijuhla 4.10. &#8211; 7.10.2014"}]},{"@type":"WebSite","@id":"https:\/\/www.alanyaproperties.com\/fi\/#website","url":"https:\/\/www.alanyaproperties.com\/fi\/","name":"Properties in Alanya.","description":"Properties in Alanya.","publisher":{"@id":"https:\/\/www.alanyaproperties.com\/fi\/#organization"},"potentialAction":[{"@type":"SearchAction","target":{"@type":"EntryPoint","urlTemplate":"https:\/\/www.alanyaproperties.com\/fi\/?s={search_term_string}"},"query-input":"required name=search_term_string"}],"inLanguage":"fi"},{"@type":"Organization","@id":"https:\/\/www.alanyaproperties.com\/fi\/#organization","name":"Alanya Properties","url":"https:\/\/www.alanyaproperties.com\/fi\/","logo":{"@type":"ImageObject","inLanguage":"fi","@id":"https:\/\/www.alanyaproperties.com\/fi\/#\/schema\/logo\/image\/","url":"https:\/\/i0.wp.com\/www.alanyaproperties.com\/wp-content\/uploads\/2017\/06\/alanya-properties-logo-180to.png?fit=180%2C81&ssl=1","contentUrl":"https:\/\/i0.wp.com\/www.alanyaproperties.com\/wp-content\/uploads\/2017\/06\/alanya-properties-logo-180to.png?fit=180%2C81&ssl=1","width":180,"height":81,"caption":"Alanya Properties"},"image":{"@id":"https:\/\/www.alanyaproperties.com\/fi\/#\/schema\/logo\/image\/"},"sameAs":["https:\/\/www.facebook.com\/alanyaproperties\/","https:\/\/x.com\/alanyapro","https:\/\/www.instagram.com\/alanyaproperties\/","https:\/\/www.youtube.com\/c\/AlanyaProperties"]},{"@type":"Person","@id":"https:\/\/www.alanyaproperties.com\/fi\/#\/schema\/person\/8a92cc9600cbc25fcc67c304ba14680c","name":"Yusuf Ekinci","image":{"@type":"ImageObject","inLanguage":"fi","@id":"https:\/\/www.alanyaproperties.com\/fi\/#\/schema\/person\/image\/","url":"https:\/\/secure.gravatar.com\/avatar\/aed1d8afe914e0136d015d60f22bd285?s=96&d=mm&r=g","contentUrl":"https:\/\/secure.gravatar.com\/avatar\/aed1d8afe914e0136d015d60f22bd285?s=96&d=mm&r=g","caption":"Yusuf Ekinci"},"sameAs":["http:\/\/alanya-web.com"],"url":"https:\/\/www.alanyaproperties.com\/fi\/author\/admin\/"}]}},"jetpack_sharing_enabled":true,"jetpack_featured_media_url":"https:\/\/i0.wp.com\/www.alanyaproperties.com\/wp-content\/uploads\/2014\/10\/kurban bayrami uhrijuhla 2014 turkki juhlapyh 1.jpg?fit=1280%2C755&ssl=1","_links":{"self":[{"href":"https:\/\/www.alanyaproperties.com\/fi\/wp-json\/wp\/v2\/posts\/3733"}],"collection":[{"href":"https:\/\/www.alanyaproperties.com\/fi\/wp-json\/wp\/v2\/posts"}],"about":[{"href":"https:\/\/www.alanyaproperties.com\/fi\/wp-json\/wp\/v2\/types\/post"}],"author":[{"embeddable":true,"href":"https:\/\/www.alanyaproperties.com\/fi\/wp-json\/wp\/v2\/users\/42"}],"replies":[{"embeddable":true,"href":"https:\/\/www.alanyaproperties.com\/fi\/wp-json\/wp\/v2\/comments?post=3733"}],"version-history":[{"count":0,"href":"https:\/\/www.alanyaproperties.com\/fi\/wp-json\/wp\/v2\/posts\/3733\/revisions"}],"wp:featuredmedia":[{"embeddable":true,"href":"https:\/\/www.alanyaproperties.com\/fi\/wp-json\/wp\/v2\/media\/3718"}],"wp:attachment":[{"href":"https:\/\/www.alanyaproperties.com\/fi\/wp-json\/wp\/v2\/media?parent=3733"}],"wp:term":[{"taxonomy":"category","embeddable":true,"href":"https:\/\/www.alanyaproperties.com\/fi\/wp-json\/wp\/v2\/categories?post=3733"},{"taxonomy":"post_tag","embeddable":true,"href":"https:\/\/www.alanyaproperties.com\/fi\/wp-json\/wp\/v2\/tags?post=3733"}],"curies":[{"name":"wp","href":"https:\/\/api.w.org\/{rel}","templated":true}]}}