{"id":3704,"date":"2009-10-21T03:28:24","date_gmt":"2009-10-21T03:28:24","guid":{"rendered":"http:\/\/www.alanyaproperties.com\/avsallar-yleistietoa-tietoa-alanyasta\/"},"modified":"2009-10-21T03:28:24","modified_gmt":"2009-10-21T03:28:24","slug":"avsallar-yleistietoa-tietoa-alanyasta","status":"publish","type":"post","link":"https:\/\/www.alanyaproperties.com\/fi\/uncategorized\/avsallar-yleistietoa-tietoa-alanyasta\/","title":{"rendered":"Tietoa Avsallarista"},"content":{"rendered":"<p> \t&nbsp;<\/p>\n<table align=\"center\" border=\"0\" cellpadding=\"1\" cellspacing=\"1\">\n<tbody>\n<tr>\n<td style=\"text-align: center; \"> \t\t\t\t<img loading=\"lazy\" decoding=\"async\" alt=\"\" height=\"250\" src=\"https:\/\/i0.wp.com\/alanyaproperties.com\/images\/turkey\/700-10234730012012.jpg?resize=360%2C250\" width=\"360\" data-recalc-dims=\"1\" \/><\/td>\n<td> \t\t\t\t&nbsp;<\/td>\n<td style=\"text-align: center; \"> \t\t\t\t<img loading=\"lazy\" decoding=\"async\" alt=\"\" height=\"250\" src=\"https:\/\/i0.wp.com\/alanyaproperties.com\/images\/turkey\/700-12090325012012.jpg?resize=360%2C250\" width=\"360\" data-recalc-dims=\"1\" \/><\/td>\n<\/tr>\n<\/tbody>\n<\/table>\n<p> \t&nbsp;<\/p>\n<div> \t<strong>Alanya Avsallar<\/strong><\/div>\n<div> \t&nbsp;<\/div>\n<div> \tAvsallar on eritt\u00e4in tunnettua aluetta sen upeista <a href=\"https:\/\/www.facebook.com\/AsuntojaAlanyasta\/photos\/a.507771575973370.1073741839.503782313038963\/578882275528966\/?type=3&amp;theater\" name=\"Fugla-ranta Avsallar, Alanya\" target=\"_blank\" title=\"Fugla-ranta Avsallar, Alanya\" type=\"Fugla-ranta Avsallar, Alanya\">Fuglan<\/a> ja Incekumin hiekkarannoista.&nbsp;Loistava sijainti teille, jotka haluatte nauttia upeasta luonnosta ja rauhallisesta ymp\u00e4rist\u00f6st\u00e4, jossa sekoittuu sek\u00e4 paikallisten ett\u00e4 ulkomaalaisten el\u00e4m\u00e4ntyylit. Avsallarin asukasluku 10649 (2013).<\/div>\n<div> \t&nbsp;<\/div>\n<div> \tAvsallar on hyvin kehittyv\u00e4\u00e4 aluetta ja sen keskustan pitk\u00e4lt\u00e4 k\u00e4velykadulta l\u00f6yd\u00e4tte monet kaupat, ravintolat, marketit, apteekit ja monet muut pikku liikkeet.&nbsp;Antalyan (AYT) sek\u00e4 Gazipasan (GZP) lentoasemat ovat molemmat tunnin ajomatkan p\u00e4\u00e4ss\u00e4 upeasta Avsallarista. <a href=\"http:\/\/alanyaproperties.com\/lang-fi\/turkkitietoa-yleistietoa-turkista\/alanya.html\" name=\"Tietoa Alanyasta\" target=\"_blank\" title=\"Lue lis\u00e4\u00e4 Alanyasta t\u00e4\u00e4lt\u00e4\"><\/a><\/div>\n<div> \t<a href=\"http:\/\/alanyaproperties.com\/lang-fi\/turkkitietoa-yleistietoa-turkista\/alanya.html\" name=\"Tietoa Alanyasta\" target=\"_blank\" title=\"Lue lis\u00e4\u00e4 Alanyasta t\u00e4\u00e4lt\u00e4\">Alanya<\/a>n keskustaankin p\u00e4\u00e4set alle puolessa tunnissa.<\/div>\n<div> \t&nbsp;<\/div>\n<div> \tMonet valitsevatkin Avsallarin sen loistavan sijainnin, luonnonl\u00e4heisyyden sek\u00e4 rennon ilmapiirin vuoksi. Avsallarin paikalliset markkinat j\u00e4rjestet\u00e4\u00e4n joka viikon keskiviikkona.<\/div>\n<div> \t&nbsp;<\/div>\n<div> \tAlanya Properties tarjoaa Avsallarin alueelta monia upeita huoneistoja luksuskomplekseista, eritt\u00e4in kilpailukykyiseen hintaan.<\/div>\n<div> \t&nbsp;<\/div>\n<div> \tKiinnostuitko Avsallarin alueesta? L\u00f6yd\u00e4t asuntoja Avsallarista t\u00e4st\u00e4 linkist\u00e4.<a href=\"http:\/\/alanyaproperties.com\/lang-fi\/component\/estateagent\/result.html?src_cat=2&amp;type=0&amp;searchstring=avsallar&amp;minvalue=&amp;maxvalue=&amp;src_country=TR&amp;src_state=&amp;src_district=Alanya&amp;src_town=no&amp;space=0&amp;yobuilt=0&amp;rooms=0&amp;bedrooms=0\" name=\"Alanyan Avsallarin asuntoja\" target=\"_blank\" title=\"Asunto Avsallarista Alanyasta\"> Asunto Alanyan Avsallarista? .<\/a><\/div>\n<p> \t&nbsp;<\/p>\n<table align=\"center\" border=\"0\" cellpadding=\"1\" cellspacing=\"1\">\n<tbody>\n<tr>\n<td style=\"text-align: center; \"> \t\t\t\t<img loading=\"lazy\" decoding=\"async\" alt=\"Turkey\" height=\"250\" src=\"https:\/\/i0.wp.com\/alanyaproperties.com\/images\/turkey\/700-12090925012012.jpg?resize=360%2C250\" title=\"Alanya\" width=\"360\" data-recalc-dims=\"1\" \/><\/td>\n<td> \t\t\t\t&nbsp;<\/td>\n<td style=\"text-align: center; \"> \t\t\t\t<img decoding=\"async\" alt=\"Turkey\" src=\"https:\/\/i0.wp.com\/alanyaproperties.com\/images\/turkey\/700-10235230012012.jpg?w=1170\" title=\"Alanya\" data-recalc-dims=\"1\" \/><\/td>\n<\/tr>\n<\/tbody>\n<\/table>\n<p> \t&nbsp;<\/p>\n<p> \t&nbsp;<\/p>\n","protected":false},"excerpt":{"rendered":"<p>&nbsp; &nbsp; &nbsp; Alanya Avsallar &nbsp; Avsallar on eritt\u00e4in tunnettua aluetta sen upeista Fuglan ja Incekumin hiekkarannoista.&nbsp;Loistava sijainti teille, jotka haluatte nauttia upeasta luonnosta ja rauhallisesta ymp\u00e4rist\u00f6st\u00e4, jossa sekoittuu sek\u00e4 paikallisten ett\u00e4 ulkomaalaisten el\u00e4m\u00e4ntyylit. Avsallarin asukasluku 10649 (2013). &nbsp; Avsallar on hyvin kehittyv\u00e4\u00e4 aluetta ja sen keskustan pitk\u00e4lt\u00e4 k\u00e4velykadulta l\u00f6yd\u00e4tte monet kaupat, ravintolat, marketit, apteekit [&hellip;]<\/p>\n","protected":false},"author":42,"featured_media":0,"comment_status":"closed","ping_status":"closed","sticky":false,"template":"","format":"standard","meta":{"footnotes":""},"categories":[1],"tags":[2645,2647,2648,2646,2644,2643],"yoast_head":"<!-- This site is optimized with the Yoast SEO plugin v22.6 - https:\/\/yoast.com\/wordpress\/plugins\/seo\/ -->\n<title>Tietoa Avsallarista - Properties in Alanya.<\/title>\n<meta name=\"description\" content=\"Tietoa Avsallarista - Properties in Alanya.\" \/>\n<meta name=\"robots\" content=\"index, follow, max-snippet:-1, max-image-preview:large, max-video-preview:-1\" \/>\n<link rel=\"canonical\" href=\"https:\/\/www.alanyaproperties.com\/fi\/uncategorized\/avsallar-yleistietoa-tietoa-alanyasta\/\" \/>\n<meta property=\"og:locale\" content=\"fi_FI\" \/>\n<meta property=\"og:type\" content=\"article\" \/>\n<meta property=\"og:title\" content=\"Tietoa Avsallarista - Properties in Alanya.\" \/>\n<meta property=\"og:description\" content=\"Tietoa Avsallarista - Properties in Alanya.\" \/>\n<meta property=\"og:url\" content=\"https:\/\/www.alanyaproperties.com\/fi\/uncategorized\/avsallar-yleistietoa-tietoa-alanyasta\/\" \/>\n<meta property=\"og:site_name\" content=\"Properties in Alanya.\" \/>\n<meta property=\"article:publisher\" content=\"https:\/\/www.facebook.com\/alanyaproperties\/\" \/>\n<meta property=\"article:published_time\" content=\"2009-10-21T03:28:24+00:00\" \/>\n<meta property=\"og:image\" content=\"http:\/\/alanyaproperties.com\/images\/turkey\/700-10234730012012.jpg\" \/>\n<meta name=\"author\" content=\"Yusuf Ekinci\" \/>\n<meta name=\"twitter:card\" content=\"summary_large_image\" \/>\n<meta name=\"twitter:creator\" content=\"@alanyapro\" \/>\n<meta name=\"twitter:site\" content=\"@alanyapro\" \/>\n<meta name=\"twitter:label1\" content=\"Kirjoittanut\" \/>\n\t<meta name=\"twitter:data1\" content=\"Yusuf Ekinci\" \/>\n\t<meta name=\"twitter:label2\" content=\"Arvioitu lukuaika\" \/>\n\t<meta name=\"twitter:data2\" content=\"1 minuutti\" \/>\n<script type=\"application\/ld+json\" class=\"yoast-schema-graph\">{\"@context\":\"https:\/\/schema.org\",\"@graph\":[{\"@type\":\"Article\",\"@id\":\"https:\/\/www.alanyaproperties.com\/fi\/uncategorized\/avsallar-yleistietoa-tietoa-alanyasta\/#article\",\"isPartOf\":{\"@id\":\"https:\/\/www.alanyaproperties.com\/fi\/uncategorized\/avsallar-yleistietoa-tietoa-alanyasta\/\"},\"author\":{\"name\":\"Yusuf Ekinci\",\"@id\":\"https:\/\/www.alanyaproperties.com\/fi\/#\/schema\/person\/8a92cc9600cbc25fcc67c304ba14680c\"},\"headline\":\"Tietoa Avsallarista\",\"datePublished\":\"2009-10-21T03:28:24+00:00\",\"dateModified\":\"2009-10-21T03:28:24+00:00\",\"mainEntityOfPage\":{\"@id\":\"https:\/\/www.alanyaproperties.com\/fi\/uncategorized\/avsallar-yleistietoa-tietoa-alanyasta\/\"},\"wordCount\":148,\"publisher\":{\"@id\":\"https:\/\/www.alanyaproperties.com\/fi\/#organization\"},\"image\":{\"@id\":\"https:\/\/www.alanyaproperties.com\/fi\/uncategorized\/avsallar-yleistietoa-tietoa-alanyasta\/#primaryimage\"},\"thumbnailUrl\":\"http:\/\/alanyaproperties.com\/images\/turkey\/700-10234730012012.jpg\",\"keywords\":[\"asunto Avsallarista\",\"Avsallar infoa\",\"Avsallar Turkki\",\"loma-asunto Alanyan Avsallarista\",\"miss\u00e4 on Avsallar\",\"tietoa Avsallarista\"],\"articleSection\":[\"Uncategorized\"],\"inLanguage\":\"fi\"},{\"@type\":\"WebPage\",\"@id\":\"https:\/\/www.alanyaproperties.com\/fi\/uncategorized\/avsallar-yleistietoa-tietoa-alanyasta\/\",\"url\":\"https:\/\/www.alanyaproperties.com\/fi\/uncategorized\/avsallar-yleistietoa-tietoa-alanyasta\/\",\"name\":\"Tietoa Avsallarista - Properties in Alanya.\",\"isPartOf\":{\"@id\":\"https:\/\/www.alanyaproperties.com\/fi\/#website\"},\"primaryImageOfPage\":{\"@id\":\"https:\/\/www.alanyaproperties.com\/fi\/uncategorized\/avsallar-yleistietoa-tietoa-alanyasta\/#primaryimage\"},\"image\":{\"@id\":\"https:\/\/www.alanyaproperties.com\/fi\/uncategorized\/avsallar-yleistietoa-tietoa-alanyasta\/#primaryimage\"},\"thumbnailUrl\":\"http:\/\/alanyaproperties.com\/images\/turkey\/700-10234730012012.jpg\",\"datePublished\":\"2009-10-21T03:28:24+00:00\",\"dateModified\":\"2009-10-21T03:28:24+00:00\",\"description\":\"Tietoa Avsallarista - Properties in Alanya.\",\"breadcrumb\":{\"@id\":\"https:\/\/www.alanyaproperties.com\/fi\/uncategorized\/avsallar-yleistietoa-tietoa-alanyasta\/#breadcrumb\"},\"inLanguage\":\"fi\",\"potentialAction\":[{\"@type\":\"ReadAction\",\"target\":[\"https:\/\/www.alanyaproperties.com\/fi\/uncategorized\/avsallar-yleistietoa-tietoa-alanyasta\/\"]}]},{\"@type\":\"ImageObject\",\"inLanguage\":\"fi\",\"@id\":\"https:\/\/www.alanyaproperties.com\/fi\/uncategorized\/avsallar-yleistietoa-tietoa-alanyasta\/#primaryimage\",\"url\":\"http:\/\/alanyaproperties.com\/images\/turkey\/700-10234730012012.jpg\",\"contentUrl\":\"http:\/\/alanyaproperties.com\/images\/turkey\/700-10234730012012.jpg\"},{\"@type\":\"BreadcrumbList\",\"@id\":\"https:\/\/www.alanyaproperties.com\/fi\/uncategorized\/avsallar-yleistietoa-tietoa-alanyasta\/#breadcrumb\",\"itemListElement\":[{\"@type\":\"ListItem\",\"position\":1,\"name\":\"Home\",\"item\":\"https:\/\/www.alanyaproperties.com\/fi\/\"},{\"@type\":\"ListItem\",\"position\":2,\"name\":\"Tietoa Avsallarista\"}]},{\"@type\":\"WebSite\",\"@id\":\"https:\/\/www.alanyaproperties.com\/fi\/#website\",\"url\":\"https:\/\/www.alanyaproperties.com\/fi\/\",\"name\":\"Properties in Alanya.\",\"description\":\"Properties in Alanya.\",\"publisher\":{\"@id\":\"https:\/\/www.alanyaproperties.com\/fi\/#organization\"},\"potentialAction\":[{\"@type\":\"SearchAction\",\"target\":{\"@type\":\"EntryPoint\",\"urlTemplate\":\"https:\/\/www.alanyaproperties.com\/fi\/?s={search_term_string}\"},\"query-input\":\"required name=search_term_string\"}],\"inLanguage\":\"fi\"},{\"@type\":\"Organization\",\"@id\":\"https:\/\/www.alanyaproperties.com\/fi\/#organization\",\"name\":\"Alanya Properties\",\"url\":\"https:\/\/www.alanyaproperties.com\/fi\/\",\"logo\":{\"@type\":\"ImageObject\",\"inLanguage\":\"fi\",\"@id\":\"https:\/\/www.alanyaproperties.com\/fi\/#\/schema\/logo\/image\/\",\"url\":\"https:\/\/i0.wp.com\/www.alanyaproperties.com\/wp-content\/uploads\/2017\/06\/alanya-properties-logo-180to.png?fit=180%2C81&ssl=1\",\"contentUrl\":\"https:\/\/i0.wp.com\/www.alanyaproperties.com\/wp-content\/uploads\/2017\/06\/alanya-properties-logo-180to.png?fit=180%2C81&ssl=1\",\"width\":180,\"height\":81,\"caption\":\"Alanya Properties\"},\"image\":{\"@id\":\"https:\/\/www.alanyaproperties.com\/fi\/#\/schema\/logo\/image\/\"},\"sameAs\":[\"https:\/\/www.facebook.com\/alanyaproperties\/\",\"https:\/\/x.com\/alanyapro\",\"https:\/\/www.instagram.com\/alanyaproperties\/\",\"https:\/\/www.youtube.com\/c\/AlanyaProperties\"]},{\"@type\":\"Person\",\"@id\":\"https:\/\/www.alanyaproperties.com\/fi\/#\/schema\/person\/8a92cc9600cbc25fcc67c304ba14680c\",\"name\":\"Yusuf Ekinci\",\"image\":{\"@type\":\"ImageObject\",\"inLanguage\":\"fi\",\"@id\":\"https:\/\/www.alanyaproperties.com\/fi\/#\/schema\/person\/image\/\",\"url\":\"https:\/\/secure.gravatar.com\/avatar\/aed1d8afe914e0136d015d60f22bd285?s=96&d=mm&r=g\",\"contentUrl\":\"https:\/\/secure.gravatar.com\/avatar\/aed1d8afe914e0136d015d60f22bd285?s=96&d=mm&r=g\",\"caption\":\"Yusuf Ekinci\"},\"sameAs\":[\"http:\/\/alanya-web.com\"],\"url\":\"https:\/\/www.alanyaproperties.com\/fi\/author\/admin\/\"}]}<\/script>\n<!-- \/ Yoast SEO plugin. -->","yoast_head_json":{"title":"Tietoa Avsallarista - Properties in Alanya.","description":"Tietoa Avsallarista - Properties in Alanya.","robots":{"index":"index","follow":"follow","max-snippet":"max-snippet:-1","max-image-preview":"max-image-preview:large","max-video-preview":"max-video-preview:-1"},"canonical":"https:\/\/www.alanyaproperties.com\/fi\/uncategorized\/avsallar-yleistietoa-tietoa-alanyasta\/","og_locale":"fi_FI","og_type":"article","og_title":"Tietoa Avsallarista - Properties in Alanya.","og_description":"Tietoa Avsallarista - Properties in Alanya.","og_url":"https:\/\/www.alanyaproperties.com\/fi\/uncategorized\/avsallar-yleistietoa-tietoa-alanyasta\/","og_site_name":"Properties in Alanya.","article_publisher":"https:\/\/www.facebook.com\/alanyaproperties\/","article_published_time":"2009-10-21T03:28:24+00:00","og_image":[{"url":"http:\/\/alanyaproperties.com\/images\/turkey\/700-10234730012012.jpg"}],"author":"Yusuf Ekinci","twitter_card":"summary_large_image","twitter_creator":"@alanyapro","twitter_site":"@alanyapro","twitter_misc":{"Kirjoittanut":"Yusuf Ekinci","Arvioitu lukuaika":"1 minuutti"},"schema":{"@context":"https:\/\/schema.org","@graph":[{"@type":"Article","@id":"https:\/\/www.alanyaproperties.com\/fi\/uncategorized\/avsallar-yleistietoa-tietoa-alanyasta\/#article","isPartOf":{"@id":"https:\/\/www.alanyaproperties.com\/fi\/uncategorized\/avsallar-yleistietoa-tietoa-alanyasta\/"},"author":{"name":"Yusuf Ekinci","@id":"https:\/\/www.alanyaproperties.com\/fi\/#\/schema\/person\/8a92cc9600cbc25fcc67c304ba14680c"},"headline":"Tietoa Avsallarista","datePublished":"2009-10-21T03:28:24+00:00","dateModified":"2009-10-21T03:28:24+00:00","mainEntityOfPage":{"@id":"https:\/\/www.alanyaproperties.com\/fi\/uncategorized\/avsallar-yleistietoa-tietoa-alanyasta\/"},"wordCount":148,"publisher":{"@id":"https:\/\/www.alanyaproperties.com\/fi\/#organization"},"image":{"@id":"https:\/\/www.alanyaproperties.com\/fi\/uncategorized\/avsallar-yleistietoa-tietoa-alanyasta\/#primaryimage"},"thumbnailUrl":"http:\/\/alanyaproperties.com\/images\/turkey\/700-10234730012012.jpg","keywords":["asunto Avsallarista","Avsallar infoa","Avsallar Turkki","loma-asunto Alanyan Avsallarista","miss\u00e4 on Avsallar","tietoa Avsallarista"],"articleSection":["Uncategorized"],"inLanguage":"fi"},{"@type":"WebPage","@id":"https:\/\/www.alanyaproperties.com\/fi\/uncategorized\/avsallar-yleistietoa-tietoa-alanyasta\/","url":"https:\/\/www.alanyaproperties.com\/fi\/uncategorized\/avsallar-yleistietoa-tietoa-alanyasta\/","name":"Tietoa Avsallarista - Properties in Alanya.","isPartOf":{"@id":"https:\/\/www.alanyaproperties.com\/fi\/#website"},"primaryImageOfPage":{"@id":"https:\/\/www.alanyaproperties.com\/fi\/uncategorized\/avsallar-yleistietoa-tietoa-alanyasta\/#primaryimage"},"image":{"@id":"https:\/\/www.alanyaproperties.com\/fi\/uncategorized\/avsallar-yleistietoa-tietoa-alanyasta\/#primaryimage"},"thumbnailUrl":"http:\/\/alanyaproperties.com\/images\/turkey\/700-10234730012012.jpg","datePublished":"2009-10-21T03:28:24+00:00","dateModified":"2009-10-21T03:28:24+00:00","description":"Tietoa Avsallarista - Properties in Alanya.","breadcrumb":{"@id":"https:\/\/www.alanyaproperties.com\/fi\/uncategorized\/avsallar-yleistietoa-tietoa-alanyasta\/#breadcrumb"},"inLanguage":"fi","potentialAction":[{"@type":"ReadAction","target":["https:\/\/www.alanyaproperties.com\/fi\/uncategorized\/avsallar-yleistietoa-tietoa-alanyasta\/"]}]},{"@type":"ImageObject","inLanguage":"fi","@id":"https:\/\/www.alanyaproperties.com\/fi\/uncategorized\/avsallar-yleistietoa-tietoa-alanyasta\/#primaryimage","url":"http:\/\/alanyaproperties.com\/images\/turkey\/700-10234730012012.jpg","contentUrl":"http:\/\/alanyaproperties.com\/images\/turkey\/700-10234730012012.jpg"},{"@type":"BreadcrumbList","@id":"https:\/\/www.alanyaproperties.com\/fi\/uncategorized\/avsallar-yleistietoa-tietoa-alanyasta\/#breadcrumb","itemListElement":[{"@type":"ListItem","position":1,"name":"Home","item":"https:\/\/www.alanyaproperties.com\/fi\/"},{"@type":"ListItem","position":2,"name":"Tietoa Avsallarista"}]},{"@type":"WebSite","@id":"https:\/\/www.alanyaproperties.com\/fi\/#website","url":"https:\/\/www.alanyaproperties.com\/fi\/","name":"Properties in Alanya.","description":"Properties in Alanya.","publisher":{"@id":"https:\/\/www.alanyaproperties.com\/fi\/#organization"},"potentialAction":[{"@type":"SearchAction","target":{"@type":"EntryPoint","urlTemplate":"https:\/\/www.alanyaproperties.com\/fi\/?s={search_term_string}"},"query-input":"required name=search_term_string"}],"inLanguage":"fi"},{"@type":"Organization","@id":"https:\/\/www.alanyaproperties.com\/fi\/#organization","name":"Alanya Properties","url":"https:\/\/www.alanyaproperties.com\/fi\/","logo":{"@type":"ImageObject","inLanguage":"fi","@id":"https:\/\/www.alanyaproperties.com\/fi\/#\/schema\/logo\/image\/","url":"https:\/\/i0.wp.com\/www.alanyaproperties.com\/wp-content\/uploads\/2017\/06\/alanya-properties-logo-180to.png?fit=180%2C81&ssl=1","contentUrl":"https:\/\/i0.wp.com\/www.alanyaproperties.com\/wp-content\/uploads\/2017\/06\/alanya-properties-logo-180to.png?fit=180%2C81&ssl=1","width":180,"height":81,"caption":"Alanya Properties"},"image":{"@id":"https:\/\/www.alanyaproperties.com\/fi\/#\/schema\/logo\/image\/"},"sameAs":["https:\/\/www.facebook.com\/alanyaproperties\/","https:\/\/x.com\/alanyapro","https:\/\/www.instagram.com\/alanyaproperties\/","https:\/\/www.youtube.com\/c\/AlanyaProperties"]},{"@type":"Person","@id":"https:\/\/www.alanyaproperties.com\/fi\/#\/schema\/person\/8a92cc9600cbc25fcc67c304ba14680c","name":"Yusuf Ekinci","image":{"@type":"ImageObject","inLanguage":"fi","@id":"https:\/\/www.alanyaproperties.com\/fi\/#\/schema\/person\/image\/","url":"https:\/\/secure.gravatar.com\/avatar\/aed1d8afe914e0136d015d60f22bd285?s=96&d=mm&r=g","contentUrl":"https:\/\/secure.gravatar.com\/avatar\/aed1d8afe914e0136d015d60f22bd285?s=96&d=mm&r=g","caption":"Yusuf Ekinci"},"sameAs":["http:\/\/alanya-web.com"],"url":"https:\/\/www.alanyaproperties.com\/fi\/author\/admin\/"}]}},"jetpack_sharing_enabled":true,"jetpack_featured_media_url":"","_links":{"self":[{"href":"https:\/\/www.alanyaproperties.com\/fi\/wp-json\/wp\/v2\/posts\/3704"}],"collection":[{"href":"https:\/\/www.alanyaproperties.com\/fi\/wp-json\/wp\/v2\/posts"}],"about":[{"href":"https:\/\/www.alanyaproperties.com\/fi\/wp-json\/wp\/v2\/types\/post"}],"author":[{"embeddable":true,"href":"https:\/\/www.alanyaproperties.com\/fi\/wp-json\/wp\/v2\/users\/42"}],"replies":[{"embeddable":true,"href":"https:\/\/www.alanyaproperties.com\/fi\/wp-json\/wp\/v2\/comments?post=3704"}],"version-history":[{"count":0,"href":"https:\/\/www.alanyaproperties.com\/fi\/wp-json\/wp\/v2\/posts\/3704\/revisions"}],"wp:attachment":[{"href":"https:\/\/www.alanyaproperties.com\/fi\/wp-json\/wp\/v2\/media?parent=3704"}],"wp:term":[{"taxonomy":"category","embeddable":true,"href":"https:\/\/www.alanyaproperties.com\/fi\/wp-json\/wp\/v2\/categories?post=3704"},{"taxonomy":"post_tag","embeddable":true,"href":"https:\/\/www.alanyaproperties.com\/fi\/wp-json\/wp\/v2\/tags?post=3704"}],"curies":[{"name":"wp","href":"https:\/\/api.w.org\/{rel}","templated":true}]}}