{"id":3693,"date":"2009-10-21T03:28:24","date_gmt":"2009-10-21T03:28:24","guid":{"rendered":"http:\/\/www.alanyaproperties.com\/tietoa-alanyan-obasta\/"},"modified":"2009-10-21T03:28:24","modified_gmt":"2009-10-21T03:28:24","slug":"tietoa-alanyan-obasta","status":"publish","type":"post","link":"https:\/\/www.alanyaproperties.com\/fi\/uncategorized\/tietoa-alanyan-obasta\/","title":{"rendered":"Tietoa Obasta"},"content":{"rendered":"<p> \t<img loading=\"lazy\" decoding=\"async\" alt=\"\" height=\"250\" src=\"https:\/\/i0.wp.com\/alanyaproperties.com\/images\/turkey\/700-10234730012012.jpg?resize=360%2C250\" width=\"360\" data-recalc-dims=\"1\" \/><img loading=\"lazy\" decoding=\"async\" alt=\"\" height=\"250\" src=\"https:\/\/i0.wp.com\/alanyaproperties.com\/images\/turkey\/700-12090325012012.jpg?resize=360%2C250\" width=\"360\" data-recalc-dims=\"1\" \/><\/p>\n<p> \t&nbsp;<\/p>\n<p> \t<strong>Alanya Oba<\/strong><\/p>\n<p> \tOba on yksi <a href=\"http:\/\/alanyaproperties.com\/lang-fi\/turkkitietoa-yleistietoa-turkista\/alanya.html\" name=\"Lis\u00e4\u00e4 Alanyasta\" target=\"_blank\" title=\"Tietoa Alanyasta\">Alanya<\/a>n tunnetuimmista kaupunginosista ja<\/p>\n<p> \tse sijaitsee vain 4km p\u00e4\u00e4ss\u00e4 Alanyan keskustasta it\u00e4\u00e4np\u00e4in ja sen asukasluku on 18406 (2013).<\/p>\n<p> \tOba tarjoaa monia viihtyisi\u00e4 ravintoloita, kauppoja, upeita rantoja ja puistoaluita, joissa nautitte aurinkoisista p\u00e4ivist\u00e4 niin lomallanne kuin asuessannekin t\u00e4\u00e4ll\u00e4.<\/p>\n<p> \tAlanyum-ostoskeskus, Metro-tukku sek\u00e4 Kipa-hypermarketti sijaitsevat aivan vieress\u00e4.<\/p>\n<p> \tJoka maanantai paikalliset markkinat t\u00e4ytt\u00e4v\u00e4t Oban kadut ja sielt\u00e4 voitte hankkia tuoreet vihannekset sek\u00e4 hedelm\u00e4t ruokap\u00f6yt\u00e4\u00e4nne.<\/p>\n<p> \tMonet n\u00e4ht\u00e4vyydet, kuten <strong>Dim-joki<\/strong> (Dim Cay\u0131)upeine laaksoineen sek\u00e4 tippukiviluolineen (Dim Ma\u011faras\u0131 \u0130\u015fletmesi) ovat vain noin 15 minuutin ajomatkan p\u00e4\u00e4ss\u00e4 Obasta.<\/p>\n<p> \tAlueena Oba on hyv\u00e4 vaihtoehto sijoittaa asuntoon, l\u00e4hell\u00e4 palveluita ja upeaa V\u00e4limerta.<\/p>\n<p> \tKiinnostuitko Oban alueesta? Tutustu Oban asuntovaihtoehtoihin t\u00e4st\u00e4 linkist\u00e4: <a href=\"http:\/\/alanyaproperties.com\/lang-fi\/component\/estateagent\/result.html?src_cat=2&amp;type=0&amp;searchstring=oba&amp;minvalue=&amp;maxvalue=&amp;src_country=TR&amp;src_state=&amp;src_district=Alanya&amp;src_town=no&amp;space=0&amp;yobuilt=0&amp;rooms=0&amp;bedrooms=0\" name=\"Asunto Alanyan Obasta\" target=\"_blank\" title=\"Asuntoja Alanyan Obasta \">Asunto Obasta.<\/a><\/p>\n<p> \t&nbsp;<\/p>\n<p> \t<img loading=\"lazy\" decoding=\"async\" alt=\"Turkey\" height=\"250\" src=\"https:\/\/i0.wp.com\/alanyaproperties.com\/images\/turkey\/700-12090925012012.jpg?resize=360%2C250\" title=\"Alanya\" width=\"360\" data-recalc-dims=\"1\" \/><img decoding=\"async\" alt=\"Turkey\" src=\"https:\/\/i0.wp.com\/alanyaproperties.com\/images\/turkey\/700-10235230012012.jpg?w=1170\" title=\"Alanya\" data-recalc-dims=\"1\" \/><\/p>\n","protected":false},"excerpt":{"rendered":"<p>&nbsp; Alanya Oba Oba on yksi Alanyan tunnetuimmista kaupunginosista ja se sijaitsee vain 4km p\u00e4\u00e4ss\u00e4 Alanyan keskustasta it\u00e4\u00e4np\u00e4in ja sen asukasluku on 18406 (2013). Oba tarjoaa monia viihtyisi\u00e4 ravintoloita, kauppoja, upeita rantoja ja puistoaluita, joissa nautitte aurinkoisista p\u00e4ivist\u00e4 niin lomallanne kuin asuessannekin t\u00e4\u00e4ll\u00e4. Alanyum-ostoskeskus, Metro-tukku sek\u00e4 Kipa-hypermarketti sijaitsevat aivan vieress\u00e4. Joka maanantai paikalliset markkinat t\u00e4ytt\u00e4v\u00e4t [&hellip;]<\/p>\n","protected":false},"author":42,"featured_media":0,"comment_status":"closed","ping_status":"closed","sticky":false,"template":"","format":"standard","meta":{"footnotes":""},"categories":[1],"tags":[2613,2612,2616,2614,2615,2611,2617,2610],"yoast_head":"<!-- This site is optimized with the Yoast SEO plugin v22.6 - https:\/\/yoast.com\/wordpress\/plugins\/seo\/ -->\n<title>Tietoa Obasta - Properties in Alanya.<\/title>\n<meta name=\"description\" content=\"Tietoa Obasta - Properties in Alanya.\" \/>\n<meta name=\"robots\" content=\"index, follow, max-snippet:-1, max-image-preview:large, max-video-preview:-1\" \/>\n<link rel=\"canonical\" href=\"https:\/\/www.alanyaproperties.com\/fi\/uncategorized\/tietoa-alanyan-obasta\/\" \/>\n<meta property=\"og:locale\" content=\"fi_FI\" \/>\n<meta property=\"og:type\" content=\"article\" \/>\n<meta property=\"og:title\" content=\"Tietoa Obasta - Properties in Alanya.\" \/>\n<meta property=\"og:description\" content=\"Tietoa Obasta - Properties in Alanya.\" \/>\n<meta property=\"og:url\" content=\"https:\/\/www.alanyaproperties.com\/fi\/uncategorized\/tietoa-alanyan-obasta\/\" \/>\n<meta property=\"og:site_name\" content=\"Properties in Alanya.\" \/>\n<meta property=\"article:publisher\" content=\"https:\/\/www.facebook.com\/alanyaproperties\/\" \/>\n<meta property=\"article:published_time\" content=\"2009-10-21T03:28:24+00:00\" \/>\n<meta property=\"og:image\" content=\"http:\/\/alanyaproperties.com\/images\/turkey\/700-10234730012012.jpg\" \/>\n<meta name=\"author\" content=\"Yusuf Ekinci\" \/>\n<meta name=\"twitter:card\" content=\"summary_large_image\" \/>\n<meta name=\"twitter:creator\" content=\"@alanyapro\" \/>\n<meta name=\"twitter:site\" content=\"@alanyapro\" \/>\n<meta name=\"twitter:label1\" content=\"Kirjoittanut\" \/>\n\t<meta name=\"twitter:data1\" content=\"Yusuf Ekinci\" \/>\n\t<meta name=\"twitter:label2\" content=\"Arvioitu lukuaika\" \/>\n\t<meta name=\"twitter:data2\" content=\"1 minuutti\" \/>\n<script type=\"application\/ld+json\" class=\"yoast-schema-graph\">{\"@context\":\"https:\/\/schema.org\",\"@graph\":[{\"@type\":\"Article\",\"@id\":\"https:\/\/www.alanyaproperties.com\/fi\/uncategorized\/tietoa-alanyan-obasta\/#article\",\"isPartOf\":{\"@id\":\"https:\/\/www.alanyaproperties.com\/fi\/uncategorized\/tietoa-alanyan-obasta\/\"},\"author\":{\"name\":\"Yusuf Ekinci\",\"@id\":\"https:\/\/www.alanyaproperties.com\/fi\/#\/schema\/person\/8a92cc9600cbc25fcc67c304ba14680c\"},\"headline\":\"Tietoa Obasta\",\"datePublished\":\"2009-10-21T03:28:24+00:00\",\"dateModified\":\"2009-10-21T03:28:24+00:00\",\"mainEntityOfPage\":{\"@id\":\"https:\/\/www.alanyaproperties.com\/fi\/uncategorized\/tietoa-alanyan-obasta\/\"},\"wordCount\":127,\"publisher\":{\"@id\":\"https:\/\/www.alanyaproperties.com\/fi\/#organization\"},\"image\":{\"@id\":\"https:\/\/www.alanyaproperties.com\/fi\/uncategorized\/tietoa-alanyan-obasta\/#primaryimage\"},\"thumbnailUrl\":\"http:\/\/alanyaproperties.com\/images\/turkey\/700-10234730012012.jpg\",\"keywords\":[\"Dim laakso\",\"Dim-joki\",\"Kipa marketti\",\"lis\u00e4tietoa Oban alueesta\",\"Metro-tukku\",\"Oba Alanya\",\"suosittu alue Alanyassa\",\"tietoa Obasta\"],\"articleSection\":[\"Uncategorized\"],\"inLanguage\":\"fi\"},{\"@type\":\"WebPage\",\"@id\":\"https:\/\/www.alanyaproperties.com\/fi\/uncategorized\/tietoa-alanyan-obasta\/\",\"url\":\"https:\/\/www.alanyaproperties.com\/fi\/uncategorized\/tietoa-alanyan-obasta\/\",\"name\":\"Tietoa Obasta - Properties in Alanya.\",\"isPartOf\":{\"@id\":\"https:\/\/www.alanyaproperties.com\/fi\/#website\"},\"primaryImageOfPage\":{\"@id\":\"https:\/\/www.alanyaproperties.com\/fi\/uncategorized\/tietoa-alanyan-obasta\/#primaryimage\"},\"image\":{\"@id\":\"https:\/\/www.alanyaproperties.com\/fi\/uncategorized\/tietoa-alanyan-obasta\/#primaryimage\"},\"thumbnailUrl\":\"http:\/\/alanyaproperties.com\/images\/turkey\/700-10234730012012.jpg\",\"datePublished\":\"2009-10-21T03:28:24+00:00\",\"dateModified\":\"2009-10-21T03:28:24+00:00\",\"description\":\"Tietoa Obasta - Properties in Alanya.\",\"breadcrumb\":{\"@id\":\"https:\/\/www.alanyaproperties.com\/fi\/uncategorized\/tietoa-alanyan-obasta\/#breadcrumb\"},\"inLanguage\":\"fi\",\"potentialAction\":[{\"@type\":\"ReadAction\",\"target\":[\"https:\/\/www.alanyaproperties.com\/fi\/uncategorized\/tietoa-alanyan-obasta\/\"]}]},{\"@type\":\"ImageObject\",\"inLanguage\":\"fi\",\"@id\":\"https:\/\/www.alanyaproperties.com\/fi\/uncategorized\/tietoa-alanyan-obasta\/#primaryimage\",\"url\":\"http:\/\/alanyaproperties.com\/images\/turkey\/700-10234730012012.jpg\",\"contentUrl\":\"http:\/\/alanyaproperties.com\/images\/turkey\/700-10234730012012.jpg\"},{\"@type\":\"BreadcrumbList\",\"@id\":\"https:\/\/www.alanyaproperties.com\/fi\/uncategorized\/tietoa-alanyan-obasta\/#breadcrumb\",\"itemListElement\":[{\"@type\":\"ListItem\",\"position\":1,\"name\":\"Home\",\"item\":\"https:\/\/www.alanyaproperties.com\/fi\/\"},{\"@type\":\"ListItem\",\"position\":2,\"name\":\"Tietoa Obasta\"}]},{\"@type\":\"WebSite\",\"@id\":\"https:\/\/www.alanyaproperties.com\/fi\/#website\",\"url\":\"https:\/\/www.alanyaproperties.com\/fi\/\",\"name\":\"Properties in Alanya.\",\"description\":\"Properties in Alanya.\",\"publisher\":{\"@id\":\"https:\/\/www.alanyaproperties.com\/fi\/#organization\"},\"potentialAction\":[{\"@type\":\"SearchAction\",\"target\":{\"@type\":\"EntryPoint\",\"urlTemplate\":\"https:\/\/www.alanyaproperties.com\/fi\/?s={search_term_string}\"},\"query-input\":\"required name=search_term_string\"}],\"inLanguage\":\"fi\"},{\"@type\":\"Organization\",\"@id\":\"https:\/\/www.alanyaproperties.com\/fi\/#organization\",\"name\":\"Alanya Properties\",\"url\":\"https:\/\/www.alanyaproperties.com\/fi\/\",\"logo\":{\"@type\":\"ImageObject\",\"inLanguage\":\"fi\",\"@id\":\"https:\/\/www.alanyaproperties.com\/fi\/#\/schema\/logo\/image\/\",\"url\":\"https:\/\/i0.wp.com\/www.alanyaproperties.com\/wp-content\/uploads\/2017\/06\/alanya-properties-logo-180to.png?fit=180%2C81&ssl=1\",\"contentUrl\":\"https:\/\/i0.wp.com\/www.alanyaproperties.com\/wp-content\/uploads\/2017\/06\/alanya-properties-logo-180to.png?fit=180%2C81&ssl=1\",\"width\":180,\"height\":81,\"caption\":\"Alanya Properties\"},\"image\":{\"@id\":\"https:\/\/www.alanyaproperties.com\/fi\/#\/schema\/logo\/image\/\"},\"sameAs\":[\"https:\/\/www.facebook.com\/alanyaproperties\/\",\"https:\/\/x.com\/alanyapro\",\"https:\/\/www.instagram.com\/alanyaproperties\/\",\"https:\/\/www.youtube.com\/c\/AlanyaProperties\"]},{\"@type\":\"Person\",\"@id\":\"https:\/\/www.alanyaproperties.com\/fi\/#\/schema\/person\/8a92cc9600cbc25fcc67c304ba14680c\",\"name\":\"Yusuf Ekinci\",\"image\":{\"@type\":\"ImageObject\",\"inLanguage\":\"fi\",\"@id\":\"https:\/\/www.alanyaproperties.com\/fi\/#\/schema\/person\/image\/\",\"url\":\"https:\/\/secure.gravatar.com\/avatar\/aed1d8afe914e0136d015d60f22bd285?s=96&d=mm&r=g\",\"contentUrl\":\"https:\/\/secure.gravatar.com\/avatar\/aed1d8afe914e0136d015d60f22bd285?s=96&d=mm&r=g\",\"caption\":\"Yusuf Ekinci\"},\"sameAs\":[\"http:\/\/alanya-web.com\"],\"url\":\"https:\/\/www.alanyaproperties.com\/fi\/author\/admin\/\"}]}<\/script>\n<!-- \/ Yoast SEO plugin. -->","yoast_head_json":{"title":"Tietoa Obasta - Properties in Alanya.","description":"Tietoa Obasta - Properties in Alanya.","robots":{"index":"index","follow":"follow","max-snippet":"max-snippet:-1","max-image-preview":"max-image-preview:large","max-video-preview":"max-video-preview:-1"},"canonical":"https:\/\/www.alanyaproperties.com\/fi\/uncategorized\/tietoa-alanyan-obasta\/","og_locale":"fi_FI","og_type":"article","og_title":"Tietoa Obasta - Properties in Alanya.","og_description":"Tietoa Obasta - Properties in Alanya.","og_url":"https:\/\/www.alanyaproperties.com\/fi\/uncategorized\/tietoa-alanyan-obasta\/","og_site_name":"Properties in Alanya.","article_publisher":"https:\/\/www.facebook.com\/alanyaproperties\/","article_published_time":"2009-10-21T03:28:24+00:00","og_image":[{"url":"http:\/\/alanyaproperties.com\/images\/turkey\/700-10234730012012.jpg"}],"author":"Yusuf Ekinci","twitter_card":"summary_large_image","twitter_creator":"@alanyapro","twitter_site":"@alanyapro","twitter_misc":{"Kirjoittanut":"Yusuf Ekinci","Arvioitu lukuaika":"1 minuutti"},"schema":{"@context":"https:\/\/schema.org","@graph":[{"@type":"Article","@id":"https:\/\/www.alanyaproperties.com\/fi\/uncategorized\/tietoa-alanyan-obasta\/#article","isPartOf":{"@id":"https:\/\/www.alanyaproperties.com\/fi\/uncategorized\/tietoa-alanyan-obasta\/"},"author":{"name":"Yusuf Ekinci","@id":"https:\/\/www.alanyaproperties.com\/fi\/#\/schema\/person\/8a92cc9600cbc25fcc67c304ba14680c"},"headline":"Tietoa Obasta","datePublished":"2009-10-21T03:28:24+00:00","dateModified":"2009-10-21T03:28:24+00:00","mainEntityOfPage":{"@id":"https:\/\/www.alanyaproperties.com\/fi\/uncategorized\/tietoa-alanyan-obasta\/"},"wordCount":127,"publisher":{"@id":"https:\/\/www.alanyaproperties.com\/fi\/#organization"},"image":{"@id":"https:\/\/www.alanyaproperties.com\/fi\/uncategorized\/tietoa-alanyan-obasta\/#primaryimage"},"thumbnailUrl":"http:\/\/alanyaproperties.com\/images\/turkey\/700-10234730012012.jpg","keywords":["Dim laakso","Dim-joki","Kipa marketti","lis\u00e4tietoa Oban alueesta","Metro-tukku","Oba Alanya","suosittu alue Alanyassa","tietoa Obasta"],"articleSection":["Uncategorized"],"inLanguage":"fi"},{"@type":"WebPage","@id":"https:\/\/www.alanyaproperties.com\/fi\/uncategorized\/tietoa-alanyan-obasta\/","url":"https:\/\/www.alanyaproperties.com\/fi\/uncategorized\/tietoa-alanyan-obasta\/","name":"Tietoa Obasta - Properties in Alanya.","isPartOf":{"@id":"https:\/\/www.alanyaproperties.com\/fi\/#website"},"primaryImageOfPage":{"@id":"https:\/\/www.alanyaproperties.com\/fi\/uncategorized\/tietoa-alanyan-obasta\/#primaryimage"},"image":{"@id":"https:\/\/www.alanyaproperties.com\/fi\/uncategorized\/tietoa-alanyan-obasta\/#primaryimage"},"thumbnailUrl":"http:\/\/alanyaproperties.com\/images\/turkey\/700-10234730012012.jpg","datePublished":"2009-10-21T03:28:24+00:00","dateModified":"2009-10-21T03:28:24+00:00","description":"Tietoa Obasta - Properties in Alanya.","breadcrumb":{"@id":"https:\/\/www.alanyaproperties.com\/fi\/uncategorized\/tietoa-alanyan-obasta\/#breadcrumb"},"inLanguage":"fi","potentialAction":[{"@type":"ReadAction","target":["https:\/\/www.alanyaproperties.com\/fi\/uncategorized\/tietoa-alanyan-obasta\/"]}]},{"@type":"ImageObject","inLanguage":"fi","@id":"https:\/\/www.alanyaproperties.com\/fi\/uncategorized\/tietoa-alanyan-obasta\/#primaryimage","url":"http:\/\/alanyaproperties.com\/images\/turkey\/700-10234730012012.jpg","contentUrl":"http:\/\/alanyaproperties.com\/images\/turkey\/700-10234730012012.jpg"},{"@type":"BreadcrumbList","@id":"https:\/\/www.alanyaproperties.com\/fi\/uncategorized\/tietoa-alanyan-obasta\/#breadcrumb","itemListElement":[{"@type":"ListItem","position":1,"name":"Home","item":"https:\/\/www.alanyaproperties.com\/fi\/"},{"@type":"ListItem","position":2,"name":"Tietoa Obasta"}]},{"@type":"WebSite","@id":"https:\/\/www.alanyaproperties.com\/fi\/#website","url":"https:\/\/www.alanyaproperties.com\/fi\/","name":"Properties in Alanya.","description":"Properties in Alanya.","publisher":{"@id":"https:\/\/www.alanyaproperties.com\/fi\/#organization"},"potentialAction":[{"@type":"SearchAction","target":{"@type":"EntryPoint","urlTemplate":"https:\/\/www.alanyaproperties.com\/fi\/?s={search_term_string}"},"query-input":"required name=search_term_string"}],"inLanguage":"fi"},{"@type":"Organization","@id":"https:\/\/www.alanyaproperties.com\/fi\/#organization","name":"Alanya Properties","url":"https:\/\/www.alanyaproperties.com\/fi\/","logo":{"@type":"ImageObject","inLanguage":"fi","@id":"https:\/\/www.alanyaproperties.com\/fi\/#\/schema\/logo\/image\/","url":"https:\/\/i0.wp.com\/www.alanyaproperties.com\/wp-content\/uploads\/2017\/06\/alanya-properties-logo-180to.png?fit=180%2C81&ssl=1","contentUrl":"https:\/\/i0.wp.com\/www.alanyaproperties.com\/wp-content\/uploads\/2017\/06\/alanya-properties-logo-180to.png?fit=180%2C81&ssl=1","width":180,"height":81,"caption":"Alanya Properties"},"image":{"@id":"https:\/\/www.alanyaproperties.com\/fi\/#\/schema\/logo\/image\/"},"sameAs":["https:\/\/www.facebook.com\/alanyaproperties\/","https:\/\/x.com\/alanyapro","https:\/\/www.instagram.com\/alanyaproperties\/","https:\/\/www.youtube.com\/c\/AlanyaProperties"]},{"@type":"Person","@id":"https:\/\/www.alanyaproperties.com\/fi\/#\/schema\/person\/8a92cc9600cbc25fcc67c304ba14680c","name":"Yusuf Ekinci","image":{"@type":"ImageObject","inLanguage":"fi","@id":"https:\/\/www.alanyaproperties.com\/fi\/#\/schema\/person\/image\/","url":"https:\/\/secure.gravatar.com\/avatar\/aed1d8afe914e0136d015d60f22bd285?s=96&d=mm&r=g","contentUrl":"https:\/\/secure.gravatar.com\/avatar\/aed1d8afe914e0136d015d60f22bd285?s=96&d=mm&r=g","caption":"Yusuf Ekinci"},"sameAs":["http:\/\/alanya-web.com"],"url":"https:\/\/www.alanyaproperties.com\/fi\/author\/admin\/"}]}},"jetpack_sharing_enabled":true,"jetpack_featured_media_url":"","_links":{"self":[{"href":"https:\/\/www.alanyaproperties.com\/fi\/wp-json\/wp\/v2\/posts\/3693"}],"collection":[{"href":"https:\/\/www.alanyaproperties.com\/fi\/wp-json\/wp\/v2\/posts"}],"about":[{"href":"https:\/\/www.alanyaproperties.com\/fi\/wp-json\/wp\/v2\/types\/post"}],"author":[{"embeddable":true,"href":"https:\/\/www.alanyaproperties.com\/fi\/wp-json\/wp\/v2\/users\/42"}],"replies":[{"embeddable":true,"href":"https:\/\/www.alanyaproperties.com\/fi\/wp-json\/wp\/v2\/comments?post=3693"}],"version-history":[{"count":0,"href":"https:\/\/www.alanyaproperties.com\/fi\/wp-json\/wp\/v2\/posts\/3693\/revisions"}],"wp:attachment":[{"href":"https:\/\/www.alanyaproperties.com\/fi\/wp-json\/wp\/v2\/media?parent=3693"}],"wp:term":[{"taxonomy":"category","embeddable":true,"href":"https:\/\/www.alanyaproperties.com\/fi\/wp-json\/wp\/v2\/categories?post=3693"},{"taxonomy":"post_tag","embeddable":true,"href":"https:\/\/www.alanyaproperties.com\/fi\/wp-json\/wp\/v2\/tags?post=3693"}],"curies":[{"name":"wp","href":"https:\/\/api.w.org\/{rel}","templated":true}]}}