{"id":3684,"date":"2009-10-21T03:28:24","date_gmt":"2009-10-21T03:28:24","guid":{"rendered":"http:\/\/www.alanyaproperties.com\/cikcilli-alanya-yleistietoa-cikcillistae-alanyasta-turkista\/"},"modified":"2009-10-21T03:28:24","modified_gmt":"2009-10-21T03:28:24","slug":"cikcilli-alanya-yleistietoa-cikcillistae-alanyasta-turkista","status":"publish","type":"post","link":"https:\/\/www.alanyaproperties.com\/fi\/uncategorized\/cikcilli-alanya-yleistietoa-cikcillistae-alanyasta-turkista\/","title":{"rendered":"Tietoa Cikcillist\u00e4"},"content":{"rendered":"<table align=\"center\" border=\"0\" cellpadding=\"1\" cellspacing=\"1\">\n<tbody>\n<tr>\n<td style=\"text-align: center; \"> \t\t\t\t<img loading=\"lazy\" decoding=\"async\" alt=\"\" height=\"250\" src=\"https:\/\/i0.wp.com\/alanyaproperties.com\/images\/turkey\/700-10234730012012.jpg?resize=360%2C250\" width=\"360\" data-recalc-dims=\"1\" \/><\/td>\n<td> \t\t\t\t&nbsp;<\/td>\n<td style=\"text-align: center; \"> \t\t\t\t<img loading=\"lazy\" decoding=\"async\" alt=\"\" height=\"250\" src=\"https:\/\/i0.wp.com\/alanyaproperties.com\/images\/turkey\/700-12090325012012.jpg?resize=360%2C250\" width=\"360\" data-recalc-dims=\"1\" \/><\/td>\n<\/tr>\n<\/tbody>\n<\/table>\n<p> \t<strong>Alanya Cikcilli<\/strong><\/p>\n<p> \tCikcilli sijaitsee <a href=\"http:\/\/alanyaproperties.com\/lang-fi\/turkkitietoa-yleistietoa-turkista\/alanya.html\" name=\"Tietoa Alanyasta\" target=\"_blank\" title=\"Lue lis\u00e4\u00e4 Alanyasta\">Alanya<\/a>n it\u00e4puolella 3km et\u00e4isyydell\u00e4 Alanyan keskustasta ja sen asukasluku on 14291 (2013).<\/p>\n<p> \tCikcilli on erinomainen alue teille, jotka haluatte asua l\u00e4hell\u00e4 Alanyan keskustaa,<\/p>\n<p> \tmutta kuitenkin arvostatte rauhallisempaa ymp\u00e4rist\u00f6\u00e4,<\/p>\n<p> \tjossa asua ja oleilla paikallisen asutuksen keskell\u00e4.<\/p>\n<p> \tCikcillin alue on hyvin suosittu ulkomaalaisten loma-asuntojen sijaintipaikkana,<\/p>\n<p> \tsill\u00e4 sen ymp\u00e4rist\u00f6st\u00e4 l\u00f6ytyv\u00e4t suuret marketit, kuten Kipa ja Metro-tukku ja Alanyum ostoskeskus.<\/p>\n<p> \tMy\u00f6s monet paikalliset ravintolat eli lokantat, suuremmat ravintolat sek\u00e4 monet pienemm\u00e4t liikkeet tarjoavat laajan valikoiman palveluita aivan Cikcillin ymp\u00e4rist\u00f6st\u00e4.<\/p>\n<p> \tKiinnostuitko Cikcillin alueesta? Tutustu Cikcillin asuntovaihtoehtoihin t\u00e4st\u00e4 linkist\u00e4<a href=\"http:\/\/alanyaproperties.com\/lang-fi\/component\/estateagent\/result.html?src_cat=2&amp;type=0&amp;searchstring=cikcilli&amp;minvalue=&amp;maxvalue=&amp;src_country=TR&amp;src_state=&amp;src_district=Alanya&amp;src_town=no&amp;space=0&amp;yobuilt=0&amp;rooms=0&amp;bedrooms=0\" name=\"asunto Cikcillist\u00e4 Alanyasta\" target=\"_blank\" title=\"Alanyan Cikcillin asuntovalikoimamme\">&nbsp; Asunto Cikcillist\u00e4<\/a>.<\/p>\n<p> \t&nbsp;<\/p>\n<table align=\"center\" border=\"0\" cellpadding=\"1\" cellspacing=\"1\">\n<tbody>\n<tr>\n<td style=\"text-align: center; \"> \t\t\t\t<img loading=\"lazy\" decoding=\"async\" alt=\"Turkey\" height=\"250\" src=\"https:\/\/i0.wp.com\/alanyaproperties.com\/images\/turkey\/700-12090925012012.jpg?resize=360%2C250\" title=\"Alanya\" width=\"360\" data-recalc-dims=\"1\" \/><\/td>\n<td> \t\t\t\t&nbsp;<\/td>\n<td style=\"text-align: center; \"> \t\t\t\t<img decoding=\"async\" alt=\"Turkey\" src=\"https:\/\/i0.wp.com\/alanyaproperties.com\/images\/turkey\/700-10235230012012.jpg?w=1170\" title=\"Alanya\" data-recalc-dims=\"1\" \/><\/td>\n<\/tr>\n<\/tbody>\n<\/table>\n<p> \t&nbsp;<\/p>\n","protected":false},"excerpt":{"rendered":"<p>&nbsp; Alanya Cikcilli Cikcilli sijaitsee Alanyan it\u00e4puolella 3km et\u00e4isyydell\u00e4 Alanyan keskustasta ja sen asukasluku on 14291 (2013). Cikcilli on erinomainen alue teille, jotka haluatte asua l\u00e4hell\u00e4 Alanyan keskustaa, mutta kuitenkin arvostatte rauhallisempaa ymp\u00e4rist\u00f6\u00e4, jossa asua ja oleilla paikallisen asutuksen keskell\u00e4. Cikcillin alue on hyvin suosittu ulkomaalaisten loma-asuntojen sijaintipaikkana, sill\u00e4 sen ymp\u00e4rist\u00f6st\u00e4 l\u00f6ytyv\u00e4t suuret marketit, kuten [&hellip;]<\/p>\n","protected":false},"author":42,"featured_media":0,"comment_status":"closed","ping_status":"closed","sticky":false,"template":"","format":"standard","meta":{"footnotes":""},"categories":[1],"tags":[2566,2563,2569,2561,2570,2568,2565,2567,2564,2562],"yoast_head":"<!-- This site is optimized with the Yoast SEO plugin v22.6 - https:\/\/yoast.com\/wordpress\/plugins\/seo\/ -->\n<title>Tietoa Cikcillist\u00e4 - Properties in Alanya.<\/title>\n<meta name=\"description\" content=\"Tietoa Cikcillist\u00e4 - Properties in Alanya.\" \/>\n<meta name=\"robots\" content=\"index, follow, max-snippet:-1, max-image-preview:large, max-video-preview:-1\" \/>\n<link rel=\"canonical\" href=\"https:\/\/www.alanyaproperties.com\/fi\/uncategorized\/cikcilli-alanya-yleistietoa-cikcillistae-alanyasta-turkista\/\" \/>\n<meta property=\"og:locale\" content=\"fi_FI\" \/>\n<meta property=\"og:type\" content=\"article\" \/>\n<meta property=\"og:title\" content=\"Tietoa Cikcillist\u00e4 - Properties in Alanya.\" \/>\n<meta property=\"og:description\" content=\"Tietoa Cikcillist\u00e4 - Properties in Alanya.\" \/>\n<meta property=\"og:url\" content=\"https:\/\/www.alanyaproperties.com\/fi\/uncategorized\/cikcilli-alanya-yleistietoa-cikcillistae-alanyasta-turkista\/\" \/>\n<meta property=\"og:site_name\" content=\"Properties in Alanya.\" \/>\n<meta property=\"article:publisher\" content=\"https:\/\/www.facebook.com\/alanyaproperties\/\" \/>\n<meta property=\"article:published_time\" content=\"2009-10-21T03:28:24+00:00\" \/>\n<meta property=\"og:image\" content=\"http:\/\/alanyaproperties.com\/images\/turkey\/700-10234730012012.jpg\" \/>\n<meta name=\"author\" content=\"Yusuf Ekinci\" \/>\n<meta name=\"twitter:card\" content=\"summary_large_image\" \/>\n<meta name=\"twitter:creator\" content=\"@alanyapro\" \/>\n<meta name=\"twitter:site\" content=\"@alanyapro\" \/>\n<meta name=\"twitter:label1\" content=\"Kirjoittanut\" \/>\n\t<meta name=\"twitter:data1\" content=\"Yusuf Ekinci\" \/>\n\t<meta name=\"twitter:label2\" content=\"Arvioitu lukuaika\" \/>\n\t<meta name=\"twitter:data2\" content=\"1 minuutti\" \/>\n<script type=\"application\/ld+json\" class=\"yoast-schema-graph\">{\"@context\":\"https:\/\/schema.org\",\"@graph\":[{\"@type\":\"Article\",\"@id\":\"https:\/\/www.alanyaproperties.com\/fi\/uncategorized\/cikcilli-alanya-yleistietoa-cikcillistae-alanyasta-turkista\/#article\",\"isPartOf\":{\"@id\":\"https:\/\/www.alanyaproperties.com\/fi\/uncategorized\/cikcilli-alanya-yleistietoa-cikcillistae-alanyasta-turkista\/\"},\"author\":{\"name\":\"Yusuf Ekinci\",\"@id\":\"https:\/\/www.alanyaproperties.com\/fi\/#\/schema\/person\/8a92cc9600cbc25fcc67c304ba14680c\"},\"headline\":\"Tietoa Cikcillist\u00e4\",\"datePublished\":\"2009-10-21T03:28:24+00:00\",\"dateModified\":\"2009-10-21T03:28:24+00:00\",\"mainEntityOfPage\":{\"@id\":\"https:\/\/www.alanyaproperties.com\/fi\/uncategorized\/cikcilli-alanya-yleistietoa-cikcillistae-alanyasta-turkista\/\"},\"wordCount\":107,\"publisher\":{\"@id\":\"https:\/\/www.alanyaproperties.com\/fi\/#organization\"},\"image\":{\"@id\":\"https:\/\/www.alanyaproperties.com\/fi\/uncategorized\/cikcilli-alanya-yleistietoa-cikcillistae-alanyasta-turkista\/#primaryimage\"},\"thumbnailUrl\":\"http:\/\/alanyaproperties.com\/images\/turkey\/700-10234730012012.jpg\",\"keywords\":[\"Alanyum ostoskeskus\",\"asunto cikcilli\",\"asunto Cikcillist\u00e4\",\"Cikcilli Alanya\",\"kattohuoneisto Alanyasta\",\"loma-asunto Cikcillist\u00e4\",\"pohjoismaalaisten suosima Cikcilli\",\"skandinaavit\",\"suosittu kaupunginosa Alanyassa\",\"tietoa Cikcillist\u00e4\"],\"articleSection\":[\"Uncategorized\"],\"inLanguage\":\"fi\"},{\"@type\":\"WebPage\",\"@id\":\"https:\/\/www.alanyaproperties.com\/fi\/uncategorized\/cikcilli-alanya-yleistietoa-cikcillistae-alanyasta-turkista\/\",\"url\":\"https:\/\/www.alanyaproperties.com\/fi\/uncategorized\/cikcilli-alanya-yleistietoa-cikcillistae-alanyasta-turkista\/\",\"name\":\"Tietoa Cikcillist\u00e4 - Properties in Alanya.\",\"isPartOf\":{\"@id\":\"https:\/\/www.alanyaproperties.com\/fi\/#website\"},\"primaryImageOfPage\":{\"@id\":\"https:\/\/www.alanyaproperties.com\/fi\/uncategorized\/cikcilli-alanya-yleistietoa-cikcillistae-alanyasta-turkista\/#primaryimage\"},\"image\":{\"@id\":\"https:\/\/www.alanyaproperties.com\/fi\/uncategorized\/cikcilli-alanya-yleistietoa-cikcillistae-alanyasta-turkista\/#primaryimage\"},\"thumbnailUrl\":\"http:\/\/alanyaproperties.com\/images\/turkey\/700-10234730012012.jpg\",\"datePublished\":\"2009-10-21T03:28:24+00:00\",\"dateModified\":\"2009-10-21T03:28:24+00:00\",\"description\":\"Tietoa Cikcillist\u00e4 - Properties in Alanya.\",\"breadcrumb\":{\"@id\":\"https:\/\/www.alanyaproperties.com\/fi\/uncategorized\/cikcilli-alanya-yleistietoa-cikcillistae-alanyasta-turkista\/#breadcrumb\"},\"inLanguage\":\"fi\",\"potentialAction\":[{\"@type\":\"ReadAction\",\"target\":[\"https:\/\/www.alanyaproperties.com\/fi\/uncategorized\/cikcilli-alanya-yleistietoa-cikcillistae-alanyasta-turkista\/\"]}]},{\"@type\":\"ImageObject\",\"inLanguage\":\"fi\",\"@id\":\"https:\/\/www.alanyaproperties.com\/fi\/uncategorized\/cikcilli-alanya-yleistietoa-cikcillistae-alanyasta-turkista\/#primaryimage\",\"url\":\"http:\/\/alanyaproperties.com\/images\/turkey\/700-10234730012012.jpg\",\"contentUrl\":\"http:\/\/alanyaproperties.com\/images\/turkey\/700-10234730012012.jpg\"},{\"@type\":\"BreadcrumbList\",\"@id\":\"https:\/\/www.alanyaproperties.com\/fi\/uncategorized\/cikcilli-alanya-yleistietoa-cikcillistae-alanyasta-turkista\/#breadcrumb\",\"itemListElement\":[{\"@type\":\"ListItem\",\"position\":1,\"name\":\"Home\",\"item\":\"https:\/\/www.alanyaproperties.com\/fi\/\"},{\"@type\":\"ListItem\",\"position\":2,\"name\":\"Tietoa Cikcillist\u00e4\"}]},{\"@type\":\"WebSite\",\"@id\":\"https:\/\/www.alanyaproperties.com\/fi\/#website\",\"url\":\"https:\/\/www.alanyaproperties.com\/fi\/\",\"name\":\"Properties in Alanya.\",\"description\":\"Properties in Alanya.\",\"publisher\":{\"@id\":\"https:\/\/www.alanyaproperties.com\/fi\/#organization\"},\"potentialAction\":[{\"@type\":\"SearchAction\",\"target\":{\"@type\":\"EntryPoint\",\"urlTemplate\":\"https:\/\/www.alanyaproperties.com\/fi\/?s={search_term_string}\"},\"query-input\":\"required name=search_term_string\"}],\"inLanguage\":\"fi\"},{\"@type\":\"Organization\",\"@id\":\"https:\/\/www.alanyaproperties.com\/fi\/#organization\",\"name\":\"Alanya Properties\",\"url\":\"https:\/\/www.alanyaproperties.com\/fi\/\",\"logo\":{\"@type\":\"ImageObject\",\"inLanguage\":\"fi\",\"@id\":\"https:\/\/www.alanyaproperties.com\/fi\/#\/schema\/logo\/image\/\",\"url\":\"https:\/\/i0.wp.com\/www.alanyaproperties.com\/wp-content\/uploads\/2017\/06\/alanya-properties-logo-180to.png?fit=180%2C81&ssl=1\",\"contentUrl\":\"https:\/\/i0.wp.com\/www.alanyaproperties.com\/wp-content\/uploads\/2017\/06\/alanya-properties-logo-180to.png?fit=180%2C81&ssl=1\",\"width\":180,\"height\":81,\"caption\":\"Alanya Properties\"},\"image\":{\"@id\":\"https:\/\/www.alanyaproperties.com\/fi\/#\/schema\/logo\/image\/\"},\"sameAs\":[\"https:\/\/www.facebook.com\/alanyaproperties\/\",\"https:\/\/x.com\/alanyapro\",\"https:\/\/www.instagram.com\/alanyaproperties\/\",\"https:\/\/www.youtube.com\/c\/AlanyaProperties\"]},{\"@type\":\"Person\",\"@id\":\"https:\/\/www.alanyaproperties.com\/fi\/#\/schema\/person\/8a92cc9600cbc25fcc67c304ba14680c\",\"name\":\"Yusuf Ekinci\",\"image\":{\"@type\":\"ImageObject\",\"inLanguage\":\"fi\",\"@id\":\"https:\/\/www.alanyaproperties.com\/fi\/#\/schema\/person\/image\/\",\"url\":\"https:\/\/secure.gravatar.com\/avatar\/aed1d8afe914e0136d015d60f22bd285?s=96&d=mm&r=g\",\"contentUrl\":\"https:\/\/secure.gravatar.com\/avatar\/aed1d8afe914e0136d015d60f22bd285?s=96&d=mm&r=g\",\"caption\":\"Yusuf Ekinci\"},\"sameAs\":[\"http:\/\/alanya-web.com\"],\"url\":\"https:\/\/www.alanyaproperties.com\/fi\/author\/admin\/\"}]}<\/script>\n<!-- \/ Yoast SEO plugin. -->","yoast_head_json":{"title":"Tietoa Cikcillist\u00e4 - Properties in Alanya.","description":"Tietoa Cikcillist\u00e4 - Properties in Alanya.","robots":{"index":"index","follow":"follow","max-snippet":"max-snippet:-1","max-image-preview":"max-image-preview:large","max-video-preview":"max-video-preview:-1"},"canonical":"https:\/\/www.alanyaproperties.com\/fi\/uncategorized\/cikcilli-alanya-yleistietoa-cikcillistae-alanyasta-turkista\/","og_locale":"fi_FI","og_type":"article","og_title":"Tietoa Cikcillist\u00e4 - Properties in Alanya.","og_description":"Tietoa Cikcillist\u00e4 - Properties in Alanya.","og_url":"https:\/\/www.alanyaproperties.com\/fi\/uncategorized\/cikcilli-alanya-yleistietoa-cikcillistae-alanyasta-turkista\/","og_site_name":"Properties in Alanya.","article_publisher":"https:\/\/www.facebook.com\/alanyaproperties\/","article_published_time":"2009-10-21T03:28:24+00:00","og_image":[{"url":"http:\/\/alanyaproperties.com\/images\/turkey\/700-10234730012012.jpg"}],"author":"Yusuf Ekinci","twitter_card":"summary_large_image","twitter_creator":"@alanyapro","twitter_site":"@alanyapro","twitter_misc":{"Kirjoittanut":"Yusuf Ekinci","Arvioitu lukuaika":"1 minuutti"},"schema":{"@context":"https:\/\/schema.org","@graph":[{"@type":"Article","@id":"https:\/\/www.alanyaproperties.com\/fi\/uncategorized\/cikcilli-alanya-yleistietoa-cikcillistae-alanyasta-turkista\/#article","isPartOf":{"@id":"https:\/\/www.alanyaproperties.com\/fi\/uncategorized\/cikcilli-alanya-yleistietoa-cikcillistae-alanyasta-turkista\/"},"author":{"name":"Yusuf Ekinci","@id":"https:\/\/www.alanyaproperties.com\/fi\/#\/schema\/person\/8a92cc9600cbc25fcc67c304ba14680c"},"headline":"Tietoa Cikcillist\u00e4","datePublished":"2009-10-21T03:28:24+00:00","dateModified":"2009-10-21T03:28:24+00:00","mainEntityOfPage":{"@id":"https:\/\/www.alanyaproperties.com\/fi\/uncategorized\/cikcilli-alanya-yleistietoa-cikcillistae-alanyasta-turkista\/"},"wordCount":107,"publisher":{"@id":"https:\/\/www.alanyaproperties.com\/fi\/#organization"},"image":{"@id":"https:\/\/www.alanyaproperties.com\/fi\/uncategorized\/cikcilli-alanya-yleistietoa-cikcillistae-alanyasta-turkista\/#primaryimage"},"thumbnailUrl":"http:\/\/alanyaproperties.com\/images\/turkey\/700-10234730012012.jpg","keywords":["Alanyum ostoskeskus","asunto cikcilli","asunto Cikcillist\u00e4","Cikcilli Alanya","kattohuoneisto Alanyasta","loma-asunto Cikcillist\u00e4","pohjoismaalaisten suosima Cikcilli","skandinaavit","suosittu kaupunginosa Alanyassa","tietoa Cikcillist\u00e4"],"articleSection":["Uncategorized"],"inLanguage":"fi"},{"@type":"WebPage","@id":"https:\/\/www.alanyaproperties.com\/fi\/uncategorized\/cikcilli-alanya-yleistietoa-cikcillistae-alanyasta-turkista\/","url":"https:\/\/www.alanyaproperties.com\/fi\/uncategorized\/cikcilli-alanya-yleistietoa-cikcillistae-alanyasta-turkista\/","name":"Tietoa Cikcillist\u00e4 - Properties in Alanya.","isPartOf":{"@id":"https:\/\/www.alanyaproperties.com\/fi\/#website"},"primaryImageOfPage":{"@id":"https:\/\/www.alanyaproperties.com\/fi\/uncategorized\/cikcilli-alanya-yleistietoa-cikcillistae-alanyasta-turkista\/#primaryimage"},"image":{"@id":"https:\/\/www.alanyaproperties.com\/fi\/uncategorized\/cikcilli-alanya-yleistietoa-cikcillistae-alanyasta-turkista\/#primaryimage"},"thumbnailUrl":"http:\/\/alanyaproperties.com\/images\/turkey\/700-10234730012012.jpg","datePublished":"2009-10-21T03:28:24+00:00","dateModified":"2009-10-21T03:28:24+00:00","description":"Tietoa Cikcillist\u00e4 - Properties in Alanya.","breadcrumb":{"@id":"https:\/\/www.alanyaproperties.com\/fi\/uncategorized\/cikcilli-alanya-yleistietoa-cikcillistae-alanyasta-turkista\/#breadcrumb"},"inLanguage":"fi","potentialAction":[{"@type":"ReadAction","target":["https:\/\/www.alanyaproperties.com\/fi\/uncategorized\/cikcilli-alanya-yleistietoa-cikcillistae-alanyasta-turkista\/"]}]},{"@type":"ImageObject","inLanguage":"fi","@id":"https:\/\/www.alanyaproperties.com\/fi\/uncategorized\/cikcilli-alanya-yleistietoa-cikcillistae-alanyasta-turkista\/#primaryimage","url":"http:\/\/alanyaproperties.com\/images\/turkey\/700-10234730012012.jpg","contentUrl":"http:\/\/alanyaproperties.com\/images\/turkey\/700-10234730012012.jpg"},{"@type":"BreadcrumbList","@id":"https:\/\/www.alanyaproperties.com\/fi\/uncategorized\/cikcilli-alanya-yleistietoa-cikcillistae-alanyasta-turkista\/#breadcrumb","itemListElement":[{"@type":"ListItem","position":1,"name":"Home","item":"https:\/\/www.alanyaproperties.com\/fi\/"},{"@type":"ListItem","position":2,"name":"Tietoa Cikcillist\u00e4"}]},{"@type":"WebSite","@id":"https:\/\/www.alanyaproperties.com\/fi\/#website","url":"https:\/\/www.alanyaproperties.com\/fi\/","name":"Properties in Alanya.","description":"Properties in Alanya.","publisher":{"@id":"https:\/\/www.alanyaproperties.com\/fi\/#organization"},"potentialAction":[{"@type":"SearchAction","target":{"@type":"EntryPoint","urlTemplate":"https:\/\/www.alanyaproperties.com\/fi\/?s={search_term_string}"},"query-input":"required name=search_term_string"}],"inLanguage":"fi"},{"@type":"Organization","@id":"https:\/\/www.alanyaproperties.com\/fi\/#organization","name":"Alanya Properties","url":"https:\/\/www.alanyaproperties.com\/fi\/","logo":{"@type":"ImageObject","inLanguage":"fi","@id":"https:\/\/www.alanyaproperties.com\/fi\/#\/schema\/logo\/image\/","url":"https:\/\/i0.wp.com\/www.alanyaproperties.com\/wp-content\/uploads\/2017\/06\/alanya-properties-logo-180to.png?fit=180%2C81&ssl=1","contentUrl":"https:\/\/i0.wp.com\/www.alanyaproperties.com\/wp-content\/uploads\/2017\/06\/alanya-properties-logo-180to.png?fit=180%2C81&ssl=1","width":180,"height":81,"caption":"Alanya Properties"},"image":{"@id":"https:\/\/www.alanyaproperties.com\/fi\/#\/schema\/logo\/image\/"},"sameAs":["https:\/\/www.facebook.com\/alanyaproperties\/","https:\/\/x.com\/alanyapro","https:\/\/www.instagram.com\/alanyaproperties\/","https:\/\/www.youtube.com\/c\/AlanyaProperties"]},{"@type":"Person","@id":"https:\/\/www.alanyaproperties.com\/fi\/#\/schema\/person\/8a92cc9600cbc25fcc67c304ba14680c","name":"Yusuf Ekinci","image":{"@type":"ImageObject","inLanguage":"fi","@id":"https:\/\/www.alanyaproperties.com\/fi\/#\/schema\/person\/image\/","url":"https:\/\/secure.gravatar.com\/avatar\/aed1d8afe914e0136d015d60f22bd285?s=96&d=mm&r=g","contentUrl":"https:\/\/secure.gravatar.com\/avatar\/aed1d8afe914e0136d015d60f22bd285?s=96&d=mm&r=g","caption":"Yusuf Ekinci"},"sameAs":["http:\/\/alanya-web.com"],"url":"https:\/\/www.alanyaproperties.com\/fi\/author\/admin\/"}]}},"jetpack_sharing_enabled":true,"jetpack_featured_media_url":"","_links":{"self":[{"href":"https:\/\/www.alanyaproperties.com\/fi\/wp-json\/wp\/v2\/posts\/3684"}],"collection":[{"href":"https:\/\/www.alanyaproperties.com\/fi\/wp-json\/wp\/v2\/posts"}],"about":[{"href":"https:\/\/www.alanyaproperties.com\/fi\/wp-json\/wp\/v2\/types\/post"}],"author":[{"embeddable":true,"href":"https:\/\/www.alanyaproperties.com\/fi\/wp-json\/wp\/v2\/users\/42"}],"replies":[{"embeddable":true,"href":"https:\/\/www.alanyaproperties.com\/fi\/wp-json\/wp\/v2\/comments?post=3684"}],"version-history":[{"count":0,"href":"https:\/\/www.alanyaproperties.com\/fi\/wp-json\/wp\/v2\/posts\/3684\/revisions"}],"wp:attachment":[{"href":"https:\/\/www.alanyaproperties.com\/fi\/wp-json\/wp\/v2\/media?parent=3684"}],"wp:term":[{"taxonomy":"category","embeddable":true,"href":"https:\/\/www.alanyaproperties.com\/fi\/wp-json\/wp\/v2\/categories?post=3684"},{"taxonomy":"post_tag","embeddable":true,"href":"https:\/\/www.alanyaproperties.com\/fi\/wp-json\/wp\/v2\/tags?post=3684"}],"curies":[{"name":"wp","href":"https:\/\/api.w.org\/{rel}","templated":true}]}}