{"id":3655,"date":"2009-10-21T03:28:24","date_gmt":"2009-10-21T03:28:24","guid":{"rendered":"http:\/\/www.alanyaproperties.com\/alanya-tepe-bektas-2\/"},"modified":"2009-10-21T03:28:24","modified_gmt":"2009-10-21T03:28:24","slug":"alanya-tepe-bektas-2","status":"publish","type":"post","link":"https:\/\/www.alanyaproperties.com\/fi\/uncategorized\/alanya-tepe-bektas-2\/","title":{"rendered":"Tietoa Alanyan Tepest\u00e4 \/ Bektaksesta"},"content":{"rendered":"<table align=\"center\" border=\"0\" cellpadding=\"1\" cellspacing=\"1\">\n<tbody>\n<tr>\n<td style=\"text-align: center; \"> \t\t\t\t<img loading=\"lazy\" decoding=\"async\" alt=\"\" height=\"250\" src=\"https:\/\/i0.wp.com\/alanyaproperties.com\/images\/turkey\/700-10234730012012.jpg?resize=360%2C250\" width=\"360\" data-recalc-dims=\"1\" \/><\/td>\n<td> \t\t\t\t&nbsp;<\/td>\n<td style=\"text-align: center; \"> \t\t\t\t<img loading=\"lazy\" decoding=\"async\" alt=\"\" height=\"250\" src=\"https:\/\/i0.wp.com\/alanyaproperties.com\/images\/turkey\/700-12090325012012.jpg?resize=360%2C250\" width=\"360\" data-recalc-dims=\"1\" \/><\/td>\n<\/tr>\n<\/tbody>\n<\/table>\n<p> \t&nbsp;<\/p>\n<p> \t<strong>Tepe \/ Bekta<\/strong><strong>\u015f<\/strong><\/p>\n<p> \tTepe ja Bekta\u015f sijaitsevat <a href=\"http:\/\/alanyaproperties.com\/lang-fi\/turkkitietoa-yleistietoa-turkista\/alanya.html\" name=\"Lue lis\u00e4\u00e4 Alanyan kaupungista ja sen historiasta\" target=\"_blank\" title=\"Alanya tietoa\">Alanya<\/a>n keskustan pohjoispuolella Taurus-vuoriston rinteill\u00e4.<\/p>\n<p> \tT\u00e4lt\u00e4 seudulta ehdottomasti upeimmat n\u00e4k\u00f6alat Alanyan kaupungin ylle.<\/p>\n<p> \tT\u00e4lt\u00e4 alueelta l\u00f6yd\u00e4tte sek\u00e4 paikallisasutusta ett\u00e4 uudempaa rakennustuotantoa,<\/p>\n<p> \tjotka erityisesti ulkomaalaisten suosiossa.<\/p>\n<p> \tN\u00e4ilt\u00e4 rinteilt\u00e4 l\u00f6yd\u00e4tte my\u00f6s monia paikallisia ravintoloita, jotka tarjoavat perinteist\u00e4 turkkilaista ruokaa ja eritoten kokemuksen arvoisen turkkilaisen aamupalan, jonka kruunaa upeat n\u00e4k\u00f6alat Alanyan kaupungin ylle ja Kale-kukkulalle. Tepen asukasluku vuonna 2013 oli 577 ja Bektaksen 718.<\/p>\n","protected":false},"excerpt":{"rendered":"<p>&nbsp; &nbsp; Tepe \/ Bekta\u015f Tepe ja Bekta\u015f sijaitsevat Alanyan keskustan pohjoispuolella Taurus-vuoriston rinteill\u00e4. T\u00e4lt\u00e4 seudulta ehdottomasti upeimmat n\u00e4k\u00f6alat Alanyan kaupungin ylle. T\u00e4lt\u00e4 alueelta l\u00f6yd\u00e4tte sek\u00e4 paikallisasutusta ett\u00e4 uudempaa rakennustuotantoa, jotka erityisesti ulkomaalaisten suosiossa. N\u00e4ilt\u00e4 rinteilt\u00e4 l\u00f6yd\u00e4tte my\u00f6s monia paikallisia ravintoloita, jotka tarjoavat perinteist\u00e4 turkkilaista ruokaa ja eritoten kokemuksen arvoisen turkkilaisen aamupalan, jonka kruunaa upeat [&hellip;]<\/p>\n","protected":false},"author":42,"featured_media":0,"comment_status":"closed","ping_status":"closed","sticky":false,"template":"","format":"standard","meta":{"footnotes":""},"categories":[1],"tags":[2472,2471,2473,2474],"yoast_head":"<!-- This site is optimized with the Yoast SEO plugin v22.6 - https:\/\/yoast.com\/wordpress\/plugins\/seo\/ -->\n<title>Tietoa Alanyan Tepest\u00e4 \/ Bektaksesta - Properties in Alanya.<\/title>\n<meta name=\"description\" content=\"Tietoa Alanyan Tepest\u00e4 \/ Bektaksesta - Properties in Alanya.\" \/>\n<meta name=\"robots\" content=\"index, follow, max-snippet:-1, max-image-preview:large, max-video-preview:-1\" \/>\n<link rel=\"canonical\" href=\"https:\/\/www.alanyaproperties.com\/fi\/uncategorized\/alanya-tepe-bektas-2\/\" \/>\n<meta property=\"og:locale\" content=\"fi_FI\" \/>\n<meta property=\"og:type\" content=\"article\" \/>\n<meta property=\"og:title\" content=\"Tietoa Alanyan Tepest\u00e4 \/ Bektaksesta - Properties in Alanya.\" \/>\n<meta property=\"og:description\" content=\"Tietoa Alanyan Tepest\u00e4 \/ Bektaksesta - Properties in Alanya.\" \/>\n<meta property=\"og:url\" content=\"https:\/\/www.alanyaproperties.com\/fi\/uncategorized\/alanya-tepe-bektas-2\/\" \/>\n<meta property=\"og:site_name\" content=\"Properties in Alanya.\" \/>\n<meta property=\"article:publisher\" content=\"https:\/\/www.facebook.com\/alanyaproperties\/\" \/>\n<meta property=\"article:published_time\" content=\"2009-10-21T03:28:24+00:00\" \/>\n<meta property=\"og:image\" content=\"http:\/\/alanyaproperties.com\/images\/turkey\/700-10234730012012.jpg\" \/>\n<meta name=\"author\" content=\"Yusuf Ekinci\" \/>\n<meta name=\"twitter:card\" content=\"summary_large_image\" \/>\n<meta name=\"twitter:creator\" content=\"@alanyapro\" \/>\n<meta name=\"twitter:site\" content=\"@alanyapro\" \/>\n<meta name=\"twitter:label1\" content=\"Kirjoittanut\" \/>\n\t<meta name=\"twitter:data1\" content=\"Yusuf Ekinci\" \/>\n<script type=\"application\/ld+json\" class=\"yoast-schema-graph\">{\"@context\":\"https:\/\/schema.org\",\"@graph\":[{\"@type\":\"Article\",\"@id\":\"https:\/\/www.alanyaproperties.com\/fi\/uncategorized\/alanya-tepe-bektas-2\/#article\",\"isPartOf\":{\"@id\":\"https:\/\/www.alanyaproperties.com\/fi\/uncategorized\/alanya-tepe-bektas-2\/\"},\"author\":{\"name\":\"Yusuf Ekinci\",\"@id\":\"https:\/\/www.alanyaproperties.com\/fi\/#\/schema\/person\/8a92cc9600cbc25fcc67c304ba14680c\"},\"headline\":\"Tietoa Alanyan Tepest\u00e4 \/ Bektaksesta\",\"datePublished\":\"2009-10-21T03:28:24+00:00\",\"dateModified\":\"2009-10-21T03:28:24+00:00\",\"mainEntityOfPage\":{\"@id\":\"https:\/\/www.alanyaproperties.com\/fi\/uncategorized\/alanya-tepe-bektas-2\/\"},\"wordCount\":82,\"publisher\":{\"@id\":\"https:\/\/www.alanyaproperties.com\/fi\/#organization\"},\"image\":{\"@id\":\"https:\/\/www.alanyaproperties.com\/fi\/uncategorized\/alanya-tepe-bektas-2\/#primaryimage\"},\"thumbnailUrl\":\"http:\/\/alanyaproperties.com\/images\/turkey\/700-10234730012012.jpg\",\"keywords\":[\"Alanya Bektas\",\"Alanya Tepe\",\"Alanyan keskustan pohjoispuolella\",\"ravintoloita upealla n\u00e4k\u00f6alalla Alanyan kaupunkiin\"],\"articleSection\":[\"Uncategorized\"],\"inLanguage\":\"fi\"},{\"@type\":\"WebPage\",\"@id\":\"https:\/\/www.alanyaproperties.com\/fi\/uncategorized\/alanya-tepe-bektas-2\/\",\"url\":\"https:\/\/www.alanyaproperties.com\/fi\/uncategorized\/alanya-tepe-bektas-2\/\",\"name\":\"Tietoa Alanyan Tepest\u00e4 \/ Bektaksesta - Properties in Alanya.\",\"isPartOf\":{\"@id\":\"https:\/\/www.alanyaproperties.com\/fi\/#website\"},\"primaryImageOfPage\":{\"@id\":\"https:\/\/www.alanyaproperties.com\/fi\/uncategorized\/alanya-tepe-bektas-2\/#primaryimage\"},\"image\":{\"@id\":\"https:\/\/www.alanyaproperties.com\/fi\/uncategorized\/alanya-tepe-bektas-2\/#primaryimage\"},\"thumbnailUrl\":\"http:\/\/alanyaproperties.com\/images\/turkey\/700-10234730012012.jpg\",\"datePublished\":\"2009-10-21T03:28:24+00:00\",\"dateModified\":\"2009-10-21T03:28:24+00:00\",\"description\":\"Tietoa Alanyan Tepest\u00e4 \/ Bektaksesta - Properties in Alanya.\",\"breadcrumb\":{\"@id\":\"https:\/\/www.alanyaproperties.com\/fi\/uncategorized\/alanya-tepe-bektas-2\/#breadcrumb\"},\"inLanguage\":\"fi\",\"potentialAction\":[{\"@type\":\"ReadAction\",\"target\":[\"https:\/\/www.alanyaproperties.com\/fi\/uncategorized\/alanya-tepe-bektas-2\/\"]}]},{\"@type\":\"ImageObject\",\"inLanguage\":\"fi\",\"@id\":\"https:\/\/www.alanyaproperties.com\/fi\/uncategorized\/alanya-tepe-bektas-2\/#primaryimage\",\"url\":\"http:\/\/alanyaproperties.com\/images\/turkey\/700-10234730012012.jpg\",\"contentUrl\":\"http:\/\/alanyaproperties.com\/images\/turkey\/700-10234730012012.jpg\"},{\"@type\":\"BreadcrumbList\",\"@id\":\"https:\/\/www.alanyaproperties.com\/fi\/uncategorized\/alanya-tepe-bektas-2\/#breadcrumb\",\"itemListElement\":[{\"@type\":\"ListItem\",\"position\":1,\"name\":\"Home\",\"item\":\"https:\/\/www.alanyaproperties.com\/fi\/\"},{\"@type\":\"ListItem\",\"position\":2,\"name\":\"Tietoa Alanyan Tepest\u00e4 \/ Bektaksesta\"}]},{\"@type\":\"WebSite\",\"@id\":\"https:\/\/www.alanyaproperties.com\/fi\/#website\",\"url\":\"https:\/\/www.alanyaproperties.com\/fi\/\",\"name\":\"Properties in Alanya.\",\"description\":\"Properties in Alanya.\",\"publisher\":{\"@id\":\"https:\/\/www.alanyaproperties.com\/fi\/#organization\"},\"potentialAction\":[{\"@type\":\"SearchAction\",\"target\":{\"@type\":\"EntryPoint\",\"urlTemplate\":\"https:\/\/www.alanyaproperties.com\/fi\/?s={search_term_string}\"},\"query-input\":\"required name=search_term_string\"}],\"inLanguage\":\"fi\"},{\"@type\":\"Organization\",\"@id\":\"https:\/\/www.alanyaproperties.com\/fi\/#organization\",\"name\":\"Alanya Properties\",\"url\":\"https:\/\/www.alanyaproperties.com\/fi\/\",\"logo\":{\"@type\":\"ImageObject\",\"inLanguage\":\"fi\",\"@id\":\"https:\/\/www.alanyaproperties.com\/fi\/#\/schema\/logo\/image\/\",\"url\":\"https:\/\/i0.wp.com\/www.alanyaproperties.com\/wp-content\/uploads\/2017\/06\/alanya-properties-logo-180to.png?fit=180%2C81&ssl=1\",\"contentUrl\":\"https:\/\/i0.wp.com\/www.alanyaproperties.com\/wp-content\/uploads\/2017\/06\/alanya-properties-logo-180to.png?fit=180%2C81&ssl=1\",\"width\":180,\"height\":81,\"caption\":\"Alanya Properties\"},\"image\":{\"@id\":\"https:\/\/www.alanyaproperties.com\/fi\/#\/schema\/logo\/image\/\"},\"sameAs\":[\"https:\/\/www.facebook.com\/alanyaproperties\/\",\"https:\/\/x.com\/alanyapro\",\"https:\/\/www.instagram.com\/alanyaproperties\/\",\"https:\/\/www.youtube.com\/c\/AlanyaProperties\"]},{\"@type\":\"Person\",\"@id\":\"https:\/\/www.alanyaproperties.com\/fi\/#\/schema\/person\/8a92cc9600cbc25fcc67c304ba14680c\",\"name\":\"Yusuf Ekinci\",\"image\":{\"@type\":\"ImageObject\",\"inLanguage\":\"fi\",\"@id\":\"https:\/\/www.alanyaproperties.com\/fi\/#\/schema\/person\/image\/\",\"url\":\"https:\/\/secure.gravatar.com\/avatar\/aed1d8afe914e0136d015d60f22bd285?s=96&d=mm&r=g\",\"contentUrl\":\"https:\/\/secure.gravatar.com\/avatar\/aed1d8afe914e0136d015d60f22bd285?s=96&d=mm&r=g\",\"caption\":\"Yusuf Ekinci\"},\"sameAs\":[\"http:\/\/alanya-web.com\"],\"url\":\"https:\/\/www.alanyaproperties.com\/fi\/author\/admin\/\"}]}<\/script>\n<!-- \/ Yoast SEO plugin. -->","yoast_head_json":{"title":"Tietoa Alanyan Tepest\u00e4 \/ Bektaksesta - Properties in Alanya.","description":"Tietoa Alanyan Tepest\u00e4 \/ Bektaksesta - Properties in Alanya.","robots":{"index":"index","follow":"follow","max-snippet":"max-snippet:-1","max-image-preview":"max-image-preview:large","max-video-preview":"max-video-preview:-1"},"canonical":"https:\/\/www.alanyaproperties.com\/fi\/uncategorized\/alanya-tepe-bektas-2\/","og_locale":"fi_FI","og_type":"article","og_title":"Tietoa Alanyan Tepest\u00e4 \/ Bektaksesta - Properties in Alanya.","og_description":"Tietoa Alanyan Tepest\u00e4 \/ Bektaksesta - Properties in Alanya.","og_url":"https:\/\/www.alanyaproperties.com\/fi\/uncategorized\/alanya-tepe-bektas-2\/","og_site_name":"Properties in Alanya.","article_publisher":"https:\/\/www.facebook.com\/alanyaproperties\/","article_published_time":"2009-10-21T03:28:24+00:00","og_image":[{"url":"http:\/\/alanyaproperties.com\/images\/turkey\/700-10234730012012.jpg"}],"author":"Yusuf Ekinci","twitter_card":"summary_large_image","twitter_creator":"@alanyapro","twitter_site":"@alanyapro","twitter_misc":{"Kirjoittanut":"Yusuf Ekinci"},"schema":{"@context":"https:\/\/schema.org","@graph":[{"@type":"Article","@id":"https:\/\/www.alanyaproperties.com\/fi\/uncategorized\/alanya-tepe-bektas-2\/#article","isPartOf":{"@id":"https:\/\/www.alanyaproperties.com\/fi\/uncategorized\/alanya-tepe-bektas-2\/"},"author":{"name":"Yusuf Ekinci","@id":"https:\/\/www.alanyaproperties.com\/fi\/#\/schema\/person\/8a92cc9600cbc25fcc67c304ba14680c"},"headline":"Tietoa Alanyan Tepest\u00e4 \/ Bektaksesta","datePublished":"2009-10-21T03:28:24+00:00","dateModified":"2009-10-21T03:28:24+00:00","mainEntityOfPage":{"@id":"https:\/\/www.alanyaproperties.com\/fi\/uncategorized\/alanya-tepe-bektas-2\/"},"wordCount":82,"publisher":{"@id":"https:\/\/www.alanyaproperties.com\/fi\/#organization"},"image":{"@id":"https:\/\/www.alanyaproperties.com\/fi\/uncategorized\/alanya-tepe-bektas-2\/#primaryimage"},"thumbnailUrl":"http:\/\/alanyaproperties.com\/images\/turkey\/700-10234730012012.jpg","keywords":["Alanya Bektas","Alanya Tepe","Alanyan keskustan pohjoispuolella","ravintoloita upealla n\u00e4k\u00f6alalla Alanyan kaupunkiin"],"articleSection":["Uncategorized"],"inLanguage":"fi"},{"@type":"WebPage","@id":"https:\/\/www.alanyaproperties.com\/fi\/uncategorized\/alanya-tepe-bektas-2\/","url":"https:\/\/www.alanyaproperties.com\/fi\/uncategorized\/alanya-tepe-bektas-2\/","name":"Tietoa Alanyan Tepest\u00e4 \/ Bektaksesta - Properties in Alanya.","isPartOf":{"@id":"https:\/\/www.alanyaproperties.com\/fi\/#website"},"primaryImageOfPage":{"@id":"https:\/\/www.alanyaproperties.com\/fi\/uncategorized\/alanya-tepe-bektas-2\/#primaryimage"},"image":{"@id":"https:\/\/www.alanyaproperties.com\/fi\/uncategorized\/alanya-tepe-bektas-2\/#primaryimage"},"thumbnailUrl":"http:\/\/alanyaproperties.com\/images\/turkey\/700-10234730012012.jpg","datePublished":"2009-10-21T03:28:24+00:00","dateModified":"2009-10-21T03:28:24+00:00","description":"Tietoa Alanyan Tepest\u00e4 \/ Bektaksesta - Properties in Alanya.","breadcrumb":{"@id":"https:\/\/www.alanyaproperties.com\/fi\/uncategorized\/alanya-tepe-bektas-2\/#breadcrumb"},"inLanguage":"fi","potentialAction":[{"@type":"ReadAction","target":["https:\/\/www.alanyaproperties.com\/fi\/uncategorized\/alanya-tepe-bektas-2\/"]}]},{"@type":"ImageObject","inLanguage":"fi","@id":"https:\/\/www.alanyaproperties.com\/fi\/uncategorized\/alanya-tepe-bektas-2\/#primaryimage","url":"http:\/\/alanyaproperties.com\/images\/turkey\/700-10234730012012.jpg","contentUrl":"http:\/\/alanyaproperties.com\/images\/turkey\/700-10234730012012.jpg"},{"@type":"BreadcrumbList","@id":"https:\/\/www.alanyaproperties.com\/fi\/uncategorized\/alanya-tepe-bektas-2\/#breadcrumb","itemListElement":[{"@type":"ListItem","position":1,"name":"Home","item":"https:\/\/www.alanyaproperties.com\/fi\/"},{"@type":"ListItem","position":2,"name":"Tietoa Alanyan Tepest\u00e4 \/ Bektaksesta"}]},{"@type":"WebSite","@id":"https:\/\/www.alanyaproperties.com\/fi\/#website","url":"https:\/\/www.alanyaproperties.com\/fi\/","name":"Properties in Alanya.","description":"Properties in Alanya.","publisher":{"@id":"https:\/\/www.alanyaproperties.com\/fi\/#organization"},"potentialAction":[{"@type":"SearchAction","target":{"@type":"EntryPoint","urlTemplate":"https:\/\/www.alanyaproperties.com\/fi\/?s={search_term_string}"},"query-input":"required name=search_term_string"}],"inLanguage":"fi"},{"@type":"Organization","@id":"https:\/\/www.alanyaproperties.com\/fi\/#organization","name":"Alanya Properties","url":"https:\/\/www.alanyaproperties.com\/fi\/","logo":{"@type":"ImageObject","inLanguage":"fi","@id":"https:\/\/www.alanyaproperties.com\/fi\/#\/schema\/logo\/image\/","url":"https:\/\/i0.wp.com\/www.alanyaproperties.com\/wp-content\/uploads\/2017\/06\/alanya-properties-logo-180to.png?fit=180%2C81&ssl=1","contentUrl":"https:\/\/i0.wp.com\/www.alanyaproperties.com\/wp-content\/uploads\/2017\/06\/alanya-properties-logo-180to.png?fit=180%2C81&ssl=1","width":180,"height":81,"caption":"Alanya Properties"},"image":{"@id":"https:\/\/www.alanyaproperties.com\/fi\/#\/schema\/logo\/image\/"},"sameAs":["https:\/\/www.facebook.com\/alanyaproperties\/","https:\/\/x.com\/alanyapro","https:\/\/www.instagram.com\/alanyaproperties\/","https:\/\/www.youtube.com\/c\/AlanyaProperties"]},{"@type":"Person","@id":"https:\/\/www.alanyaproperties.com\/fi\/#\/schema\/person\/8a92cc9600cbc25fcc67c304ba14680c","name":"Yusuf Ekinci","image":{"@type":"ImageObject","inLanguage":"fi","@id":"https:\/\/www.alanyaproperties.com\/fi\/#\/schema\/person\/image\/","url":"https:\/\/secure.gravatar.com\/avatar\/aed1d8afe914e0136d015d60f22bd285?s=96&d=mm&r=g","contentUrl":"https:\/\/secure.gravatar.com\/avatar\/aed1d8afe914e0136d015d60f22bd285?s=96&d=mm&r=g","caption":"Yusuf Ekinci"},"sameAs":["http:\/\/alanya-web.com"],"url":"https:\/\/www.alanyaproperties.com\/fi\/author\/admin\/"}]}},"jetpack_sharing_enabled":true,"jetpack_featured_media_url":"","_links":{"self":[{"href":"https:\/\/www.alanyaproperties.com\/fi\/wp-json\/wp\/v2\/posts\/3655"}],"collection":[{"href":"https:\/\/www.alanyaproperties.com\/fi\/wp-json\/wp\/v2\/posts"}],"about":[{"href":"https:\/\/www.alanyaproperties.com\/fi\/wp-json\/wp\/v2\/types\/post"}],"author":[{"embeddable":true,"href":"https:\/\/www.alanyaproperties.com\/fi\/wp-json\/wp\/v2\/users\/42"}],"replies":[{"embeddable":true,"href":"https:\/\/www.alanyaproperties.com\/fi\/wp-json\/wp\/v2\/comments?post=3655"}],"version-history":[{"count":0,"href":"https:\/\/www.alanyaproperties.com\/fi\/wp-json\/wp\/v2\/posts\/3655\/revisions"}],"wp:attachment":[{"href":"https:\/\/www.alanyaproperties.com\/fi\/wp-json\/wp\/v2\/media?parent=3655"}],"wp:term":[{"taxonomy":"category","embeddable":true,"href":"https:\/\/www.alanyaproperties.com\/fi\/wp-json\/wp\/v2\/categories?post=3655"},{"taxonomy":"post_tag","embeddable":true,"href":"https:\/\/www.alanyaproperties.com\/fi\/wp-json\/wp\/v2\/tags?post=3655"}],"curies":[{"name":"wp","href":"https:\/\/api.w.org\/{rel}","templated":true}]}}