{"id":3637,"date":"2009-10-21T03:28:24","date_gmt":"2009-10-21T03:28:24","guid":{"rendered":"http:\/\/www.alanyaproperties.com\/kargicak-alanya-turkki-tietoa-kargicakista-alanyasta-turkista\/"},"modified":"2009-10-21T03:28:24","modified_gmt":"2009-10-21T03:28:24","slug":"kargicak-alanya-turkki-tietoa-kargicakista-alanyasta-turkista","status":"publish","type":"post","link":"https:\/\/www.alanyaproperties.com\/fi\/uncategorized\/kargicak-alanya-turkki-tietoa-kargicakista-alanyasta-turkista\/","title":{"rendered":"Tietoa Alanyan Kargicakista"},"content":{"rendered":"<table align=\"center\" border=\"0\" cellpadding=\"1\" cellspacing=\"1\">\n<tbody>\n<tr>\n<td style=\"text-align: center; \"> \t\t\t\t<img loading=\"lazy\" decoding=\"async\" alt=\"\" height=\"250\" src=\"https:\/\/i0.wp.com\/alanyaproperties.com\/images\/turkey\/700-10234730012012.jpg?resize=360%2C250\" width=\"360\" data-recalc-dims=\"1\" \/><\/td>\n<td> \t\t\t\t&nbsp;<\/td>\n<td style=\"text-align: center; \"> \t\t\t\t<img loading=\"lazy\" decoding=\"async\" alt=\"\" height=\"250\" src=\"https:\/\/i0.wp.com\/alanyaproperties.com\/images\/turkey\/700-12090325012012.jpg?resize=360%2C250\" width=\"360\" data-recalc-dims=\"1\" \/><\/td>\n<\/tr>\n<\/tbody>\n<\/table>\n<p> \t<strong>Alanya Kargicak<\/strong><\/p>\n<p> \tKargicak on viihtyis\u00e4 pieni kyl\u00e4 <a href=\"http:\/\/alanyaproperties.com\/lang-fi\/turkkitietoa-yleistietoa-turkista\/alanya.html\" name=\"Lue lis\u00e4\u00e4 Alanyasta\" target=\"_blank\" title=\"Lue lis\u00e4\u00e4 Alanyasta\">Alanya<\/a>n it\u00e4puolella, l\u00e4hell\u00e4 Gazipasan (GZP) lentoasemaa ja helppojen kulkuyhteyksien p\u00e4\u00e4ss\u00e4 Alanyasta. Kargicakin asukasluku vuonna 2013 oli 2962.<\/p>\n<p> \tRauhallinen ymp\u00e4rist\u00f6 ja viihtyis\u00e4 kyl\u00e4keskusta tarjoavat puitteet todella rauhalliseen el\u00e4m\u00e4ntyyliin.<\/p>\n<p> \tPalveluita l\u00f6ytyy Kargicakista my\u00f6s hyvin, sill\u00e4 sinne on avattu kauppakeskus &#8221;Plumeria Mall&#8221;, josta l\u00f6yd\u00e4tte liikkeit\u00e4 moneen makuun.<\/p>\n<p> \tJos arvostat kaunista luontoa ja asunnon ikkunoista avautuvia huikeita maisemia V\u00e4limerelle ja Taurus-vuoristoon, Kargicak on silloin sinun paikkasi Turkin Rivieralla.<\/p>\n<p> \tKiinnostuitko Kargicakin alueesta? Tutustu Kargicakin asuntovaihtoehtoihin t\u00e4st\u00e4 linkist\u00e4 <a href=\"http:\/\/alanyaproperties.com\/lang-fi\/component\/estateagent\/result.html?src_cat=2&amp;type=0&amp;searchstring=kargicak&amp;minvalue=&amp;maxvalue=&amp;src_country=TR&amp;src_state=&amp;src_district=Alanya&amp;src_town=no&amp;space=0&amp;yobuilt=0&amp;rooms=0&amp;bedrooms=0\" name=\"Asunto Kargicakista Alanyasta\" target=\"_blank\" title=\"Asuntoja Alanyan Kargicakista\">Asunto Alanyan Kargicakista.<\/a><\/p>\n<p> \t&nbsp;<\/p>\n<table align=\"center\" border=\"0\" cellpadding=\"1\" cellspacing=\"1\">\n<tbody>\n<tr>\n<td style=\"text-align: center; \"> \t\t\t\t<img loading=\"lazy\" decoding=\"async\" alt=\"Turkey\" height=\"250\" src=\"https:\/\/i0.wp.com\/alanyaproperties.com\/images\/turkey\/700-12090925012012.jpg?resize=360%2C250\" title=\"Alanya\" width=\"360\" data-recalc-dims=\"1\" \/><\/td>\n<td> \t\t\t\t&nbsp;<\/td>\n<td style=\"text-align: center; \"> \t\t\t\t<img decoding=\"async\" alt=\"Turkey\" src=\"https:\/\/i0.wp.com\/alanyaproperties.com\/images\/turkey\/700-10235230012012.jpg?w=1170\" title=\"Alanya\" data-recalc-dims=\"1\" \/><\/td>\n<\/tr>\n<\/tbody>\n<\/table>\n<p> \t&nbsp;<\/p>\n","protected":false},"excerpt":{"rendered":"<p>&nbsp; Alanya Kargicak Kargicak on viihtyis\u00e4 pieni kyl\u00e4 Alanyan it\u00e4puolella, l\u00e4hell\u00e4 Gazipasan (GZP) lentoasemaa ja helppojen kulkuyhteyksien p\u00e4\u00e4ss\u00e4 Alanyasta. Kargicakin asukasluku vuonna 2013 oli 2962. Rauhallinen ymp\u00e4rist\u00f6 ja viihtyis\u00e4 kyl\u00e4keskusta tarjoavat puitteet todella rauhalliseen el\u00e4m\u00e4ntyyliin. Palveluita l\u00f6ytyy Kargicakista my\u00f6s hyvin, sill\u00e4 sinne on avattu kauppakeskus &#8221;Plumeria Mall&#8221;, josta l\u00f6yd\u00e4tte liikkeit\u00e4 moneen makuun. Jos arvostat kaunista [&hellip;]<\/p>\n","protected":false},"author":42,"featured_media":0,"comment_status":"closed","ping_status":"closed","sticky":false,"template":"","format":"standard","meta":{"footnotes":""},"categories":[1],"tags":[2389,2390,2393,2391,2392],"yoast_head":"<!-- This site is optimized with the Yoast SEO plugin v22.6 - https:\/\/yoast.com\/wordpress\/plugins\/seo\/ -->\n<title>Tietoa Alanyan Kargicakista - Properties in Alanya.<\/title>\n<meta name=\"description\" content=\"Tietoa Alanyan Kargicakista - Properties in Alanya.\" \/>\n<meta name=\"robots\" content=\"index, follow, max-snippet:-1, max-image-preview:large, max-video-preview:-1\" \/>\n<link rel=\"canonical\" href=\"https:\/\/www.alanyaproperties.com\/fi\/uncategorized\/kargicak-alanya-turkki-tietoa-kargicakista-alanyasta-turkista\/\" \/>\n<meta property=\"og:locale\" content=\"fi_FI\" \/>\n<meta property=\"og:type\" content=\"article\" \/>\n<meta property=\"og:title\" content=\"Tietoa Alanyan Kargicakista - Properties in Alanya.\" \/>\n<meta property=\"og:description\" content=\"Tietoa Alanyan Kargicakista - Properties in Alanya.\" \/>\n<meta property=\"og:url\" content=\"https:\/\/www.alanyaproperties.com\/fi\/uncategorized\/kargicak-alanya-turkki-tietoa-kargicakista-alanyasta-turkista\/\" \/>\n<meta property=\"og:site_name\" content=\"Properties in Alanya.\" \/>\n<meta property=\"article:publisher\" content=\"https:\/\/www.facebook.com\/alanyaproperties\/\" \/>\n<meta property=\"article:published_time\" content=\"2009-10-21T03:28:24+00:00\" \/>\n<meta property=\"og:image\" content=\"http:\/\/alanyaproperties.com\/images\/turkey\/700-10234730012012.jpg\" \/>\n<meta name=\"author\" content=\"Yusuf Ekinci\" \/>\n<meta name=\"twitter:card\" content=\"summary_large_image\" \/>\n<meta name=\"twitter:creator\" content=\"@alanyapro\" \/>\n<meta name=\"twitter:site\" content=\"@alanyapro\" \/>\n<meta name=\"twitter:label1\" content=\"Kirjoittanut\" \/>\n\t<meta name=\"twitter:data1\" content=\"Yusuf Ekinci\" \/>\n<script type=\"application\/ld+json\" class=\"yoast-schema-graph\">{\"@context\":\"https:\/\/schema.org\",\"@graph\":[{\"@type\":\"Article\",\"@id\":\"https:\/\/www.alanyaproperties.com\/fi\/uncategorized\/kargicak-alanya-turkki-tietoa-kargicakista-alanyasta-turkista\/#article\",\"isPartOf\":{\"@id\":\"https:\/\/www.alanyaproperties.com\/fi\/uncategorized\/kargicak-alanya-turkki-tietoa-kargicakista-alanyasta-turkista\/\"},\"author\":{\"name\":\"Yusuf Ekinci\",\"@id\":\"https:\/\/www.alanyaproperties.com\/fi\/#\/schema\/person\/8a92cc9600cbc25fcc67c304ba14680c\"},\"headline\":\"Tietoa Alanyan Kargicakista\",\"datePublished\":\"2009-10-21T03:28:24+00:00\",\"dateModified\":\"2009-10-21T03:28:24+00:00\",\"mainEntityOfPage\":{\"@id\":\"https:\/\/www.alanyaproperties.com\/fi\/uncategorized\/kargicak-alanya-turkki-tietoa-kargicakista-alanyasta-turkista\/\"},\"wordCount\":100,\"publisher\":{\"@id\":\"https:\/\/www.alanyaproperties.com\/fi\/#organization\"},\"image\":{\"@id\":\"https:\/\/www.alanyaproperties.com\/fi\/uncategorized\/kargicak-alanya-turkki-tietoa-kargicakista-alanyasta-turkista\/#primaryimage\"},\"thumbnailUrl\":\"http:\/\/alanyaproperties.com\/images\/turkey\/700-10234730012012.jpg\",\"keywords\":[\"Alanyan Kargicak\",\"asunto Kargicakista Alanyasta\",\"informaatiota Kargicakista\",\"l\u00e4hell\u00e4 Gazipasan lentoasemaa\",\"tietoa Kargicakista\"],\"articleSection\":[\"Uncategorized\"],\"inLanguage\":\"fi\"},{\"@type\":\"WebPage\",\"@id\":\"https:\/\/www.alanyaproperties.com\/fi\/uncategorized\/kargicak-alanya-turkki-tietoa-kargicakista-alanyasta-turkista\/\",\"url\":\"https:\/\/www.alanyaproperties.com\/fi\/uncategorized\/kargicak-alanya-turkki-tietoa-kargicakista-alanyasta-turkista\/\",\"name\":\"Tietoa Alanyan Kargicakista - Properties in Alanya.\",\"isPartOf\":{\"@id\":\"https:\/\/www.alanyaproperties.com\/fi\/#website\"},\"primaryImageOfPage\":{\"@id\":\"https:\/\/www.alanyaproperties.com\/fi\/uncategorized\/kargicak-alanya-turkki-tietoa-kargicakista-alanyasta-turkista\/#primaryimage\"},\"image\":{\"@id\":\"https:\/\/www.alanyaproperties.com\/fi\/uncategorized\/kargicak-alanya-turkki-tietoa-kargicakista-alanyasta-turkista\/#primaryimage\"},\"thumbnailUrl\":\"http:\/\/alanyaproperties.com\/images\/turkey\/700-10234730012012.jpg\",\"datePublished\":\"2009-10-21T03:28:24+00:00\",\"dateModified\":\"2009-10-21T03:28:24+00:00\",\"description\":\"Tietoa Alanyan Kargicakista - Properties in Alanya.\",\"breadcrumb\":{\"@id\":\"https:\/\/www.alanyaproperties.com\/fi\/uncategorized\/kargicak-alanya-turkki-tietoa-kargicakista-alanyasta-turkista\/#breadcrumb\"},\"inLanguage\":\"fi\",\"potentialAction\":[{\"@type\":\"ReadAction\",\"target\":[\"https:\/\/www.alanyaproperties.com\/fi\/uncategorized\/kargicak-alanya-turkki-tietoa-kargicakista-alanyasta-turkista\/\"]}]},{\"@type\":\"ImageObject\",\"inLanguage\":\"fi\",\"@id\":\"https:\/\/www.alanyaproperties.com\/fi\/uncategorized\/kargicak-alanya-turkki-tietoa-kargicakista-alanyasta-turkista\/#primaryimage\",\"url\":\"http:\/\/alanyaproperties.com\/images\/turkey\/700-10234730012012.jpg\",\"contentUrl\":\"http:\/\/alanyaproperties.com\/images\/turkey\/700-10234730012012.jpg\"},{\"@type\":\"BreadcrumbList\",\"@id\":\"https:\/\/www.alanyaproperties.com\/fi\/uncategorized\/kargicak-alanya-turkki-tietoa-kargicakista-alanyasta-turkista\/#breadcrumb\",\"itemListElement\":[{\"@type\":\"ListItem\",\"position\":1,\"name\":\"Home\",\"item\":\"https:\/\/www.alanyaproperties.com\/fi\/\"},{\"@type\":\"ListItem\",\"position\":2,\"name\":\"Tietoa Alanyan Kargicakista\"}]},{\"@type\":\"WebSite\",\"@id\":\"https:\/\/www.alanyaproperties.com\/fi\/#website\",\"url\":\"https:\/\/www.alanyaproperties.com\/fi\/\",\"name\":\"Properties in Alanya.\",\"description\":\"Properties in Alanya.\",\"publisher\":{\"@id\":\"https:\/\/www.alanyaproperties.com\/fi\/#organization\"},\"potentialAction\":[{\"@type\":\"SearchAction\",\"target\":{\"@type\":\"EntryPoint\",\"urlTemplate\":\"https:\/\/www.alanyaproperties.com\/fi\/?s={search_term_string}\"},\"query-input\":\"required name=search_term_string\"}],\"inLanguage\":\"fi\"},{\"@type\":\"Organization\",\"@id\":\"https:\/\/www.alanyaproperties.com\/fi\/#organization\",\"name\":\"Alanya Properties\",\"url\":\"https:\/\/www.alanyaproperties.com\/fi\/\",\"logo\":{\"@type\":\"ImageObject\",\"inLanguage\":\"fi\",\"@id\":\"https:\/\/www.alanyaproperties.com\/fi\/#\/schema\/logo\/image\/\",\"url\":\"https:\/\/i0.wp.com\/www.alanyaproperties.com\/wp-content\/uploads\/2017\/06\/alanya-properties-logo-180to.png?fit=180%2C81&ssl=1\",\"contentUrl\":\"https:\/\/i0.wp.com\/www.alanyaproperties.com\/wp-content\/uploads\/2017\/06\/alanya-properties-logo-180to.png?fit=180%2C81&ssl=1\",\"width\":180,\"height\":81,\"caption\":\"Alanya Properties\"},\"image\":{\"@id\":\"https:\/\/www.alanyaproperties.com\/fi\/#\/schema\/logo\/image\/\"},\"sameAs\":[\"https:\/\/www.facebook.com\/alanyaproperties\/\",\"https:\/\/x.com\/alanyapro\",\"https:\/\/www.instagram.com\/alanyaproperties\/\",\"https:\/\/www.youtube.com\/c\/AlanyaProperties\"]},{\"@type\":\"Person\",\"@id\":\"https:\/\/www.alanyaproperties.com\/fi\/#\/schema\/person\/8a92cc9600cbc25fcc67c304ba14680c\",\"name\":\"Yusuf Ekinci\",\"image\":{\"@type\":\"ImageObject\",\"inLanguage\":\"fi\",\"@id\":\"https:\/\/www.alanyaproperties.com\/fi\/#\/schema\/person\/image\/\",\"url\":\"https:\/\/secure.gravatar.com\/avatar\/aed1d8afe914e0136d015d60f22bd285?s=96&d=mm&r=g\",\"contentUrl\":\"https:\/\/secure.gravatar.com\/avatar\/aed1d8afe914e0136d015d60f22bd285?s=96&d=mm&r=g\",\"caption\":\"Yusuf Ekinci\"},\"sameAs\":[\"http:\/\/alanya-web.com\"],\"url\":\"https:\/\/www.alanyaproperties.com\/fi\/author\/admin\/\"}]}<\/script>\n<!-- \/ Yoast SEO plugin. -->","yoast_head_json":{"title":"Tietoa Alanyan Kargicakista - Properties in Alanya.","description":"Tietoa Alanyan Kargicakista - Properties in Alanya.","robots":{"index":"index","follow":"follow","max-snippet":"max-snippet:-1","max-image-preview":"max-image-preview:large","max-video-preview":"max-video-preview:-1"},"canonical":"https:\/\/www.alanyaproperties.com\/fi\/uncategorized\/kargicak-alanya-turkki-tietoa-kargicakista-alanyasta-turkista\/","og_locale":"fi_FI","og_type":"article","og_title":"Tietoa Alanyan Kargicakista - Properties in Alanya.","og_description":"Tietoa Alanyan Kargicakista - Properties in Alanya.","og_url":"https:\/\/www.alanyaproperties.com\/fi\/uncategorized\/kargicak-alanya-turkki-tietoa-kargicakista-alanyasta-turkista\/","og_site_name":"Properties in Alanya.","article_publisher":"https:\/\/www.facebook.com\/alanyaproperties\/","article_published_time":"2009-10-21T03:28:24+00:00","og_image":[{"url":"http:\/\/alanyaproperties.com\/images\/turkey\/700-10234730012012.jpg"}],"author":"Yusuf Ekinci","twitter_card":"summary_large_image","twitter_creator":"@alanyapro","twitter_site":"@alanyapro","twitter_misc":{"Kirjoittanut":"Yusuf Ekinci"},"schema":{"@context":"https:\/\/schema.org","@graph":[{"@type":"Article","@id":"https:\/\/www.alanyaproperties.com\/fi\/uncategorized\/kargicak-alanya-turkki-tietoa-kargicakista-alanyasta-turkista\/#article","isPartOf":{"@id":"https:\/\/www.alanyaproperties.com\/fi\/uncategorized\/kargicak-alanya-turkki-tietoa-kargicakista-alanyasta-turkista\/"},"author":{"name":"Yusuf Ekinci","@id":"https:\/\/www.alanyaproperties.com\/fi\/#\/schema\/person\/8a92cc9600cbc25fcc67c304ba14680c"},"headline":"Tietoa Alanyan Kargicakista","datePublished":"2009-10-21T03:28:24+00:00","dateModified":"2009-10-21T03:28:24+00:00","mainEntityOfPage":{"@id":"https:\/\/www.alanyaproperties.com\/fi\/uncategorized\/kargicak-alanya-turkki-tietoa-kargicakista-alanyasta-turkista\/"},"wordCount":100,"publisher":{"@id":"https:\/\/www.alanyaproperties.com\/fi\/#organization"},"image":{"@id":"https:\/\/www.alanyaproperties.com\/fi\/uncategorized\/kargicak-alanya-turkki-tietoa-kargicakista-alanyasta-turkista\/#primaryimage"},"thumbnailUrl":"http:\/\/alanyaproperties.com\/images\/turkey\/700-10234730012012.jpg","keywords":["Alanyan Kargicak","asunto Kargicakista Alanyasta","informaatiota Kargicakista","l\u00e4hell\u00e4 Gazipasan lentoasemaa","tietoa Kargicakista"],"articleSection":["Uncategorized"],"inLanguage":"fi"},{"@type":"WebPage","@id":"https:\/\/www.alanyaproperties.com\/fi\/uncategorized\/kargicak-alanya-turkki-tietoa-kargicakista-alanyasta-turkista\/","url":"https:\/\/www.alanyaproperties.com\/fi\/uncategorized\/kargicak-alanya-turkki-tietoa-kargicakista-alanyasta-turkista\/","name":"Tietoa Alanyan Kargicakista - Properties in Alanya.","isPartOf":{"@id":"https:\/\/www.alanyaproperties.com\/fi\/#website"},"primaryImageOfPage":{"@id":"https:\/\/www.alanyaproperties.com\/fi\/uncategorized\/kargicak-alanya-turkki-tietoa-kargicakista-alanyasta-turkista\/#primaryimage"},"image":{"@id":"https:\/\/www.alanyaproperties.com\/fi\/uncategorized\/kargicak-alanya-turkki-tietoa-kargicakista-alanyasta-turkista\/#primaryimage"},"thumbnailUrl":"http:\/\/alanyaproperties.com\/images\/turkey\/700-10234730012012.jpg","datePublished":"2009-10-21T03:28:24+00:00","dateModified":"2009-10-21T03:28:24+00:00","description":"Tietoa Alanyan Kargicakista - Properties in Alanya.","breadcrumb":{"@id":"https:\/\/www.alanyaproperties.com\/fi\/uncategorized\/kargicak-alanya-turkki-tietoa-kargicakista-alanyasta-turkista\/#breadcrumb"},"inLanguage":"fi","potentialAction":[{"@type":"ReadAction","target":["https:\/\/www.alanyaproperties.com\/fi\/uncategorized\/kargicak-alanya-turkki-tietoa-kargicakista-alanyasta-turkista\/"]}]},{"@type":"ImageObject","inLanguage":"fi","@id":"https:\/\/www.alanyaproperties.com\/fi\/uncategorized\/kargicak-alanya-turkki-tietoa-kargicakista-alanyasta-turkista\/#primaryimage","url":"http:\/\/alanyaproperties.com\/images\/turkey\/700-10234730012012.jpg","contentUrl":"http:\/\/alanyaproperties.com\/images\/turkey\/700-10234730012012.jpg"},{"@type":"BreadcrumbList","@id":"https:\/\/www.alanyaproperties.com\/fi\/uncategorized\/kargicak-alanya-turkki-tietoa-kargicakista-alanyasta-turkista\/#breadcrumb","itemListElement":[{"@type":"ListItem","position":1,"name":"Home","item":"https:\/\/www.alanyaproperties.com\/fi\/"},{"@type":"ListItem","position":2,"name":"Tietoa Alanyan Kargicakista"}]},{"@type":"WebSite","@id":"https:\/\/www.alanyaproperties.com\/fi\/#website","url":"https:\/\/www.alanyaproperties.com\/fi\/","name":"Properties in Alanya.","description":"Properties in Alanya.","publisher":{"@id":"https:\/\/www.alanyaproperties.com\/fi\/#organization"},"potentialAction":[{"@type":"SearchAction","target":{"@type":"EntryPoint","urlTemplate":"https:\/\/www.alanyaproperties.com\/fi\/?s={search_term_string}"},"query-input":"required name=search_term_string"}],"inLanguage":"fi"},{"@type":"Organization","@id":"https:\/\/www.alanyaproperties.com\/fi\/#organization","name":"Alanya Properties","url":"https:\/\/www.alanyaproperties.com\/fi\/","logo":{"@type":"ImageObject","inLanguage":"fi","@id":"https:\/\/www.alanyaproperties.com\/fi\/#\/schema\/logo\/image\/","url":"https:\/\/i0.wp.com\/www.alanyaproperties.com\/wp-content\/uploads\/2017\/06\/alanya-properties-logo-180to.png?fit=180%2C81&ssl=1","contentUrl":"https:\/\/i0.wp.com\/www.alanyaproperties.com\/wp-content\/uploads\/2017\/06\/alanya-properties-logo-180to.png?fit=180%2C81&ssl=1","width":180,"height":81,"caption":"Alanya Properties"},"image":{"@id":"https:\/\/www.alanyaproperties.com\/fi\/#\/schema\/logo\/image\/"},"sameAs":["https:\/\/www.facebook.com\/alanyaproperties\/","https:\/\/x.com\/alanyapro","https:\/\/www.instagram.com\/alanyaproperties\/","https:\/\/www.youtube.com\/c\/AlanyaProperties"]},{"@type":"Person","@id":"https:\/\/www.alanyaproperties.com\/fi\/#\/schema\/person\/8a92cc9600cbc25fcc67c304ba14680c","name":"Yusuf Ekinci","image":{"@type":"ImageObject","inLanguage":"fi","@id":"https:\/\/www.alanyaproperties.com\/fi\/#\/schema\/person\/image\/","url":"https:\/\/secure.gravatar.com\/avatar\/aed1d8afe914e0136d015d60f22bd285?s=96&d=mm&r=g","contentUrl":"https:\/\/secure.gravatar.com\/avatar\/aed1d8afe914e0136d015d60f22bd285?s=96&d=mm&r=g","caption":"Yusuf Ekinci"},"sameAs":["http:\/\/alanya-web.com"],"url":"https:\/\/www.alanyaproperties.com\/fi\/author\/admin\/"}]}},"jetpack_sharing_enabled":true,"jetpack_featured_media_url":"","_links":{"self":[{"href":"https:\/\/www.alanyaproperties.com\/fi\/wp-json\/wp\/v2\/posts\/3637"}],"collection":[{"href":"https:\/\/www.alanyaproperties.com\/fi\/wp-json\/wp\/v2\/posts"}],"about":[{"href":"https:\/\/www.alanyaproperties.com\/fi\/wp-json\/wp\/v2\/types\/post"}],"author":[{"embeddable":true,"href":"https:\/\/www.alanyaproperties.com\/fi\/wp-json\/wp\/v2\/users\/42"}],"replies":[{"embeddable":true,"href":"https:\/\/www.alanyaproperties.com\/fi\/wp-json\/wp\/v2\/comments?post=3637"}],"version-history":[{"count":0,"href":"https:\/\/www.alanyaproperties.com\/fi\/wp-json\/wp\/v2\/posts\/3637\/revisions"}],"wp:attachment":[{"href":"https:\/\/www.alanyaproperties.com\/fi\/wp-json\/wp\/v2\/media?parent=3637"}],"wp:term":[{"taxonomy":"category","embeddable":true,"href":"https:\/\/www.alanyaproperties.com\/fi\/wp-json\/wp\/v2\/categories?post=3637"},{"taxonomy":"post_tag","embeddable":true,"href":"https:\/\/www.alanyaproperties.com\/fi\/wp-json\/wp\/v2\/tags?post=3637"}],"curies":[{"name":"wp","href":"https:\/\/api.w.org\/{rel}","templated":true}]}}