{"id":3629,"date":"2009-10-21T03:28:24","date_gmt":"2009-10-21T03:28:24","guid":{"rendered":"http:\/\/www.alanyaproperties.com\/demirtas-alanya-turkki\/"},"modified":"2009-10-21T03:28:24","modified_gmt":"2009-10-21T03:28:24","slug":"demirtas-alanya-turkki","status":"publish","type":"post","link":"https:\/\/www.alanyaproperties.com\/fi\/uncategorized\/demirtas-alanya-turkki\/","title":{"rendered":"Tietoa Alanyan Demirtaksesta"},"content":{"rendered":"<p> \t<strong>Alanya Demirta<\/strong><strong>\u015f<\/strong><\/p>\n<p> \tDemirta\u015f on <a href=\"http:\/\/alanyaproperties.com\/lang-fi\/turkkitietoa-yleistietoa-turkista\/alanya.html\" name=\"Lis\u00e4tietoa Alanyasta\" target=\"_blank\" title=\"Tutustu Alanyan historiaan t\u00e4\u00e4lt\u00e4\">Alanya<\/a>n it\u00e4puolen et\u00e4isin kyl\u00e4, joka sijaitsee aivan uuden <a href=\"http:\/\/alanyaproperties.com\/lang-fi\/turkkitietoa-yleistietoa-turkista\/gazipasa.html\" name=\"Lis\u00e4tietoja Gazipasasta\" target=\"_blank\" title=\"T\u00e4\u00e4lt\u00e4 l\u00f6yd\u00e4t lis\u00e4tietoja Gazipasasta\">Gazipa\u015fa<\/a>n lentoaseman (GZP) &nbsp;l\u00e4heisyydess\u00e4. Alanyan keskustaan matka taittuu autolla alle puolessa tunnissa.<\/p>\n<p> \tDemirta\u015f on alue niille, jotka etsiv\u00e4t rauhallista asuinaluetta, jossa luonto on l\u00e4hell\u00e4.<\/p>\n<p> \tDemirtaksen keskustasta l\u00f6yd\u00e4tte kaikki palvelut, joita p\u00e4ivitt\u00e4in tarvitsette.<\/p>\n<p> \tTunnelmallinen ja mukava ilmapiiri sek\u00e4 h\u00e4ik\u00e4isev\u00e4t maisemat huviloista sek\u00e4 asunnoista ja viel\u00e4 eritt\u00e4in sopivaan hintaan, tekev\u00e4t Demirtaksesta my\u00f6skin hyv\u00e4n vaihtoehdon loma-asunnon sijaintipaikaksi.<\/p>\n","protected":false},"excerpt":{"rendered":"<p>Alanya Demirta\u015f Demirta\u015f on Alanyan it\u00e4puolen et\u00e4isin kyl\u00e4, joka sijaitsee aivan uuden Gazipa\u015fan lentoaseman (GZP) &nbsp;l\u00e4heisyydess\u00e4. Alanyan keskustaan matka taittuu autolla alle puolessa tunnissa. Demirta\u015f on alue niille, jotka etsiv\u00e4t rauhallista asuinaluetta, jossa luonto on l\u00e4hell\u00e4. Demirtaksen keskustasta l\u00f6yd\u00e4tte kaikki palvelut, joita p\u00e4ivitt\u00e4in tarvitsette. Tunnelmallinen ja mukava ilmapiiri sek\u00e4 h\u00e4ik\u00e4isev\u00e4t maisemat huviloista sek\u00e4 asunnoista ja [&hellip;]<\/p>\n","protected":false},"author":42,"featured_media":0,"comment_status":"closed","ping_status":"closed","sticky":false,"template":"","format":"standard","meta":{"footnotes":""},"categories":[1],"tags":[2364,2365,2366],"yoast_head":"<!-- This site is optimized with the Yoast SEO plugin v22.6 - https:\/\/yoast.com\/wordpress\/plugins\/seo\/ -->\n<title>Tietoa Alanyan Demirtaksesta - Properties in Alanya.<\/title>\n<meta name=\"description\" content=\"Tietoa Alanyan Demirtaksesta - Properties in Alanya.\" \/>\n<meta name=\"robots\" content=\"index, follow, max-snippet:-1, max-image-preview:large, max-video-preview:-1\" \/>\n<link rel=\"canonical\" href=\"https:\/\/www.alanyaproperties.com\/fi\/uncategorized\/demirtas-alanya-turkki\/\" \/>\n<meta property=\"og:locale\" content=\"fi_FI\" \/>\n<meta property=\"og:type\" content=\"article\" \/>\n<meta property=\"og:title\" content=\"Tietoa Alanyan Demirtaksesta - Properties in Alanya.\" \/>\n<meta property=\"og:description\" content=\"Tietoa Alanyan Demirtaksesta - Properties in Alanya.\" \/>\n<meta property=\"og:url\" content=\"https:\/\/www.alanyaproperties.com\/fi\/uncategorized\/demirtas-alanya-turkki\/\" \/>\n<meta property=\"og:site_name\" content=\"Properties in Alanya.\" \/>\n<meta property=\"article:publisher\" content=\"https:\/\/www.facebook.com\/alanyaproperties\/\" \/>\n<meta property=\"article:published_time\" content=\"2009-10-21T03:28:24+00:00\" \/>\n<meta name=\"author\" content=\"Yusuf Ekinci\" \/>\n<meta name=\"twitter:card\" content=\"summary_large_image\" \/>\n<meta name=\"twitter:creator\" content=\"@alanyapro\" \/>\n<meta name=\"twitter:site\" content=\"@alanyapro\" \/>\n<meta name=\"twitter:label1\" content=\"Kirjoittanut\" \/>\n\t<meta name=\"twitter:data1\" content=\"Yusuf Ekinci\" \/>\n<script type=\"application\/ld+json\" class=\"yoast-schema-graph\">{\"@context\":\"https:\/\/schema.org\",\"@graph\":[{\"@type\":\"Article\",\"@id\":\"https:\/\/www.alanyaproperties.com\/fi\/uncategorized\/demirtas-alanya-turkki\/#article\",\"isPartOf\":{\"@id\":\"https:\/\/www.alanyaproperties.com\/fi\/uncategorized\/demirtas-alanya-turkki\/\"},\"author\":{\"name\":\"Yusuf Ekinci\",\"@id\":\"https:\/\/www.alanyaproperties.com\/fi\/#\/schema\/person\/8a92cc9600cbc25fcc67c304ba14680c\"},\"headline\":\"Tietoa Alanyan Demirtaksesta\",\"datePublished\":\"2009-10-21T03:28:24+00:00\",\"dateModified\":\"2009-10-21T03:28:24+00:00\",\"mainEntityOfPage\":{\"@id\":\"https:\/\/www.alanyaproperties.com\/fi\/uncategorized\/demirtas-alanya-turkki\/\"},\"wordCount\":87,\"publisher\":{\"@id\":\"https:\/\/www.alanyaproperties.com\/fi\/#organization\"},\"keywords\":[\"Alanya Demirtas\",\"tietoa Demirtaksesta\",\"yleistietoa Alanyan Demirtaksesta\"],\"articleSection\":[\"Uncategorized\"],\"inLanguage\":\"fi\"},{\"@type\":\"WebPage\",\"@id\":\"https:\/\/www.alanyaproperties.com\/fi\/uncategorized\/demirtas-alanya-turkki\/\",\"url\":\"https:\/\/www.alanyaproperties.com\/fi\/uncategorized\/demirtas-alanya-turkki\/\",\"name\":\"Tietoa Alanyan Demirtaksesta - Properties in Alanya.\",\"isPartOf\":{\"@id\":\"https:\/\/www.alanyaproperties.com\/fi\/#website\"},\"datePublished\":\"2009-10-21T03:28:24+00:00\",\"dateModified\":\"2009-10-21T03:28:24+00:00\",\"description\":\"Tietoa Alanyan Demirtaksesta - Properties in Alanya.\",\"breadcrumb\":{\"@id\":\"https:\/\/www.alanyaproperties.com\/fi\/uncategorized\/demirtas-alanya-turkki\/#breadcrumb\"},\"inLanguage\":\"fi\",\"potentialAction\":[{\"@type\":\"ReadAction\",\"target\":[\"https:\/\/www.alanyaproperties.com\/fi\/uncategorized\/demirtas-alanya-turkki\/\"]}]},{\"@type\":\"BreadcrumbList\",\"@id\":\"https:\/\/www.alanyaproperties.com\/fi\/uncategorized\/demirtas-alanya-turkki\/#breadcrumb\",\"itemListElement\":[{\"@type\":\"ListItem\",\"position\":1,\"name\":\"Home\",\"item\":\"https:\/\/www.alanyaproperties.com\/fi\/\"},{\"@type\":\"ListItem\",\"position\":2,\"name\":\"Tietoa Alanyan Demirtaksesta\"}]},{\"@type\":\"WebSite\",\"@id\":\"https:\/\/www.alanyaproperties.com\/fi\/#website\",\"url\":\"https:\/\/www.alanyaproperties.com\/fi\/\",\"name\":\"Properties in Alanya.\",\"description\":\"Properties in Alanya.\",\"publisher\":{\"@id\":\"https:\/\/www.alanyaproperties.com\/fi\/#organization\"},\"potentialAction\":[{\"@type\":\"SearchAction\",\"target\":{\"@type\":\"EntryPoint\",\"urlTemplate\":\"https:\/\/www.alanyaproperties.com\/fi\/?s={search_term_string}\"},\"query-input\":\"required name=search_term_string\"}],\"inLanguage\":\"fi\"},{\"@type\":\"Organization\",\"@id\":\"https:\/\/www.alanyaproperties.com\/fi\/#organization\",\"name\":\"Alanya Properties\",\"url\":\"https:\/\/www.alanyaproperties.com\/fi\/\",\"logo\":{\"@type\":\"ImageObject\",\"inLanguage\":\"fi\",\"@id\":\"https:\/\/www.alanyaproperties.com\/fi\/#\/schema\/logo\/image\/\",\"url\":\"https:\/\/i0.wp.com\/www.alanyaproperties.com\/wp-content\/uploads\/2017\/06\/alanya-properties-logo-180to.png?fit=180%2C81&ssl=1\",\"contentUrl\":\"https:\/\/i0.wp.com\/www.alanyaproperties.com\/wp-content\/uploads\/2017\/06\/alanya-properties-logo-180to.png?fit=180%2C81&ssl=1\",\"width\":180,\"height\":81,\"caption\":\"Alanya Properties\"},\"image\":{\"@id\":\"https:\/\/www.alanyaproperties.com\/fi\/#\/schema\/logo\/image\/\"},\"sameAs\":[\"https:\/\/www.facebook.com\/alanyaproperties\/\",\"https:\/\/x.com\/alanyapro\",\"https:\/\/www.instagram.com\/alanyaproperties\/\",\"https:\/\/www.youtube.com\/c\/AlanyaProperties\"]},{\"@type\":\"Person\",\"@id\":\"https:\/\/www.alanyaproperties.com\/fi\/#\/schema\/person\/8a92cc9600cbc25fcc67c304ba14680c\",\"name\":\"Yusuf Ekinci\",\"image\":{\"@type\":\"ImageObject\",\"inLanguage\":\"fi\",\"@id\":\"https:\/\/www.alanyaproperties.com\/fi\/#\/schema\/person\/image\/\",\"url\":\"https:\/\/secure.gravatar.com\/avatar\/aed1d8afe914e0136d015d60f22bd285?s=96&d=mm&r=g\",\"contentUrl\":\"https:\/\/secure.gravatar.com\/avatar\/aed1d8afe914e0136d015d60f22bd285?s=96&d=mm&r=g\",\"caption\":\"Yusuf Ekinci\"},\"sameAs\":[\"http:\/\/alanya-web.com\"],\"url\":\"https:\/\/www.alanyaproperties.com\/fi\/author\/admin\/\"}]}<\/script>\n<!-- \/ Yoast SEO plugin. -->","yoast_head_json":{"title":"Tietoa Alanyan Demirtaksesta - Properties in Alanya.","description":"Tietoa Alanyan Demirtaksesta - Properties in Alanya.","robots":{"index":"index","follow":"follow","max-snippet":"max-snippet:-1","max-image-preview":"max-image-preview:large","max-video-preview":"max-video-preview:-1"},"canonical":"https:\/\/www.alanyaproperties.com\/fi\/uncategorized\/demirtas-alanya-turkki\/","og_locale":"fi_FI","og_type":"article","og_title":"Tietoa Alanyan Demirtaksesta - Properties in Alanya.","og_description":"Tietoa Alanyan Demirtaksesta - Properties in Alanya.","og_url":"https:\/\/www.alanyaproperties.com\/fi\/uncategorized\/demirtas-alanya-turkki\/","og_site_name":"Properties in Alanya.","article_publisher":"https:\/\/www.facebook.com\/alanyaproperties\/","article_published_time":"2009-10-21T03:28:24+00:00","author":"Yusuf Ekinci","twitter_card":"summary_large_image","twitter_creator":"@alanyapro","twitter_site":"@alanyapro","twitter_misc":{"Kirjoittanut":"Yusuf Ekinci"},"schema":{"@context":"https:\/\/schema.org","@graph":[{"@type":"Article","@id":"https:\/\/www.alanyaproperties.com\/fi\/uncategorized\/demirtas-alanya-turkki\/#article","isPartOf":{"@id":"https:\/\/www.alanyaproperties.com\/fi\/uncategorized\/demirtas-alanya-turkki\/"},"author":{"name":"Yusuf Ekinci","@id":"https:\/\/www.alanyaproperties.com\/fi\/#\/schema\/person\/8a92cc9600cbc25fcc67c304ba14680c"},"headline":"Tietoa Alanyan Demirtaksesta","datePublished":"2009-10-21T03:28:24+00:00","dateModified":"2009-10-21T03:28:24+00:00","mainEntityOfPage":{"@id":"https:\/\/www.alanyaproperties.com\/fi\/uncategorized\/demirtas-alanya-turkki\/"},"wordCount":87,"publisher":{"@id":"https:\/\/www.alanyaproperties.com\/fi\/#organization"},"keywords":["Alanya Demirtas","tietoa Demirtaksesta","yleistietoa Alanyan Demirtaksesta"],"articleSection":["Uncategorized"],"inLanguage":"fi"},{"@type":"WebPage","@id":"https:\/\/www.alanyaproperties.com\/fi\/uncategorized\/demirtas-alanya-turkki\/","url":"https:\/\/www.alanyaproperties.com\/fi\/uncategorized\/demirtas-alanya-turkki\/","name":"Tietoa Alanyan Demirtaksesta - Properties in Alanya.","isPartOf":{"@id":"https:\/\/www.alanyaproperties.com\/fi\/#website"},"datePublished":"2009-10-21T03:28:24+00:00","dateModified":"2009-10-21T03:28:24+00:00","description":"Tietoa Alanyan Demirtaksesta - Properties in Alanya.","breadcrumb":{"@id":"https:\/\/www.alanyaproperties.com\/fi\/uncategorized\/demirtas-alanya-turkki\/#breadcrumb"},"inLanguage":"fi","potentialAction":[{"@type":"ReadAction","target":["https:\/\/www.alanyaproperties.com\/fi\/uncategorized\/demirtas-alanya-turkki\/"]}]},{"@type":"BreadcrumbList","@id":"https:\/\/www.alanyaproperties.com\/fi\/uncategorized\/demirtas-alanya-turkki\/#breadcrumb","itemListElement":[{"@type":"ListItem","position":1,"name":"Home","item":"https:\/\/www.alanyaproperties.com\/fi\/"},{"@type":"ListItem","position":2,"name":"Tietoa Alanyan Demirtaksesta"}]},{"@type":"WebSite","@id":"https:\/\/www.alanyaproperties.com\/fi\/#website","url":"https:\/\/www.alanyaproperties.com\/fi\/","name":"Properties in Alanya.","description":"Properties in Alanya.","publisher":{"@id":"https:\/\/www.alanyaproperties.com\/fi\/#organization"},"potentialAction":[{"@type":"SearchAction","target":{"@type":"EntryPoint","urlTemplate":"https:\/\/www.alanyaproperties.com\/fi\/?s={search_term_string}"},"query-input":"required name=search_term_string"}],"inLanguage":"fi"},{"@type":"Organization","@id":"https:\/\/www.alanyaproperties.com\/fi\/#organization","name":"Alanya Properties","url":"https:\/\/www.alanyaproperties.com\/fi\/","logo":{"@type":"ImageObject","inLanguage":"fi","@id":"https:\/\/www.alanyaproperties.com\/fi\/#\/schema\/logo\/image\/","url":"https:\/\/i0.wp.com\/www.alanyaproperties.com\/wp-content\/uploads\/2017\/06\/alanya-properties-logo-180to.png?fit=180%2C81&ssl=1","contentUrl":"https:\/\/i0.wp.com\/www.alanyaproperties.com\/wp-content\/uploads\/2017\/06\/alanya-properties-logo-180to.png?fit=180%2C81&ssl=1","width":180,"height":81,"caption":"Alanya Properties"},"image":{"@id":"https:\/\/www.alanyaproperties.com\/fi\/#\/schema\/logo\/image\/"},"sameAs":["https:\/\/www.facebook.com\/alanyaproperties\/","https:\/\/x.com\/alanyapro","https:\/\/www.instagram.com\/alanyaproperties\/","https:\/\/www.youtube.com\/c\/AlanyaProperties"]},{"@type":"Person","@id":"https:\/\/www.alanyaproperties.com\/fi\/#\/schema\/person\/8a92cc9600cbc25fcc67c304ba14680c","name":"Yusuf Ekinci","image":{"@type":"ImageObject","inLanguage":"fi","@id":"https:\/\/www.alanyaproperties.com\/fi\/#\/schema\/person\/image\/","url":"https:\/\/secure.gravatar.com\/avatar\/aed1d8afe914e0136d015d60f22bd285?s=96&d=mm&r=g","contentUrl":"https:\/\/secure.gravatar.com\/avatar\/aed1d8afe914e0136d015d60f22bd285?s=96&d=mm&r=g","caption":"Yusuf Ekinci"},"sameAs":["http:\/\/alanya-web.com"],"url":"https:\/\/www.alanyaproperties.com\/fi\/author\/admin\/"}]}},"jetpack_sharing_enabled":true,"jetpack_featured_media_url":"","_links":{"self":[{"href":"https:\/\/www.alanyaproperties.com\/fi\/wp-json\/wp\/v2\/posts\/3629"}],"collection":[{"href":"https:\/\/www.alanyaproperties.com\/fi\/wp-json\/wp\/v2\/posts"}],"about":[{"href":"https:\/\/www.alanyaproperties.com\/fi\/wp-json\/wp\/v2\/types\/post"}],"author":[{"embeddable":true,"href":"https:\/\/www.alanyaproperties.com\/fi\/wp-json\/wp\/v2\/users\/42"}],"replies":[{"embeddable":true,"href":"https:\/\/www.alanyaproperties.com\/fi\/wp-json\/wp\/v2\/comments?post=3629"}],"version-history":[{"count":0,"href":"https:\/\/www.alanyaproperties.com\/fi\/wp-json\/wp\/v2\/posts\/3629\/revisions"}],"wp:attachment":[{"href":"https:\/\/www.alanyaproperties.com\/fi\/wp-json\/wp\/v2\/media?parent=3629"}],"wp:term":[{"taxonomy":"category","embeddable":true,"href":"https:\/\/www.alanyaproperties.com\/fi\/wp-json\/wp\/v2\/categories?post=3629"},{"taxonomy":"post_tag","embeddable":true,"href":"https:\/\/www.alanyaproperties.com\/fi\/wp-json\/wp\/v2\/tags?post=3629"}],"curies":[{"name":"wp","href":"https:\/\/api.w.org\/{rel}","templated":true}]}}