{"id":3323,"date":"2009-10-21T04:13:51","date_gmt":"2009-10-21T04:13:51","guid":{"rendered":"http:\/\/www.alanyaproperties.com\/autonvuokraus-alanya\/"},"modified":"2018-03-28T20:51:23","modified_gmt":"2018-03-28T20:51:23","slug":"auton-vuokraus-alanya","status":"publish","type":"post","link":"https:\/\/www.alanyaproperties.com\/fi\/uncategorized-fi\/auton-vuokraus-alanya\/","title":{"rendered":"Auton vuokraus &#8211; Alanya"},"content":{"rendered":"<p style=\"text-align: center;\"><img loading=\"lazy\" decoding=\"async\" class=\" size-full wp-image-3316\" src=\"https:\/\/i0.wp.com\/www.alanyaproperties.com\/wp-content\/uploads\/2009\/10\/rent-a-car-in-turkey-alanya-asuntoja%20alanyasta-alanya%20properties.jpg?resize=674%2C307\" alt=\"\" width=\"674\" height=\"307\" data-recalc-dims=\"1\" \/><\/p>\n<p>Auto on hyv\u00e4 tapa n\u00e4hd\u00e4 kaupunki ja sen n\u00e4ht\u00e4vyydet kokonaisuudessaan vaivattomasti. Vuokratessasi auton p\u00e4\u00e4set nopeasti\u00a0keskustaan, historiallisille n\u00e4ht\u00e4vyyksille, ostoksille, vuoristoon, l\u00e4hikyliin ja -kaupunkeihin.<\/p>\n<p>Meill\u00e4 on aina vapaita autoja vuokrattavana, niin manuaalisena kuin automaattisena.<\/p>\n<p>Jos sinulla on v\u00e4hint\u00e4\u00e4n B-luokan ajokortti, voit vapaasti vuokrata auton niin pitk\u00e4ksi aikaa kuin tarve on. Vuokrataksesi isompi\u00a0kuutioisemman skootterin tai moottoripy\u00f6r\u00e4n, sinulla tulee olla A-luokan ajokortti.<\/p>\n<p>Voit vuokrata my\u00f6s polkupy\u00f6r\u00e4n kauttamme.<\/p>\n<p>Turkissa p\u00e4tee samat liikennes\u00e4\u00e4nn\u00f6t, kuin yleisesti maailmalla. Liikennett\u00e4 vartioi poliisit sek\u00e4 liikennekamerat. Auton ajaminen\u00a0ilman ajokorttia, turvavy\u00f6t\u00e4 tai alkoholin vaikutuksen alaisena on ehdottomasti kielletty\u00e4!<\/p>\n<p>Vuokrattavat kulkuneuvot ovat t\u00e4ysin vakuutettuja ja ongelmatilanteissa me autamme sinua.<\/p>\n<p>L\u00f6yd\u00e4mme juuri sinulle sopivan kulkupelin edulliseen hintaan.<\/p>\n<p><strong>T\u00e4ss\u00e4 esimerkkej\u00e4 valikoimistamme:<\/strong><br \/>\n<strong>Henkil\u00f6autot:<\/strong><br \/>\nRenault Latitude<br \/>\nRenault Fulence<br \/>\nHyundai \u013020<br \/>\nHyundai Accent<br \/>\nFord Fiesta<br \/>\nFord Focus<br \/>\nFord Mondeo<br \/>\nFiat Linea<br \/>\nFiat Albea<\/p>\n<p><strong>Tila-autot:<\/strong><br \/>\nVolkswagen Caravelle 9+1<br \/>\nFord Tourneo Custom 9+1<\/p>\n<p><strong>Jeepit:<\/strong><br \/>\nSuzuki Vitara<br \/>\nSuzuki Jimny<br \/>\nMoottoripy\u00f6r\u00e4t:<br \/>\nYamaha Dragstar XVS 650<br \/>\nHonda Shadow VLX 600<br \/>\nYamaha XT 600<br \/>\nYamaha Fazer 800<\/p>\n<p>Skoottereita l\u00f6ytyy 50cc &#8211; 125cc kokoisia.<br \/>\nTavallisia polkupy\u00f6ri\u00e4 l\u00f6ytyy niin normaali- kuin maastopy\u00f6r\u00e4mallisia.<\/p>\n","protected":false},"excerpt":{"rendered":"<p>Auto on hyv\u00e4 tapa n\u00e4hd\u00e4 kaupunki ja sen n\u00e4ht\u00e4vyydet kokonaisuudessaan vaivattomasti. Vuokratessasi auton p\u00e4\u00e4set nopeasti\u00a0keskustaan, historiallisille n\u00e4ht\u00e4vyyksille, ostoksille, vuoristoon, l\u00e4hikyliin ja -kaupunkeihin. Meill\u00e4 on aina vapaita autoja vuokrattavana, niin manuaalisena kuin automaattisena. Jos sinulla on v\u00e4hint\u00e4\u00e4n B-luokan ajokortti, voit vapaasti vuokrata auton niin pitk\u00e4ksi aikaa kuin tarve on. Vuokrataksesi isompi\u00a0kuutioisemman skootterin tai moottoripy\u00f6r\u00e4n, sinulla tulee [&hellip;]<\/p>\n","protected":false},"author":42,"featured_media":3316,"comment_status":"closed","ping_status":"closed","sticky":false,"template":"","format":"standard","meta":{"footnotes":""},"categories":[105],"tags":[2047,2048,2044,2045,2046,2050,2051,2049],"yoast_head":"<!-- This site is optimized with the Yoast SEO plugin v22.6 - https:\/\/yoast.com\/wordpress\/plugins\/seo\/ -->\n<title>Auton vuokraus - Alanya - Properties in Alanya.<\/title>\n<meta name=\"description\" content=\"Auton vuokraus - Alanya - Properties in Alanya.\" \/>\n<meta name=\"robots\" content=\"index, follow, max-snippet:-1, max-image-preview:large, max-video-preview:-1\" \/>\n<link rel=\"canonical\" href=\"https:\/\/www.alanyaproperties.com\/fi\/uncategorized-fi\/auton-vuokraus-alanya\/\" \/>\n<meta property=\"og:locale\" content=\"fi_FI\" \/>\n<meta property=\"og:type\" content=\"article\" \/>\n<meta property=\"og:title\" content=\"Auton vuokraus - Alanya - Properties in Alanya.\" \/>\n<meta property=\"og:description\" content=\"Auton vuokraus - Alanya - Properties in Alanya.\" \/>\n<meta property=\"og:url\" content=\"https:\/\/www.alanyaproperties.com\/fi\/uncategorized-fi\/auton-vuokraus-alanya\/\" \/>\n<meta property=\"og:site_name\" content=\"Properties in Alanya.\" \/>\n<meta property=\"article:publisher\" content=\"https:\/\/www.facebook.com\/alanyaproperties\/\" \/>\n<meta property=\"article:published_time\" content=\"2009-10-21T04:13:51+00:00\" \/>\n<meta property=\"article:modified_time\" content=\"2018-03-28T20:51:23+00:00\" \/>\n<meta property=\"og:image\" content=\"https:\/\/www.alanyaproperties.com\/wp-content\/uploads\/2009\/10\/rent-a-car-in-turkey-alanya-asuntoja%20alanyasta-alanya%20properties.jpg\" \/>\n\t<meta property=\"og:image:width\" content=\"1600\" \/>\n\t<meta property=\"og:image:height\" content=\"730\" \/>\n\t<meta property=\"og:image:type\" content=\"image\/jpeg\" \/>\n<meta name=\"author\" content=\"Yusuf Ekinci\" \/>\n<meta name=\"twitter:card\" content=\"summary_large_image\" \/>\n<meta name=\"twitter:creator\" content=\"@alanyapro\" \/>\n<meta name=\"twitter:site\" content=\"@alanyapro\" \/>\n<meta name=\"twitter:label1\" content=\"Kirjoittanut\" \/>\n\t<meta name=\"twitter:data1\" content=\"Yusuf Ekinci\" \/>\n\t<meta name=\"twitter:label2\" content=\"Arvioitu lukuaika\" \/>\n\t<meta name=\"twitter:data2\" content=\"1 minuutti\" \/>\n<script type=\"application\/ld+json\" class=\"yoast-schema-graph\">{\"@context\":\"https:\/\/schema.org\",\"@graph\":[{\"@type\":\"Article\",\"@id\":\"https:\/\/www.alanyaproperties.com\/fi\/uncategorized-fi\/auton-vuokraus-alanya\/#article\",\"isPartOf\":{\"@id\":\"https:\/\/www.alanyaproperties.com\/fi\/uncategorized-fi\/auton-vuokraus-alanya\/\"},\"author\":{\"name\":\"Yusuf Ekinci\",\"@id\":\"https:\/\/www.alanyaproperties.com\/fi\/#\/schema\/person\/8a92cc9600cbc25fcc67c304ba14680c\"},\"headline\":\"Auton vuokraus &#8211; Alanya\",\"datePublished\":\"2009-10-21T04:13:51+00:00\",\"dateModified\":\"2018-03-28T20:51:23+00:00\",\"mainEntityOfPage\":{\"@id\":\"https:\/\/www.alanyaproperties.com\/fi\/uncategorized-fi\/auton-vuokraus-alanya\/\"},\"wordCount\":197,\"publisher\":{\"@id\":\"https:\/\/www.alanyaproperties.com\/fi\/#organization\"},\"image\":{\"@id\":\"https:\/\/www.alanyaproperties.com\/fi\/uncategorized-fi\/auton-vuokraus-alanya\/#primaryimage\"},\"thumbnailUrl\":\"https:\/\/i0.wp.com\/www.alanyaproperties.com\/wp-content\/uploads\/2009\/10\/rent-a-car-in-turkey-alanya-asuntoja alanyasta-alanya properties.jpg?fit=1600%2C730&ssl=1\",\"keywords\":[\"edullinen vuokra-auto Alanyasta\",\"mist\u00e4 vuokra-auto alanyassa\",\"vuokra-auto Alanya\",\"vuokra-auto turkista\",\"vuokraa auto Alanyasta\",\"vuokraa moottoripy\u00f6r\u00e4\",\"vuokraa polkupy\u00f6r\u00e4\",\"vuokraa skootteri\"],\"articleSection\":[\"Uncategorized @fi\"],\"inLanguage\":\"fi\"},{\"@type\":\"WebPage\",\"@id\":\"https:\/\/www.alanyaproperties.com\/fi\/uncategorized-fi\/auton-vuokraus-alanya\/\",\"url\":\"https:\/\/www.alanyaproperties.com\/fi\/uncategorized-fi\/auton-vuokraus-alanya\/\",\"name\":\"Auton vuokraus - Alanya - Properties in Alanya.\",\"isPartOf\":{\"@id\":\"https:\/\/www.alanyaproperties.com\/fi\/#website\"},\"primaryImageOfPage\":{\"@id\":\"https:\/\/www.alanyaproperties.com\/fi\/uncategorized-fi\/auton-vuokraus-alanya\/#primaryimage\"},\"image\":{\"@id\":\"https:\/\/www.alanyaproperties.com\/fi\/uncategorized-fi\/auton-vuokraus-alanya\/#primaryimage\"},\"thumbnailUrl\":\"https:\/\/i0.wp.com\/www.alanyaproperties.com\/wp-content\/uploads\/2009\/10\/rent-a-car-in-turkey-alanya-asuntoja alanyasta-alanya properties.jpg?fit=1600%2C730&ssl=1\",\"datePublished\":\"2009-10-21T04:13:51+00:00\",\"dateModified\":\"2018-03-28T20:51:23+00:00\",\"description\":\"Auton vuokraus - Alanya - Properties in Alanya.\",\"breadcrumb\":{\"@id\":\"https:\/\/www.alanyaproperties.com\/fi\/uncategorized-fi\/auton-vuokraus-alanya\/#breadcrumb\"},\"inLanguage\":\"fi\",\"potentialAction\":[{\"@type\":\"ReadAction\",\"target\":[\"https:\/\/www.alanyaproperties.com\/fi\/uncategorized-fi\/auton-vuokraus-alanya\/\"]}]},{\"@type\":\"ImageObject\",\"inLanguage\":\"fi\",\"@id\":\"https:\/\/www.alanyaproperties.com\/fi\/uncategorized-fi\/auton-vuokraus-alanya\/#primaryimage\",\"url\":\"https:\/\/i0.wp.com\/www.alanyaproperties.com\/wp-content\/uploads\/2009\/10\/rent-a-car-in-turkey-alanya-asuntoja alanyasta-alanya properties.jpg?fit=1600%2C730&ssl=1\",\"contentUrl\":\"https:\/\/i0.wp.com\/www.alanyaproperties.com\/wp-content\/uploads\/2009\/10\/rent-a-car-in-turkey-alanya-asuntoja alanyasta-alanya properties.jpg?fit=1600%2C730&ssl=1\",\"width\":1600,\"height\":730},{\"@type\":\"BreadcrumbList\",\"@id\":\"https:\/\/www.alanyaproperties.com\/fi\/uncategorized-fi\/auton-vuokraus-alanya\/#breadcrumb\",\"itemListElement\":[{\"@type\":\"ListItem\",\"position\":1,\"name\":\"Home\",\"item\":\"https:\/\/www.alanyaproperties.com\/fi\/\"},{\"@type\":\"ListItem\",\"position\":2,\"name\":\"Auton vuokraus &#8211; Alanya\"}]},{\"@type\":\"WebSite\",\"@id\":\"https:\/\/www.alanyaproperties.com\/fi\/#website\",\"url\":\"https:\/\/www.alanyaproperties.com\/fi\/\",\"name\":\"Properties in Alanya.\",\"description\":\"Properties in Alanya.\",\"publisher\":{\"@id\":\"https:\/\/www.alanyaproperties.com\/fi\/#organization\"},\"potentialAction\":[{\"@type\":\"SearchAction\",\"target\":{\"@type\":\"EntryPoint\",\"urlTemplate\":\"https:\/\/www.alanyaproperties.com\/fi\/?s={search_term_string}\"},\"query-input\":\"required name=search_term_string\"}],\"inLanguage\":\"fi\"},{\"@type\":\"Organization\",\"@id\":\"https:\/\/www.alanyaproperties.com\/fi\/#organization\",\"name\":\"Alanya Properties\",\"url\":\"https:\/\/www.alanyaproperties.com\/fi\/\",\"logo\":{\"@type\":\"ImageObject\",\"inLanguage\":\"fi\",\"@id\":\"https:\/\/www.alanyaproperties.com\/fi\/#\/schema\/logo\/image\/\",\"url\":\"https:\/\/i0.wp.com\/www.alanyaproperties.com\/wp-content\/uploads\/2017\/06\/alanya-properties-logo-180to.png?fit=180%2C81&ssl=1\",\"contentUrl\":\"https:\/\/i0.wp.com\/www.alanyaproperties.com\/wp-content\/uploads\/2017\/06\/alanya-properties-logo-180to.png?fit=180%2C81&ssl=1\",\"width\":180,\"height\":81,\"caption\":\"Alanya Properties\"},\"image\":{\"@id\":\"https:\/\/www.alanyaproperties.com\/fi\/#\/schema\/logo\/image\/\"},\"sameAs\":[\"https:\/\/www.facebook.com\/alanyaproperties\/\",\"https:\/\/x.com\/alanyapro\",\"https:\/\/www.instagram.com\/alanyaproperties\/\",\"https:\/\/www.youtube.com\/c\/AlanyaProperties\"]},{\"@type\":\"Person\",\"@id\":\"https:\/\/www.alanyaproperties.com\/fi\/#\/schema\/person\/8a92cc9600cbc25fcc67c304ba14680c\",\"name\":\"Yusuf Ekinci\",\"image\":{\"@type\":\"ImageObject\",\"inLanguage\":\"fi\",\"@id\":\"https:\/\/www.alanyaproperties.com\/fi\/#\/schema\/person\/image\/\",\"url\":\"https:\/\/secure.gravatar.com\/avatar\/aed1d8afe914e0136d015d60f22bd285?s=96&d=mm&r=g\",\"contentUrl\":\"https:\/\/secure.gravatar.com\/avatar\/aed1d8afe914e0136d015d60f22bd285?s=96&d=mm&r=g\",\"caption\":\"Yusuf Ekinci\"},\"sameAs\":[\"http:\/\/alanya-web.com\"],\"url\":\"https:\/\/www.alanyaproperties.com\/fi\/author\/admin\/\"}]}<\/script>\n<!-- \/ Yoast SEO plugin. -->","yoast_head_json":{"title":"Auton vuokraus - Alanya - Properties in Alanya.","description":"Auton vuokraus - Alanya - Properties in Alanya.","robots":{"index":"index","follow":"follow","max-snippet":"max-snippet:-1","max-image-preview":"max-image-preview:large","max-video-preview":"max-video-preview:-1"},"canonical":"https:\/\/www.alanyaproperties.com\/fi\/uncategorized-fi\/auton-vuokraus-alanya\/","og_locale":"fi_FI","og_type":"article","og_title":"Auton vuokraus - Alanya - Properties in Alanya.","og_description":"Auton vuokraus - Alanya - Properties in Alanya.","og_url":"https:\/\/www.alanyaproperties.com\/fi\/uncategorized-fi\/auton-vuokraus-alanya\/","og_site_name":"Properties in Alanya.","article_publisher":"https:\/\/www.facebook.com\/alanyaproperties\/","article_published_time":"2009-10-21T04:13:51+00:00","article_modified_time":"2018-03-28T20:51:23+00:00","og_image":[{"width":1600,"height":730,"url":"https:\/\/www.alanyaproperties.com\/wp-content\/uploads\/2009\/10\/rent-a-car-in-turkey-alanya-asuntoja alanyasta-alanya properties.jpg","type":"image\/jpeg"}],"author":"Yusuf Ekinci","twitter_card":"summary_large_image","twitter_creator":"@alanyapro","twitter_site":"@alanyapro","twitter_misc":{"Kirjoittanut":"Yusuf Ekinci","Arvioitu lukuaika":"1 minuutti"},"schema":{"@context":"https:\/\/schema.org","@graph":[{"@type":"Article","@id":"https:\/\/www.alanyaproperties.com\/fi\/uncategorized-fi\/auton-vuokraus-alanya\/#article","isPartOf":{"@id":"https:\/\/www.alanyaproperties.com\/fi\/uncategorized-fi\/auton-vuokraus-alanya\/"},"author":{"name":"Yusuf Ekinci","@id":"https:\/\/www.alanyaproperties.com\/fi\/#\/schema\/person\/8a92cc9600cbc25fcc67c304ba14680c"},"headline":"Auton vuokraus &#8211; Alanya","datePublished":"2009-10-21T04:13:51+00:00","dateModified":"2018-03-28T20:51:23+00:00","mainEntityOfPage":{"@id":"https:\/\/www.alanyaproperties.com\/fi\/uncategorized-fi\/auton-vuokraus-alanya\/"},"wordCount":197,"publisher":{"@id":"https:\/\/www.alanyaproperties.com\/fi\/#organization"},"image":{"@id":"https:\/\/www.alanyaproperties.com\/fi\/uncategorized-fi\/auton-vuokraus-alanya\/#primaryimage"},"thumbnailUrl":"https:\/\/i0.wp.com\/www.alanyaproperties.com\/wp-content\/uploads\/2009\/10\/rent-a-car-in-turkey-alanya-asuntoja alanyasta-alanya properties.jpg?fit=1600%2C730&ssl=1","keywords":["edullinen vuokra-auto Alanyasta","mist\u00e4 vuokra-auto alanyassa","vuokra-auto Alanya","vuokra-auto turkista","vuokraa auto Alanyasta","vuokraa moottoripy\u00f6r\u00e4","vuokraa polkupy\u00f6r\u00e4","vuokraa skootteri"],"articleSection":["Uncategorized @fi"],"inLanguage":"fi"},{"@type":"WebPage","@id":"https:\/\/www.alanyaproperties.com\/fi\/uncategorized-fi\/auton-vuokraus-alanya\/","url":"https:\/\/www.alanyaproperties.com\/fi\/uncategorized-fi\/auton-vuokraus-alanya\/","name":"Auton vuokraus - Alanya - Properties in Alanya.","isPartOf":{"@id":"https:\/\/www.alanyaproperties.com\/fi\/#website"},"primaryImageOfPage":{"@id":"https:\/\/www.alanyaproperties.com\/fi\/uncategorized-fi\/auton-vuokraus-alanya\/#primaryimage"},"image":{"@id":"https:\/\/www.alanyaproperties.com\/fi\/uncategorized-fi\/auton-vuokraus-alanya\/#primaryimage"},"thumbnailUrl":"https:\/\/i0.wp.com\/www.alanyaproperties.com\/wp-content\/uploads\/2009\/10\/rent-a-car-in-turkey-alanya-asuntoja alanyasta-alanya properties.jpg?fit=1600%2C730&ssl=1","datePublished":"2009-10-21T04:13:51+00:00","dateModified":"2018-03-28T20:51:23+00:00","description":"Auton vuokraus - Alanya - Properties in Alanya.","breadcrumb":{"@id":"https:\/\/www.alanyaproperties.com\/fi\/uncategorized-fi\/auton-vuokraus-alanya\/#breadcrumb"},"inLanguage":"fi","potentialAction":[{"@type":"ReadAction","target":["https:\/\/www.alanyaproperties.com\/fi\/uncategorized-fi\/auton-vuokraus-alanya\/"]}]},{"@type":"ImageObject","inLanguage":"fi","@id":"https:\/\/www.alanyaproperties.com\/fi\/uncategorized-fi\/auton-vuokraus-alanya\/#primaryimage","url":"https:\/\/i0.wp.com\/www.alanyaproperties.com\/wp-content\/uploads\/2009\/10\/rent-a-car-in-turkey-alanya-asuntoja alanyasta-alanya properties.jpg?fit=1600%2C730&ssl=1","contentUrl":"https:\/\/i0.wp.com\/www.alanyaproperties.com\/wp-content\/uploads\/2009\/10\/rent-a-car-in-turkey-alanya-asuntoja alanyasta-alanya properties.jpg?fit=1600%2C730&ssl=1","width":1600,"height":730},{"@type":"BreadcrumbList","@id":"https:\/\/www.alanyaproperties.com\/fi\/uncategorized-fi\/auton-vuokraus-alanya\/#breadcrumb","itemListElement":[{"@type":"ListItem","position":1,"name":"Home","item":"https:\/\/www.alanyaproperties.com\/fi\/"},{"@type":"ListItem","position":2,"name":"Auton vuokraus &#8211; Alanya"}]},{"@type":"WebSite","@id":"https:\/\/www.alanyaproperties.com\/fi\/#website","url":"https:\/\/www.alanyaproperties.com\/fi\/","name":"Properties in Alanya.","description":"Properties in Alanya.","publisher":{"@id":"https:\/\/www.alanyaproperties.com\/fi\/#organization"},"potentialAction":[{"@type":"SearchAction","target":{"@type":"EntryPoint","urlTemplate":"https:\/\/www.alanyaproperties.com\/fi\/?s={search_term_string}"},"query-input":"required name=search_term_string"}],"inLanguage":"fi"},{"@type":"Organization","@id":"https:\/\/www.alanyaproperties.com\/fi\/#organization","name":"Alanya Properties","url":"https:\/\/www.alanyaproperties.com\/fi\/","logo":{"@type":"ImageObject","inLanguage":"fi","@id":"https:\/\/www.alanyaproperties.com\/fi\/#\/schema\/logo\/image\/","url":"https:\/\/i0.wp.com\/www.alanyaproperties.com\/wp-content\/uploads\/2017\/06\/alanya-properties-logo-180to.png?fit=180%2C81&ssl=1","contentUrl":"https:\/\/i0.wp.com\/www.alanyaproperties.com\/wp-content\/uploads\/2017\/06\/alanya-properties-logo-180to.png?fit=180%2C81&ssl=1","width":180,"height":81,"caption":"Alanya Properties"},"image":{"@id":"https:\/\/www.alanyaproperties.com\/fi\/#\/schema\/logo\/image\/"},"sameAs":["https:\/\/www.facebook.com\/alanyaproperties\/","https:\/\/x.com\/alanyapro","https:\/\/www.instagram.com\/alanyaproperties\/","https:\/\/www.youtube.com\/c\/AlanyaProperties"]},{"@type":"Person","@id":"https:\/\/www.alanyaproperties.com\/fi\/#\/schema\/person\/8a92cc9600cbc25fcc67c304ba14680c","name":"Yusuf Ekinci","image":{"@type":"ImageObject","inLanguage":"fi","@id":"https:\/\/www.alanyaproperties.com\/fi\/#\/schema\/person\/image\/","url":"https:\/\/secure.gravatar.com\/avatar\/aed1d8afe914e0136d015d60f22bd285?s=96&d=mm&r=g","contentUrl":"https:\/\/secure.gravatar.com\/avatar\/aed1d8afe914e0136d015d60f22bd285?s=96&d=mm&r=g","caption":"Yusuf Ekinci"},"sameAs":["http:\/\/alanya-web.com"],"url":"https:\/\/www.alanyaproperties.com\/fi\/author\/admin\/"}]}},"jetpack_sharing_enabled":true,"jetpack_featured_media_url":"https:\/\/i0.wp.com\/www.alanyaproperties.com\/wp-content\/uploads\/2009\/10\/rent-a-car-in-turkey-alanya-asuntoja alanyasta-alanya properties.jpg?fit=1600%2C730&ssl=1","_links":{"self":[{"href":"https:\/\/www.alanyaproperties.com\/fi\/wp-json\/wp\/v2\/posts\/3323"}],"collection":[{"href":"https:\/\/www.alanyaproperties.com\/fi\/wp-json\/wp\/v2\/posts"}],"about":[{"href":"https:\/\/www.alanyaproperties.com\/fi\/wp-json\/wp\/v2\/types\/post"}],"author":[{"embeddable":true,"href":"https:\/\/www.alanyaproperties.com\/fi\/wp-json\/wp\/v2\/users\/42"}],"replies":[{"embeddable":true,"href":"https:\/\/www.alanyaproperties.com\/fi\/wp-json\/wp\/v2\/comments?post=3323"}],"version-history":[{"count":0,"href":"https:\/\/www.alanyaproperties.com\/fi\/wp-json\/wp\/v2\/posts\/3323\/revisions"}],"wp:featuredmedia":[{"embeddable":true,"href":"https:\/\/www.alanyaproperties.com\/fi\/wp-json\/wp\/v2\/media\/3316"}],"wp:attachment":[{"href":"https:\/\/www.alanyaproperties.com\/fi\/wp-json\/wp\/v2\/media?parent=3323"}],"wp:term":[{"taxonomy":"category","embeddable":true,"href":"https:\/\/www.alanyaproperties.com\/fi\/wp-json\/wp\/v2\/categories?post=3323"},{"taxonomy":"post_tag","embeddable":true,"href":"https:\/\/www.alanyaproperties.com\/fi\/wp-json\/wp\/v2\/tags?post=3323"}],"curies":[{"name":"wp","href":"https:\/\/api.w.org\/{rel}","templated":true}]}}