{"id":32855,"date":"2010-03-15T13:08:35","date_gmt":"2010-03-15T13:08:35","guid":{"rendered":"http:\/\/www.alanyaproperties.com\/uncategorized-fi\/our-team-alanya-properties\/"},"modified":"2020-11-27T10:42:56","modified_gmt":"2020-11-27T10:42:56","slug":"meidan-tiimimme-alanya-properties","status":"publish","type":"post","link":"https:\/\/www.alanyaproperties.com\/fi\/tietoa-meista\/meidan-tiimimme-alanya-properties\/","title":{"rendered":"Meid\u00e4n tiimimme \u2013 Alanya Properties"},"content":{"rendered":"<p>[vc_row][vc_column][vc_column_text]Alanya Properties tiimiss\u00e4 on ammattimaisten kiinteist\u00f6nv\u00e4litt\u00e4jien ryhm\u00e4, joka on valmis auttamaan sinua unelmiesi kodin l\u00f6yt\u00e4misess\u00e4 Turkissa. Tiimimme tarjoaa palveluita turkin, englannin, hollannin, ruotsin, suomen, ranskan, saksan, ven\u00e4j\u00e4n, persian ja arabian kielell\u00e4.<\/p>\n<p>&nbsp;<\/p>\n<p>[\/vc_column_text][\/vc_column][\/vc_row][vc_row 0=&#8221;&#8221;][vc_column 0=&#8221;&#8221;][vc_separator color=&#8221;turquoise&#8221; style=&#8221;shadow&#8221; border_width=&#8221;2&#8243;][vc_empty_space 0=&#8221;&#8221;][\/vc_column][\/vc_row]<\/p>\n","protected":false},"excerpt":{"rendered":"<p>[vc_row][vc_column][vc_column_text]Alanya Properties tiimiss\u00e4 on ammattimaisten kiinteist\u00f6nv\u00e4litt\u00e4jien ryhm\u00e4, joka on valmis auttamaan sinua unelmiesi kodin l\u00f6yt\u00e4misess\u00e4 Turkissa. Tiimimme tarjoaa palveluita turkin, englannin, hollannin, ruotsin, suomen, ranskan, saksan, ven\u00e4j\u00e4n, persian ja arabian kielell\u00e4. &nbsp; [\/vc_column_text][\/vc_column][\/vc_row][vc_row 0=&#8221;&#8221;][vc_column 0=&#8221;&#8221;][vc_separator color=&#8221;turquoise&#8221; style=&#8221;shadow&#8221; border_width=&#8221;2&#8243;][vc_empty_space 0=&#8221;&#8221;][\/vc_column][\/vc_row]<\/p>\n","protected":false},"author":42,"featured_media":0,"comment_status":"closed","ping_status":"closed","sticky":false,"template":"","format":"standard","meta":{"footnotes":""},"categories":[3516],"tags":[],"yoast_head":"<!-- This site is optimized with the Yoast SEO plugin v22.6 - https:\/\/yoast.com\/wordpress\/plugins\/seo\/ -->\n<title>Meid\u00e4n tiimimme \u2013 Alanya Properties - Properties in Alanya.<\/title>\n<meta name=\"description\" content=\"Meid\u00e4n tiimimme \u2013 Alanya Properties - Properties in Alanya.\" \/>\n<meta name=\"robots\" content=\"index, follow, max-snippet:-1, max-image-preview:large, max-video-preview:-1\" \/>\n<link rel=\"canonical\" href=\"https:\/\/www.alanyaproperties.com\/fi\/tietoa-meista\/meidan-tiimimme-alanya-properties\/\" \/>\n<meta property=\"og:locale\" content=\"fi_FI\" \/>\n<meta property=\"og:type\" content=\"article\" \/>\n<meta property=\"og:title\" content=\"Meid\u00e4n tiimimme \u2013 Alanya Properties - Properties in Alanya.\" \/>\n<meta property=\"og:description\" content=\"Meid\u00e4n tiimimme \u2013 Alanya Properties - Properties in Alanya.\" \/>\n<meta property=\"og:url\" content=\"https:\/\/www.alanyaproperties.com\/fi\/tietoa-meista\/meidan-tiimimme-alanya-properties\/\" \/>\n<meta property=\"og:site_name\" content=\"Properties in Alanya.\" \/>\n<meta property=\"article:publisher\" content=\"https:\/\/www.facebook.com\/alanyaproperties\/\" \/>\n<meta property=\"article:published_time\" content=\"2010-03-15T13:08:35+00:00\" \/>\n<meta property=\"article:modified_time\" content=\"2020-11-27T10:42:56+00:00\" \/>\n<meta name=\"author\" content=\"Yusuf Ekinci\" \/>\n<meta name=\"twitter:card\" content=\"summary_large_image\" \/>\n<meta name=\"twitter:creator\" content=\"@alanyapro\" \/>\n<meta name=\"twitter:site\" content=\"@alanyapro\" \/>\n<meta name=\"twitter:label1\" content=\"Kirjoittanut\" \/>\n\t<meta name=\"twitter:data1\" content=\"Yusuf Ekinci\" \/>\n<script type=\"application\/ld+json\" class=\"yoast-schema-graph\">{\"@context\":\"https:\/\/schema.org\",\"@graph\":[{\"@type\":\"Article\",\"@id\":\"https:\/\/www.alanyaproperties.com\/fi\/tietoa-meista\/meidan-tiimimme-alanya-properties\/#article\",\"isPartOf\":{\"@id\":\"https:\/\/www.alanyaproperties.com\/fi\/tietoa-meista\/meidan-tiimimme-alanya-properties\/\"},\"author\":{\"name\":\"Yusuf Ekinci\",\"@id\":\"https:\/\/www.alanyaproperties.com\/fi\/#\/schema\/person\/8a92cc9600cbc25fcc67c304ba14680c\"},\"headline\":\"Meid\u00e4n tiimimme \u2013 Alanya Properties\",\"datePublished\":\"2010-03-15T13:08:35+00:00\",\"dateModified\":\"2020-11-27T10:42:56+00:00\",\"mainEntityOfPage\":{\"@id\":\"https:\/\/www.alanyaproperties.com\/fi\/tietoa-meista\/meidan-tiimimme-alanya-properties\/\"},\"wordCount\":77,\"publisher\":{\"@id\":\"https:\/\/www.alanyaproperties.com\/fi\/#organization\"},\"articleSection\":[\"Tietoa meist\u00e4\"],\"inLanguage\":\"fi\"},{\"@type\":\"WebPage\",\"@id\":\"https:\/\/www.alanyaproperties.com\/fi\/tietoa-meista\/meidan-tiimimme-alanya-properties\/\",\"url\":\"https:\/\/www.alanyaproperties.com\/fi\/tietoa-meista\/meidan-tiimimme-alanya-properties\/\",\"name\":\"Meid\u00e4n tiimimme \u2013 Alanya Properties - Properties in Alanya.\",\"isPartOf\":{\"@id\":\"https:\/\/www.alanyaproperties.com\/fi\/#website\"},\"datePublished\":\"2010-03-15T13:08:35+00:00\",\"dateModified\":\"2020-11-27T10:42:56+00:00\",\"description\":\"Meid\u00e4n tiimimme \u2013 Alanya Properties - Properties in Alanya.\",\"breadcrumb\":{\"@id\":\"https:\/\/www.alanyaproperties.com\/fi\/tietoa-meista\/meidan-tiimimme-alanya-properties\/#breadcrumb\"},\"inLanguage\":\"fi\",\"potentialAction\":[{\"@type\":\"ReadAction\",\"target\":[\"https:\/\/www.alanyaproperties.com\/fi\/tietoa-meista\/meidan-tiimimme-alanya-properties\/\"]}]},{\"@type\":\"BreadcrumbList\",\"@id\":\"https:\/\/www.alanyaproperties.com\/fi\/tietoa-meista\/meidan-tiimimme-alanya-properties\/#breadcrumb\",\"itemListElement\":[{\"@type\":\"ListItem\",\"position\":1,\"name\":\"Home\",\"item\":\"https:\/\/www.alanyaproperties.com\/fi\/\"},{\"@type\":\"ListItem\",\"position\":2,\"name\":\"Meid\u00e4n tiimimme \u2013 Alanya Properties\"}]},{\"@type\":\"WebSite\",\"@id\":\"https:\/\/www.alanyaproperties.com\/fi\/#website\",\"url\":\"https:\/\/www.alanyaproperties.com\/fi\/\",\"name\":\"Properties in Alanya.\",\"description\":\"Properties in Alanya.\",\"publisher\":{\"@id\":\"https:\/\/www.alanyaproperties.com\/fi\/#organization\"},\"potentialAction\":[{\"@type\":\"SearchAction\",\"target\":{\"@type\":\"EntryPoint\",\"urlTemplate\":\"https:\/\/www.alanyaproperties.com\/fi\/?s={search_term_string}\"},\"query-input\":\"required name=search_term_string\"}],\"inLanguage\":\"fi\"},{\"@type\":\"Organization\",\"@id\":\"https:\/\/www.alanyaproperties.com\/fi\/#organization\",\"name\":\"Alanya Properties\",\"url\":\"https:\/\/www.alanyaproperties.com\/fi\/\",\"logo\":{\"@type\":\"ImageObject\",\"inLanguage\":\"fi\",\"@id\":\"https:\/\/www.alanyaproperties.com\/fi\/#\/schema\/logo\/image\/\",\"url\":\"https:\/\/i0.wp.com\/www.alanyaproperties.com\/wp-content\/uploads\/2017\/06\/alanya-properties-logo-180to.png?fit=180%2C81&ssl=1\",\"contentUrl\":\"https:\/\/i0.wp.com\/www.alanyaproperties.com\/wp-content\/uploads\/2017\/06\/alanya-properties-logo-180to.png?fit=180%2C81&ssl=1\",\"width\":180,\"height\":81,\"caption\":\"Alanya Properties\"},\"image\":{\"@id\":\"https:\/\/www.alanyaproperties.com\/fi\/#\/schema\/logo\/image\/\"},\"sameAs\":[\"https:\/\/www.facebook.com\/alanyaproperties\/\",\"https:\/\/x.com\/alanyapro\",\"https:\/\/www.instagram.com\/alanyaproperties\/\",\"https:\/\/www.youtube.com\/c\/AlanyaProperties\"]},{\"@type\":\"Person\",\"@id\":\"https:\/\/www.alanyaproperties.com\/fi\/#\/schema\/person\/8a92cc9600cbc25fcc67c304ba14680c\",\"name\":\"Yusuf Ekinci\",\"image\":{\"@type\":\"ImageObject\",\"inLanguage\":\"fi\",\"@id\":\"https:\/\/www.alanyaproperties.com\/fi\/#\/schema\/person\/image\/\",\"url\":\"https:\/\/secure.gravatar.com\/avatar\/aed1d8afe914e0136d015d60f22bd285?s=96&d=mm&r=g\",\"contentUrl\":\"https:\/\/secure.gravatar.com\/avatar\/aed1d8afe914e0136d015d60f22bd285?s=96&d=mm&r=g\",\"caption\":\"Yusuf Ekinci\"},\"sameAs\":[\"http:\/\/alanya-web.com\"],\"url\":\"https:\/\/www.alanyaproperties.com\/fi\/author\/admin\/\"}]}<\/script>\n<!-- \/ Yoast SEO plugin. -->","yoast_head_json":{"title":"Meid\u00e4n tiimimme \u2013 Alanya Properties - Properties in Alanya.","description":"Meid\u00e4n tiimimme \u2013 Alanya Properties - Properties in Alanya.","robots":{"index":"index","follow":"follow","max-snippet":"max-snippet:-1","max-image-preview":"max-image-preview:large","max-video-preview":"max-video-preview:-1"},"canonical":"https:\/\/www.alanyaproperties.com\/fi\/tietoa-meista\/meidan-tiimimme-alanya-properties\/","og_locale":"fi_FI","og_type":"article","og_title":"Meid\u00e4n tiimimme \u2013 Alanya Properties - Properties in Alanya.","og_description":"Meid\u00e4n tiimimme \u2013 Alanya Properties - Properties in Alanya.","og_url":"https:\/\/www.alanyaproperties.com\/fi\/tietoa-meista\/meidan-tiimimme-alanya-properties\/","og_site_name":"Properties in Alanya.","article_publisher":"https:\/\/www.facebook.com\/alanyaproperties\/","article_published_time":"2010-03-15T13:08:35+00:00","article_modified_time":"2020-11-27T10:42:56+00:00","author":"Yusuf Ekinci","twitter_card":"summary_large_image","twitter_creator":"@alanyapro","twitter_site":"@alanyapro","twitter_misc":{"Kirjoittanut":"Yusuf Ekinci"},"schema":{"@context":"https:\/\/schema.org","@graph":[{"@type":"Article","@id":"https:\/\/www.alanyaproperties.com\/fi\/tietoa-meista\/meidan-tiimimme-alanya-properties\/#article","isPartOf":{"@id":"https:\/\/www.alanyaproperties.com\/fi\/tietoa-meista\/meidan-tiimimme-alanya-properties\/"},"author":{"name":"Yusuf Ekinci","@id":"https:\/\/www.alanyaproperties.com\/fi\/#\/schema\/person\/8a92cc9600cbc25fcc67c304ba14680c"},"headline":"Meid\u00e4n tiimimme \u2013 Alanya Properties","datePublished":"2010-03-15T13:08:35+00:00","dateModified":"2020-11-27T10:42:56+00:00","mainEntityOfPage":{"@id":"https:\/\/www.alanyaproperties.com\/fi\/tietoa-meista\/meidan-tiimimme-alanya-properties\/"},"wordCount":77,"publisher":{"@id":"https:\/\/www.alanyaproperties.com\/fi\/#organization"},"articleSection":["Tietoa meist\u00e4"],"inLanguage":"fi"},{"@type":"WebPage","@id":"https:\/\/www.alanyaproperties.com\/fi\/tietoa-meista\/meidan-tiimimme-alanya-properties\/","url":"https:\/\/www.alanyaproperties.com\/fi\/tietoa-meista\/meidan-tiimimme-alanya-properties\/","name":"Meid\u00e4n tiimimme \u2013 Alanya Properties - Properties in Alanya.","isPartOf":{"@id":"https:\/\/www.alanyaproperties.com\/fi\/#website"},"datePublished":"2010-03-15T13:08:35+00:00","dateModified":"2020-11-27T10:42:56+00:00","description":"Meid\u00e4n tiimimme \u2013 Alanya Properties - Properties in Alanya.","breadcrumb":{"@id":"https:\/\/www.alanyaproperties.com\/fi\/tietoa-meista\/meidan-tiimimme-alanya-properties\/#breadcrumb"},"inLanguage":"fi","potentialAction":[{"@type":"ReadAction","target":["https:\/\/www.alanyaproperties.com\/fi\/tietoa-meista\/meidan-tiimimme-alanya-properties\/"]}]},{"@type":"BreadcrumbList","@id":"https:\/\/www.alanyaproperties.com\/fi\/tietoa-meista\/meidan-tiimimme-alanya-properties\/#breadcrumb","itemListElement":[{"@type":"ListItem","position":1,"name":"Home","item":"https:\/\/www.alanyaproperties.com\/fi\/"},{"@type":"ListItem","position":2,"name":"Meid\u00e4n tiimimme \u2013 Alanya Properties"}]},{"@type":"WebSite","@id":"https:\/\/www.alanyaproperties.com\/fi\/#website","url":"https:\/\/www.alanyaproperties.com\/fi\/","name":"Properties in Alanya.","description":"Properties in Alanya.","publisher":{"@id":"https:\/\/www.alanyaproperties.com\/fi\/#organization"},"potentialAction":[{"@type":"SearchAction","target":{"@type":"EntryPoint","urlTemplate":"https:\/\/www.alanyaproperties.com\/fi\/?s={search_term_string}"},"query-input":"required name=search_term_string"}],"inLanguage":"fi"},{"@type":"Organization","@id":"https:\/\/www.alanyaproperties.com\/fi\/#organization","name":"Alanya Properties","url":"https:\/\/www.alanyaproperties.com\/fi\/","logo":{"@type":"ImageObject","inLanguage":"fi","@id":"https:\/\/www.alanyaproperties.com\/fi\/#\/schema\/logo\/image\/","url":"https:\/\/i0.wp.com\/www.alanyaproperties.com\/wp-content\/uploads\/2017\/06\/alanya-properties-logo-180to.png?fit=180%2C81&ssl=1","contentUrl":"https:\/\/i0.wp.com\/www.alanyaproperties.com\/wp-content\/uploads\/2017\/06\/alanya-properties-logo-180to.png?fit=180%2C81&ssl=1","width":180,"height":81,"caption":"Alanya Properties"},"image":{"@id":"https:\/\/www.alanyaproperties.com\/fi\/#\/schema\/logo\/image\/"},"sameAs":["https:\/\/www.facebook.com\/alanyaproperties\/","https:\/\/x.com\/alanyapro","https:\/\/www.instagram.com\/alanyaproperties\/","https:\/\/www.youtube.com\/c\/AlanyaProperties"]},{"@type":"Person","@id":"https:\/\/www.alanyaproperties.com\/fi\/#\/schema\/person\/8a92cc9600cbc25fcc67c304ba14680c","name":"Yusuf Ekinci","image":{"@type":"ImageObject","inLanguage":"fi","@id":"https:\/\/www.alanyaproperties.com\/fi\/#\/schema\/person\/image\/","url":"https:\/\/secure.gravatar.com\/avatar\/aed1d8afe914e0136d015d60f22bd285?s=96&d=mm&r=g","contentUrl":"https:\/\/secure.gravatar.com\/avatar\/aed1d8afe914e0136d015d60f22bd285?s=96&d=mm&r=g","caption":"Yusuf Ekinci"},"sameAs":["http:\/\/alanya-web.com"],"url":"https:\/\/www.alanyaproperties.com\/fi\/author\/admin\/"}]}},"jetpack_sharing_enabled":true,"jetpack_featured_media_url":"","_links":{"self":[{"href":"https:\/\/www.alanyaproperties.com\/fi\/wp-json\/wp\/v2\/posts\/32855"}],"collection":[{"href":"https:\/\/www.alanyaproperties.com\/fi\/wp-json\/wp\/v2\/posts"}],"about":[{"href":"https:\/\/www.alanyaproperties.com\/fi\/wp-json\/wp\/v2\/types\/post"}],"author":[{"embeddable":true,"href":"https:\/\/www.alanyaproperties.com\/fi\/wp-json\/wp\/v2\/users\/42"}],"replies":[{"embeddable":true,"href":"https:\/\/www.alanyaproperties.com\/fi\/wp-json\/wp\/v2\/comments?post=32855"}],"version-history":[{"count":1,"href":"https:\/\/www.alanyaproperties.com\/fi\/wp-json\/wp\/v2\/posts\/32855\/revisions"}],"predecessor-version":[{"id":231838,"href":"https:\/\/www.alanyaproperties.com\/fi\/wp-json\/wp\/v2\/posts\/32855\/revisions\/231838"}],"wp:attachment":[{"href":"https:\/\/www.alanyaproperties.com\/fi\/wp-json\/wp\/v2\/media?parent=32855"}],"wp:term":[{"taxonomy":"category","embeddable":true,"href":"https:\/\/www.alanyaproperties.com\/fi\/wp-json\/wp\/v2\/categories?post=32855"},{"taxonomy":"post_tag","embeddable":true,"href":"https:\/\/www.alanyaproperties.com\/fi\/wp-json\/wp\/v2\/tags?post=32855"}],"curies":[{"name":"wp","href":"https:\/\/api.w.org\/{rel}","templated":true}]}}