{"id":57165,"date":"2017-08-25T06:51:16","date_gmt":"2017-08-25T06:51:16","guid":{"rendered":"http:\/\/www.alanyaproperties.com\/?p=57165\/"},"modified":"2017-08-25T06:51:16","modified_gmt":"2017-08-25T06:51:16","slug":"internationale-jazz-tage-in-alanya-im-september","status":"publish","type":"post","link":"https:\/\/www.alanyaproperties.com\/de\/ueber-die-tuerkei\/internationale-jazz-tage-in-alanya-im-september\/","title":{"rendered":"Internationale Jazz Tage in Alanya im September"},"content":{"rendered":"<p>Wie jedes Jahr findet in Alanya im September die internationalen Jazz Tage statt.<\/p>\n<p>Kommen und erleben Sie die Jazz Tage. Eintritt ist frei<\/p>\n<p>Die Jazz Tage finden direkt am Hafen in Alanya beim Roten Turm statt.<\/p>\n<p>&nbsp;<\/p>\n","protected":false},"excerpt":{"rendered":"<p>Wie jedes Jahr findet in Alanya im September die internationalen Jazz Tage statt. Kommen und erleben Sie die Jazz Tage. Eintritt ist frei Die Jazz Tage finden direkt am Hafen in Alanya beim Roten Turm statt. &nbsp;<\/p>\n","protected":false},"author":33,"featured_media":57166,"comment_status":"closed","ping_status":"closed","sticky":false,"template":"","format":"standard","meta":{"footnotes":""},"categories":[1877,1858,1749,1742,1711],"tags":[],"yoast_head":"<!-- This site is optimized with the Yoast SEO plugin v22.6 - https:\/\/yoast.com\/wordpress\/plugins\/seo\/ -->\n<title>Internationale Jazz Tage in Alanya im September - Properties in Alanya.<\/title>\n<meta name=\"description\" content=\"Internationale Jazz Tage in Alanya im September - Properties in Alanya.\" \/>\n<meta name=\"robots\" content=\"index, follow, max-snippet:-1, max-image-preview:large, max-video-preview:-1\" \/>\n<link rel=\"canonical\" href=\"https:\/\/www.alanyaproperties.com\/de\/ueber-die-tuerkei\/internationale-jazz-tage-in-alanya-im-september\/\" \/>\n<meta property=\"og:locale\" content=\"de_DE\" \/>\n<meta property=\"og:type\" content=\"article\" \/>\n<meta property=\"og:title\" content=\"Internationale Jazz Tage in Alanya im September - Properties in Alanya.\" \/>\n<meta property=\"og:description\" content=\"Internationale Jazz Tage in Alanya im September - Properties in Alanya.\" \/>\n<meta property=\"og:url\" content=\"https:\/\/www.alanyaproperties.com\/de\/ueber-die-tuerkei\/internationale-jazz-tage-in-alanya-im-september\/\" \/>\n<meta property=\"og:site_name\" content=\"Properties in Alanya.\" \/>\n<meta property=\"article:publisher\" content=\"https:\/\/www.facebook.com\/alanyaproperties\/\" \/>\n<meta property=\"article:published_time\" content=\"2017-08-25T06:51:16+00:00\" \/>\n<meta property=\"og:image\" content=\"https:\/\/www.alanyaproperties.com\/wp-content\/uploads\/2017\/08\/Jazz-Tage-in-Alanya.jpg\" \/>\n\t<meta property=\"og:image:width\" content=\"960\" \/>\n\t<meta property=\"og:image:height\" content=\"548\" \/>\n\t<meta property=\"og:image:type\" content=\"image\/jpeg\" \/>\n<meta name=\"author\" content=\"Bettina Sezgin\" \/>\n<meta name=\"twitter:card\" content=\"summary_large_image\" \/>\n<meta name=\"twitter:creator\" content=\"@alanyapro\" \/>\n<meta name=\"twitter:site\" content=\"@alanyapro\" \/>\n<meta name=\"twitter:label1\" content=\"Verfasst von\" \/>\n\t<meta name=\"twitter:data1\" content=\"Bettina Sezgin\" \/>\n<script type=\"application\/ld+json\" class=\"yoast-schema-graph\">{\"@context\":\"https:\/\/schema.org\",\"@graph\":[{\"@type\":\"Article\",\"@id\":\"https:\/\/www.alanyaproperties.com\/de\/ueber-die-tuerkei\/internationale-jazz-tage-in-alanya-im-september\/#article\",\"isPartOf\":{\"@id\":\"https:\/\/www.alanyaproperties.com\/de\/ueber-die-tuerkei\/internationale-jazz-tage-in-alanya-im-september\/\"},\"author\":{\"name\":\"Bettina Sezgin\",\"@id\":\"https:\/\/www.alanyaproperties.com\/de\/#\/schema\/person\/772cf3e343cb4cc8adbd2af044068b3c\"},\"headline\":\"Internationale Jazz Tage in Alanya im September\",\"datePublished\":\"2017-08-25T06:51:16+00:00\",\"dateModified\":\"2017-08-25T06:51:16+00:00\",\"mainEntityOfPage\":{\"@id\":\"https:\/\/www.alanyaproperties.com\/de\/ueber-die-tuerkei\/internationale-jazz-tage-in-alanya-im-september\/\"},\"wordCount\":44,\"publisher\":{\"@id\":\"https:\/\/www.alanyaproperties.com\/de\/#organization\"},\"image\":{\"@id\":\"https:\/\/www.alanyaproperties.com\/de\/ueber-die-tuerkei\/internationale-jazz-tage-in-alanya-im-september\/#primaryimage\"},\"thumbnailUrl\":\"https:\/\/i0.wp.com\/www.alanyaproperties.com\/wp-content\/uploads\/2017\/08\/Jazz-Tage-in-Alanya.jpg?fit=960%2C548&ssl=1\",\"articleSection\":[\"Alanya\",\"Allgemeine informationen\",\"Latest\",\"Neuigkeiten aus der T\u00fcrkei\",\"\u00dcber die T\u00fcrkei\"],\"inLanguage\":\"de-DE\"},{\"@type\":\"WebPage\",\"@id\":\"https:\/\/www.alanyaproperties.com\/de\/ueber-die-tuerkei\/internationale-jazz-tage-in-alanya-im-september\/\",\"url\":\"https:\/\/www.alanyaproperties.com\/de\/ueber-die-tuerkei\/internationale-jazz-tage-in-alanya-im-september\/\",\"name\":\"Internationale Jazz Tage in Alanya im September - Properties in Alanya.\",\"isPartOf\":{\"@id\":\"https:\/\/www.alanyaproperties.com\/de\/#website\"},\"primaryImageOfPage\":{\"@id\":\"https:\/\/www.alanyaproperties.com\/de\/ueber-die-tuerkei\/internationale-jazz-tage-in-alanya-im-september\/#primaryimage\"},\"image\":{\"@id\":\"https:\/\/www.alanyaproperties.com\/de\/ueber-die-tuerkei\/internationale-jazz-tage-in-alanya-im-september\/#primaryimage\"},\"thumbnailUrl\":\"https:\/\/i0.wp.com\/www.alanyaproperties.com\/wp-content\/uploads\/2017\/08\/Jazz-Tage-in-Alanya.jpg?fit=960%2C548&ssl=1\",\"datePublished\":\"2017-08-25T06:51:16+00:00\",\"dateModified\":\"2017-08-25T06:51:16+00:00\",\"description\":\"Internationale Jazz Tage in Alanya im September - Properties in Alanya.\",\"breadcrumb\":{\"@id\":\"https:\/\/www.alanyaproperties.com\/de\/ueber-die-tuerkei\/internationale-jazz-tage-in-alanya-im-september\/#breadcrumb\"},\"inLanguage\":\"de-DE\",\"potentialAction\":[{\"@type\":\"ReadAction\",\"target\":[\"https:\/\/www.alanyaproperties.com\/de\/ueber-die-tuerkei\/internationale-jazz-tage-in-alanya-im-september\/\"]}]},{\"@type\":\"ImageObject\",\"inLanguage\":\"de-DE\",\"@id\":\"https:\/\/www.alanyaproperties.com\/de\/ueber-die-tuerkei\/internationale-jazz-tage-in-alanya-im-september\/#primaryimage\",\"url\":\"https:\/\/i0.wp.com\/www.alanyaproperties.com\/wp-content\/uploads\/2017\/08\/Jazz-Tage-in-Alanya.jpg?fit=960%2C548&ssl=1\",\"contentUrl\":\"https:\/\/i0.wp.com\/www.alanyaproperties.com\/wp-content\/uploads\/2017\/08\/Jazz-Tage-in-Alanya.jpg?fit=960%2C548&ssl=1\",\"width\":960,\"height\":548},{\"@type\":\"BreadcrumbList\",\"@id\":\"https:\/\/www.alanyaproperties.com\/de\/ueber-die-tuerkei\/internationale-jazz-tage-in-alanya-im-september\/#breadcrumb\",\"itemListElement\":[{\"@type\":\"ListItem\",\"position\":1,\"name\":\"Home\",\"item\":\"https:\/\/www.alanyaproperties.com\/de\/\"},{\"@type\":\"ListItem\",\"position\":2,\"name\":\"Internationale Jazz Tage in Alanya im September\"}]},{\"@type\":\"WebSite\",\"@id\":\"https:\/\/www.alanyaproperties.com\/de\/#website\",\"url\":\"https:\/\/www.alanyaproperties.com\/de\/\",\"name\":\"Properties in Alanya.\",\"description\":\"Wohnungen in Alanya. Immobilien in der T\u00fcrkei zu verkaufen.\",\"publisher\":{\"@id\":\"https:\/\/www.alanyaproperties.com\/de\/#organization\"},\"potentialAction\":[{\"@type\":\"SearchAction\",\"target\":{\"@type\":\"EntryPoint\",\"urlTemplate\":\"https:\/\/www.alanyaproperties.com\/de\/?s={search_term_string}\"},\"query-input\":\"required name=search_term_string\"}],\"inLanguage\":\"de-DE\"},{\"@type\":\"Organization\",\"@id\":\"https:\/\/www.alanyaproperties.com\/de\/#organization\",\"name\":\"Alanya Properties\",\"url\":\"https:\/\/www.alanyaproperties.com\/de\/\",\"logo\":{\"@type\":\"ImageObject\",\"inLanguage\":\"de-DE\",\"@id\":\"https:\/\/www.alanyaproperties.com\/de\/#\/schema\/logo\/image\/\",\"url\":\"https:\/\/i0.wp.com\/www.alanyaproperties.com\/wp-content\/uploads\/2017\/06\/alanya-properties-logo-180to.png?fit=180%2C81&ssl=1\",\"contentUrl\":\"https:\/\/i0.wp.com\/www.alanyaproperties.com\/wp-content\/uploads\/2017\/06\/alanya-properties-logo-180to.png?fit=180%2C81&ssl=1\",\"width\":180,\"height\":81,\"caption\":\"Alanya Properties\"},\"image\":{\"@id\":\"https:\/\/www.alanyaproperties.com\/de\/#\/schema\/logo\/image\/\"},\"sameAs\":[\"https:\/\/www.facebook.com\/alanyaproperties\/\",\"https:\/\/x.com\/alanyapro\",\"https:\/\/www.instagram.com\/alanyaproperties\/\",\"https:\/\/www.youtube.com\/c\/AlanyaProperties\"]},{\"@type\":\"Person\",\"@id\":\"https:\/\/www.alanyaproperties.com\/de\/#\/schema\/person\/772cf3e343cb4cc8adbd2af044068b3c\",\"name\":\"Bettina Sezgin\",\"image\":{\"@type\":\"ImageObject\",\"inLanguage\":\"de-DE\",\"@id\":\"https:\/\/www.alanyaproperties.com\/de\/#\/schema\/person\/image\/\",\"url\":\"https:\/\/secure.gravatar.com\/avatar\/8c0b89b2e428954171c86751bded324e?s=96&d=mm&r=g\",\"contentUrl\":\"https:\/\/secure.gravatar.com\/avatar\/8c0b89b2e428954171c86751bded324e?s=96&d=mm&r=g\",\"caption\":\"Bettina Sezgin\"},\"sameAs\":[\"http:\/\/www.alanyaproperties.com\"],\"url\":\"https:\/\/www.alanyaproperties.com\/de\/author\/bettina\/\"}]}<\/script>\n<!-- \/ Yoast SEO plugin. -->","yoast_head_json":{"title":"Internationale Jazz Tage in Alanya im September - Properties in Alanya.","description":"Internationale Jazz Tage in Alanya im September - Properties in Alanya.","robots":{"index":"index","follow":"follow","max-snippet":"max-snippet:-1","max-image-preview":"max-image-preview:large","max-video-preview":"max-video-preview:-1"},"canonical":"https:\/\/www.alanyaproperties.com\/de\/ueber-die-tuerkei\/internationale-jazz-tage-in-alanya-im-september\/","og_locale":"de_DE","og_type":"article","og_title":"Internationale Jazz Tage in Alanya im September - Properties in Alanya.","og_description":"Internationale Jazz Tage in Alanya im September - Properties in Alanya.","og_url":"https:\/\/www.alanyaproperties.com\/de\/ueber-die-tuerkei\/internationale-jazz-tage-in-alanya-im-september\/","og_site_name":"Properties in Alanya.","article_publisher":"https:\/\/www.facebook.com\/alanyaproperties\/","article_published_time":"2017-08-25T06:51:16+00:00","og_image":[{"width":960,"height":548,"url":"https:\/\/www.alanyaproperties.com\/wp-content\/uploads\/2017\/08\/Jazz-Tage-in-Alanya.jpg","type":"image\/jpeg"}],"author":"Bettina Sezgin","twitter_card":"summary_large_image","twitter_creator":"@alanyapro","twitter_site":"@alanyapro","twitter_misc":{"Verfasst von":"Bettina Sezgin"},"schema":{"@context":"https:\/\/schema.org","@graph":[{"@type":"Article","@id":"https:\/\/www.alanyaproperties.com\/de\/ueber-die-tuerkei\/internationale-jazz-tage-in-alanya-im-september\/#article","isPartOf":{"@id":"https:\/\/www.alanyaproperties.com\/de\/ueber-die-tuerkei\/internationale-jazz-tage-in-alanya-im-september\/"},"author":{"name":"Bettina Sezgin","@id":"https:\/\/www.alanyaproperties.com\/de\/#\/schema\/person\/772cf3e343cb4cc8adbd2af044068b3c"},"headline":"Internationale Jazz Tage in Alanya im September","datePublished":"2017-08-25T06:51:16+00:00","dateModified":"2017-08-25T06:51:16+00:00","mainEntityOfPage":{"@id":"https:\/\/www.alanyaproperties.com\/de\/ueber-die-tuerkei\/internationale-jazz-tage-in-alanya-im-september\/"},"wordCount":44,"publisher":{"@id":"https:\/\/www.alanyaproperties.com\/de\/#organization"},"image":{"@id":"https:\/\/www.alanyaproperties.com\/de\/ueber-die-tuerkei\/internationale-jazz-tage-in-alanya-im-september\/#primaryimage"},"thumbnailUrl":"https:\/\/i0.wp.com\/www.alanyaproperties.com\/wp-content\/uploads\/2017\/08\/Jazz-Tage-in-Alanya.jpg?fit=960%2C548&ssl=1","articleSection":["Alanya","Allgemeine informationen","Latest","Neuigkeiten aus der T\u00fcrkei","\u00dcber die T\u00fcrkei"],"inLanguage":"de-DE"},{"@type":"WebPage","@id":"https:\/\/www.alanyaproperties.com\/de\/ueber-die-tuerkei\/internationale-jazz-tage-in-alanya-im-september\/","url":"https:\/\/www.alanyaproperties.com\/de\/ueber-die-tuerkei\/internationale-jazz-tage-in-alanya-im-september\/","name":"Internationale Jazz Tage in Alanya im September - Properties in Alanya.","isPartOf":{"@id":"https:\/\/www.alanyaproperties.com\/de\/#website"},"primaryImageOfPage":{"@id":"https:\/\/www.alanyaproperties.com\/de\/ueber-die-tuerkei\/internationale-jazz-tage-in-alanya-im-september\/#primaryimage"},"image":{"@id":"https:\/\/www.alanyaproperties.com\/de\/ueber-die-tuerkei\/internationale-jazz-tage-in-alanya-im-september\/#primaryimage"},"thumbnailUrl":"https:\/\/i0.wp.com\/www.alanyaproperties.com\/wp-content\/uploads\/2017\/08\/Jazz-Tage-in-Alanya.jpg?fit=960%2C548&ssl=1","datePublished":"2017-08-25T06:51:16+00:00","dateModified":"2017-08-25T06:51:16+00:00","description":"Internationale Jazz Tage in Alanya im September - Properties in Alanya.","breadcrumb":{"@id":"https:\/\/www.alanyaproperties.com\/de\/ueber-die-tuerkei\/internationale-jazz-tage-in-alanya-im-september\/#breadcrumb"},"inLanguage":"de-DE","potentialAction":[{"@type":"ReadAction","target":["https:\/\/www.alanyaproperties.com\/de\/ueber-die-tuerkei\/internationale-jazz-tage-in-alanya-im-september\/"]}]},{"@type":"ImageObject","inLanguage":"de-DE","@id":"https:\/\/www.alanyaproperties.com\/de\/ueber-die-tuerkei\/internationale-jazz-tage-in-alanya-im-september\/#primaryimage","url":"https:\/\/i0.wp.com\/www.alanyaproperties.com\/wp-content\/uploads\/2017\/08\/Jazz-Tage-in-Alanya.jpg?fit=960%2C548&ssl=1","contentUrl":"https:\/\/i0.wp.com\/www.alanyaproperties.com\/wp-content\/uploads\/2017\/08\/Jazz-Tage-in-Alanya.jpg?fit=960%2C548&ssl=1","width":960,"height":548},{"@type":"BreadcrumbList","@id":"https:\/\/www.alanyaproperties.com\/de\/ueber-die-tuerkei\/internationale-jazz-tage-in-alanya-im-september\/#breadcrumb","itemListElement":[{"@type":"ListItem","position":1,"name":"Home","item":"https:\/\/www.alanyaproperties.com\/de\/"},{"@type":"ListItem","position":2,"name":"Internationale Jazz Tage in Alanya im September"}]},{"@type":"WebSite","@id":"https:\/\/www.alanyaproperties.com\/de\/#website","url":"https:\/\/www.alanyaproperties.com\/de\/","name":"Properties in Alanya.","description":"Wohnungen in Alanya. Immobilien in der T\u00fcrkei zu verkaufen.","publisher":{"@id":"https:\/\/www.alanyaproperties.com\/de\/#organization"},"potentialAction":[{"@type":"SearchAction","target":{"@type":"EntryPoint","urlTemplate":"https:\/\/www.alanyaproperties.com\/de\/?s={search_term_string}"},"query-input":"required name=search_term_string"}],"inLanguage":"de-DE"},{"@type":"Organization","@id":"https:\/\/www.alanyaproperties.com\/de\/#organization","name":"Alanya Properties","url":"https:\/\/www.alanyaproperties.com\/de\/","logo":{"@type":"ImageObject","inLanguage":"de-DE","@id":"https:\/\/www.alanyaproperties.com\/de\/#\/schema\/logo\/image\/","url":"https:\/\/i0.wp.com\/www.alanyaproperties.com\/wp-content\/uploads\/2017\/06\/alanya-properties-logo-180to.png?fit=180%2C81&ssl=1","contentUrl":"https:\/\/i0.wp.com\/www.alanyaproperties.com\/wp-content\/uploads\/2017\/06\/alanya-properties-logo-180to.png?fit=180%2C81&ssl=1","width":180,"height":81,"caption":"Alanya Properties"},"image":{"@id":"https:\/\/www.alanyaproperties.com\/de\/#\/schema\/logo\/image\/"},"sameAs":["https:\/\/www.facebook.com\/alanyaproperties\/","https:\/\/x.com\/alanyapro","https:\/\/www.instagram.com\/alanyaproperties\/","https:\/\/www.youtube.com\/c\/AlanyaProperties"]},{"@type":"Person","@id":"https:\/\/www.alanyaproperties.com\/de\/#\/schema\/person\/772cf3e343cb4cc8adbd2af044068b3c","name":"Bettina Sezgin","image":{"@type":"ImageObject","inLanguage":"de-DE","@id":"https:\/\/www.alanyaproperties.com\/de\/#\/schema\/person\/image\/","url":"https:\/\/secure.gravatar.com\/avatar\/8c0b89b2e428954171c86751bded324e?s=96&d=mm&r=g","contentUrl":"https:\/\/secure.gravatar.com\/avatar\/8c0b89b2e428954171c86751bded324e?s=96&d=mm&r=g","caption":"Bettina Sezgin"},"sameAs":["http:\/\/www.alanyaproperties.com"],"url":"https:\/\/www.alanyaproperties.com\/de\/author\/bettina\/"}]}},"jetpack_sharing_enabled":true,"jetpack_featured_media_url":"https:\/\/i0.wp.com\/www.alanyaproperties.com\/wp-content\/uploads\/2017\/08\/Jazz-Tage-in-Alanya.jpg?fit=960%2C548&ssl=1","_links":{"self":[{"href":"https:\/\/www.alanyaproperties.com\/de\/wp-json\/wp\/v2\/posts\/57165"}],"collection":[{"href":"https:\/\/www.alanyaproperties.com\/de\/wp-json\/wp\/v2\/posts"}],"about":[{"href":"https:\/\/www.alanyaproperties.com\/de\/wp-json\/wp\/v2\/types\/post"}],"author":[{"embeddable":true,"href":"https:\/\/www.alanyaproperties.com\/de\/wp-json\/wp\/v2\/users\/33"}],"replies":[{"embeddable":true,"href":"https:\/\/www.alanyaproperties.com\/de\/wp-json\/wp\/v2\/comments?post=57165"}],"version-history":[{"count":0,"href":"https:\/\/www.alanyaproperties.com\/de\/wp-json\/wp\/v2\/posts\/57165\/revisions"}],"wp:featuredmedia":[{"embeddable":true,"href":"https:\/\/www.alanyaproperties.com\/de\/wp-json\/wp\/v2\/media\/57166"}],"wp:attachment":[{"href":"https:\/\/www.alanyaproperties.com\/de\/wp-json\/wp\/v2\/media?parent=57165"}],"wp:term":[{"taxonomy":"category","embeddable":true,"href":"https:\/\/www.alanyaproperties.com\/de\/wp-json\/wp\/v2\/categories?post=57165"},{"taxonomy":"post_tag","embeddable":true,"href":"https:\/\/www.alanyaproperties.com\/de\/wp-json\/wp\/v2\/tags?post=57165"}],"curies":[{"name":"wp","href":"https:\/\/api.w.org\/{rel}","templated":true}]}}