{"id":3668,"date":"2009-10-21T03:28:24","date_gmt":"2009-10-21T03:28:24","guid":{"rendered":"http:\/\/www.alanyaproperties.com\/alanya-kestel-2\/"},"modified":"2021-03-11T08:35:51","modified_gmt":"2021-03-11T08:35:51","slug":"alanya-kestel-2","status":"publish","type":"post","link":"https:\/\/www.alanyaproperties.com\/de\/ueber-die-tuerkei\/alanya-about-turkey\/alanya-kestel-2\/","title":{"rendered":"Alanya Kestel Informationen"},"content":{"rendered":"<p><img loading=\"lazy\" decoding=\"async\" class=\" alignleft size-full wp-image-3664\" style=\"width: 360px; height: 250px; margin-left: 2px; margin-right: 2px; float: left;\" src=\"https:\/\/i0.wp.com\/www.alanyaproperties.com\/wp-content\/uploads\/2009\/10\/700-10225930012012.jpg?resize=360%2C250\" width=\"360\" height=\"250\" border=\"0\" srcset=\"https:\/\/i0.wp.com\/www.alanyaproperties.com\/wp-content\/uploads\/2009\/10\/700-10225930012012.jpg?w=360&amp;ssl=1 360w, https:\/\/i0.wp.com\/www.alanyaproperties.com\/wp-content\/uploads\/2009\/10\/700-10225930012012.jpg?resize=300%2C208&amp;ssl=1 300w, https:\/\/i0.wp.com\/www.alanyaproperties.com\/wp-content\/uploads\/2009\/10\/700-10225930012012.jpg?resize=150%2C104&amp;ssl=1 150w, https:\/\/i0.wp.com\/www.alanyaproperties.com\/wp-content\/uploads\/2009\/10\/700-10225930012012.jpg?resize=350%2C243&amp;ssl=1 350w\" sizes=\"(max-width: 360px) 100vw, 360px\" data-recalc-dims=\"1\" \/><\/p>\n<p>&nbsp;<\/p>\n<p>&nbsp;<\/p>\n<p>&nbsp;<\/p>\n<p>&nbsp;<\/p>\n<p>&nbsp;<\/p>\n<p>&nbsp;<\/p>\n<p>&nbsp;<\/p>\n<p><img loading=\"lazy\" decoding=\"async\" class=\" alignright size-full wp-image-3665\" style=\"width: 415px; height: 250px; margin-left: 2px; margin-right: 2px; float: right;\" src=\"https:\/\/i0.wp.com\/www.alanyaproperties.com\/wp-content\/uploads\/2009\/10\/12.jpg?resize=498%2C300\" width=\"498\" height=\"300\" border=\"0\" srcset=\"https:\/\/i0.wp.com\/www.alanyaproperties.com\/wp-content\/uploads\/2009\/10\/12.jpg?w=498&amp;ssl=1 498w, https:\/\/i0.wp.com\/www.alanyaproperties.com\/wp-content\/uploads\/2009\/10\/12.jpg?resize=300%2C181&amp;ssl=1 300w, https:\/\/i0.wp.com\/www.alanyaproperties.com\/wp-content\/uploads\/2009\/10\/12.jpg?resize=150%2C90&amp;ssl=1 150w, https:\/\/i0.wp.com\/www.alanyaproperties.com\/wp-content\/uploads\/2009\/10\/12.jpg?resize=350%2C211&amp;ssl=1 350w\" sizes=\"(max-width: 498px) 100vw, 498px\" data-recalc-dims=\"1\" \/><\/p>\n<p><strong>Alanya Kestel<\/strong><\/p>\n<p>Kestel ist 10 km \u00f6stlich von Alanya gelegen und gilt als guter Ausgangspunkt f\u00fcr Ausfl\u00fcge ins Hinterland.<\/p>\n<div><span style=\"font-size: small;\">Dieser Bezirk ist eine Kombination aus einheimischen und ausl\u00e4ndischen Lebensstilen.<\/span><\/div>\n<div><span style=\"font-size: small;\">Kestel ist ein Ort f\u00fcr Sie, wo Sie die Sch\u00f6nheit der Natur mit dem herrlichen Taurusgebirge und die Aussicht auf das Mittelmeer genie\u00dfen k\u00f6nnen.<\/span><\/div>\n<div><span style=\"font-size: small;\">Luxuri\u00f6se Residenzkomplexe mit vielen praktischen sowie prachtvollen Einrichtungen und gem\u00fctlichen Gartenbereichen bieten Ihnen eine sehr ruhige und friedliche Umgebung.<\/span><\/div>\n<div><span style=\"font-size: small;\">Hier f\u00fchlt man sich im Einklang mit sich selbst und dem Leben, man betrachtet d\u0131e idyllische Landschaft und geniesst die ruhige und friedliche Nachbarschaft. Die sch\u00f6ne Umgebung erinnert an das Leben auf dem Land.<\/span><\/div>\n<div><span style=\"font-size: small;\">Aktuell ist es die richt\u0131ge Zeit, um in das Bezirk Kestel zu investieren, weil in den n\u00e4chsten Jahren Kestel eine der beliebtesten Gegenden in Alanya sein wird.<\/span><\/div>\n<div><span style=\"font-size: small;\">Sie k\u00f6nnen Alanya Zentrum in 15 Minuten erreichen und Alanya Gazipa\u015fa (GZP) Flughafen in 20 Minuten!<\/span><\/div>\n<div><span style=\"font-size: small;\">Bev\u00f6lkerung von Kestel 2013 war 7273 Einwohner.<\/span><\/div>\n<div><img loading=\"lazy\" decoding=\"async\" class=\" alignleft size-full wp-image-3666\" style=\"width: 376px; height: 250px; margin-left: 2px; margin-right: 2px; float: left;\" src=\"https:\/\/i0.wp.com\/www.alanyaproperties.com\/wp-content\/uploads\/2009\/10\/Kestel%2C%20Alanya%2C%20Pictures%20from%20Kestel%2C%20Turkey%20%283%29.jpg?resize=1170%2C777\" width=\"1170\" height=\"777\" border=\"0\" data-recalc-dims=\"1\" \/><img loading=\"lazy\" decoding=\"async\" class=\" alignright size-full wp-image-3667\" style=\"width: 360px; height: 250px; margin-left: 2px; margin-right: 2px; float: right;\" src=\"https:\/\/i0.wp.com\/www.alanyaproperties.com\/wp-content\/uploads\/2009\/10\/700-12072425012012.jpg?resize=360%2C250\" width=\"360\" height=\"250\" border=\"0\" srcset=\"https:\/\/i0.wp.com\/www.alanyaproperties.com\/wp-content\/uploads\/2009\/10\/700-12072425012012.jpg?w=360&amp;ssl=1 360w, https:\/\/i0.wp.com\/www.alanyaproperties.com\/wp-content\/uploads\/2009\/10\/700-12072425012012.jpg?resize=300%2C208&amp;ssl=1 300w, https:\/\/i0.wp.com\/www.alanyaproperties.com\/wp-content\/uploads\/2009\/10\/700-12072425012012.jpg?resize=150%2C104&amp;ssl=1 150w, https:\/\/i0.wp.com\/www.alanyaproperties.com\/wp-content\/uploads\/2009\/10\/700-12072425012012.jpg?resize=350%2C243&amp;ssl=1 350w\" sizes=\"(max-width: 360px) 100vw, 360px\" data-recalc-dims=\"1\" \/><\/div>\n","protected":false},"excerpt":{"rendered":"<p>&nbsp; &nbsp; &nbsp; &nbsp; &nbsp; &nbsp; &nbsp; Alanya Kestel Kestel ist 10 km \u00f6stlich von Alanya gelegen und gilt als guter Ausgangspunkt f\u00fcr Ausfl\u00fcge ins Hinterland. Dieser Bezirk ist eine Kombination aus einheimischen und ausl\u00e4ndischen Lebensstilen. Kestel ist ein Ort f\u00fcr Sie, wo Sie die Sch\u00f6nheit der Natur mit dem herrlichen Taurusgebirge und die Aussicht [&hellip;]<\/p>\n","protected":false},"author":42,"featured_media":3664,"comment_status":"closed","ping_status":"closed","sticky":false,"template":"","format":"standard","meta":{"footnotes":""},"categories":[1877],"tags":[2484,2489,2485,2487,2490,2488,2486],"yoast_head":"<!-- This site is optimized with the Yoast SEO plugin v22.6 - https:\/\/yoast.com\/wordpress\/plugins\/seo\/ -->\n<title>Alanya Kestel Informationen - Properties in Alanya.<\/title>\n<meta name=\"description\" content=\"Alanya Kestel Informationen - Properties in Alanya.\" \/>\n<meta name=\"robots\" content=\"index, follow, max-snippet:-1, max-image-preview:large, max-video-preview:-1\" \/>\n<link rel=\"canonical\" href=\"https:\/\/www.alanyaproperties.com\/de\/ueber-die-tuerkei\/alanya-about-turkey\/alanya-kestel-2\/\" \/>\n<meta property=\"og:locale\" content=\"de_DE\" \/>\n<meta property=\"og:type\" content=\"article\" \/>\n<meta property=\"og:title\" content=\"Alanya Kestel Informationen - Properties in Alanya.\" \/>\n<meta property=\"og:description\" content=\"Alanya Kestel Informationen - Properties in Alanya.\" \/>\n<meta property=\"og:url\" content=\"https:\/\/www.alanyaproperties.com\/de\/ueber-die-tuerkei\/alanya-about-turkey\/alanya-kestel-2\/\" \/>\n<meta property=\"og:site_name\" content=\"Properties in Alanya.\" \/>\n<meta property=\"article:publisher\" content=\"https:\/\/www.facebook.com\/alanyaproperties\/\" \/>\n<meta property=\"article:published_time\" content=\"2009-10-21T03:28:24+00:00\" \/>\n<meta property=\"article:modified_time\" content=\"2021-03-11T08:35:51+00:00\" \/>\n<meta property=\"og:image\" content=\"https:\/\/www.alanyaproperties.com\/wp-content\/uploads\/2009\/10\/700-10225930012012.jpg\" \/>\n\t<meta property=\"og:image:width\" content=\"360\" \/>\n\t<meta property=\"og:image:height\" content=\"250\" \/>\n\t<meta property=\"og:image:type\" content=\"image\/jpeg\" \/>\n<meta name=\"author\" content=\"Yusuf Ekinci\" \/>\n<meta name=\"twitter:card\" content=\"summary_large_image\" \/>\n<meta name=\"twitter:creator\" content=\"@alanyapro\" \/>\n<meta name=\"twitter:site\" content=\"@alanyapro\" \/>\n<meta name=\"twitter:label1\" content=\"Verfasst von\" \/>\n\t<meta name=\"twitter:data1\" content=\"Yusuf Ekinci\" \/>\n\t<meta name=\"twitter:label2\" content=\"Gesch\u00e4tzte Lesezeit\" \/>\n\t<meta name=\"twitter:data2\" content=\"1 Minute\" \/>\n<script type=\"application\/ld+json\" class=\"yoast-schema-graph\">{\"@context\":\"https:\/\/schema.org\",\"@graph\":[{\"@type\":\"Article\",\"@id\":\"https:\/\/www.alanyaproperties.com\/de\/ueber-die-tuerkei\/alanya-about-turkey\/alanya-kestel-2\/#article\",\"isPartOf\":{\"@id\":\"https:\/\/www.alanyaproperties.com\/de\/ueber-die-tuerkei\/alanya-about-turkey\/alanya-kestel-2\/\"},\"author\":{\"name\":\"Yusuf Ekinci\",\"@id\":\"https:\/\/www.alanyaproperties.com\/de\/#\/schema\/person\/8a92cc9600cbc25fcc67c304ba14680c\"},\"headline\":\"Alanya Kestel Informationen\",\"datePublished\":\"2009-10-21T03:28:24+00:00\",\"dateModified\":\"2021-03-11T08:35:51+00:00\",\"mainEntityOfPage\":{\"@id\":\"https:\/\/www.alanyaproperties.com\/de\/ueber-die-tuerkei\/alanya-about-turkey\/alanya-kestel-2\/\"},\"wordCount\":178,\"publisher\":{\"@id\":\"https:\/\/www.alanyaproperties.com\/de\/#organization\"},\"image\":{\"@id\":\"https:\/\/www.alanyaproperties.com\/de\/ueber-die-tuerkei\/alanya-about-turkey\/alanya-kestel-2\/#primaryimage\"},\"thumbnailUrl\":\"https:\/\/i0.wp.com\/www.alanyaproperties.com\/wp-content\/uploads\/2009\/10\/700-10225930012012.jpg?fit=360%2C250&ssl=1\",\"keywords\":[\"Alaya Kestel\",\"Immobilien in Kestel Alanya\",\"Informationen Kestel\",\"luxus komples\",\"wo ist Kestel\",\"Wohnung kaufen in Kestel\",\"Wohnungen meerblick\"],\"articleSection\":[\"Alanya\"],\"inLanguage\":\"de-DE\"},{\"@type\":\"WebPage\",\"@id\":\"https:\/\/www.alanyaproperties.com\/de\/ueber-die-tuerkei\/alanya-about-turkey\/alanya-kestel-2\/\",\"url\":\"https:\/\/www.alanyaproperties.com\/de\/ueber-die-tuerkei\/alanya-about-turkey\/alanya-kestel-2\/\",\"name\":\"Alanya Kestel Informationen - Properties in Alanya.\",\"isPartOf\":{\"@id\":\"https:\/\/www.alanyaproperties.com\/de\/#website\"},\"primaryImageOfPage\":{\"@id\":\"https:\/\/www.alanyaproperties.com\/de\/ueber-die-tuerkei\/alanya-about-turkey\/alanya-kestel-2\/#primaryimage\"},\"image\":{\"@id\":\"https:\/\/www.alanyaproperties.com\/de\/ueber-die-tuerkei\/alanya-about-turkey\/alanya-kestel-2\/#primaryimage\"},\"thumbnailUrl\":\"https:\/\/i0.wp.com\/www.alanyaproperties.com\/wp-content\/uploads\/2009\/10\/700-10225930012012.jpg?fit=360%2C250&ssl=1\",\"datePublished\":\"2009-10-21T03:28:24+00:00\",\"dateModified\":\"2021-03-11T08:35:51+00:00\",\"description\":\"Alanya Kestel Informationen - Properties in Alanya.\",\"breadcrumb\":{\"@id\":\"https:\/\/www.alanyaproperties.com\/de\/ueber-die-tuerkei\/alanya-about-turkey\/alanya-kestel-2\/#breadcrumb\"},\"inLanguage\":\"de-DE\",\"potentialAction\":[{\"@type\":\"ReadAction\",\"target\":[\"https:\/\/www.alanyaproperties.com\/de\/ueber-die-tuerkei\/alanya-about-turkey\/alanya-kestel-2\/\"]}]},{\"@type\":\"ImageObject\",\"inLanguage\":\"de-DE\",\"@id\":\"https:\/\/www.alanyaproperties.com\/de\/ueber-die-tuerkei\/alanya-about-turkey\/alanya-kestel-2\/#primaryimage\",\"url\":\"https:\/\/i0.wp.com\/www.alanyaproperties.com\/wp-content\/uploads\/2009\/10\/700-10225930012012.jpg?fit=360%2C250&ssl=1\",\"contentUrl\":\"https:\/\/i0.wp.com\/www.alanyaproperties.com\/wp-content\/uploads\/2009\/10\/700-10225930012012.jpg?fit=360%2C250&ssl=1\",\"width\":360,\"height\":250},{\"@type\":\"BreadcrumbList\",\"@id\":\"https:\/\/www.alanyaproperties.com\/de\/ueber-die-tuerkei\/alanya-about-turkey\/alanya-kestel-2\/#breadcrumb\",\"itemListElement\":[{\"@type\":\"ListItem\",\"position\":1,\"name\":\"Home\",\"item\":\"https:\/\/www.alanyaproperties.com\/de\/\"},{\"@type\":\"ListItem\",\"position\":2,\"name\":\"Alanya Kestel Informationen\"}]},{\"@type\":\"WebSite\",\"@id\":\"https:\/\/www.alanyaproperties.com\/de\/#website\",\"url\":\"https:\/\/www.alanyaproperties.com\/de\/\",\"name\":\"Properties in Alanya.\",\"description\":\"Wohnungen in Alanya. Immobilien in der T\u00fcrkei zu verkaufen.\",\"publisher\":{\"@id\":\"https:\/\/www.alanyaproperties.com\/de\/#organization\"},\"potentialAction\":[{\"@type\":\"SearchAction\",\"target\":{\"@type\":\"EntryPoint\",\"urlTemplate\":\"https:\/\/www.alanyaproperties.com\/de\/?s={search_term_string}\"},\"query-input\":\"required name=search_term_string\"}],\"inLanguage\":\"de-DE\"},{\"@type\":\"Organization\",\"@id\":\"https:\/\/www.alanyaproperties.com\/de\/#organization\",\"name\":\"Alanya Properties\",\"url\":\"https:\/\/www.alanyaproperties.com\/de\/\",\"logo\":{\"@type\":\"ImageObject\",\"inLanguage\":\"de-DE\",\"@id\":\"https:\/\/www.alanyaproperties.com\/de\/#\/schema\/logo\/image\/\",\"url\":\"https:\/\/i0.wp.com\/www.alanyaproperties.com\/wp-content\/uploads\/2017\/06\/alanya-properties-logo-180to.png?fit=180%2C81&ssl=1\",\"contentUrl\":\"https:\/\/i0.wp.com\/www.alanyaproperties.com\/wp-content\/uploads\/2017\/06\/alanya-properties-logo-180to.png?fit=180%2C81&ssl=1\",\"width\":180,\"height\":81,\"caption\":\"Alanya Properties\"},\"image\":{\"@id\":\"https:\/\/www.alanyaproperties.com\/de\/#\/schema\/logo\/image\/\"},\"sameAs\":[\"https:\/\/www.facebook.com\/alanyaproperties\/\",\"https:\/\/x.com\/alanyapro\",\"https:\/\/www.instagram.com\/alanyaproperties\/\",\"https:\/\/www.youtube.com\/c\/AlanyaProperties\"]},{\"@type\":\"Person\",\"@id\":\"https:\/\/www.alanyaproperties.com\/de\/#\/schema\/person\/8a92cc9600cbc25fcc67c304ba14680c\",\"name\":\"Yusuf Ekinci\",\"image\":{\"@type\":\"ImageObject\",\"inLanguage\":\"de-DE\",\"@id\":\"https:\/\/www.alanyaproperties.com\/de\/#\/schema\/person\/image\/\",\"url\":\"https:\/\/secure.gravatar.com\/avatar\/aed1d8afe914e0136d015d60f22bd285?s=96&d=mm&r=g\",\"contentUrl\":\"https:\/\/secure.gravatar.com\/avatar\/aed1d8afe914e0136d015d60f22bd285?s=96&d=mm&r=g\",\"caption\":\"Yusuf Ekinci\"},\"sameAs\":[\"http:\/\/alanya-web.com\"],\"url\":\"https:\/\/www.alanyaproperties.com\/de\/author\/admin\/\"}]}<\/script>\n<!-- \/ Yoast SEO plugin. -->","yoast_head_json":{"title":"Alanya Kestel Informationen - Properties in Alanya.","description":"Alanya Kestel Informationen - Properties in Alanya.","robots":{"index":"index","follow":"follow","max-snippet":"max-snippet:-1","max-image-preview":"max-image-preview:large","max-video-preview":"max-video-preview:-1"},"canonical":"https:\/\/www.alanyaproperties.com\/de\/ueber-die-tuerkei\/alanya-about-turkey\/alanya-kestel-2\/","og_locale":"de_DE","og_type":"article","og_title":"Alanya Kestel Informationen - Properties in Alanya.","og_description":"Alanya Kestel Informationen - Properties in Alanya.","og_url":"https:\/\/www.alanyaproperties.com\/de\/ueber-die-tuerkei\/alanya-about-turkey\/alanya-kestel-2\/","og_site_name":"Properties in Alanya.","article_publisher":"https:\/\/www.facebook.com\/alanyaproperties\/","article_published_time":"2009-10-21T03:28:24+00:00","article_modified_time":"2021-03-11T08:35:51+00:00","og_image":[{"width":360,"height":250,"url":"https:\/\/www.alanyaproperties.com\/wp-content\/uploads\/2009\/10\/700-10225930012012.jpg","type":"image\/jpeg"}],"author":"Yusuf Ekinci","twitter_card":"summary_large_image","twitter_creator":"@alanyapro","twitter_site":"@alanyapro","twitter_misc":{"Verfasst von":"Yusuf Ekinci","Gesch\u00e4tzte Lesezeit":"1 Minute"},"schema":{"@context":"https:\/\/schema.org","@graph":[{"@type":"Article","@id":"https:\/\/www.alanyaproperties.com\/de\/ueber-die-tuerkei\/alanya-about-turkey\/alanya-kestel-2\/#article","isPartOf":{"@id":"https:\/\/www.alanyaproperties.com\/de\/ueber-die-tuerkei\/alanya-about-turkey\/alanya-kestel-2\/"},"author":{"name":"Yusuf Ekinci","@id":"https:\/\/www.alanyaproperties.com\/de\/#\/schema\/person\/8a92cc9600cbc25fcc67c304ba14680c"},"headline":"Alanya Kestel Informationen","datePublished":"2009-10-21T03:28:24+00:00","dateModified":"2021-03-11T08:35:51+00:00","mainEntityOfPage":{"@id":"https:\/\/www.alanyaproperties.com\/de\/ueber-die-tuerkei\/alanya-about-turkey\/alanya-kestel-2\/"},"wordCount":178,"publisher":{"@id":"https:\/\/www.alanyaproperties.com\/de\/#organization"},"image":{"@id":"https:\/\/www.alanyaproperties.com\/de\/ueber-die-tuerkei\/alanya-about-turkey\/alanya-kestel-2\/#primaryimage"},"thumbnailUrl":"https:\/\/i0.wp.com\/www.alanyaproperties.com\/wp-content\/uploads\/2009\/10\/700-10225930012012.jpg?fit=360%2C250&ssl=1","keywords":["Alaya Kestel","Immobilien in Kestel Alanya","Informationen Kestel","luxus komples","wo ist Kestel","Wohnung kaufen in Kestel","Wohnungen meerblick"],"articleSection":["Alanya"],"inLanguage":"de-DE"},{"@type":"WebPage","@id":"https:\/\/www.alanyaproperties.com\/de\/ueber-die-tuerkei\/alanya-about-turkey\/alanya-kestel-2\/","url":"https:\/\/www.alanyaproperties.com\/de\/ueber-die-tuerkei\/alanya-about-turkey\/alanya-kestel-2\/","name":"Alanya Kestel Informationen - Properties in Alanya.","isPartOf":{"@id":"https:\/\/www.alanyaproperties.com\/de\/#website"},"primaryImageOfPage":{"@id":"https:\/\/www.alanyaproperties.com\/de\/ueber-die-tuerkei\/alanya-about-turkey\/alanya-kestel-2\/#primaryimage"},"image":{"@id":"https:\/\/www.alanyaproperties.com\/de\/ueber-die-tuerkei\/alanya-about-turkey\/alanya-kestel-2\/#primaryimage"},"thumbnailUrl":"https:\/\/i0.wp.com\/www.alanyaproperties.com\/wp-content\/uploads\/2009\/10\/700-10225930012012.jpg?fit=360%2C250&ssl=1","datePublished":"2009-10-21T03:28:24+00:00","dateModified":"2021-03-11T08:35:51+00:00","description":"Alanya Kestel Informationen - Properties in Alanya.","breadcrumb":{"@id":"https:\/\/www.alanyaproperties.com\/de\/ueber-die-tuerkei\/alanya-about-turkey\/alanya-kestel-2\/#breadcrumb"},"inLanguage":"de-DE","potentialAction":[{"@type":"ReadAction","target":["https:\/\/www.alanyaproperties.com\/de\/ueber-die-tuerkei\/alanya-about-turkey\/alanya-kestel-2\/"]}]},{"@type":"ImageObject","inLanguage":"de-DE","@id":"https:\/\/www.alanyaproperties.com\/de\/ueber-die-tuerkei\/alanya-about-turkey\/alanya-kestel-2\/#primaryimage","url":"https:\/\/i0.wp.com\/www.alanyaproperties.com\/wp-content\/uploads\/2009\/10\/700-10225930012012.jpg?fit=360%2C250&ssl=1","contentUrl":"https:\/\/i0.wp.com\/www.alanyaproperties.com\/wp-content\/uploads\/2009\/10\/700-10225930012012.jpg?fit=360%2C250&ssl=1","width":360,"height":250},{"@type":"BreadcrumbList","@id":"https:\/\/www.alanyaproperties.com\/de\/ueber-die-tuerkei\/alanya-about-turkey\/alanya-kestel-2\/#breadcrumb","itemListElement":[{"@type":"ListItem","position":1,"name":"Home","item":"https:\/\/www.alanyaproperties.com\/de\/"},{"@type":"ListItem","position":2,"name":"Alanya Kestel Informationen"}]},{"@type":"WebSite","@id":"https:\/\/www.alanyaproperties.com\/de\/#website","url":"https:\/\/www.alanyaproperties.com\/de\/","name":"Properties in Alanya.","description":"Wohnungen in Alanya. Immobilien in der T\u00fcrkei zu verkaufen.","publisher":{"@id":"https:\/\/www.alanyaproperties.com\/de\/#organization"},"potentialAction":[{"@type":"SearchAction","target":{"@type":"EntryPoint","urlTemplate":"https:\/\/www.alanyaproperties.com\/de\/?s={search_term_string}"},"query-input":"required name=search_term_string"}],"inLanguage":"de-DE"},{"@type":"Organization","@id":"https:\/\/www.alanyaproperties.com\/de\/#organization","name":"Alanya Properties","url":"https:\/\/www.alanyaproperties.com\/de\/","logo":{"@type":"ImageObject","inLanguage":"de-DE","@id":"https:\/\/www.alanyaproperties.com\/de\/#\/schema\/logo\/image\/","url":"https:\/\/i0.wp.com\/www.alanyaproperties.com\/wp-content\/uploads\/2017\/06\/alanya-properties-logo-180to.png?fit=180%2C81&ssl=1","contentUrl":"https:\/\/i0.wp.com\/www.alanyaproperties.com\/wp-content\/uploads\/2017\/06\/alanya-properties-logo-180to.png?fit=180%2C81&ssl=1","width":180,"height":81,"caption":"Alanya Properties"},"image":{"@id":"https:\/\/www.alanyaproperties.com\/de\/#\/schema\/logo\/image\/"},"sameAs":["https:\/\/www.facebook.com\/alanyaproperties\/","https:\/\/x.com\/alanyapro","https:\/\/www.instagram.com\/alanyaproperties\/","https:\/\/www.youtube.com\/c\/AlanyaProperties"]},{"@type":"Person","@id":"https:\/\/www.alanyaproperties.com\/de\/#\/schema\/person\/8a92cc9600cbc25fcc67c304ba14680c","name":"Yusuf Ekinci","image":{"@type":"ImageObject","inLanguage":"de-DE","@id":"https:\/\/www.alanyaproperties.com\/de\/#\/schema\/person\/image\/","url":"https:\/\/secure.gravatar.com\/avatar\/aed1d8afe914e0136d015d60f22bd285?s=96&d=mm&r=g","contentUrl":"https:\/\/secure.gravatar.com\/avatar\/aed1d8afe914e0136d015d60f22bd285?s=96&d=mm&r=g","caption":"Yusuf Ekinci"},"sameAs":["http:\/\/alanya-web.com"],"url":"https:\/\/www.alanyaproperties.com\/de\/author\/admin\/"}]}},"jetpack_sharing_enabled":true,"jetpack_featured_media_url":"https:\/\/i0.wp.com\/www.alanyaproperties.com\/wp-content\/uploads\/2009\/10\/700-10225930012012.jpg?fit=360%2C250&ssl=1","_links":{"self":[{"href":"https:\/\/www.alanyaproperties.com\/de\/wp-json\/wp\/v2\/posts\/3668"}],"collection":[{"href":"https:\/\/www.alanyaproperties.com\/de\/wp-json\/wp\/v2\/posts"}],"about":[{"href":"https:\/\/www.alanyaproperties.com\/de\/wp-json\/wp\/v2\/types\/post"}],"author":[{"embeddable":true,"href":"https:\/\/www.alanyaproperties.com\/de\/wp-json\/wp\/v2\/users\/42"}],"replies":[{"embeddable":true,"href":"https:\/\/www.alanyaproperties.com\/de\/wp-json\/wp\/v2\/comments?post=3668"}],"version-history":[{"count":4,"href":"https:\/\/www.alanyaproperties.com\/de\/wp-json\/wp\/v2\/posts\/3668\/revisions"}],"predecessor-version":[{"id":249937,"href":"https:\/\/www.alanyaproperties.com\/de\/wp-json\/wp\/v2\/posts\/3668\/revisions\/249937"}],"wp:featuredmedia":[{"embeddable":true,"href":"https:\/\/www.alanyaproperties.com\/de\/wp-json\/wp\/v2\/media\/3664"}],"wp:attachment":[{"href":"https:\/\/www.alanyaproperties.com\/de\/wp-json\/wp\/v2\/media?parent=3668"}],"wp:term":[{"taxonomy":"category","embeddable":true,"href":"https:\/\/www.alanyaproperties.com\/de\/wp-json\/wp\/v2\/categories?post=3668"},{"taxonomy":"post_tag","embeddable":true,"href":"https:\/\/www.alanyaproperties.com\/de\/wp-json\/wp\/v2\/tags?post=3668"}],"curies":[{"name":"wp","href":"https:\/\/api.w.org\/{rel}","templated":true}]}}