{"id":178445,"date":"2020-02-22T07:14:38","date_gmt":"2020-02-22T07:14:38","guid":{"rendered":"https:\/\/www.alanyaproperties.com\/?p=178445"},"modified":"2020-02-22T07:14:38","modified_gmt":"2020-02-22T07:14:38","slug":"hochseil-festival-in-antalya","status":"publish","type":"post","link":"https:\/\/www.alanyaproperties.com\/de\/de-neuigkeiten\/hochseil-festival-in-antalya\/","title":{"rendered":"Hochseil Festival in Antalya"},"content":{"rendered":"<p>Hochseil Festival in <a href=\"https:\/\/www.alanyaproperties.com\/de\/ueber-die-tuerkei\/allgemeine-informationen\/antalya-tuerkei\/\"><em><strong>Antalya<\/strong><\/em><\/a>.<\/p>\n<p>In Antalya findet das 8. Internationale Hochseil Festival statt, an dem Extremsportler aus aller Welt teilnehmen.<\/p>\n<h4>Das Festival findet dieses Jahr vom 22. bis 29. Februar in der Region Geyikbay\u0131r\u0131 statt.<\/h4>\n<p>Laut einem\u00a0 Bericht werden den Athleten auf dem Festival 20 bis 24 Berggipfel in einer H\u00f6he von 15 bis 100 Metern angeboten.<\/p>\n<p>Das Festival, das von der Turkish Slackline Association organisiert wird, zieht j\u00e4hrlich nicht nur Anwohner an. Auch Touristen, die aus verschiedenen L\u00e4ndern kommen besuchen dieses Festival.<\/p>\n<p>&nbsp;<\/p>\n<p><img loading=\"lazy\" decoding=\"async\" class=\"alignnone size-medium wp-image-178446\" src=\"https:\/\/i0.wp.com\/www.alanyaproperties.com\/wp-content\/uploads\/2020\/02\/Hochseil.jpg?resize=300%2C180&#038;ssl=1\" alt=\"\" width=\"300\" height=\"180\" srcset=\"https:\/\/i0.wp.com\/www.alanyaproperties.com\/wp-content\/uploads\/2020\/02\/Hochseil.jpg?resize=300%2C180&amp;ssl=1 300w, https:\/\/i0.wp.com\/www.alanyaproperties.com\/wp-content\/uploads\/2020\/02\/Hochseil.jpg?resize=1024%2C614&amp;ssl=1 1024w, https:\/\/i0.wp.com\/www.alanyaproperties.com\/wp-content\/uploads\/2020\/02\/Hochseil.jpg?resize=768%2C461&amp;ssl=1 768w, https:\/\/i0.wp.com\/www.alanyaproperties.com\/wp-content\/uploads\/2020\/02\/Hochseil.jpg?resize=150%2C90&amp;ssl=1 150w, https:\/\/i0.wp.com\/www.alanyaproperties.com\/wp-content\/uploads\/2020\/02\/Hochseil.jpg?resize=570%2C340&amp;ssl=1 570w, https:\/\/i0.wp.com\/www.alanyaproperties.com\/wp-content\/uploads\/2020\/02\/Hochseil.jpg?resize=350%2C210&amp;ssl=1 350w, https:\/\/i0.wp.com\/www.alanyaproperties.com\/wp-content\/uploads\/2020\/02\/Hochseil.jpg?resize=800%2C480&amp;ssl=1 800w, https:\/\/i0.wp.com\/www.alanyaproperties.com\/wp-content\/uploads\/2020\/02\/Hochseil.jpg?w=1170&amp;ssl=1 1170w\" sizes=\"(max-width: 300px) 100vw, 300px\" data-recalc-dims=\"1\" \/><img loading=\"lazy\" decoding=\"async\" class=\"alignnone  wp-image-178458\" src=\"https:\/\/i0.wp.com\/www.alanyaproperties.com\/wp-content\/uploads\/2020\/02\/Hochseil1.jpg?resize=318%2C179&#038;ssl=1\" alt=\"\" width=\"318\" height=\"179\" srcset=\"https:\/\/i0.wp.com\/www.alanyaproperties.com\/wp-content\/uploads\/2020\/02\/Hochseil1.jpg?resize=300%2C169&amp;ssl=1 300w, https:\/\/i0.wp.com\/www.alanyaproperties.com\/wp-content\/uploads\/2020\/02\/Hochseil1.jpg?resize=768%2C432&amp;ssl=1 768w, https:\/\/i0.wp.com\/www.alanyaproperties.com\/wp-content\/uploads\/2020\/02\/Hochseil1.jpg?resize=150%2C84&amp;ssl=1 150w, https:\/\/i0.wp.com\/www.alanyaproperties.com\/wp-content\/uploads\/2020\/02\/Hochseil1.jpg?resize=350%2C197&amp;ssl=1 350w, https:\/\/i0.wp.com\/www.alanyaproperties.com\/wp-content\/uploads\/2020\/02\/Hochseil1.jpg?resize=853%2C480&amp;ssl=1 853w, https:\/\/i0.wp.com\/www.alanyaproperties.com\/wp-content\/uploads\/2020\/02\/Hochseil1.jpg?w=1024&amp;ssl=1 1024w\" sizes=\"(max-width: 318px) 100vw, 318px\" data-recalc-dims=\"1\" \/><\/p>\n","protected":false},"excerpt":{"rendered":"<p>Hochseil Festival in Antalya. In Antalya findet das 8. Internationale Hochseil Festival statt, an dem Extremsportler aus aller Welt teilnehmen. Das Festival findet dieses Jahr vom 22. bis 29. Februar in der Region Geyikbay\u0131r\u0131 statt. Laut einem\u00a0 Bericht werden den Athleten auf dem Festival 20 bis 24 Berggipfel in einer H\u00f6he von 15 bis 100 [&hellip;]<\/p>\n","protected":false},"author":33,"featured_media":178446,"comment_status":"closed","ping_status":"closed","sticky":false,"template":"","format":"standard","meta":{"footnotes":""},"categories":[1877,1891,1742,1884],"tags":[],"yoast_head":"<!-- This site is optimized with the Yoast SEO plugin v22.6 - https:\/\/yoast.com\/wordpress\/plugins\/seo\/ -->\n<title>Hochseil Festival in Antalya - Properties in Alanya.<\/title>\n<meta name=\"description\" content=\"Hochseil Festival in Antalya - Properties in Alanya.\" \/>\n<meta name=\"robots\" content=\"index, follow, max-snippet:-1, max-image-preview:large, max-video-preview:-1\" \/>\n<link rel=\"canonical\" href=\"https:\/\/www.alanyaproperties.com\/de\/de-neuigkeiten\/hochseil-festival-in-antalya\/\" \/>\n<meta property=\"og:locale\" content=\"de_DE\" \/>\n<meta property=\"og:type\" content=\"article\" \/>\n<meta property=\"og:title\" content=\"Hochseil Festival in Antalya - Properties in Alanya.\" \/>\n<meta property=\"og:description\" content=\"Hochseil Festival in Antalya - Properties in Alanya.\" \/>\n<meta property=\"og:url\" content=\"https:\/\/www.alanyaproperties.com\/de\/de-neuigkeiten\/hochseil-festival-in-antalya\/\" \/>\n<meta property=\"og:site_name\" content=\"Properties in Alanya.\" \/>\n<meta property=\"article:publisher\" content=\"https:\/\/www.facebook.com\/alanyaproperties\/\" \/>\n<meta property=\"article:published_time\" content=\"2020-02-22T07:14:38+00:00\" \/>\n<meta property=\"og:image\" content=\"https:\/\/www.alanyaproperties.com\/wp-content\/uploads\/2020\/02\/Hochseil.jpg\" \/>\n\t<meta property=\"og:image:width\" content=\"1170\" \/>\n\t<meta property=\"og:image:height\" content=\"702\" \/>\n\t<meta property=\"og:image:type\" content=\"image\/jpeg\" \/>\n<meta name=\"author\" content=\"Bettina Sezgin\" \/>\n<meta name=\"twitter:card\" content=\"summary_large_image\" \/>\n<meta name=\"twitter:creator\" content=\"@alanyapro\" \/>\n<meta name=\"twitter:site\" content=\"@alanyapro\" \/>\n<meta name=\"twitter:label1\" content=\"Verfasst von\" \/>\n\t<meta name=\"twitter:data1\" content=\"Bettina Sezgin\" \/>\n<script type=\"application\/ld+json\" class=\"yoast-schema-graph\">{\"@context\":\"https:\/\/schema.org\",\"@graph\":[{\"@type\":\"Article\",\"@id\":\"https:\/\/www.alanyaproperties.com\/de\/de-neuigkeiten\/hochseil-festival-in-antalya\/#article\",\"isPartOf\":{\"@id\":\"https:\/\/www.alanyaproperties.com\/de\/de-neuigkeiten\/hochseil-festival-in-antalya\/\"},\"author\":{\"name\":\"Bettina Sezgin\",\"@id\":\"https:\/\/www.alanyaproperties.com\/de\/#\/schema\/person\/772cf3e343cb4cc8adbd2af044068b3c\"},\"headline\":\"Hochseil Festival in Antalya\",\"datePublished\":\"2020-02-22T07:14:38+00:00\",\"dateModified\":\"2020-02-22T07:14:38+00:00\",\"mainEntityOfPage\":{\"@id\":\"https:\/\/www.alanyaproperties.com\/de\/de-neuigkeiten\/hochseil-festival-in-antalya\/\"},\"wordCount\":85,\"publisher\":{\"@id\":\"https:\/\/www.alanyaproperties.com\/de\/#organization\"},\"image\":{\"@id\":\"https:\/\/www.alanyaproperties.com\/de\/de-neuigkeiten\/hochseil-festival-in-antalya\/#primaryimage\"},\"thumbnailUrl\":\"https:\/\/i0.wp.com\/www.alanyaproperties.com\/wp-content\/uploads\/2020\/02\/Hochseil.jpg?fit=1170%2C702&ssl=1\",\"articleSection\":[\"Alanya\",\"Neuigkeiten aus der T\u00fcrkei\",\"Neuigkeiten aus der T\u00fcrkei\",\"T\u00fcrkei\"],\"inLanguage\":\"de-DE\"},{\"@type\":\"WebPage\",\"@id\":\"https:\/\/www.alanyaproperties.com\/de\/de-neuigkeiten\/hochseil-festival-in-antalya\/\",\"url\":\"https:\/\/www.alanyaproperties.com\/de\/de-neuigkeiten\/hochseil-festival-in-antalya\/\",\"name\":\"Hochseil Festival in Antalya - Properties in Alanya.\",\"isPartOf\":{\"@id\":\"https:\/\/www.alanyaproperties.com\/de\/#website\"},\"primaryImageOfPage\":{\"@id\":\"https:\/\/www.alanyaproperties.com\/de\/de-neuigkeiten\/hochseil-festival-in-antalya\/#primaryimage\"},\"image\":{\"@id\":\"https:\/\/www.alanyaproperties.com\/de\/de-neuigkeiten\/hochseil-festival-in-antalya\/#primaryimage\"},\"thumbnailUrl\":\"https:\/\/i0.wp.com\/www.alanyaproperties.com\/wp-content\/uploads\/2020\/02\/Hochseil.jpg?fit=1170%2C702&ssl=1\",\"datePublished\":\"2020-02-22T07:14:38+00:00\",\"dateModified\":\"2020-02-22T07:14:38+00:00\",\"description\":\"Hochseil Festival in Antalya - Properties in Alanya.\",\"breadcrumb\":{\"@id\":\"https:\/\/www.alanyaproperties.com\/de\/de-neuigkeiten\/hochseil-festival-in-antalya\/#breadcrumb\"},\"inLanguage\":\"de-DE\",\"potentialAction\":[{\"@type\":\"ReadAction\",\"target\":[\"https:\/\/www.alanyaproperties.com\/de\/de-neuigkeiten\/hochseil-festival-in-antalya\/\"]}]},{\"@type\":\"ImageObject\",\"inLanguage\":\"de-DE\",\"@id\":\"https:\/\/www.alanyaproperties.com\/de\/de-neuigkeiten\/hochseil-festival-in-antalya\/#primaryimage\",\"url\":\"https:\/\/i0.wp.com\/www.alanyaproperties.com\/wp-content\/uploads\/2020\/02\/Hochseil.jpg?fit=1170%2C702&ssl=1\",\"contentUrl\":\"https:\/\/i0.wp.com\/www.alanyaproperties.com\/wp-content\/uploads\/2020\/02\/Hochseil.jpg?fit=1170%2C702&ssl=1\",\"width\":1170,\"height\":702},{\"@type\":\"BreadcrumbList\",\"@id\":\"https:\/\/www.alanyaproperties.com\/de\/de-neuigkeiten\/hochseil-festival-in-antalya\/#breadcrumb\",\"itemListElement\":[{\"@type\":\"ListItem\",\"position\":1,\"name\":\"Home\",\"item\":\"https:\/\/www.alanyaproperties.com\/de\/\"},{\"@type\":\"ListItem\",\"position\":2,\"name\":\"Hochseil Festival in Antalya\"}]},{\"@type\":\"WebSite\",\"@id\":\"https:\/\/www.alanyaproperties.com\/de\/#website\",\"url\":\"https:\/\/www.alanyaproperties.com\/de\/\",\"name\":\"Properties in Alanya.\",\"description\":\"Wohnungen in Alanya. Immobilien in der T\u00fcrkei zu verkaufen.\",\"publisher\":{\"@id\":\"https:\/\/www.alanyaproperties.com\/de\/#organization\"},\"potentialAction\":[{\"@type\":\"SearchAction\",\"target\":{\"@type\":\"EntryPoint\",\"urlTemplate\":\"https:\/\/www.alanyaproperties.com\/de\/?s={search_term_string}\"},\"query-input\":\"required name=search_term_string\"}],\"inLanguage\":\"de-DE\"},{\"@type\":\"Organization\",\"@id\":\"https:\/\/www.alanyaproperties.com\/de\/#organization\",\"name\":\"Alanya Properties\",\"url\":\"https:\/\/www.alanyaproperties.com\/de\/\",\"logo\":{\"@type\":\"ImageObject\",\"inLanguage\":\"de-DE\",\"@id\":\"https:\/\/www.alanyaproperties.com\/de\/#\/schema\/logo\/image\/\",\"url\":\"https:\/\/i0.wp.com\/www.alanyaproperties.com\/wp-content\/uploads\/2017\/06\/alanya-properties-logo-180to.png?fit=180%2C81&ssl=1\",\"contentUrl\":\"https:\/\/i0.wp.com\/www.alanyaproperties.com\/wp-content\/uploads\/2017\/06\/alanya-properties-logo-180to.png?fit=180%2C81&ssl=1\",\"width\":180,\"height\":81,\"caption\":\"Alanya Properties\"},\"image\":{\"@id\":\"https:\/\/www.alanyaproperties.com\/de\/#\/schema\/logo\/image\/\"},\"sameAs\":[\"https:\/\/www.facebook.com\/alanyaproperties\/\",\"https:\/\/x.com\/alanyapro\",\"https:\/\/www.instagram.com\/alanyaproperties\/\",\"https:\/\/www.youtube.com\/c\/AlanyaProperties\"]},{\"@type\":\"Person\",\"@id\":\"https:\/\/www.alanyaproperties.com\/de\/#\/schema\/person\/772cf3e343cb4cc8adbd2af044068b3c\",\"name\":\"Bettina Sezgin\",\"image\":{\"@type\":\"ImageObject\",\"inLanguage\":\"de-DE\",\"@id\":\"https:\/\/www.alanyaproperties.com\/de\/#\/schema\/person\/image\/\",\"url\":\"https:\/\/secure.gravatar.com\/avatar\/8c0b89b2e428954171c86751bded324e?s=96&d=mm&r=g\",\"contentUrl\":\"https:\/\/secure.gravatar.com\/avatar\/8c0b89b2e428954171c86751bded324e?s=96&d=mm&r=g\",\"caption\":\"Bettina Sezgin\"},\"sameAs\":[\"http:\/\/www.alanyaproperties.com\"],\"url\":\"https:\/\/www.alanyaproperties.com\/de\/author\/bettina\/\"}]}<\/script>\n<!-- \/ Yoast SEO plugin. -->","yoast_head_json":{"title":"Hochseil Festival in Antalya - Properties in Alanya.","description":"Hochseil Festival in Antalya - Properties in Alanya.","robots":{"index":"index","follow":"follow","max-snippet":"max-snippet:-1","max-image-preview":"max-image-preview:large","max-video-preview":"max-video-preview:-1"},"canonical":"https:\/\/www.alanyaproperties.com\/de\/de-neuigkeiten\/hochseil-festival-in-antalya\/","og_locale":"de_DE","og_type":"article","og_title":"Hochseil Festival in Antalya - Properties in Alanya.","og_description":"Hochseil Festival in Antalya - Properties in Alanya.","og_url":"https:\/\/www.alanyaproperties.com\/de\/de-neuigkeiten\/hochseil-festival-in-antalya\/","og_site_name":"Properties in Alanya.","article_publisher":"https:\/\/www.facebook.com\/alanyaproperties\/","article_published_time":"2020-02-22T07:14:38+00:00","og_image":[{"width":1170,"height":702,"url":"https:\/\/www.alanyaproperties.com\/wp-content\/uploads\/2020\/02\/Hochseil.jpg","type":"image\/jpeg"}],"author":"Bettina Sezgin","twitter_card":"summary_large_image","twitter_creator":"@alanyapro","twitter_site":"@alanyapro","twitter_misc":{"Verfasst von":"Bettina Sezgin"},"schema":{"@context":"https:\/\/schema.org","@graph":[{"@type":"Article","@id":"https:\/\/www.alanyaproperties.com\/de\/de-neuigkeiten\/hochseil-festival-in-antalya\/#article","isPartOf":{"@id":"https:\/\/www.alanyaproperties.com\/de\/de-neuigkeiten\/hochseil-festival-in-antalya\/"},"author":{"name":"Bettina Sezgin","@id":"https:\/\/www.alanyaproperties.com\/de\/#\/schema\/person\/772cf3e343cb4cc8adbd2af044068b3c"},"headline":"Hochseil Festival in Antalya","datePublished":"2020-02-22T07:14:38+00:00","dateModified":"2020-02-22T07:14:38+00:00","mainEntityOfPage":{"@id":"https:\/\/www.alanyaproperties.com\/de\/de-neuigkeiten\/hochseil-festival-in-antalya\/"},"wordCount":85,"publisher":{"@id":"https:\/\/www.alanyaproperties.com\/de\/#organization"},"image":{"@id":"https:\/\/www.alanyaproperties.com\/de\/de-neuigkeiten\/hochseil-festival-in-antalya\/#primaryimage"},"thumbnailUrl":"https:\/\/i0.wp.com\/www.alanyaproperties.com\/wp-content\/uploads\/2020\/02\/Hochseil.jpg?fit=1170%2C702&ssl=1","articleSection":["Alanya","Neuigkeiten aus der T\u00fcrkei","Neuigkeiten aus der T\u00fcrkei","T\u00fcrkei"],"inLanguage":"de-DE"},{"@type":"WebPage","@id":"https:\/\/www.alanyaproperties.com\/de\/de-neuigkeiten\/hochseil-festival-in-antalya\/","url":"https:\/\/www.alanyaproperties.com\/de\/de-neuigkeiten\/hochseil-festival-in-antalya\/","name":"Hochseil Festival in Antalya - Properties in Alanya.","isPartOf":{"@id":"https:\/\/www.alanyaproperties.com\/de\/#website"},"primaryImageOfPage":{"@id":"https:\/\/www.alanyaproperties.com\/de\/de-neuigkeiten\/hochseil-festival-in-antalya\/#primaryimage"},"image":{"@id":"https:\/\/www.alanyaproperties.com\/de\/de-neuigkeiten\/hochseil-festival-in-antalya\/#primaryimage"},"thumbnailUrl":"https:\/\/i0.wp.com\/www.alanyaproperties.com\/wp-content\/uploads\/2020\/02\/Hochseil.jpg?fit=1170%2C702&ssl=1","datePublished":"2020-02-22T07:14:38+00:00","dateModified":"2020-02-22T07:14:38+00:00","description":"Hochseil Festival in Antalya - Properties in Alanya.","breadcrumb":{"@id":"https:\/\/www.alanyaproperties.com\/de\/de-neuigkeiten\/hochseil-festival-in-antalya\/#breadcrumb"},"inLanguage":"de-DE","potentialAction":[{"@type":"ReadAction","target":["https:\/\/www.alanyaproperties.com\/de\/de-neuigkeiten\/hochseil-festival-in-antalya\/"]}]},{"@type":"ImageObject","inLanguage":"de-DE","@id":"https:\/\/www.alanyaproperties.com\/de\/de-neuigkeiten\/hochseil-festival-in-antalya\/#primaryimage","url":"https:\/\/i0.wp.com\/www.alanyaproperties.com\/wp-content\/uploads\/2020\/02\/Hochseil.jpg?fit=1170%2C702&ssl=1","contentUrl":"https:\/\/i0.wp.com\/www.alanyaproperties.com\/wp-content\/uploads\/2020\/02\/Hochseil.jpg?fit=1170%2C702&ssl=1","width":1170,"height":702},{"@type":"BreadcrumbList","@id":"https:\/\/www.alanyaproperties.com\/de\/de-neuigkeiten\/hochseil-festival-in-antalya\/#breadcrumb","itemListElement":[{"@type":"ListItem","position":1,"name":"Home","item":"https:\/\/www.alanyaproperties.com\/de\/"},{"@type":"ListItem","position":2,"name":"Hochseil Festival in Antalya"}]},{"@type":"WebSite","@id":"https:\/\/www.alanyaproperties.com\/de\/#website","url":"https:\/\/www.alanyaproperties.com\/de\/","name":"Properties in Alanya.","description":"Wohnungen in Alanya. Immobilien in der T\u00fcrkei zu verkaufen.","publisher":{"@id":"https:\/\/www.alanyaproperties.com\/de\/#organization"},"potentialAction":[{"@type":"SearchAction","target":{"@type":"EntryPoint","urlTemplate":"https:\/\/www.alanyaproperties.com\/de\/?s={search_term_string}"},"query-input":"required name=search_term_string"}],"inLanguage":"de-DE"},{"@type":"Organization","@id":"https:\/\/www.alanyaproperties.com\/de\/#organization","name":"Alanya Properties","url":"https:\/\/www.alanyaproperties.com\/de\/","logo":{"@type":"ImageObject","inLanguage":"de-DE","@id":"https:\/\/www.alanyaproperties.com\/de\/#\/schema\/logo\/image\/","url":"https:\/\/i0.wp.com\/www.alanyaproperties.com\/wp-content\/uploads\/2017\/06\/alanya-properties-logo-180to.png?fit=180%2C81&ssl=1","contentUrl":"https:\/\/i0.wp.com\/www.alanyaproperties.com\/wp-content\/uploads\/2017\/06\/alanya-properties-logo-180to.png?fit=180%2C81&ssl=1","width":180,"height":81,"caption":"Alanya Properties"},"image":{"@id":"https:\/\/www.alanyaproperties.com\/de\/#\/schema\/logo\/image\/"},"sameAs":["https:\/\/www.facebook.com\/alanyaproperties\/","https:\/\/x.com\/alanyapro","https:\/\/www.instagram.com\/alanyaproperties\/","https:\/\/www.youtube.com\/c\/AlanyaProperties"]},{"@type":"Person","@id":"https:\/\/www.alanyaproperties.com\/de\/#\/schema\/person\/772cf3e343cb4cc8adbd2af044068b3c","name":"Bettina Sezgin","image":{"@type":"ImageObject","inLanguage":"de-DE","@id":"https:\/\/www.alanyaproperties.com\/de\/#\/schema\/person\/image\/","url":"https:\/\/secure.gravatar.com\/avatar\/8c0b89b2e428954171c86751bded324e?s=96&d=mm&r=g","contentUrl":"https:\/\/secure.gravatar.com\/avatar\/8c0b89b2e428954171c86751bded324e?s=96&d=mm&r=g","caption":"Bettina Sezgin"},"sameAs":["http:\/\/www.alanyaproperties.com"],"url":"https:\/\/www.alanyaproperties.com\/de\/author\/bettina\/"}]}},"jetpack_sharing_enabled":true,"jetpack_featured_media_url":"https:\/\/i0.wp.com\/www.alanyaproperties.com\/wp-content\/uploads\/2020\/02\/Hochseil.jpg?fit=1170%2C702&ssl=1","_links":{"self":[{"href":"https:\/\/www.alanyaproperties.com\/de\/wp-json\/wp\/v2\/posts\/178445"}],"collection":[{"href":"https:\/\/www.alanyaproperties.com\/de\/wp-json\/wp\/v2\/posts"}],"about":[{"href":"https:\/\/www.alanyaproperties.com\/de\/wp-json\/wp\/v2\/types\/post"}],"author":[{"embeddable":true,"href":"https:\/\/www.alanyaproperties.com\/de\/wp-json\/wp\/v2\/users\/33"}],"replies":[{"embeddable":true,"href":"https:\/\/www.alanyaproperties.com\/de\/wp-json\/wp\/v2\/comments?post=178445"}],"version-history":[{"count":0,"href":"https:\/\/www.alanyaproperties.com\/de\/wp-json\/wp\/v2\/posts\/178445\/revisions"}],"wp:featuredmedia":[{"embeddable":true,"href":"https:\/\/www.alanyaproperties.com\/de\/wp-json\/wp\/v2\/media\/178446"}],"wp:attachment":[{"href":"https:\/\/www.alanyaproperties.com\/de\/wp-json\/wp\/v2\/media?parent=178445"}],"wp:term":[{"taxonomy":"category","embeddable":true,"href":"https:\/\/www.alanyaproperties.com\/de\/wp-json\/wp\/v2\/categories?post=178445"},{"taxonomy":"post_tag","embeddable":true,"href":"https:\/\/www.alanyaproperties.com\/de\/wp-json\/wp\/v2\/tags?post=178445"}],"curies":[{"name":"wp","href":"https:\/\/api.w.org\/{rel}","templated":true}]}}