{"id":178322,"date":"2020-02-21T06:17:12","date_gmt":"2020-02-21T06:17:12","guid":{"rendered":"https:\/\/www.alanyaproperties.com\/?p=178322"},"modified":"2020-02-21T06:17:12","modified_gmt":"2020-02-21T06:17:12","slug":"internationales-jazzfestival-in-istanbul","status":"publish","type":"post","link":"https:\/\/www.alanyaproperties.com\/de\/de-neuigkeiten\/internationales-jazzfestival-in-istanbul\/","title":{"rendered":"Internationales Jazzfestival in Istanbul"},"content":{"rendered":"<h4>Internationales Jazzfestival in Istanbul.<\/h4>\n<p><em><strong><a href=\"https:\/\/www.alanyaproperties.com\/de\/ueber-die-tuerkei\/istanbul\/\">Istanbul<\/a><\/strong><\/em> bereitet sich auf das Internationale Jazz Festival vor. Dar\u00fcber schrieb am Mittwoch, den 19. Februar die Zeitung &#8222;Sabah&#8220;<\/p>\n<p>Das Festival, das vom 30. April bis 5. Juli 2020 stattfindet, bietet folgende Themen: Blues, Elektronik, ethnische Musik, Funk, Klassik, Pop, Rock und Jazz.<\/p>\n<p>Im Rahmen der Veranstaltung werden mehr als 80 K\u00fcnstler, von denen die meisten Vertreter aus der ganzen Welt sind, auf der B\u00fchne auftreten.<\/p>\n<p>Des weiteren wir einer der Hauptg\u00e4ste des Festivals\u00a0 Steve Kuhn sein, einer der gr\u00f6\u00dften Jazzpianisten unserer Zeit. Unter den Teilnehmern werden auch Pet Shop Boys, Billy Cobham, Mulatto Astatke und andere Prominente auftreten.<\/p>\n<p><img loading=\"lazy\" decoding=\"async\" class=\"alignnone size-medium wp-image-178323\" src=\"https:\/\/i0.wp.com\/www.alanyaproperties.com\/wp-content\/uploads\/2020\/02\/Jazzfestival.jpg?resize=300%2C198&#038;ssl=1\" alt=\"\" width=\"300\" height=\"198\" srcset=\"https:\/\/i0.wp.com\/www.alanyaproperties.com\/wp-content\/uploads\/2020\/02\/Jazzfestival.jpg?resize=300%2C198&amp;ssl=1 300w, https:\/\/i0.wp.com\/www.alanyaproperties.com\/wp-content\/uploads\/2020\/02\/Jazzfestival.jpg?resize=1024%2C675&amp;ssl=1 1024w, https:\/\/i0.wp.com\/www.alanyaproperties.com\/wp-content\/uploads\/2020\/02\/Jazzfestival.jpg?resize=768%2C506&amp;ssl=1 768w, https:\/\/i0.wp.com\/www.alanyaproperties.com\/wp-content\/uploads\/2020\/02\/Jazzfestival.jpg?resize=150%2C99&amp;ssl=1 150w, https:\/\/i0.wp.com\/www.alanyaproperties.com\/wp-content\/uploads\/2020\/02\/Jazzfestival.jpg?resize=350%2C231&amp;ssl=1 350w, https:\/\/i0.wp.com\/www.alanyaproperties.com\/wp-content\/uploads\/2020\/02\/Jazzfestival.jpg?resize=728%2C480&amp;ssl=1 728w, https:\/\/i0.wp.com\/www.alanyaproperties.com\/wp-content\/uploads\/2020\/02\/Jazzfestival.jpg?w=1170&amp;ssl=1 1170w\" sizes=\"(max-width: 300px) 100vw, 300px\" data-recalc-dims=\"1\" \/><img loading=\"lazy\" decoding=\"async\" class=\"alignnone  wp-image-178335\" src=\"https:\/\/i0.wp.com\/www.alanyaproperties.com\/wp-content\/uploads\/2020\/02\/Jazzfestival1.jpg?resize=318%2C193&#038;ssl=1\" alt=\"\" width=\"318\" height=\"193\" srcset=\"https:\/\/i0.wp.com\/www.alanyaproperties.com\/wp-content\/uploads\/2020\/02\/Jazzfestival1.jpg?resize=300%2C183&amp;ssl=1 300w, https:\/\/i0.wp.com\/www.alanyaproperties.com\/wp-content\/uploads\/2020\/02\/Jazzfestival1.jpg?resize=150%2C91&amp;ssl=1 150w, https:\/\/i0.wp.com\/www.alanyaproperties.com\/wp-content\/uploads\/2020\/02\/Jazzfestival1.jpg?resize=350%2C213&amp;ssl=1 350w, https:\/\/i0.wp.com\/www.alanyaproperties.com\/wp-content\/uploads\/2020\/02\/Jazzfestival1.jpg?w=512&amp;ssl=1 512w\" sizes=\"(max-width: 318px) 100vw, 318px\" data-recalc-dims=\"1\" \/><\/p>\n<p>&nbsp;<\/p>\n","protected":false},"excerpt":{"rendered":"<p>Internationales Jazzfestival in Istanbul. Istanbul bereitet sich auf das Internationale Jazz Festival vor. Dar\u00fcber schrieb am Mittwoch, den 19. Februar die Zeitung &#8222;Sabah&#8220; Das Festival, das vom 30. April bis 5. Juli 2020 stattfindet, bietet folgende Themen: Blues, Elektronik, ethnische Musik, Funk, Klassik, Pop, Rock und Jazz. Im Rahmen der Veranstaltung werden mehr als 80 [&hellip;]<\/p>\n","protected":false},"author":33,"featured_media":178323,"comment_status":"closed","ping_status":"closed","sticky":false,"template":"","format":"standard","meta":{"footnotes":""},"categories":[1877,1742,1891,1884],"tags":[],"yoast_head":"<!-- This site is optimized with the Yoast SEO plugin v22.6 - https:\/\/yoast.com\/wordpress\/plugins\/seo\/ -->\n<title>Internationales Jazzfestival in Istanbul - Properties in Alanya.<\/title>\n<meta name=\"description\" content=\"Internationales Jazzfestival in Istanbul - Properties in Alanya.\" \/>\n<meta name=\"robots\" content=\"index, follow, max-snippet:-1, max-image-preview:large, max-video-preview:-1\" \/>\n<link rel=\"canonical\" href=\"https:\/\/www.alanyaproperties.com\/de\/de-neuigkeiten\/internationales-jazzfestival-in-istanbul\/\" \/>\n<meta property=\"og:locale\" content=\"de_DE\" \/>\n<meta property=\"og:type\" content=\"article\" \/>\n<meta property=\"og:title\" content=\"Internationales Jazzfestival in Istanbul - Properties in Alanya.\" \/>\n<meta property=\"og:description\" content=\"Internationales Jazzfestival in Istanbul - Properties in Alanya.\" \/>\n<meta property=\"og:url\" content=\"https:\/\/www.alanyaproperties.com\/de\/de-neuigkeiten\/internationales-jazzfestival-in-istanbul\/\" \/>\n<meta property=\"og:site_name\" content=\"Properties in Alanya.\" \/>\n<meta property=\"article:publisher\" content=\"https:\/\/www.facebook.com\/alanyaproperties\/\" \/>\n<meta property=\"article:published_time\" content=\"2020-02-21T06:17:12+00:00\" \/>\n<meta property=\"og:image\" content=\"https:\/\/www.alanyaproperties.com\/wp-content\/uploads\/2020\/02\/Jazzfestival.jpg\" \/>\n\t<meta property=\"og:image:width\" content=\"1170\" \/>\n\t<meta property=\"og:image:height\" content=\"771\" \/>\n\t<meta property=\"og:image:type\" content=\"image\/jpeg\" \/>\n<meta name=\"author\" content=\"Bettina Sezgin\" \/>\n<meta name=\"twitter:card\" content=\"summary_large_image\" \/>\n<meta name=\"twitter:creator\" content=\"@alanyapro\" \/>\n<meta name=\"twitter:site\" content=\"@alanyapro\" \/>\n<meta name=\"twitter:label1\" content=\"Verfasst von\" \/>\n\t<meta name=\"twitter:data1\" content=\"Bettina Sezgin\" \/>\n\t<meta name=\"twitter:label2\" content=\"Gesch\u00e4tzte Lesezeit\" \/>\n\t<meta name=\"twitter:data2\" content=\"1 Minute\" \/>\n<script type=\"application\/ld+json\" class=\"yoast-schema-graph\">{\"@context\":\"https:\/\/schema.org\",\"@graph\":[{\"@type\":\"Article\",\"@id\":\"https:\/\/www.alanyaproperties.com\/de\/de-neuigkeiten\/internationales-jazzfestival-in-istanbul\/#article\",\"isPartOf\":{\"@id\":\"https:\/\/www.alanyaproperties.com\/de\/de-neuigkeiten\/internationales-jazzfestival-in-istanbul\/\"},\"author\":{\"name\":\"Bettina Sezgin\",\"@id\":\"https:\/\/www.alanyaproperties.com\/de\/#\/schema\/person\/772cf3e343cb4cc8adbd2af044068b3c\"},\"headline\":\"Internationales Jazzfestival in Istanbul\",\"datePublished\":\"2020-02-21T06:17:12+00:00\",\"dateModified\":\"2020-02-21T06:17:12+00:00\",\"mainEntityOfPage\":{\"@id\":\"https:\/\/www.alanyaproperties.com\/de\/de-neuigkeiten\/internationales-jazzfestival-in-istanbul\/\"},\"wordCount\":108,\"publisher\":{\"@id\":\"https:\/\/www.alanyaproperties.com\/de\/#organization\"},\"image\":{\"@id\":\"https:\/\/www.alanyaproperties.com\/de\/de-neuigkeiten\/internationales-jazzfestival-in-istanbul\/#primaryimage\"},\"thumbnailUrl\":\"https:\/\/i0.wp.com\/www.alanyaproperties.com\/wp-content\/uploads\/2020\/02\/Jazzfestival.jpg?fit=1170%2C771&ssl=1\",\"articleSection\":[\"Alanya\",\"Neuigkeiten aus der T\u00fcrkei\",\"Neuigkeiten aus der T\u00fcrkei\",\"T\u00fcrkei\"],\"inLanguage\":\"de-DE\"},{\"@type\":\"WebPage\",\"@id\":\"https:\/\/www.alanyaproperties.com\/de\/de-neuigkeiten\/internationales-jazzfestival-in-istanbul\/\",\"url\":\"https:\/\/www.alanyaproperties.com\/de\/de-neuigkeiten\/internationales-jazzfestival-in-istanbul\/\",\"name\":\"Internationales Jazzfestival in Istanbul - Properties in Alanya.\",\"isPartOf\":{\"@id\":\"https:\/\/www.alanyaproperties.com\/de\/#website\"},\"primaryImageOfPage\":{\"@id\":\"https:\/\/www.alanyaproperties.com\/de\/de-neuigkeiten\/internationales-jazzfestival-in-istanbul\/#primaryimage\"},\"image\":{\"@id\":\"https:\/\/www.alanyaproperties.com\/de\/de-neuigkeiten\/internationales-jazzfestival-in-istanbul\/#primaryimage\"},\"thumbnailUrl\":\"https:\/\/i0.wp.com\/www.alanyaproperties.com\/wp-content\/uploads\/2020\/02\/Jazzfestival.jpg?fit=1170%2C771&ssl=1\",\"datePublished\":\"2020-02-21T06:17:12+00:00\",\"dateModified\":\"2020-02-21T06:17:12+00:00\",\"description\":\"Internationales Jazzfestival in Istanbul - Properties in Alanya.\",\"breadcrumb\":{\"@id\":\"https:\/\/www.alanyaproperties.com\/de\/de-neuigkeiten\/internationales-jazzfestival-in-istanbul\/#breadcrumb\"},\"inLanguage\":\"de-DE\",\"potentialAction\":[{\"@type\":\"ReadAction\",\"target\":[\"https:\/\/www.alanyaproperties.com\/de\/de-neuigkeiten\/internationales-jazzfestival-in-istanbul\/\"]}]},{\"@type\":\"ImageObject\",\"inLanguage\":\"de-DE\",\"@id\":\"https:\/\/www.alanyaproperties.com\/de\/de-neuigkeiten\/internationales-jazzfestival-in-istanbul\/#primaryimage\",\"url\":\"https:\/\/i0.wp.com\/www.alanyaproperties.com\/wp-content\/uploads\/2020\/02\/Jazzfestival.jpg?fit=1170%2C771&ssl=1\",\"contentUrl\":\"https:\/\/i0.wp.com\/www.alanyaproperties.com\/wp-content\/uploads\/2020\/02\/Jazzfestival.jpg?fit=1170%2C771&ssl=1\",\"width\":1170,\"height\":771},{\"@type\":\"BreadcrumbList\",\"@id\":\"https:\/\/www.alanyaproperties.com\/de\/de-neuigkeiten\/internationales-jazzfestival-in-istanbul\/#breadcrumb\",\"itemListElement\":[{\"@type\":\"ListItem\",\"position\":1,\"name\":\"Home\",\"item\":\"https:\/\/www.alanyaproperties.com\/de\/\"},{\"@type\":\"ListItem\",\"position\":2,\"name\":\"Internationales Jazzfestival in Istanbul\"}]},{\"@type\":\"WebSite\",\"@id\":\"https:\/\/www.alanyaproperties.com\/de\/#website\",\"url\":\"https:\/\/www.alanyaproperties.com\/de\/\",\"name\":\"Properties in Alanya.\",\"description\":\"Wohnungen in Alanya. Immobilien in der T\u00fcrkei zu verkaufen.\",\"publisher\":{\"@id\":\"https:\/\/www.alanyaproperties.com\/de\/#organization\"},\"potentialAction\":[{\"@type\":\"SearchAction\",\"target\":{\"@type\":\"EntryPoint\",\"urlTemplate\":\"https:\/\/www.alanyaproperties.com\/de\/?s={search_term_string}\"},\"query-input\":\"required name=search_term_string\"}],\"inLanguage\":\"de-DE\"},{\"@type\":\"Organization\",\"@id\":\"https:\/\/www.alanyaproperties.com\/de\/#organization\",\"name\":\"Alanya Properties\",\"url\":\"https:\/\/www.alanyaproperties.com\/de\/\",\"logo\":{\"@type\":\"ImageObject\",\"inLanguage\":\"de-DE\",\"@id\":\"https:\/\/www.alanyaproperties.com\/de\/#\/schema\/logo\/image\/\",\"url\":\"https:\/\/i0.wp.com\/www.alanyaproperties.com\/wp-content\/uploads\/2017\/06\/alanya-properties-logo-180to.png?fit=180%2C81&ssl=1\",\"contentUrl\":\"https:\/\/i0.wp.com\/www.alanyaproperties.com\/wp-content\/uploads\/2017\/06\/alanya-properties-logo-180to.png?fit=180%2C81&ssl=1\",\"width\":180,\"height\":81,\"caption\":\"Alanya Properties\"},\"image\":{\"@id\":\"https:\/\/www.alanyaproperties.com\/de\/#\/schema\/logo\/image\/\"},\"sameAs\":[\"https:\/\/www.facebook.com\/alanyaproperties\/\",\"https:\/\/x.com\/alanyapro\",\"https:\/\/www.instagram.com\/alanyaproperties\/\",\"https:\/\/www.youtube.com\/c\/AlanyaProperties\"]},{\"@type\":\"Person\",\"@id\":\"https:\/\/www.alanyaproperties.com\/de\/#\/schema\/person\/772cf3e343cb4cc8adbd2af044068b3c\",\"name\":\"Bettina Sezgin\",\"image\":{\"@type\":\"ImageObject\",\"inLanguage\":\"de-DE\",\"@id\":\"https:\/\/www.alanyaproperties.com\/de\/#\/schema\/person\/image\/\",\"url\":\"https:\/\/secure.gravatar.com\/avatar\/8c0b89b2e428954171c86751bded324e?s=96&d=mm&r=g\",\"contentUrl\":\"https:\/\/secure.gravatar.com\/avatar\/8c0b89b2e428954171c86751bded324e?s=96&d=mm&r=g\",\"caption\":\"Bettina Sezgin\"},\"sameAs\":[\"http:\/\/www.alanyaproperties.com\"],\"url\":\"https:\/\/www.alanyaproperties.com\/de\/author\/bettina\/\"}]}<\/script>\n<!-- \/ Yoast SEO plugin. -->","yoast_head_json":{"title":"Internationales Jazzfestival in Istanbul - Properties in Alanya.","description":"Internationales Jazzfestival in Istanbul - Properties in Alanya.","robots":{"index":"index","follow":"follow","max-snippet":"max-snippet:-1","max-image-preview":"max-image-preview:large","max-video-preview":"max-video-preview:-1"},"canonical":"https:\/\/www.alanyaproperties.com\/de\/de-neuigkeiten\/internationales-jazzfestival-in-istanbul\/","og_locale":"de_DE","og_type":"article","og_title":"Internationales Jazzfestival in Istanbul - Properties in Alanya.","og_description":"Internationales Jazzfestival in Istanbul - Properties in Alanya.","og_url":"https:\/\/www.alanyaproperties.com\/de\/de-neuigkeiten\/internationales-jazzfestival-in-istanbul\/","og_site_name":"Properties in Alanya.","article_publisher":"https:\/\/www.facebook.com\/alanyaproperties\/","article_published_time":"2020-02-21T06:17:12+00:00","og_image":[{"width":1170,"height":771,"url":"https:\/\/www.alanyaproperties.com\/wp-content\/uploads\/2020\/02\/Jazzfestival.jpg","type":"image\/jpeg"}],"author":"Bettina Sezgin","twitter_card":"summary_large_image","twitter_creator":"@alanyapro","twitter_site":"@alanyapro","twitter_misc":{"Verfasst von":"Bettina Sezgin","Gesch\u00e4tzte Lesezeit":"1 Minute"},"schema":{"@context":"https:\/\/schema.org","@graph":[{"@type":"Article","@id":"https:\/\/www.alanyaproperties.com\/de\/de-neuigkeiten\/internationales-jazzfestival-in-istanbul\/#article","isPartOf":{"@id":"https:\/\/www.alanyaproperties.com\/de\/de-neuigkeiten\/internationales-jazzfestival-in-istanbul\/"},"author":{"name":"Bettina Sezgin","@id":"https:\/\/www.alanyaproperties.com\/de\/#\/schema\/person\/772cf3e343cb4cc8adbd2af044068b3c"},"headline":"Internationales Jazzfestival in Istanbul","datePublished":"2020-02-21T06:17:12+00:00","dateModified":"2020-02-21T06:17:12+00:00","mainEntityOfPage":{"@id":"https:\/\/www.alanyaproperties.com\/de\/de-neuigkeiten\/internationales-jazzfestival-in-istanbul\/"},"wordCount":108,"publisher":{"@id":"https:\/\/www.alanyaproperties.com\/de\/#organization"},"image":{"@id":"https:\/\/www.alanyaproperties.com\/de\/de-neuigkeiten\/internationales-jazzfestival-in-istanbul\/#primaryimage"},"thumbnailUrl":"https:\/\/i0.wp.com\/www.alanyaproperties.com\/wp-content\/uploads\/2020\/02\/Jazzfestival.jpg?fit=1170%2C771&ssl=1","articleSection":["Alanya","Neuigkeiten aus der T\u00fcrkei","Neuigkeiten aus der T\u00fcrkei","T\u00fcrkei"],"inLanguage":"de-DE"},{"@type":"WebPage","@id":"https:\/\/www.alanyaproperties.com\/de\/de-neuigkeiten\/internationales-jazzfestival-in-istanbul\/","url":"https:\/\/www.alanyaproperties.com\/de\/de-neuigkeiten\/internationales-jazzfestival-in-istanbul\/","name":"Internationales Jazzfestival in Istanbul - Properties in Alanya.","isPartOf":{"@id":"https:\/\/www.alanyaproperties.com\/de\/#website"},"primaryImageOfPage":{"@id":"https:\/\/www.alanyaproperties.com\/de\/de-neuigkeiten\/internationales-jazzfestival-in-istanbul\/#primaryimage"},"image":{"@id":"https:\/\/www.alanyaproperties.com\/de\/de-neuigkeiten\/internationales-jazzfestival-in-istanbul\/#primaryimage"},"thumbnailUrl":"https:\/\/i0.wp.com\/www.alanyaproperties.com\/wp-content\/uploads\/2020\/02\/Jazzfestival.jpg?fit=1170%2C771&ssl=1","datePublished":"2020-02-21T06:17:12+00:00","dateModified":"2020-02-21T06:17:12+00:00","description":"Internationales Jazzfestival in Istanbul - Properties in Alanya.","breadcrumb":{"@id":"https:\/\/www.alanyaproperties.com\/de\/de-neuigkeiten\/internationales-jazzfestival-in-istanbul\/#breadcrumb"},"inLanguage":"de-DE","potentialAction":[{"@type":"ReadAction","target":["https:\/\/www.alanyaproperties.com\/de\/de-neuigkeiten\/internationales-jazzfestival-in-istanbul\/"]}]},{"@type":"ImageObject","inLanguage":"de-DE","@id":"https:\/\/www.alanyaproperties.com\/de\/de-neuigkeiten\/internationales-jazzfestival-in-istanbul\/#primaryimage","url":"https:\/\/i0.wp.com\/www.alanyaproperties.com\/wp-content\/uploads\/2020\/02\/Jazzfestival.jpg?fit=1170%2C771&ssl=1","contentUrl":"https:\/\/i0.wp.com\/www.alanyaproperties.com\/wp-content\/uploads\/2020\/02\/Jazzfestival.jpg?fit=1170%2C771&ssl=1","width":1170,"height":771},{"@type":"BreadcrumbList","@id":"https:\/\/www.alanyaproperties.com\/de\/de-neuigkeiten\/internationales-jazzfestival-in-istanbul\/#breadcrumb","itemListElement":[{"@type":"ListItem","position":1,"name":"Home","item":"https:\/\/www.alanyaproperties.com\/de\/"},{"@type":"ListItem","position":2,"name":"Internationales Jazzfestival in Istanbul"}]},{"@type":"WebSite","@id":"https:\/\/www.alanyaproperties.com\/de\/#website","url":"https:\/\/www.alanyaproperties.com\/de\/","name":"Properties in Alanya.","description":"Wohnungen in Alanya. Immobilien in der T\u00fcrkei zu verkaufen.","publisher":{"@id":"https:\/\/www.alanyaproperties.com\/de\/#organization"},"potentialAction":[{"@type":"SearchAction","target":{"@type":"EntryPoint","urlTemplate":"https:\/\/www.alanyaproperties.com\/de\/?s={search_term_string}"},"query-input":"required name=search_term_string"}],"inLanguage":"de-DE"},{"@type":"Organization","@id":"https:\/\/www.alanyaproperties.com\/de\/#organization","name":"Alanya Properties","url":"https:\/\/www.alanyaproperties.com\/de\/","logo":{"@type":"ImageObject","inLanguage":"de-DE","@id":"https:\/\/www.alanyaproperties.com\/de\/#\/schema\/logo\/image\/","url":"https:\/\/i0.wp.com\/www.alanyaproperties.com\/wp-content\/uploads\/2017\/06\/alanya-properties-logo-180to.png?fit=180%2C81&ssl=1","contentUrl":"https:\/\/i0.wp.com\/www.alanyaproperties.com\/wp-content\/uploads\/2017\/06\/alanya-properties-logo-180to.png?fit=180%2C81&ssl=1","width":180,"height":81,"caption":"Alanya Properties"},"image":{"@id":"https:\/\/www.alanyaproperties.com\/de\/#\/schema\/logo\/image\/"},"sameAs":["https:\/\/www.facebook.com\/alanyaproperties\/","https:\/\/x.com\/alanyapro","https:\/\/www.instagram.com\/alanyaproperties\/","https:\/\/www.youtube.com\/c\/AlanyaProperties"]},{"@type":"Person","@id":"https:\/\/www.alanyaproperties.com\/de\/#\/schema\/person\/772cf3e343cb4cc8adbd2af044068b3c","name":"Bettina Sezgin","image":{"@type":"ImageObject","inLanguage":"de-DE","@id":"https:\/\/www.alanyaproperties.com\/de\/#\/schema\/person\/image\/","url":"https:\/\/secure.gravatar.com\/avatar\/8c0b89b2e428954171c86751bded324e?s=96&d=mm&r=g","contentUrl":"https:\/\/secure.gravatar.com\/avatar\/8c0b89b2e428954171c86751bded324e?s=96&d=mm&r=g","caption":"Bettina Sezgin"},"sameAs":["http:\/\/www.alanyaproperties.com"],"url":"https:\/\/www.alanyaproperties.com\/de\/author\/bettina\/"}]}},"jetpack_sharing_enabled":true,"jetpack_featured_media_url":"https:\/\/i0.wp.com\/www.alanyaproperties.com\/wp-content\/uploads\/2020\/02\/Jazzfestival.jpg?fit=1170%2C771&ssl=1","_links":{"self":[{"href":"https:\/\/www.alanyaproperties.com\/de\/wp-json\/wp\/v2\/posts\/178322"}],"collection":[{"href":"https:\/\/www.alanyaproperties.com\/de\/wp-json\/wp\/v2\/posts"}],"about":[{"href":"https:\/\/www.alanyaproperties.com\/de\/wp-json\/wp\/v2\/types\/post"}],"author":[{"embeddable":true,"href":"https:\/\/www.alanyaproperties.com\/de\/wp-json\/wp\/v2\/users\/33"}],"replies":[{"embeddable":true,"href":"https:\/\/www.alanyaproperties.com\/de\/wp-json\/wp\/v2\/comments?post=178322"}],"version-history":[{"count":0,"href":"https:\/\/www.alanyaproperties.com\/de\/wp-json\/wp\/v2\/posts\/178322\/revisions"}],"wp:featuredmedia":[{"embeddable":true,"href":"https:\/\/www.alanyaproperties.com\/de\/wp-json\/wp\/v2\/media\/178323"}],"wp:attachment":[{"href":"https:\/\/www.alanyaproperties.com\/de\/wp-json\/wp\/v2\/media?parent=178322"}],"wp:term":[{"taxonomy":"category","embeddable":true,"href":"https:\/\/www.alanyaproperties.com\/de\/wp-json\/wp\/v2\/categories?post=178322"},{"taxonomy":"post_tag","embeddable":true,"href":"https:\/\/www.alanyaproperties.com\/de\/wp-json\/wp\/v2\/tags?post=178322"}],"curies":[{"name":"wp","href":"https:\/\/api.w.org\/{rel}","templated":true}]}}