{"id":175876,"date":"2020-02-07T06:51:28","date_gmt":"2020-02-07T06:51:28","guid":{"rendered":"https:\/\/www.alanyaproperties.com\/?p=175876"},"modified":"2020-02-07T06:51:28","modified_gmt":"2020-02-07T06:51:28","slug":"das-kuere-gebirge-in-der-tuerkei-wird-zur-beliebten-touristenattraktion","status":"publish","type":"post","link":"https:\/\/www.alanyaproperties.com\/de\/de-neuigkeiten\/das-kuere-gebirge-in-der-tuerkei-wird-zur-beliebten-touristenattraktion\/","title":{"rendered":"Das K\u00fcre-Gebirge in der T\u00fcrkei wird zur beliebten Touristenattraktion"},"content":{"rendered":"<h4>Das K\u00fcre-Gebirge in der T\u00fcrkei wird zur beliebten Touristenattraktion<\/h4>\n<p>Die Gebirge\u00a0 von Kure ist ein unerforschtes Naturparadies, das sich durch die n\u00f6rdlichen Provinzen Kastamonu und Bart\u0131n erstreckt. Dieses Gebiet wird in K\u00fcrze von Campingfreunden besucht.<\/p>\n<p><img loading=\"lazy\" decoding=\"async\" class=\"alignnone size-medium wp-image-175877\" src=\"https:\/\/i0.wp.com\/www.alanyaproperties.com\/wp-content\/uploads\/2020\/02\/Campingplatz.jpg?resize=300%2C200&#038;ssl=1\" alt=\"\" width=\"300\" height=\"200\" srcset=\"https:\/\/i0.wp.com\/www.alanyaproperties.com\/wp-content\/uploads\/2020\/02\/Campingplatz.jpg?resize=300%2C200&amp;ssl=1 300w, https:\/\/i0.wp.com\/www.alanyaproperties.com\/wp-content\/uploads\/2020\/02\/Campingplatz.jpg?resize=768%2C512&amp;ssl=1 768w, https:\/\/i0.wp.com\/www.alanyaproperties.com\/wp-content\/uploads\/2020\/02\/Campingplatz.jpg?resize=150%2C100&amp;ssl=1 150w, https:\/\/i0.wp.com\/www.alanyaproperties.com\/wp-content\/uploads\/2020\/02\/Campingplatz.jpg?resize=385%2C258&amp;ssl=1 385w, https:\/\/i0.wp.com\/www.alanyaproperties.com\/wp-content\/uploads\/2020\/02\/Campingplatz.jpg?resize=350%2C233&amp;ssl=1 350w, https:\/\/i0.wp.com\/www.alanyaproperties.com\/wp-content\/uploads\/2020\/02\/Campingplatz.jpg?resize=720%2C480&amp;ssl=1 720w, https:\/\/i0.wp.com\/www.alanyaproperties.com\/wp-content\/uploads\/2020\/02\/Campingplatz.jpg?w=960&amp;ssl=1 960w\" sizes=\"(max-width: 300px) 100vw, 300px\" data-recalc-dims=\"1\" \/><\/p>\n<p>Des weiteren zieht es mit ihrem beeindruckenden System aus Canyons, H\u00f6hlen und turbulenten Fl\u00fcssen an.<\/p>\n<p>Um den G\u00e4sten einen unvergesslichen Urlaub in den ruhigen W\u00e4ldern der Schwarzmeerregion zu bieten, wurde hier ein Projekt gestartet, in dessen Rahmen ein Erholungszentrum errichtet wurde, das charmante Bungalows, Campingpl\u00e4tze und Wohnwagenstellpl\u00e4tze umfasst.<\/p>\n<p>Im Rahmen des Projekts wurde ein Campingplatz im Naturpark von Kizilcasu erbaut.\u00a0 Des weiteren wird dieser Campingplatz von der Gemeinde Shenpazar verwaltet und in wenigen Wochen G\u00e4ste empfangen. Die Vorbereitungen f\u00fcr diesen Campingplatz dauerte 3 Jahre.<\/p>\n<p><img loading=\"lazy\" decoding=\"async\" class=\"alignnone size-medium wp-image-175889\" src=\"https:\/\/i0.wp.com\/www.alanyaproperties.com\/wp-content\/uploads\/2020\/02\/Campingplatz-1.jpg?resize=300%2C231&#038;ssl=1\" alt=\"\" width=\"300\" height=\"231\" srcset=\"https:\/\/i0.wp.com\/www.alanyaproperties.com\/wp-content\/uploads\/2020\/02\/Campingplatz-1.jpg?resize=300%2C231&amp;ssl=1 300w, https:\/\/i0.wp.com\/www.alanyaproperties.com\/wp-content\/uploads\/2020\/02\/Campingplatz-1.jpg?resize=150%2C116&amp;ssl=1 150w, https:\/\/i0.wp.com\/www.alanyaproperties.com\/wp-content\/uploads\/2020\/02\/Campingplatz-1.jpg?resize=350%2C270&amp;ssl=1 350w, https:\/\/i0.wp.com\/www.alanyaproperties.com\/wp-content\/uploads\/2020\/02\/Campingplatz-1.jpg?w=470&amp;ssl=1 470w\" sizes=\"(max-width: 300px) 100vw, 300px\" data-recalc-dims=\"1\" \/><\/p>\n","protected":false},"excerpt":{"rendered":"<p>Das K\u00fcre-Gebirge in der T\u00fcrkei wird zur beliebten Touristenattraktion Die Gebirge\u00a0 von Kure ist ein unerforschtes Naturparadies, das sich durch die n\u00f6rdlichen Provinzen Kastamonu und Bart\u0131n erstreckt. Dieses Gebiet wird in K\u00fcrze von Campingfreunden besucht. Des weiteren zieht es mit ihrem beeindruckenden System aus Canyons, H\u00f6hlen und turbulenten Fl\u00fcssen an. Um den G\u00e4sten einen unvergesslichen [&hellip;]<\/p>\n","protected":false},"author":33,"featured_media":175877,"comment_status":"closed","ping_status":"closed","sticky":false,"template":"","format":"standard","meta":{"footnotes":""},"categories":[1877,1891,1742,1711],"tags":[],"yoast_head":"<!-- This site is optimized with the Yoast SEO plugin v22.6 - https:\/\/yoast.com\/wordpress\/plugins\/seo\/ -->\n<title>Das K\u00fcre-Gebirge in der T\u00fcrkei wird zur beliebten Touristenattraktion - Properties in Alanya.<\/title>\n<meta name=\"description\" content=\"Das K\u00fcre-Gebirge in der T\u00fcrkei wird zur beliebten Touristenattraktion - Properties in Alanya.\" \/>\n<meta name=\"robots\" content=\"index, follow, max-snippet:-1, max-image-preview:large, max-video-preview:-1\" \/>\n<link rel=\"canonical\" href=\"https:\/\/www.alanyaproperties.com\/de\/de-neuigkeiten\/das-kuere-gebirge-in-der-tuerkei-wird-zur-beliebten-touristenattraktion\/\" \/>\n<meta property=\"og:locale\" content=\"de_DE\" \/>\n<meta property=\"og:type\" content=\"article\" \/>\n<meta property=\"og:title\" content=\"Das K\u00fcre-Gebirge in der T\u00fcrkei wird zur beliebten Touristenattraktion - Properties in Alanya.\" \/>\n<meta property=\"og:description\" content=\"Das K\u00fcre-Gebirge in der T\u00fcrkei wird zur beliebten Touristenattraktion - Properties in Alanya.\" \/>\n<meta property=\"og:url\" content=\"https:\/\/www.alanyaproperties.com\/de\/de-neuigkeiten\/das-kuere-gebirge-in-der-tuerkei-wird-zur-beliebten-touristenattraktion\/\" \/>\n<meta property=\"og:site_name\" content=\"Properties in Alanya.\" \/>\n<meta property=\"article:publisher\" content=\"https:\/\/www.facebook.com\/alanyaproperties\/\" \/>\n<meta property=\"article:published_time\" content=\"2020-02-07T06:51:28+00:00\" \/>\n<meta property=\"og:image\" content=\"https:\/\/www.alanyaproperties.com\/wp-content\/uploads\/2020\/02\/Campingplatz.jpg\" \/>\n\t<meta property=\"og:image:width\" content=\"960\" \/>\n\t<meta property=\"og:image:height\" content=\"640\" \/>\n\t<meta property=\"og:image:type\" content=\"image\/jpeg\" \/>\n<meta name=\"author\" content=\"Bettina Sezgin\" \/>\n<meta name=\"twitter:card\" content=\"summary_large_image\" \/>\n<meta name=\"twitter:creator\" content=\"@alanyapro\" \/>\n<meta name=\"twitter:site\" content=\"@alanyapro\" \/>\n<meta name=\"twitter:label1\" content=\"Verfasst von\" \/>\n\t<meta name=\"twitter:data1\" content=\"Bettina Sezgin\" \/>\n\t<meta name=\"twitter:label2\" content=\"Gesch\u00e4tzte Lesezeit\" \/>\n\t<meta name=\"twitter:data2\" content=\"1 Minute\" \/>\n<script type=\"application\/ld+json\" class=\"yoast-schema-graph\">{\"@context\":\"https:\/\/schema.org\",\"@graph\":[{\"@type\":\"Article\",\"@id\":\"https:\/\/www.alanyaproperties.com\/de\/de-neuigkeiten\/das-kuere-gebirge-in-der-tuerkei-wird-zur-beliebten-touristenattraktion\/#article\",\"isPartOf\":{\"@id\":\"https:\/\/www.alanyaproperties.com\/de\/de-neuigkeiten\/das-kuere-gebirge-in-der-tuerkei-wird-zur-beliebten-touristenattraktion\/\"},\"author\":{\"name\":\"Bettina Sezgin\",\"@id\":\"https:\/\/www.alanyaproperties.com\/de\/#\/schema\/person\/772cf3e343cb4cc8adbd2af044068b3c\"},\"headline\":\"Das K\u00fcre-Gebirge in der T\u00fcrkei wird zur beliebten Touristenattraktion\",\"datePublished\":\"2020-02-07T06:51:28+00:00\",\"dateModified\":\"2020-02-07T06:51:28+00:00\",\"mainEntityOfPage\":{\"@id\":\"https:\/\/www.alanyaproperties.com\/de\/de-neuigkeiten\/das-kuere-gebirge-in-der-tuerkei-wird-zur-beliebten-touristenattraktion\/\"},\"wordCount\":142,\"publisher\":{\"@id\":\"https:\/\/www.alanyaproperties.com\/de\/#organization\"},\"image\":{\"@id\":\"https:\/\/www.alanyaproperties.com\/de\/de-neuigkeiten\/das-kuere-gebirge-in-der-tuerkei-wird-zur-beliebten-touristenattraktion\/#primaryimage\"},\"thumbnailUrl\":\"https:\/\/i0.wp.com\/www.alanyaproperties.com\/wp-content\/uploads\/2020\/02\/Campingplatz.jpg?fit=960%2C640&ssl=1\",\"articleSection\":[\"Alanya\",\"Neuigkeiten aus der T\u00fcrkei\",\"Neuigkeiten aus der T\u00fcrkei\",\"\u00dcber die T\u00fcrkei\"],\"inLanguage\":\"de-DE\"},{\"@type\":\"WebPage\",\"@id\":\"https:\/\/www.alanyaproperties.com\/de\/de-neuigkeiten\/das-kuere-gebirge-in-der-tuerkei-wird-zur-beliebten-touristenattraktion\/\",\"url\":\"https:\/\/www.alanyaproperties.com\/de\/de-neuigkeiten\/das-kuere-gebirge-in-der-tuerkei-wird-zur-beliebten-touristenattraktion\/\",\"name\":\"Das K\u00fcre-Gebirge in der T\u00fcrkei wird zur beliebten Touristenattraktion - Properties in Alanya.\",\"isPartOf\":{\"@id\":\"https:\/\/www.alanyaproperties.com\/de\/#website\"},\"primaryImageOfPage\":{\"@id\":\"https:\/\/www.alanyaproperties.com\/de\/de-neuigkeiten\/das-kuere-gebirge-in-der-tuerkei-wird-zur-beliebten-touristenattraktion\/#primaryimage\"},\"image\":{\"@id\":\"https:\/\/www.alanyaproperties.com\/de\/de-neuigkeiten\/das-kuere-gebirge-in-der-tuerkei-wird-zur-beliebten-touristenattraktion\/#primaryimage\"},\"thumbnailUrl\":\"https:\/\/i0.wp.com\/www.alanyaproperties.com\/wp-content\/uploads\/2020\/02\/Campingplatz.jpg?fit=960%2C640&ssl=1\",\"datePublished\":\"2020-02-07T06:51:28+00:00\",\"dateModified\":\"2020-02-07T06:51:28+00:00\",\"description\":\"Das K\u00fcre-Gebirge in der T\u00fcrkei wird zur beliebten Touristenattraktion - Properties in Alanya.\",\"breadcrumb\":{\"@id\":\"https:\/\/www.alanyaproperties.com\/de\/de-neuigkeiten\/das-kuere-gebirge-in-der-tuerkei-wird-zur-beliebten-touristenattraktion\/#breadcrumb\"},\"inLanguage\":\"de-DE\",\"potentialAction\":[{\"@type\":\"ReadAction\",\"target\":[\"https:\/\/www.alanyaproperties.com\/de\/de-neuigkeiten\/das-kuere-gebirge-in-der-tuerkei-wird-zur-beliebten-touristenattraktion\/\"]}]},{\"@type\":\"ImageObject\",\"inLanguage\":\"de-DE\",\"@id\":\"https:\/\/www.alanyaproperties.com\/de\/de-neuigkeiten\/das-kuere-gebirge-in-der-tuerkei-wird-zur-beliebten-touristenattraktion\/#primaryimage\",\"url\":\"https:\/\/i0.wp.com\/www.alanyaproperties.com\/wp-content\/uploads\/2020\/02\/Campingplatz.jpg?fit=960%2C640&ssl=1\",\"contentUrl\":\"https:\/\/i0.wp.com\/www.alanyaproperties.com\/wp-content\/uploads\/2020\/02\/Campingplatz.jpg?fit=960%2C640&ssl=1\",\"width\":960,\"height\":640},{\"@type\":\"BreadcrumbList\",\"@id\":\"https:\/\/www.alanyaproperties.com\/de\/de-neuigkeiten\/das-kuere-gebirge-in-der-tuerkei-wird-zur-beliebten-touristenattraktion\/#breadcrumb\",\"itemListElement\":[{\"@type\":\"ListItem\",\"position\":1,\"name\":\"Home\",\"item\":\"https:\/\/www.alanyaproperties.com\/de\/\"},{\"@type\":\"ListItem\",\"position\":2,\"name\":\"Das K\u00fcre-Gebirge in der T\u00fcrkei wird zur beliebten Touristenattraktion\"}]},{\"@type\":\"WebSite\",\"@id\":\"https:\/\/www.alanyaproperties.com\/de\/#website\",\"url\":\"https:\/\/www.alanyaproperties.com\/de\/\",\"name\":\"Properties in Alanya.\",\"description\":\"Wohnungen in Alanya. Immobilien in der T\u00fcrkei zu verkaufen.\",\"publisher\":{\"@id\":\"https:\/\/www.alanyaproperties.com\/de\/#organization\"},\"potentialAction\":[{\"@type\":\"SearchAction\",\"target\":{\"@type\":\"EntryPoint\",\"urlTemplate\":\"https:\/\/www.alanyaproperties.com\/de\/?s={search_term_string}\"},\"query-input\":\"required name=search_term_string\"}],\"inLanguage\":\"de-DE\"},{\"@type\":\"Organization\",\"@id\":\"https:\/\/www.alanyaproperties.com\/de\/#organization\",\"name\":\"Alanya Properties\",\"url\":\"https:\/\/www.alanyaproperties.com\/de\/\",\"logo\":{\"@type\":\"ImageObject\",\"inLanguage\":\"de-DE\",\"@id\":\"https:\/\/www.alanyaproperties.com\/de\/#\/schema\/logo\/image\/\",\"url\":\"https:\/\/i0.wp.com\/www.alanyaproperties.com\/wp-content\/uploads\/2017\/06\/alanya-properties-logo-180to.png?fit=180%2C81&ssl=1\",\"contentUrl\":\"https:\/\/i0.wp.com\/www.alanyaproperties.com\/wp-content\/uploads\/2017\/06\/alanya-properties-logo-180to.png?fit=180%2C81&ssl=1\",\"width\":180,\"height\":81,\"caption\":\"Alanya Properties\"},\"image\":{\"@id\":\"https:\/\/www.alanyaproperties.com\/de\/#\/schema\/logo\/image\/\"},\"sameAs\":[\"https:\/\/www.facebook.com\/alanyaproperties\/\",\"https:\/\/x.com\/alanyapro\",\"https:\/\/www.instagram.com\/alanyaproperties\/\",\"https:\/\/www.youtube.com\/c\/AlanyaProperties\"]},{\"@type\":\"Person\",\"@id\":\"https:\/\/www.alanyaproperties.com\/de\/#\/schema\/person\/772cf3e343cb4cc8adbd2af044068b3c\",\"name\":\"Bettina Sezgin\",\"image\":{\"@type\":\"ImageObject\",\"inLanguage\":\"de-DE\",\"@id\":\"https:\/\/www.alanyaproperties.com\/de\/#\/schema\/person\/image\/\",\"url\":\"https:\/\/secure.gravatar.com\/avatar\/8c0b89b2e428954171c86751bded324e?s=96&d=mm&r=g\",\"contentUrl\":\"https:\/\/secure.gravatar.com\/avatar\/8c0b89b2e428954171c86751bded324e?s=96&d=mm&r=g\",\"caption\":\"Bettina Sezgin\"},\"sameAs\":[\"http:\/\/www.alanyaproperties.com\"],\"url\":\"https:\/\/www.alanyaproperties.com\/de\/author\/bettina\/\"}]}<\/script>\n<!-- \/ Yoast SEO plugin. -->","yoast_head_json":{"title":"Das K\u00fcre-Gebirge in der T\u00fcrkei wird zur beliebten Touristenattraktion - Properties in Alanya.","description":"Das K\u00fcre-Gebirge in der T\u00fcrkei wird zur beliebten Touristenattraktion - Properties in Alanya.","robots":{"index":"index","follow":"follow","max-snippet":"max-snippet:-1","max-image-preview":"max-image-preview:large","max-video-preview":"max-video-preview:-1"},"canonical":"https:\/\/www.alanyaproperties.com\/de\/de-neuigkeiten\/das-kuere-gebirge-in-der-tuerkei-wird-zur-beliebten-touristenattraktion\/","og_locale":"de_DE","og_type":"article","og_title":"Das K\u00fcre-Gebirge in der T\u00fcrkei wird zur beliebten Touristenattraktion - Properties in Alanya.","og_description":"Das K\u00fcre-Gebirge in der T\u00fcrkei wird zur beliebten Touristenattraktion - Properties in Alanya.","og_url":"https:\/\/www.alanyaproperties.com\/de\/de-neuigkeiten\/das-kuere-gebirge-in-der-tuerkei-wird-zur-beliebten-touristenattraktion\/","og_site_name":"Properties in Alanya.","article_publisher":"https:\/\/www.facebook.com\/alanyaproperties\/","article_published_time":"2020-02-07T06:51:28+00:00","og_image":[{"width":960,"height":640,"url":"https:\/\/www.alanyaproperties.com\/wp-content\/uploads\/2020\/02\/Campingplatz.jpg","type":"image\/jpeg"}],"author":"Bettina Sezgin","twitter_card":"summary_large_image","twitter_creator":"@alanyapro","twitter_site":"@alanyapro","twitter_misc":{"Verfasst von":"Bettina Sezgin","Gesch\u00e4tzte Lesezeit":"1 Minute"},"schema":{"@context":"https:\/\/schema.org","@graph":[{"@type":"Article","@id":"https:\/\/www.alanyaproperties.com\/de\/de-neuigkeiten\/das-kuere-gebirge-in-der-tuerkei-wird-zur-beliebten-touristenattraktion\/#article","isPartOf":{"@id":"https:\/\/www.alanyaproperties.com\/de\/de-neuigkeiten\/das-kuere-gebirge-in-der-tuerkei-wird-zur-beliebten-touristenattraktion\/"},"author":{"name":"Bettina Sezgin","@id":"https:\/\/www.alanyaproperties.com\/de\/#\/schema\/person\/772cf3e343cb4cc8adbd2af044068b3c"},"headline":"Das K\u00fcre-Gebirge in der T\u00fcrkei wird zur beliebten Touristenattraktion","datePublished":"2020-02-07T06:51:28+00:00","dateModified":"2020-02-07T06:51:28+00:00","mainEntityOfPage":{"@id":"https:\/\/www.alanyaproperties.com\/de\/de-neuigkeiten\/das-kuere-gebirge-in-der-tuerkei-wird-zur-beliebten-touristenattraktion\/"},"wordCount":142,"publisher":{"@id":"https:\/\/www.alanyaproperties.com\/de\/#organization"},"image":{"@id":"https:\/\/www.alanyaproperties.com\/de\/de-neuigkeiten\/das-kuere-gebirge-in-der-tuerkei-wird-zur-beliebten-touristenattraktion\/#primaryimage"},"thumbnailUrl":"https:\/\/i0.wp.com\/www.alanyaproperties.com\/wp-content\/uploads\/2020\/02\/Campingplatz.jpg?fit=960%2C640&ssl=1","articleSection":["Alanya","Neuigkeiten aus der T\u00fcrkei","Neuigkeiten aus der T\u00fcrkei","\u00dcber die T\u00fcrkei"],"inLanguage":"de-DE"},{"@type":"WebPage","@id":"https:\/\/www.alanyaproperties.com\/de\/de-neuigkeiten\/das-kuere-gebirge-in-der-tuerkei-wird-zur-beliebten-touristenattraktion\/","url":"https:\/\/www.alanyaproperties.com\/de\/de-neuigkeiten\/das-kuere-gebirge-in-der-tuerkei-wird-zur-beliebten-touristenattraktion\/","name":"Das K\u00fcre-Gebirge in der T\u00fcrkei wird zur beliebten Touristenattraktion - Properties in Alanya.","isPartOf":{"@id":"https:\/\/www.alanyaproperties.com\/de\/#website"},"primaryImageOfPage":{"@id":"https:\/\/www.alanyaproperties.com\/de\/de-neuigkeiten\/das-kuere-gebirge-in-der-tuerkei-wird-zur-beliebten-touristenattraktion\/#primaryimage"},"image":{"@id":"https:\/\/www.alanyaproperties.com\/de\/de-neuigkeiten\/das-kuere-gebirge-in-der-tuerkei-wird-zur-beliebten-touristenattraktion\/#primaryimage"},"thumbnailUrl":"https:\/\/i0.wp.com\/www.alanyaproperties.com\/wp-content\/uploads\/2020\/02\/Campingplatz.jpg?fit=960%2C640&ssl=1","datePublished":"2020-02-07T06:51:28+00:00","dateModified":"2020-02-07T06:51:28+00:00","description":"Das K\u00fcre-Gebirge in der T\u00fcrkei wird zur beliebten Touristenattraktion - Properties in Alanya.","breadcrumb":{"@id":"https:\/\/www.alanyaproperties.com\/de\/de-neuigkeiten\/das-kuere-gebirge-in-der-tuerkei-wird-zur-beliebten-touristenattraktion\/#breadcrumb"},"inLanguage":"de-DE","potentialAction":[{"@type":"ReadAction","target":["https:\/\/www.alanyaproperties.com\/de\/de-neuigkeiten\/das-kuere-gebirge-in-der-tuerkei-wird-zur-beliebten-touristenattraktion\/"]}]},{"@type":"ImageObject","inLanguage":"de-DE","@id":"https:\/\/www.alanyaproperties.com\/de\/de-neuigkeiten\/das-kuere-gebirge-in-der-tuerkei-wird-zur-beliebten-touristenattraktion\/#primaryimage","url":"https:\/\/i0.wp.com\/www.alanyaproperties.com\/wp-content\/uploads\/2020\/02\/Campingplatz.jpg?fit=960%2C640&ssl=1","contentUrl":"https:\/\/i0.wp.com\/www.alanyaproperties.com\/wp-content\/uploads\/2020\/02\/Campingplatz.jpg?fit=960%2C640&ssl=1","width":960,"height":640},{"@type":"BreadcrumbList","@id":"https:\/\/www.alanyaproperties.com\/de\/de-neuigkeiten\/das-kuere-gebirge-in-der-tuerkei-wird-zur-beliebten-touristenattraktion\/#breadcrumb","itemListElement":[{"@type":"ListItem","position":1,"name":"Home","item":"https:\/\/www.alanyaproperties.com\/de\/"},{"@type":"ListItem","position":2,"name":"Das K\u00fcre-Gebirge in der T\u00fcrkei wird zur beliebten Touristenattraktion"}]},{"@type":"WebSite","@id":"https:\/\/www.alanyaproperties.com\/de\/#website","url":"https:\/\/www.alanyaproperties.com\/de\/","name":"Properties in Alanya.","description":"Wohnungen in Alanya. Immobilien in der T\u00fcrkei zu verkaufen.","publisher":{"@id":"https:\/\/www.alanyaproperties.com\/de\/#organization"},"potentialAction":[{"@type":"SearchAction","target":{"@type":"EntryPoint","urlTemplate":"https:\/\/www.alanyaproperties.com\/de\/?s={search_term_string}"},"query-input":"required name=search_term_string"}],"inLanguage":"de-DE"},{"@type":"Organization","@id":"https:\/\/www.alanyaproperties.com\/de\/#organization","name":"Alanya Properties","url":"https:\/\/www.alanyaproperties.com\/de\/","logo":{"@type":"ImageObject","inLanguage":"de-DE","@id":"https:\/\/www.alanyaproperties.com\/de\/#\/schema\/logo\/image\/","url":"https:\/\/i0.wp.com\/www.alanyaproperties.com\/wp-content\/uploads\/2017\/06\/alanya-properties-logo-180to.png?fit=180%2C81&ssl=1","contentUrl":"https:\/\/i0.wp.com\/www.alanyaproperties.com\/wp-content\/uploads\/2017\/06\/alanya-properties-logo-180to.png?fit=180%2C81&ssl=1","width":180,"height":81,"caption":"Alanya Properties"},"image":{"@id":"https:\/\/www.alanyaproperties.com\/de\/#\/schema\/logo\/image\/"},"sameAs":["https:\/\/www.facebook.com\/alanyaproperties\/","https:\/\/x.com\/alanyapro","https:\/\/www.instagram.com\/alanyaproperties\/","https:\/\/www.youtube.com\/c\/AlanyaProperties"]},{"@type":"Person","@id":"https:\/\/www.alanyaproperties.com\/de\/#\/schema\/person\/772cf3e343cb4cc8adbd2af044068b3c","name":"Bettina Sezgin","image":{"@type":"ImageObject","inLanguage":"de-DE","@id":"https:\/\/www.alanyaproperties.com\/de\/#\/schema\/person\/image\/","url":"https:\/\/secure.gravatar.com\/avatar\/8c0b89b2e428954171c86751bded324e?s=96&d=mm&r=g","contentUrl":"https:\/\/secure.gravatar.com\/avatar\/8c0b89b2e428954171c86751bded324e?s=96&d=mm&r=g","caption":"Bettina Sezgin"},"sameAs":["http:\/\/www.alanyaproperties.com"],"url":"https:\/\/www.alanyaproperties.com\/de\/author\/bettina\/"}]}},"jetpack_sharing_enabled":true,"jetpack_featured_media_url":"https:\/\/i0.wp.com\/www.alanyaproperties.com\/wp-content\/uploads\/2020\/02\/Campingplatz.jpg?fit=960%2C640&ssl=1","_links":{"self":[{"href":"https:\/\/www.alanyaproperties.com\/de\/wp-json\/wp\/v2\/posts\/175876"}],"collection":[{"href":"https:\/\/www.alanyaproperties.com\/de\/wp-json\/wp\/v2\/posts"}],"about":[{"href":"https:\/\/www.alanyaproperties.com\/de\/wp-json\/wp\/v2\/types\/post"}],"author":[{"embeddable":true,"href":"https:\/\/www.alanyaproperties.com\/de\/wp-json\/wp\/v2\/users\/33"}],"replies":[{"embeddable":true,"href":"https:\/\/www.alanyaproperties.com\/de\/wp-json\/wp\/v2\/comments?post=175876"}],"version-history":[{"count":0,"href":"https:\/\/www.alanyaproperties.com\/de\/wp-json\/wp\/v2\/posts\/175876\/revisions"}],"wp:featuredmedia":[{"embeddable":true,"href":"https:\/\/www.alanyaproperties.com\/de\/wp-json\/wp\/v2\/media\/175877"}],"wp:attachment":[{"href":"https:\/\/www.alanyaproperties.com\/de\/wp-json\/wp\/v2\/media?parent=175876"}],"wp:term":[{"taxonomy":"category","embeddable":true,"href":"https:\/\/www.alanyaproperties.com\/de\/wp-json\/wp\/v2\/categories?post=175876"},{"taxonomy":"post_tag","embeddable":true,"href":"https:\/\/www.alanyaproperties.com\/de\/wp-json\/wp\/v2\/tags?post=175876"}],"curies":[{"name":"wp","href":"https:\/\/api.w.org\/{rel}","templated":true}]}}