{"id":168942,"date":"2020-01-03T06:42:33","date_gmt":"2020-01-03T06:42:33","guid":{"rendered":"http:\/\/www.alanyaproperties.com\/?p=168942"},"modified":"2020-01-03T06:42:33","modified_gmt":"2020-01-03T06:42:33","slug":"ladestation-fuer-elektrische-rollstuehle-in-alanya","status":"publish","type":"post","link":"https:\/\/www.alanyaproperties.com\/de\/de-neuigkeiten\/ladestation-fuer-elektrische-rollstuehle-in-alanya\/","title":{"rendered":"Ladestation f\u00fcr elektrische Rollst\u00fchle in Alanya"},"content":{"rendered":"<p>Ladestation f\u00fcr elektrische Rollst\u00fchle in <a href=\"http:\/\/www.alanyaproperties.com\/de\/ueber-die-tuerkei\/alanya-about-turkey\/alanya-tuerkei\/\"><em><strong>Alanya<\/strong><\/em><\/a>.<\/p>\n<p>Der Park soll mit seinem 230 m\u00b2 gro\u00dfen geschlossenen Bereich und der Cafeteria, die den B\u00fcrgern zu jeder Jahreszeit mit einer Holzterrasse und einem offenen Bereich f\u00fcr Menschen mit Behinderungen zur Verf\u00fcgung steht, der Ruhepunkt der \u00d6ffentlichkeit sein.<\/p>\n<p>Im diesem Park wurde auch eine Ladestation f\u00fcr elektrische Rollst\u00fchle installiert, so dass auch behinderte Menschen mit Rollst\u00fchlen eine M\u00f6glichkeit haben, Sozialaktivit\u00e4ten zu nutzen!<\/p>\n<p>Schauen Sie auch rein in unsere <a href=\"http:\/\/www.alanyaproperties.com\/de\/immobilien-in-der-tuerkei\/wohnungen-zu-verkaufen\/\"><strong>Wohnungen zu verkaufen<\/strong><\/a> in Alanya.<\/p>\n<p>&nbsp;<\/p>\n<p><img loading=\"lazy\" decoding=\"async\" class=\"alignnone size-medium wp-image-168955\" src=\"https:\/\/i0.wp.com\/www.alanyaproperties.com\/wp-content\/uploads\/2020\/01\/Rollstuhl-300x200.jpg?resize=300%2C200\" alt=\"\" width=\"300\" height=\"200\" srcset=\"https:\/\/i0.wp.com\/www.alanyaproperties.com\/wp-content\/uploads\/2020\/01\/Rollstuhl.jpg?resize=300%2C200&amp;ssl=1 300w, https:\/\/i0.wp.com\/www.alanyaproperties.com\/wp-content\/uploads\/2020\/01\/Rollstuhl.jpg?resize=768%2C512&amp;ssl=1 768w, https:\/\/i0.wp.com\/www.alanyaproperties.com\/wp-content\/uploads\/2020\/01\/Rollstuhl.jpg?resize=150%2C100&amp;ssl=1 150w, https:\/\/i0.wp.com\/www.alanyaproperties.com\/wp-content\/uploads\/2020\/01\/Rollstuhl.jpg?resize=385%2C258&amp;ssl=1 385w, https:\/\/i0.wp.com\/www.alanyaproperties.com\/wp-content\/uploads\/2020\/01\/Rollstuhl.jpg?resize=350%2C233&amp;ssl=1 350w, https:\/\/i0.wp.com\/www.alanyaproperties.com\/wp-content\/uploads\/2020\/01\/Rollstuhl.jpg?resize=720%2C480&amp;ssl=1 720w, https:\/\/i0.wp.com\/www.alanyaproperties.com\/wp-content\/uploads\/2020\/01\/Rollstuhl.jpg?w=1000&amp;ssl=1 1000w\" sizes=\"(max-width: 300px) 100vw, 300px\" data-recalc-dims=\"1\" \/><img loading=\"lazy\" decoding=\"async\" class=\"alignnone size-medium wp-image-168943\" src=\"https:\/\/i0.wp.com\/www.alanyaproperties.com\/wp-content\/uploads\/2020\/01\/Rollstuhl-1-300x200.jpg?resize=300%2C200\" alt=\"\" width=\"300\" height=\"200\" srcset=\"https:\/\/i0.wp.com\/www.alanyaproperties.com\/wp-content\/uploads\/2020\/01\/Rollstuhl-1.jpg?resize=300%2C200&amp;ssl=1 300w, https:\/\/i0.wp.com\/www.alanyaproperties.com\/wp-content\/uploads\/2020\/01\/Rollstuhl-1.jpg?resize=768%2C512&amp;ssl=1 768w, https:\/\/i0.wp.com\/www.alanyaproperties.com\/wp-content\/uploads\/2020\/01\/Rollstuhl-1.jpg?resize=150%2C100&amp;ssl=1 150w, https:\/\/i0.wp.com\/www.alanyaproperties.com\/wp-content\/uploads\/2020\/01\/Rollstuhl-1.jpg?resize=385%2C258&amp;ssl=1 385w, https:\/\/i0.wp.com\/www.alanyaproperties.com\/wp-content\/uploads\/2020\/01\/Rollstuhl-1.jpg?resize=350%2C233&amp;ssl=1 350w, https:\/\/i0.wp.com\/www.alanyaproperties.com\/wp-content\/uploads\/2020\/01\/Rollstuhl-1.jpg?resize=720%2C480&amp;ssl=1 720w, https:\/\/i0.wp.com\/www.alanyaproperties.com\/wp-content\/uploads\/2020\/01\/Rollstuhl-1.jpg?w=1000&amp;ssl=1 1000w\" sizes=\"(max-width: 300px) 100vw, 300px\" data-recalc-dims=\"1\" \/><\/p>\n","protected":false},"excerpt":{"rendered":"<p>Ladestation f\u00fcr elektrische Rollst\u00fchle in Alanya. Der Park soll mit seinem 230 m\u00b2 gro\u00dfen geschlossenen Bereich und der Cafeteria, die den B\u00fcrgern zu jeder Jahreszeit mit einer Holzterrasse und einem offenen Bereich f\u00fcr Menschen mit Behinderungen zur Verf\u00fcgung steht, der Ruhepunkt der \u00d6ffentlichkeit sein. Im diesem Park wurde auch eine Ladestation f\u00fcr elektrische Rollst\u00fchle installiert, [&hellip;]<\/p>\n","protected":false},"author":33,"featured_media":168943,"comment_status":"closed","ping_status":"closed","sticky":false,"template":"","format":"standard","meta":{"footnotes":""},"categories":[1877,1891,1742,1884],"tags":[],"yoast_head":"<!-- This site is optimized with the Yoast SEO plugin v22.6 - https:\/\/yoast.com\/wordpress\/plugins\/seo\/ -->\n<title>Ladestation f\u00fcr elektrische Rollst\u00fchle in Alanya - Properties in Alanya.<\/title>\n<meta name=\"description\" content=\"Ladestation f\u00fcr elektrische Rollst\u00fchle in Alanya - Properties in Alanya.\" \/>\n<meta name=\"robots\" content=\"index, follow, max-snippet:-1, max-image-preview:large, max-video-preview:-1\" \/>\n<link rel=\"canonical\" href=\"https:\/\/www.alanyaproperties.com\/de\/de-neuigkeiten\/ladestation-fuer-elektrische-rollstuehle-in-alanya\/\" \/>\n<meta property=\"og:locale\" content=\"de_DE\" \/>\n<meta property=\"og:type\" content=\"article\" \/>\n<meta property=\"og:title\" content=\"Ladestation f\u00fcr elektrische Rollst\u00fchle in Alanya - Properties in Alanya.\" \/>\n<meta property=\"og:description\" content=\"Ladestation f\u00fcr elektrische Rollst\u00fchle in Alanya - Properties in Alanya.\" \/>\n<meta property=\"og:url\" content=\"https:\/\/www.alanyaproperties.com\/de\/de-neuigkeiten\/ladestation-fuer-elektrische-rollstuehle-in-alanya\/\" \/>\n<meta property=\"og:site_name\" content=\"Properties in Alanya.\" \/>\n<meta property=\"article:publisher\" content=\"https:\/\/www.facebook.com\/alanyaproperties\/\" \/>\n<meta property=\"article:published_time\" content=\"2020-01-03T06:42:33+00:00\" \/>\n<meta property=\"og:image\" content=\"https:\/\/www.alanyaproperties.com\/wp-content\/uploads\/2020\/01\/Rollstuhl-1.jpg\" \/>\n\t<meta property=\"og:image:width\" content=\"1000\" \/>\n\t<meta property=\"og:image:height\" content=\"667\" \/>\n\t<meta property=\"og:image:type\" content=\"image\/jpeg\" \/>\n<meta name=\"author\" content=\"Bettina Sezgin\" \/>\n<meta name=\"twitter:card\" content=\"summary_large_image\" \/>\n<meta name=\"twitter:creator\" content=\"@alanyapro\" \/>\n<meta name=\"twitter:site\" content=\"@alanyapro\" \/>\n<meta name=\"twitter:label1\" content=\"Verfasst von\" \/>\n\t<meta name=\"twitter:data1\" content=\"Bettina Sezgin\" \/>\n<script type=\"application\/ld+json\" class=\"yoast-schema-graph\">{\"@context\":\"https:\/\/schema.org\",\"@graph\":[{\"@type\":\"Article\",\"@id\":\"https:\/\/www.alanyaproperties.com\/de\/de-neuigkeiten\/ladestation-fuer-elektrische-rollstuehle-in-alanya\/#article\",\"isPartOf\":{\"@id\":\"https:\/\/www.alanyaproperties.com\/de\/de-neuigkeiten\/ladestation-fuer-elektrische-rollstuehle-in-alanya\/\"},\"author\":{\"name\":\"Bettina Sezgin\",\"@id\":\"https:\/\/www.alanyaproperties.com\/de\/#\/schema\/person\/772cf3e343cb4cc8adbd2af044068b3c\"},\"headline\":\"Ladestation f\u00fcr elektrische Rollst\u00fchle in Alanya\",\"datePublished\":\"2020-01-03T06:42:33+00:00\",\"dateModified\":\"2020-01-03T06:42:33+00:00\",\"mainEntityOfPage\":{\"@id\":\"https:\/\/www.alanyaproperties.com\/de\/de-neuigkeiten\/ladestation-fuer-elektrische-rollstuehle-in-alanya\/\"},\"wordCount\":98,\"publisher\":{\"@id\":\"https:\/\/www.alanyaproperties.com\/de\/#organization\"},\"image\":{\"@id\":\"https:\/\/www.alanyaproperties.com\/de\/de-neuigkeiten\/ladestation-fuer-elektrische-rollstuehle-in-alanya\/#primaryimage\"},\"thumbnailUrl\":\"https:\/\/i0.wp.com\/www.alanyaproperties.com\/wp-content\/uploads\/2020\/01\/Rollstuhl-1.jpg?fit=1000%2C667&ssl=1\",\"articleSection\":[\"Alanya\",\"Neuigkeiten aus der T\u00fcrkei\",\"Neuigkeiten aus der T\u00fcrkei\",\"T\u00fcrkei\"],\"inLanguage\":\"de-DE\"},{\"@type\":\"WebPage\",\"@id\":\"https:\/\/www.alanyaproperties.com\/de\/de-neuigkeiten\/ladestation-fuer-elektrische-rollstuehle-in-alanya\/\",\"url\":\"https:\/\/www.alanyaproperties.com\/de\/de-neuigkeiten\/ladestation-fuer-elektrische-rollstuehle-in-alanya\/\",\"name\":\"Ladestation f\u00fcr elektrische Rollst\u00fchle in Alanya - Properties in Alanya.\",\"isPartOf\":{\"@id\":\"https:\/\/www.alanyaproperties.com\/de\/#website\"},\"primaryImageOfPage\":{\"@id\":\"https:\/\/www.alanyaproperties.com\/de\/de-neuigkeiten\/ladestation-fuer-elektrische-rollstuehle-in-alanya\/#primaryimage\"},\"image\":{\"@id\":\"https:\/\/www.alanyaproperties.com\/de\/de-neuigkeiten\/ladestation-fuer-elektrische-rollstuehle-in-alanya\/#primaryimage\"},\"thumbnailUrl\":\"https:\/\/i0.wp.com\/www.alanyaproperties.com\/wp-content\/uploads\/2020\/01\/Rollstuhl-1.jpg?fit=1000%2C667&ssl=1\",\"datePublished\":\"2020-01-03T06:42:33+00:00\",\"dateModified\":\"2020-01-03T06:42:33+00:00\",\"description\":\"Ladestation f\u00fcr elektrische Rollst\u00fchle in Alanya - Properties in Alanya.\",\"breadcrumb\":{\"@id\":\"https:\/\/www.alanyaproperties.com\/de\/de-neuigkeiten\/ladestation-fuer-elektrische-rollstuehle-in-alanya\/#breadcrumb\"},\"inLanguage\":\"de-DE\",\"potentialAction\":[{\"@type\":\"ReadAction\",\"target\":[\"https:\/\/www.alanyaproperties.com\/de\/de-neuigkeiten\/ladestation-fuer-elektrische-rollstuehle-in-alanya\/\"]}]},{\"@type\":\"ImageObject\",\"inLanguage\":\"de-DE\",\"@id\":\"https:\/\/www.alanyaproperties.com\/de\/de-neuigkeiten\/ladestation-fuer-elektrische-rollstuehle-in-alanya\/#primaryimage\",\"url\":\"https:\/\/i0.wp.com\/www.alanyaproperties.com\/wp-content\/uploads\/2020\/01\/Rollstuhl-1.jpg?fit=1000%2C667&ssl=1\",\"contentUrl\":\"https:\/\/i0.wp.com\/www.alanyaproperties.com\/wp-content\/uploads\/2020\/01\/Rollstuhl-1.jpg?fit=1000%2C667&ssl=1\",\"width\":1000,\"height\":667},{\"@type\":\"BreadcrumbList\",\"@id\":\"https:\/\/www.alanyaproperties.com\/de\/de-neuigkeiten\/ladestation-fuer-elektrische-rollstuehle-in-alanya\/#breadcrumb\",\"itemListElement\":[{\"@type\":\"ListItem\",\"position\":1,\"name\":\"Home\",\"item\":\"https:\/\/www.alanyaproperties.com\/de\/\"},{\"@type\":\"ListItem\",\"position\":2,\"name\":\"Ladestation f\u00fcr elektrische Rollst\u00fchle in Alanya\"}]},{\"@type\":\"WebSite\",\"@id\":\"https:\/\/www.alanyaproperties.com\/de\/#website\",\"url\":\"https:\/\/www.alanyaproperties.com\/de\/\",\"name\":\"Properties in Alanya.\",\"description\":\"Wohnungen in Alanya. Immobilien in der T\u00fcrkei zu verkaufen.\",\"publisher\":{\"@id\":\"https:\/\/www.alanyaproperties.com\/de\/#organization\"},\"potentialAction\":[{\"@type\":\"SearchAction\",\"target\":{\"@type\":\"EntryPoint\",\"urlTemplate\":\"https:\/\/www.alanyaproperties.com\/de\/?s={search_term_string}\"},\"query-input\":\"required name=search_term_string\"}],\"inLanguage\":\"de-DE\"},{\"@type\":\"Organization\",\"@id\":\"https:\/\/www.alanyaproperties.com\/de\/#organization\",\"name\":\"Alanya Properties\",\"url\":\"https:\/\/www.alanyaproperties.com\/de\/\",\"logo\":{\"@type\":\"ImageObject\",\"inLanguage\":\"de-DE\",\"@id\":\"https:\/\/www.alanyaproperties.com\/de\/#\/schema\/logo\/image\/\",\"url\":\"https:\/\/i0.wp.com\/www.alanyaproperties.com\/wp-content\/uploads\/2017\/06\/alanya-properties-logo-180to.png?fit=180%2C81&ssl=1\",\"contentUrl\":\"https:\/\/i0.wp.com\/www.alanyaproperties.com\/wp-content\/uploads\/2017\/06\/alanya-properties-logo-180to.png?fit=180%2C81&ssl=1\",\"width\":180,\"height\":81,\"caption\":\"Alanya Properties\"},\"image\":{\"@id\":\"https:\/\/www.alanyaproperties.com\/de\/#\/schema\/logo\/image\/\"},\"sameAs\":[\"https:\/\/www.facebook.com\/alanyaproperties\/\",\"https:\/\/x.com\/alanyapro\",\"https:\/\/www.instagram.com\/alanyaproperties\/\",\"https:\/\/www.youtube.com\/c\/AlanyaProperties\"]},{\"@type\":\"Person\",\"@id\":\"https:\/\/www.alanyaproperties.com\/de\/#\/schema\/person\/772cf3e343cb4cc8adbd2af044068b3c\",\"name\":\"Bettina Sezgin\",\"image\":{\"@type\":\"ImageObject\",\"inLanguage\":\"de-DE\",\"@id\":\"https:\/\/www.alanyaproperties.com\/de\/#\/schema\/person\/image\/\",\"url\":\"https:\/\/secure.gravatar.com\/avatar\/8c0b89b2e428954171c86751bded324e?s=96&d=mm&r=g\",\"contentUrl\":\"https:\/\/secure.gravatar.com\/avatar\/8c0b89b2e428954171c86751bded324e?s=96&d=mm&r=g\",\"caption\":\"Bettina Sezgin\"},\"sameAs\":[\"http:\/\/www.alanyaproperties.com\"],\"url\":\"https:\/\/www.alanyaproperties.com\/de\/author\/bettina\/\"}]}<\/script>\n<!-- \/ Yoast SEO plugin. -->","yoast_head_json":{"title":"Ladestation f\u00fcr elektrische Rollst\u00fchle in Alanya - Properties in Alanya.","description":"Ladestation f\u00fcr elektrische Rollst\u00fchle in Alanya - Properties in Alanya.","robots":{"index":"index","follow":"follow","max-snippet":"max-snippet:-1","max-image-preview":"max-image-preview:large","max-video-preview":"max-video-preview:-1"},"canonical":"https:\/\/www.alanyaproperties.com\/de\/de-neuigkeiten\/ladestation-fuer-elektrische-rollstuehle-in-alanya\/","og_locale":"de_DE","og_type":"article","og_title":"Ladestation f\u00fcr elektrische Rollst\u00fchle in Alanya - Properties in Alanya.","og_description":"Ladestation f\u00fcr elektrische Rollst\u00fchle in Alanya - Properties in Alanya.","og_url":"https:\/\/www.alanyaproperties.com\/de\/de-neuigkeiten\/ladestation-fuer-elektrische-rollstuehle-in-alanya\/","og_site_name":"Properties in Alanya.","article_publisher":"https:\/\/www.facebook.com\/alanyaproperties\/","article_published_time":"2020-01-03T06:42:33+00:00","og_image":[{"width":1000,"height":667,"url":"https:\/\/www.alanyaproperties.com\/wp-content\/uploads\/2020\/01\/Rollstuhl-1.jpg","type":"image\/jpeg"}],"author":"Bettina Sezgin","twitter_card":"summary_large_image","twitter_creator":"@alanyapro","twitter_site":"@alanyapro","twitter_misc":{"Verfasst von":"Bettina Sezgin"},"schema":{"@context":"https:\/\/schema.org","@graph":[{"@type":"Article","@id":"https:\/\/www.alanyaproperties.com\/de\/de-neuigkeiten\/ladestation-fuer-elektrische-rollstuehle-in-alanya\/#article","isPartOf":{"@id":"https:\/\/www.alanyaproperties.com\/de\/de-neuigkeiten\/ladestation-fuer-elektrische-rollstuehle-in-alanya\/"},"author":{"name":"Bettina Sezgin","@id":"https:\/\/www.alanyaproperties.com\/de\/#\/schema\/person\/772cf3e343cb4cc8adbd2af044068b3c"},"headline":"Ladestation f\u00fcr elektrische Rollst\u00fchle in Alanya","datePublished":"2020-01-03T06:42:33+00:00","dateModified":"2020-01-03T06:42:33+00:00","mainEntityOfPage":{"@id":"https:\/\/www.alanyaproperties.com\/de\/de-neuigkeiten\/ladestation-fuer-elektrische-rollstuehle-in-alanya\/"},"wordCount":98,"publisher":{"@id":"https:\/\/www.alanyaproperties.com\/de\/#organization"},"image":{"@id":"https:\/\/www.alanyaproperties.com\/de\/de-neuigkeiten\/ladestation-fuer-elektrische-rollstuehle-in-alanya\/#primaryimage"},"thumbnailUrl":"https:\/\/i0.wp.com\/www.alanyaproperties.com\/wp-content\/uploads\/2020\/01\/Rollstuhl-1.jpg?fit=1000%2C667&ssl=1","articleSection":["Alanya","Neuigkeiten aus der T\u00fcrkei","Neuigkeiten aus der T\u00fcrkei","T\u00fcrkei"],"inLanguage":"de-DE"},{"@type":"WebPage","@id":"https:\/\/www.alanyaproperties.com\/de\/de-neuigkeiten\/ladestation-fuer-elektrische-rollstuehle-in-alanya\/","url":"https:\/\/www.alanyaproperties.com\/de\/de-neuigkeiten\/ladestation-fuer-elektrische-rollstuehle-in-alanya\/","name":"Ladestation f\u00fcr elektrische Rollst\u00fchle in Alanya - Properties in Alanya.","isPartOf":{"@id":"https:\/\/www.alanyaproperties.com\/de\/#website"},"primaryImageOfPage":{"@id":"https:\/\/www.alanyaproperties.com\/de\/de-neuigkeiten\/ladestation-fuer-elektrische-rollstuehle-in-alanya\/#primaryimage"},"image":{"@id":"https:\/\/www.alanyaproperties.com\/de\/de-neuigkeiten\/ladestation-fuer-elektrische-rollstuehle-in-alanya\/#primaryimage"},"thumbnailUrl":"https:\/\/i0.wp.com\/www.alanyaproperties.com\/wp-content\/uploads\/2020\/01\/Rollstuhl-1.jpg?fit=1000%2C667&ssl=1","datePublished":"2020-01-03T06:42:33+00:00","dateModified":"2020-01-03T06:42:33+00:00","description":"Ladestation f\u00fcr elektrische Rollst\u00fchle in Alanya - Properties in Alanya.","breadcrumb":{"@id":"https:\/\/www.alanyaproperties.com\/de\/de-neuigkeiten\/ladestation-fuer-elektrische-rollstuehle-in-alanya\/#breadcrumb"},"inLanguage":"de-DE","potentialAction":[{"@type":"ReadAction","target":["https:\/\/www.alanyaproperties.com\/de\/de-neuigkeiten\/ladestation-fuer-elektrische-rollstuehle-in-alanya\/"]}]},{"@type":"ImageObject","inLanguage":"de-DE","@id":"https:\/\/www.alanyaproperties.com\/de\/de-neuigkeiten\/ladestation-fuer-elektrische-rollstuehle-in-alanya\/#primaryimage","url":"https:\/\/i0.wp.com\/www.alanyaproperties.com\/wp-content\/uploads\/2020\/01\/Rollstuhl-1.jpg?fit=1000%2C667&ssl=1","contentUrl":"https:\/\/i0.wp.com\/www.alanyaproperties.com\/wp-content\/uploads\/2020\/01\/Rollstuhl-1.jpg?fit=1000%2C667&ssl=1","width":1000,"height":667},{"@type":"BreadcrumbList","@id":"https:\/\/www.alanyaproperties.com\/de\/de-neuigkeiten\/ladestation-fuer-elektrische-rollstuehle-in-alanya\/#breadcrumb","itemListElement":[{"@type":"ListItem","position":1,"name":"Home","item":"https:\/\/www.alanyaproperties.com\/de\/"},{"@type":"ListItem","position":2,"name":"Ladestation f\u00fcr elektrische Rollst\u00fchle in Alanya"}]},{"@type":"WebSite","@id":"https:\/\/www.alanyaproperties.com\/de\/#website","url":"https:\/\/www.alanyaproperties.com\/de\/","name":"Properties in Alanya.","description":"Wohnungen in Alanya. Immobilien in der T\u00fcrkei zu verkaufen.","publisher":{"@id":"https:\/\/www.alanyaproperties.com\/de\/#organization"},"potentialAction":[{"@type":"SearchAction","target":{"@type":"EntryPoint","urlTemplate":"https:\/\/www.alanyaproperties.com\/de\/?s={search_term_string}"},"query-input":"required name=search_term_string"}],"inLanguage":"de-DE"},{"@type":"Organization","@id":"https:\/\/www.alanyaproperties.com\/de\/#organization","name":"Alanya Properties","url":"https:\/\/www.alanyaproperties.com\/de\/","logo":{"@type":"ImageObject","inLanguage":"de-DE","@id":"https:\/\/www.alanyaproperties.com\/de\/#\/schema\/logo\/image\/","url":"https:\/\/i0.wp.com\/www.alanyaproperties.com\/wp-content\/uploads\/2017\/06\/alanya-properties-logo-180to.png?fit=180%2C81&ssl=1","contentUrl":"https:\/\/i0.wp.com\/www.alanyaproperties.com\/wp-content\/uploads\/2017\/06\/alanya-properties-logo-180to.png?fit=180%2C81&ssl=1","width":180,"height":81,"caption":"Alanya Properties"},"image":{"@id":"https:\/\/www.alanyaproperties.com\/de\/#\/schema\/logo\/image\/"},"sameAs":["https:\/\/www.facebook.com\/alanyaproperties\/","https:\/\/x.com\/alanyapro","https:\/\/www.instagram.com\/alanyaproperties\/","https:\/\/www.youtube.com\/c\/AlanyaProperties"]},{"@type":"Person","@id":"https:\/\/www.alanyaproperties.com\/de\/#\/schema\/person\/772cf3e343cb4cc8adbd2af044068b3c","name":"Bettina Sezgin","image":{"@type":"ImageObject","inLanguage":"de-DE","@id":"https:\/\/www.alanyaproperties.com\/de\/#\/schema\/person\/image\/","url":"https:\/\/secure.gravatar.com\/avatar\/8c0b89b2e428954171c86751bded324e?s=96&d=mm&r=g","contentUrl":"https:\/\/secure.gravatar.com\/avatar\/8c0b89b2e428954171c86751bded324e?s=96&d=mm&r=g","caption":"Bettina Sezgin"},"sameAs":["http:\/\/www.alanyaproperties.com"],"url":"https:\/\/www.alanyaproperties.com\/de\/author\/bettina\/"}]}},"jetpack_sharing_enabled":true,"jetpack_featured_media_url":"https:\/\/i0.wp.com\/www.alanyaproperties.com\/wp-content\/uploads\/2020\/01\/Rollstuhl-1.jpg?fit=1000%2C667&ssl=1","_links":{"self":[{"href":"https:\/\/www.alanyaproperties.com\/de\/wp-json\/wp\/v2\/posts\/168942"}],"collection":[{"href":"https:\/\/www.alanyaproperties.com\/de\/wp-json\/wp\/v2\/posts"}],"about":[{"href":"https:\/\/www.alanyaproperties.com\/de\/wp-json\/wp\/v2\/types\/post"}],"author":[{"embeddable":true,"href":"https:\/\/www.alanyaproperties.com\/de\/wp-json\/wp\/v2\/users\/33"}],"replies":[{"embeddable":true,"href":"https:\/\/www.alanyaproperties.com\/de\/wp-json\/wp\/v2\/comments?post=168942"}],"version-history":[{"count":0,"href":"https:\/\/www.alanyaproperties.com\/de\/wp-json\/wp\/v2\/posts\/168942\/revisions"}],"wp:featuredmedia":[{"embeddable":true,"href":"https:\/\/www.alanyaproperties.com\/de\/wp-json\/wp\/v2\/media\/168943"}],"wp:attachment":[{"href":"https:\/\/www.alanyaproperties.com\/de\/wp-json\/wp\/v2\/media?parent=168942"}],"wp:term":[{"taxonomy":"category","embeddable":true,"href":"https:\/\/www.alanyaproperties.com\/de\/wp-json\/wp\/v2\/categories?post=168942"},{"taxonomy":"post_tag","embeddable":true,"href":"https:\/\/www.alanyaproperties.com\/de\/wp-json\/wp\/v2\/tags?post=168942"}],"curies":[{"name":"wp","href":"https:\/\/api.w.org\/{rel}","templated":true}]}}