{"id":168342,"date":"2019-12-28T07:40:55","date_gmt":"2019-12-28T07:40:55","guid":{"rendered":"http:\/\/www.alanyaproperties.com\/?p=168342"},"modified":"2019-12-28T07:40:55","modified_gmt":"2019-12-28T07:40:55","slug":"tuerkei-praesentiert-erstes-eigenes-elektroauto","status":"publish","type":"post","link":"https:\/\/www.alanyaproperties.com\/de\/de-neuigkeiten\/tuerkei-praesentiert-erstes-eigenes-elektroauto\/","title":{"rendered":"T\u00fcrkei pr\u00e4sentiert erstes eigenes Elektroauto"},"content":{"rendered":"<p><em><strong>T\u00fcrkei<\/strong><\/em> pr\u00e4sentiert erstes eigenes Elektroauto.<\/p>\n<p>Bei dem Auto handelt sich um ein Elektrofahrzeug, das 2022 in Herstellung gehen soll. Insgesamt soll es f\u00fcnf Modelle geben.<\/p>\n<p>Die <em>T\u00fcrkei<\/em> will in den n\u00e4chsten dreizehn Jahren mehr als drei Milliarden Euro in die Entwicklung und den Bau eines eigenen Elektroautos investieren. J\u00e4hrlich sollen in einer Fabrik in der nordwestlichen Provinz Bursa bis zu 175.000 Fahrzeuge produziert werden, wie die Regierung \u00fcber das Amtsblatt mitteilte. Mehr als 4.000 Arbeitskr\u00e4fte sollen dort besch\u00e4ftigt werden.<\/p>\n<p>Der Bau eines eigenen t\u00fcrkischen Elektroautos ist ein langj\u00e4hriges Ziel von der Regierung.\u00a0 Angek\u00fcndigt wurde das Projekt im November 2017 und soll als Beweis f\u00fcr die wachsende Wirtschaftskraft des Landes dienen.<\/p>\n<p>Die <strong>T\u00fcrkei<\/strong> ist bereits ein bedeutender Exporteur von Autos nach Europa, die in der T\u00fcrkei jedoch von gro\u00dfen globalen Herstellern wie <strong>Ford<\/strong>, <strong>Fiat Crysler<\/strong>, <strong>Renault<\/strong> , <strong>Toyota<\/strong> und <strong>Hyundai<\/strong>\u00a0hergestellt werden.<\/p>\n<p>Grosskunden aus den arabischen L\u00e4ndern haben schon Auftr\u00e4ge gegeben. <img loading=\"lazy\" decoding=\"async\" class=\"alignnone size-medium wp-image-168347\" src=\"https:\/\/i0.wp.com\/www.alanyaproperties.com\/wp-content\/uploads\/2019\/12\/TOGG-Immobilien-in-der-T\u00fcrkei-1-300x168.jpg?resize=300%2C168\" alt=\"\" width=\"300\" height=\"168\" srcset=\"https:\/\/i0.wp.com\/www.alanyaproperties.com\/wp-content\/uploads\/2019\/12\/TOGG-Immobilien-in-der-T\u00fcrkei-1.jpg?w=300&amp;ssl=1 300w, https:\/\/i0.wp.com\/www.alanyaproperties.com\/wp-content\/uploads\/2019\/12\/TOGG-Immobilien-in-der-T\u00fcrkei-1.jpg?resize=150%2C84&amp;ssl=1 150w\" sizes=\"(max-width: 300px) 100vw, 300px\" data-recalc-dims=\"1\" \/><img loading=\"lazy\" decoding=\"async\" class=\"alignnone size-medium wp-image-168359\" src=\"https:\/\/i0.wp.com\/www.alanyaproperties.com\/wp-content\/uploads\/2019\/12\/TOGG-Immobilien-in-der-T\u00fcrkei-2-300x170.jpg?resize=300%2C170\" alt=\"\" width=\"300\" height=\"170\" srcset=\"https:\/\/i0.wp.com\/www.alanyaproperties.com\/wp-content\/uploads\/2019\/12\/TOGG-Immobilien-in-der-T\u00fcrkei-2.jpg?resize=300%2C170&amp;ssl=1 300w, https:\/\/i0.wp.com\/www.alanyaproperties.com\/wp-content\/uploads\/2019\/12\/TOGG-Immobilien-in-der-T\u00fcrkei-2.jpg?resize=768%2C436&amp;ssl=1 768w, https:\/\/i0.wp.com\/www.alanyaproperties.com\/wp-content\/uploads\/2019\/12\/TOGG-Immobilien-in-der-T\u00fcrkei-2.jpg?resize=1024%2C581&amp;ssl=1 1024w, https:\/\/i0.wp.com\/www.alanyaproperties.com\/wp-content\/uploads\/2019\/12\/TOGG-Immobilien-in-der-T\u00fcrkei-2.jpg?resize=150%2C85&amp;ssl=1 150w, https:\/\/i0.wp.com\/www.alanyaproperties.com\/wp-content\/uploads\/2019\/12\/TOGG-Immobilien-in-der-T\u00fcrkei-2.jpg?resize=350%2C199&amp;ssl=1 350w, https:\/\/i0.wp.com\/www.alanyaproperties.com\/wp-content\/uploads\/2019\/12\/TOGG-Immobilien-in-der-T\u00fcrkei-2.jpg?resize=846%2C480&amp;ssl=1 846w, https:\/\/i0.wp.com\/www.alanyaproperties.com\/wp-content\/uploads\/2019\/12\/TOGG-Immobilien-in-der-T\u00fcrkei-2.jpg?w=1026&amp;ssl=1 1026w\" sizes=\"(max-width: 300px) 100vw, 300px\" data-recalc-dims=\"1\" \/><img loading=\"lazy\" decoding=\"async\" class=\"alignnone size-medium wp-image-168371\" src=\"https:\/\/i0.wp.com\/www.alanyaproperties.com\/wp-content\/uploads\/2019\/12\/TOGG-Immobilien-in-der-T\u00fcrkei-300x169.jpg?resize=300%2C169\" alt=\"\" width=\"300\" height=\"169\" srcset=\"https:\/\/i0.wp.com\/www.alanyaproperties.com\/wp-content\/uploads\/2019\/12\/TOGG-Immobilien-in-der-T\u00fcrkei.jpg?resize=300%2C169&amp;ssl=1 300w, https:\/\/i0.wp.com\/www.alanyaproperties.com\/wp-content\/uploads\/2019\/12\/TOGG-Immobilien-in-der-T\u00fcrkei.jpg?resize=150%2C84&amp;ssl=1 150w, https:\/\/i0.wp.com\/www.alanyaproperties.com\/wp-content\/uploads\/2019\/12\/TOGG-Immobilien-in-der-T\u00fcrkei.jpg?resize=350%2C197&amp;ssl=1 350w, https:\/\/i0.wp.com\/www.alanyaproperties.com\/wp-content\/uploads\/2019\/12\/TOGG-Immobilien-in-der-T\u00fcrkei.jpg?w=729&amp;ssl=1 729w\" sizes=\"(max-width: 300px) 100vw, 300px\" data-recalc-dims=\"1\" \/><\/p>\n<p>&nbsp;<\/p>\n<p>&nbsp;<\/p>\n","protected":false},"excerpt":{"rendered":"<p>T\u00fcrkei pr\u00e4sentiert erstes eigenes Elektroauto. Bei dem Auto handelt sich um ein Elektrofahrzeug, das 2022 in Herstellung gehen soll. Insgesamt soll es f\u00fcnf Modelle geben. Die T\u00fcrkei will in den n\u00e4chsten dreizehn Jahren mehr als drei Milliarden Euro in die Entwicklung und den Bau eines eigenen Elektroautos investieren. J\u00e4hrlich sollen in einer Fabrik in der [&hellip;]<\/p>\n","protected":false},"author":33,"featured_media":168359,"comment_status":"closed","ping_status":"closed","sticky":false,"template":"","format":"standard","meta":{"footnotes":""},"categories":[1891,1742],"tags":[],"yoast_head":"<!-- This site is optimized with the Yoast SEO plugin v22.6 - https:\/\/yoast.com\/wordpress\/plugins\/seo\/ -->\n<title>T\u00fcrkei pr\u00e4sentiert erstes eigenes Elektroauto - Properties in Alanya.<\/title>\n<meta name=\"description\" content=\"T\u00fcrkei pr\u00e4sentiert erstes eigenes Elektroauto - Properties in Alanya.\" \/>\n<meta name=\"robots\" content=\"index, follow, max-snippet:-1, max-image-preview:large, max-video-preview:-1\" \/>\n<link rel=\"canonical\" href=\"https:\/\/www.alanyaproperties.com\/de\/de-neuigkeiten\/tuerkei-praesentiert-erstes-eigenes-elektroauto\/\" \/>\n<meta property=\"og:locale\" content=\"de_DE\" \/>\n<meta property=\"og:type\" content=\"article\" \/>\n<meta property=\"og:title\" content=\"T\u00fcrkei pr\u00e4sentiert erstes eigenes Elektroauto - Properties in Alanya.\" \/>\n<meta property=\"og:description\" content=\"T\u00fcrkei pr\u00e4sentiert erstes eigenes Elektroauto - Properties in Alanya.\" \/>\n<meta property=\"og:url\" content=\"https:\/\/www.alanyaproperties.com\/de\/de-neuigkeiten\/tuerkei-praesentiert-erstes-eigenes-elektroauto\/\" \/>\n<meta property=\"og:site_name\" content=\"Properties in Alanya.\" \/>\n<meta property=\"article:publisher\" content=\"https:\/\/www.facebook.com\/alanyaproperties\/\" \/>\n<meta property=\"article:published_time\" content=\"2019-12-28T07:40:55+00:00\" \/>\n<meta property=\"og:image\" content=\"https:\/\/www.alanyaproperties.com\/wp-content\/uploads\/2019\/12\/TOGG-Immobilien-in-der-T\u00fcrkei-2.jpg\" \/>\n\t<meta property=\"og:image:width\" content=\"1026\" \/>\n\t<meta property=\"og:image:height\" content=\"582\" \/>\n\t<meta property=\"og:image:type\" content=\"image\/jpeg\" \/>\n<meta name=\"author\" content=\"Bettina Sezgin\" \/>\n<meta name=\"twitter:card\" content=\"summary_large_image\" \/>\n<meta name=\"twitter:creator\" content=\"@alanyapro\" \/>\n<meta name=\"twitter:site\" content=\"@alanyapro\" \/>\n<meta name=\"twitter:label1\" content=\"Verfasst von\" \/>\n\t<meta name=\"twitter:data1\" content=\"Bettina Sezgin\" \/>\n\t<meta name=\"twitter:label2\" content=\"Gesch\u00e4tzte Lesezeit\" \/>\n\t<meta name=\"twitter:data2\" content=\"1 Minute\" \/>\n<script type=\"application\/ld+json\" class=\"yoast-schema-graph\">{\"@context\":\"https:\/\/schema.org\",\"@graph\":[{\"@type\":\"Article\",\"@id\":\"https:\/\/www.alanyaproperties.com\/de\/de-neuigkeiten\/tuerkei-praesentiert-erstes-eigenes-elektroauto\/#article\",\"isPartOf\":{\"@id\":\"https:\/\/www.alanyaproperties.com\/de\/de-neuigkeiten\/tuerkei-praesentiert-erstes-eigenes-elektroauto\/\"},\"author\":{\"name\":\"Bettina Sezgin\",\"@id\":\"https:\/\/www.alanyaproperties.com\/de\/#\/schema\/person\/772cf3e343cb4cc8adbd2af044068b3c\"},\"headline\":\"T\u00fcrkei pr\u00e4sentiert erstes eigenes Elektroauto\",\"datePublished\":\"2019-12-28T07:40:55+00:00\",\"dateModified\":\"2019-12-28T07:40:55+00:00\",\"mainEntityOfPage\":{\"@id\":\"https:\/\/www.alanyaproperties.com\/de\/de-neuigkeiten\/tuerkei-praesentiert-erstes-eigenes-elektroauto\/\"},\"wordCount\":171,\"publisher\":{\"@id\":\"https:\/\/www.alanyaproperties.com\/de\/#organization\"},\"image\":{\"@id\":\"https:\/\/www.alanyaproperties.com\/de\/de-neuigkeiten\/tuerkei-praesentiert-erstes-eigenes-elektroauto\/#primaryimage\"},\"thumbnailUrl\":\"https:\/\/i0.wp.com\/www.alanyaproperties.com\/wp-content\/uploads\/2019\/12\/TOGG-Immobilien-in-der-T\u00fcrkei-2.jpg?fit=1026%2C582&ssl=1\",\"articleSection\":[\"Neuigkeiten aus der T\u00fcrkei\",\"Neuigkeiten aus der T\u00fcrkei\"],\"inLanguage\":\"de-DE\"},{\"@type\":\"WebPage\",\"@id\":\"https:\/\/www.alanyaproperties.com\/de\/de-neuigkeiten\/tuerkei-praesentiert-erstes-eigenes-elektroauto\/\",\"url\":\"https:\/\/www.alanyaproperties.com\/de\/de-neuigkeiten\/tuerkei-praesentiert-erstes-eigenes-elektroauto\/\",\"name\":\"T\u00fcrkei pr\u00e4sentiert erstes eigenes Elektroauto - Properties in Alanya.\",\"isPartOf\":{\"@id\":\"https:\/\/www.alanyaproperties.com\/de\/#website\"},\"primaryImageOfPage\":{\"@id\":\"https:\/\/www.alanyaproperties.com\/de\/de-neuigkeiten\/tuerkei-praesentiert-erstes-eigenes-elektroauto\/#primaryimage\"},\"image\":{\"@id\":\"https:\/\/www.alanyaproperties.com\/de\/de-neuigkeiten\/tuerkei-praesentiert-erstes-eigenes-elektroauto\/#primaryimage\"},\"thumbnailUrl\":\"https:\/\/i0.wp.com\/www.alanyaproperties.com\/wp-content\/uploads\/2019\/12\/TOGG-Immobilien-in-der-T\u00fcrkei-2.jpg?fit=1026%2C582&ssl=1\",\"datePublished\":\"2019-12-28T07:40:55+00:00\",\"dateModified\":\"2019-12-28T07:40:55+00:00\",\"description\":\"T\u00fcrkei pr\u00e4sentiert erstes eigenes Elektroauto - Properties in Alanya.\",\"breadcrumb\":{\"@id\":\"https:\/\/www.alanyaproperties.com\/de\/de-neuigkeiten\/tuerkei-praesentiert-erstes-eigenes-elektroauto\/#breadcrumb\"},\"inLanguage\":\"de-DE\",\"potentialAction\":[{\"@type\":\"ReadAction\",\"target\":[\"https:\/\/www.alanyaproperties.com\/de\/de-neuigkeiten\/tuerkei-praesentiert-erstes-eigenes-elektroauto\/\"]}]},{\"@type\":\"ImageObject\",\"inLanguage\":\"de-DE\",\"@id\":\"https:\/\/www.alanyaproperties.com\/de\/de-neuigkeiten\/tuerkei-praesentiert-erstes-eigenes-elektroauto\/#primaryimage\",\"url\":\"https:\/\/i0.wp.com\/www.alanyaproperties.com\/wp-content\/uploads\/2019\/12\/TOGG-Immobilien-in-der-T\u00fcrkei-2.jpg?fit=1026%2C582&ssl=1\",\"contentUrl\":\"https:\/\/i0.wp.com\/www.alanyaproperties.com\/wp-content\/uploads\/2019\/12\/TOGG-Immobilien-in-der-T\u00fcrkei-2.jpg?fit=1026%2C582&ssl=1\",\"width\":1026,\"height\":582},{\"@type\":\"BreadcrumbList\",\"@id\":\"https:\/\/www.alanyaproperties.com\/de\/de-neuigkeiten\/tuerkei-praesentiert-erstes-eigenes-elektroauto\/#breadcrumb\",\"itemListElement\":[{\"@type\":\"ListItem\",\"position\":1,\"name\":\"Home\",\"item\":\"https:\/\/www.alanyaproperties.com\/de\/\"},{\"@type\":\"ListItem\",\"position\":2,\"name\":\"T\u00fcrkei pr\u00e4sentiert erstes eigenes Elektroauto\"}]},{\"@type\":\"WebSite\",\"@id\":\"https:\/\/www.alanyaproperties.com\/de\/#website\",\"url\":\"https:\/\/www.alanyaproperties.com\/de\/\",\"name\":\"Properties in Alanya.\",\"description\":\"Wohnungen in Alanya. Immobilien in der T\u00fcrkei zu verkaufen.\",\"publisher\":{\"@id\":\"https:\/\/www.alanyaproperties.com\/de\/#organization\"},\"potentialAction\":[{\"@type\":\"SearchAction\",\"target\":{\"@type\":\"EntryPoint\",\"urlTemplate\":\"https:\/\/www.alanyaproperties.com\/de\/?s={search_term_string}\"},\"query-input\":\"required name=search_term_string\"}],\"inLanguage\":\"de-DE\"},{\"@type\":\"Organization\",\"@id\":\"https:\/\/www.alanyaproperties.com\/de\/#organization\",\"name\":\"Alanya Properties\",\"url\":\"https:\/\/www.alanyaproperties.com\/de\/\",\"logo\":{\"@type\":\"ImageObject\",\"inLanguage\":\"de-DE\",\"@id\":\"https:\/\/www.alanyaproperties.com\/de\/#\/schema\/logo\/image\/\",\"url\":\"https:\/\/i0.wp.com\/www.alanyaproperties.com\/wp-content\/uploads\/2017\/06\/alanya-properties-logo-180to.png?fit=180%2C81&ssl=1\",\"contentUrl\":\"https:\/\/i0.wp.com\/www.alanyaproperties.com\/wp-content\/uploads\/2017\/06\/alanya-properties-logo-180to.png?fit=180%2C81&ssl=1\",\"width\":180,\"height\":81,\"caption\":\"Alanya Properties\"},\"image\":{\"@id\":\"https:\/\/www.alanyaproperties.com\/de\/#\/schema\/logo\/image\/\"},\"sameAs\":[\"https:\/\/www.facebook.com\/alanyaproperties\/\",\"https:\/\/x.com\/alanyapro\",\"https:\/\/www.instagram.com\/alanyaproperties\/\",\"https:\/\/www.youtube.com\/c\/AlanyaProperties\"]},{\"@type\":\"Person\",\"@id\":\"https:\/\/www.alanyaproperties.com\/de\/#\/schema\/person\/772cf3e343cb4cc8adbd2af044068b3c\",\"name\":\"Bettina Sezgin\",\"image\":{\"@type\":\"ImageObject\",\"inLanguage\":\"de-DE\",\"@id\":\"https:\/\/www.alanyaproperties.com\/de\/#\/schema\/person\/image\/\",\"url\":\"https:\/\/secure.gravatar.com\/avatar\/8c0b89b2e428954171c86751bded324e?s=96&d=mm&r=g\",\"contentUrl\":\"https:\/\/secure.gravatar.com\/avatar\/8c0b89b2e428954171c86751bded324e?s=96&d=mm&r=g\",\"caption\":\"Bettina Sezgin\"},\"sameAs\":[\"http:\/\/www.alanyaproperties.com\"],\"url\":\"https:\/\/www.alanyaproperties.com\/de\/author\/bettina\/\"}]}<\/script>\n<!-- \/ Yoast SEO plugin. -->","yoast_head_json":{"title":"T\u00fcrkei pr\u00e4sentiert erstes eigenes Elektroauto - Properties in Alanya.","description":"T\u00fcrkei pr\u00e4sentiert erstes eigenes Elektroauto - Properties in Alanya.","robots":{"index":"index","follow":"follow","max-snippet":"max-snippet:-1","max-image-preview":"max-image-preview:large","max-video-preview":"max-video-preview:-1"},"canonical":"https:\/\/www.alanyaproperties.com\/de\/de-neuigkeiten\/tuerkei-praesentiert-erstes-eigenes-elektroauto\/","og_locale":"de_DE","og_type":"article","og_title":"T\u00fcrkei pr\u00e4sentiert erstes eigenes Elektroauto - Properties in Alanya.","og_description":"T\u00fcrkei pr\u00e4sentiert erstes eigenes Elektroauto - Properties in Alanya.","og_url":"https:\/\/www.alanyaproperties.com\/de\/de-neuigkeiten\/tuerkei-praesentiert-erstes-eigenes-elektroauto\/","og_site_name":"Properties in Alanya.","article_publisher":"https:\/\/www.facebook.com\/alanyaproperties\/","article_published_time":"2019-12-28T07:40:55+00:00","og_image":[{"width":1026,"height":582,"url":"https:\/\/www.alanyaproperties.com\/wp-content\/uploads\/2019\/12\/TOGG-Immobilien-in-der-T\u00fcrkei-2.jpg","type":"image\/jpeg"}],"author":"Bettina Sezgin","twitter_card":"summary_large_image","twitter_creator":"@alanyapro","twitter_site":"@alanyapro","twitter_misc":{"Verfasst von":"Bettina Sezgin","Gesch\u00e4tzte Lesezeit":"1 Minute"},"schema":{"@context":"https:\/\/schema.org","@graph":[{"@type":"Article","@id":"https:\/\/www.alanyaproperties.com\/de\/de-neuigkeiten\/tuerkei-praesentiert-erstes-eigenes-elektroauto\/#article","isPartOf":{"@id":"https:\/\/www.alanyaproperties.com\/de\/de-neuigkeiten\/tuerkei-praesentiert-erstes-eigenes-elektroauto\/"},"author":{"name":"Bettina Sezgin","@id":"https:\/\/www.alanyaproperties.com\/de\/#\/schema\/person\/772cf3e343cb4cc8adbd2af044068b3c"},"headline":"T\u00fcrkei pr\u00e4sentiert erstes eigenes Elektroauto","datePublished":"2019-12-28T07:40:55+00:00","dateModified":"2019-12-28T07:40:55+00:00","mainEntityOfPage":{"@id":"https:\/\/www.alanyaproperties.com\/de\/de-neuigkeiten\/tuerkei-praesentiert-erstes-eigenes-elektroauto\/"},"wordCount":171,"publisher":{"@id":"https:\/\/www.alanyaproperties.com\/de\/#organization"},"image":{"@id":"https:\/\/www.alanyaproperties.com\/de\/de-neuigkeiten\/tuerkei-praesentiert-erstes-eigenes-elektroauto\/#primaryimage"},"thumbnailUrl":"https:\/\/i0.wp.com\/www.alanyaproperties.com\/wp-content\/uploads\/2019\/12\/TOGG-Immobilien-in-der-T\u00fcrkei-2.jpg?fit=1026%2C582&ssl=1","articleSection":["Neuigkeiten aus der T\u00fcrkei","Neuigkeiten aus der T\u00fcrkei"],"inLanguage":"de-DE"},{"@type":"WebPage","@id":"https:\/\/www.alanyaproperties.com\/de\/de-neuigkeiten\/tuerkei-praesentiert-erstes-eigenes-elektroauto\/","url":"https:\/\/www.alanyaproperties.com\/de\/de-neuigkeiten\/tuerkei-praesentiert-erstes-eigenes-elektroauto\/","name":"T\u00fcrkei pr\u00e4sentiert erstes eigenes Elektroauto - Properties in Alanya.","isPartOf":{"@id":"https:\/\/www.alanyaproperties.com\/de\/#website"},"primaryImageOfPage":{"@id":"https:\/\/www.alanyaproperties.com\/de\/de-neuigkeiten\/tuerkei-praesentiert-erstes-eigenes-elektroauto\/#primaryimage"},"image":{"@id":"https:\/\/www.alanyaproperties.com\/de\/de-neuigkeiten\/tuerkei-praesentiert-erstes-eigenes-elektroauto\/#primaryimage"},"thumbnailUrl":"https:\/\/i0.wp.com\/www.alanyaproperties.com\/wp-content\/uploads\/2019\/12\/TOGG-Immobilien-in-der-T\u00fcrkei-2.jpg?fit=1026%2C582&ssl=1","datePublished":"2019-12-28T07:40:55+00:00","dateModified":"2019-12-28T07:40:55+00:00","description":"T\u00fcrkei pr\u00e4sentiert erstes eigenes Elektroauto - Properties in Alanya.","breadcrumb":{"@id":"https:\/\/www.alanyaproperties.com\/de\/de-neuigkeiten\/tuerkei-praesentiert-erstes-eigenes-elektroauto\/#breadcrumb"},"inLanguage":"de-DE","potentialAction":[{"@type":"ReadAction","target":["https:\/\/www.alanyaproperties.com\/de\/de-neuigkeiten\/tuerkei-praesentiert-erstes-eigenes-elektroauto\/"]}]},{"@type":"ImageObject","inLanguage":"de-DE","@id":"https:\/\/www.alanyaproperties.com\/de\/de-neuigkeiten\/tuerkei-praesentiert-erstes-eigenes-elektroauto\/#primaryimage","url":"https:\/\/i0.wp.com\/www.alanyaproperties.com\/wp-content\/uploads\/2019\/12\/TOGG-Immobilien-in-der-T\u00fcrkei-2.jpg?fit=1026%2C582&ssl=1","contentUrl":"https:\/\/i0.wp.com\/www.alanyaproperties.com\/wp-content\/uploads\/2019\/12\/TOGG-Immobilien-in-der-T\u00fcrkei-2.jpg?fit=1026%2C582&ssl=1","width":1026,"height":582},{"@type":"BreadcrumbList","@id":"https:\/\/www.alanyaproperties.com\/de\/de-neuigkeiten\/tuerkei-praesentiert-erstes-eigenes-elektroauto\/#breadcrumb","itemListElement":[{"@type":"ListItem","position":1,"name":"Home","item":"https:\/\/www.alanyaproperties.com\/de\/"},{"@type":"ListItem","position":2,"name":"T\u00fcrkei pr\u00e4sentiert erstes eigenes Elektroauto"}]},{"@type":"WebSite","@id":"https:\/\/www.alanyaproperties.com\/de\/#website","url":"https:\/\/www.alanyaproperties.com\/de\/","name":"Properties in Alanya.","description":"Wohnungen in Alanya. Immobilien in der T\u00fcrkei zu verkaufen.","publisher":{"@id":"https:\/\/www.alanyaproperties.com\/de\/#organization"},"potentialAction":[{"@type":"SearchAction","target":{"@type":"EntryPoint","urlTemplate":"https:\/\/www.alanyaproperties.com\/de\/?s={search_term_string}"},"query-input":"required name=search_term_string"}],"inLanguage":"de-DE"},{"@type":"Organization","@id":"https:\/\/www.alanyaproperties.com\/de\/#organization","name":"Alanya Properties","url":"https:\/\/www.alanyaproperties.com\/de\/","logo":{"@type":"ImageObject","inLanguage":"de-DE","@id":"https:\/\/www.alanyaproperties.com\/de\/#\/schema\/logo\/image\/","url":"https:\/\/i0.wp.com\/www.alanyaproperties.com\/wp-content\/uploads\/2017\/06\/alanya-properties-logo-180to.png?fit=180%2C81&ssl=1","contentUrl":"https:\/\/i0.wp.com\/www.alanyaproperties.com\/wp-content\/uploads\/2017\/06\/alanya-properties-logo-180to.png?fit=180%2C81&ssl=1","width":180,"height":81,"caption":"Alanya Properties"},"image":{"@id":"https:\/\/www.alanyaproperties.com\/de\/#\/schema\/logo\/image\/"},"sameAs":["https:\/\/www.facebook.com\/alanyaproperties\/","https:\/\/x.com\/alanyapro","https:\/\/www.instagram.com\/alanyaproperties\/","https:\/\/www.youtube.com\/c\/AlanyaProperties"]},{"@type":"Person","@id":"https:\/\/www.alanyaproperties.com\/de\/#\/schema\/person\/772cf3e343cb4cc8adbd2af044068b3c","name":"Bettina Sezgin","image":{"@type":"ImageObject","inLanguage":"de-DE","@id":"https:\/\/www.alanyaproperties.com\/de\/#\/schema\/person\/image\/","url":"https:\/\/secure.gravatar.com\/avatar\/8c0b89b2e428954171c86751bded324e?s=96&d=mm&r=g","contentUrl":"https:\/\/secure.gravatar.com\/avatar\/8c0b89b2e428954171c86751bded324e?s=96&d=mm&r=g","caption":"Bettina Sezgin"},"sameAs":["http:\/\/www.alanyaproperties.com"],"url":"https:\/\/www.alanyaproperties.com\/de\/author\/bettina\/"}]}},"jetpack_sharing_enabled":true,"jetpack_featured_media_url":"https:\/\/i0.wp.com\/www.alanyaproperties.com\/wp-content\/uploads\/2019\/12\/TOGG-Immobilien-in-der-T\u00fcrkei-2.jpg?fit=1026%2C582&ssl=1","_links":{"self":[{"href":"https:\/\/www.alanyaproperties.com\/de\/wp-json\/wp\/v2\/posts\/168342"}],"collection":[{"href":"https:\/\/www.alanyaproperties.com\/de\/wp-json\/wp\/v2\/posts"}],"about":[{"href":"https:\/\/www.alanyaproperties.com\/de\/wp-json\/wp\/v2\/types\/post"}],"author":[{"embeddable":true,"href":"https:\/\/www.alanyaproperties.com\/de\/wp-json\/wp\/v2\/users\/33"}],"replies":[{"embeddable":true,"href":"https:\/\/www.alanyaproperties.com\/de\/wp-json\/wp\/v2\/comments?post=168342"}],"version-history":[{"count":0,"href":"https:\/\/www.alanyaproperties.com\/de\/wp-json\/wp\/v2\/posts\/168342\/revisions"}],"wp:featuredmedia":[{"embeddable":true,"href":"https:\/\/www.alanyaproperties.com\/de\/wp-json\/wp\/v2\/media\/168359"}],"wp:attachment":[{"href":"https:\/\/www.alanyaproperties.com\/de\/wp-json\/wp\/v2\/media?parent=168342"}],"wp:term":[{"taxonomy":"category","embeddable":true,"href":"https:\/\/www.alanyaproperties.com\/de\/wp-json\/wp\/v2\/categories?post=168342"},{"taxonomy":"post_tag","embeddable":true,"href":"https:\/\/www.alanyaproperties.com\/de\/wp-json\/wp\/v2\/tags?post=168342"}],"curies":[{"name":"wp","href":"https:\/\/api.w.org\/{rel}","templated":true}]}}