{"id":167593,"date":"2019-12-26T07:47:51","date_gmt":"2019-12-26T07:47:51","guid":{"rendered":"http:\/\/www.alanyaproperties.com\/?p=167593"},"modified":"2019-12-26T07:47:51","modified_gmt":"2019-12-26T07:47:51","slug":"alanya-fotos-aus-der-zeit-des-osmanischen-reiches","status":"publish","type":"post","link":"https:\/\/www.alanyaproperties.com\/de\/unkategorisiert\/alanya-fotos-aus-der-zeit-des-osmanischen-reiches\/","title":{"rendered":"Alanya Fotos aus der Zeit des Osmanischen Reiches"},"content":{"rendered":"<p><em><strong>Alanya<\/strong><\/em> Fotos aus der Zeit des Osmanischen Reiches.<\/p>\n<p>Die Forscherin Riesa Sezer hat Fotos von Alanya aus dem Jahr 1914 ver\u00f6ffentlicht.<\/p>\n<p>In der osmanischen Zeit erschienen Fotos, die von einem Pastor in Alanya auf der Suche nach Kindern aufgenommen wurden. Fotos aus dem Jahr 1914 zeigen das beispiellose Gesicht von Alanya. Diejenigen, die diese\u00a0 Fotos von <em><strong>Alanya<\/strong><\/em> vom Jahr 1914 sehen, sind von ihrer nat\u00fcrlichen Umgebung und unber\u00fchrten Struktur fasziniert.<\/p>\n<p>Heute ist Alanya einer der beliebtesten Urlaubsorte an der t\u00fcrkischen Riviea\u00a0 und \u00fcber 39.000 Ausl\u00e4nder leben ganzj\u00e4hrig in dieser Stadt.<\/p>\n<p>Schauen Sie in unsere <a href=\"http:\/\/www.alanyaproperties.com\/de\/immobilien-in-der-tuerkei\/wohnungen-zu-verkaufen\/\"><strong>Immobilien in Alanya<\/strong><\/a> rein<\/p>\n<p><img loading=\"lazy\" decoding=\"async\" class=\"alignnone size-medium wp-image-167596\" src=\"https:\/\/i0.wp.com\/www.alanyaproperties.com\/wp-content\/uploads\/2019\/12\/altes-alanya-1-300x156.jpg?resize=300%2C156\" alt=\"\" width=\"300\" height=\"156\" srcset=\"https:\/\/i0.wp.com\/www.alanyaproperties.com\/wp-content\/uploads\/2019\/12\/altes-alanya-1.jpg?resize=300%2C156&amp;ssl=1 300w, https:\/\/i0.wp.com\/www.alanyaproperties.com\/wp-content\/uploads\/2019\/12\/altes-alanya-1.jpg?resize=150%2C78&amp;ssl=1 150w, https:\/\/i0.wp.com\/www.alanyaproperties.com\/wp-content\/uploads\/2019\/12\/altes-alanya-1.jpg?resize=350%2C182&amp;ssl=1 350w, https:\/\/i0.wp.com\/www.alanyaproperties.com\/wp-content\/uploads\/2019\/12\/altes-alanya-1.jpg?w=637&amp;ssl=1 637w\" sizes=\"(max-width: 300px) 100vw, 300px\" data-recalc-dims=\"1\" \/><img loading=\"lazy\" decoding=\"async\" class=\"alignnone  wp-image-167608\" src=\"https:\/\/i0.wp.com\/www.alanyaproperties.com\/wp-content\/uploads\/2019\/12\/altes-alanya-2-300x243.jpg?resize=198%2C160\" alt=\"\" width=\"198\" height=\"160\" srcset=\"https:\/\/i0.wp.com\/www.alanyaproperties.com\/wp-content\/uploads\/2019\/12\/altes-alanya-2.jpg?resize=300%2C243&amp;ssl=1 300w, https:\/\/i0.wp.com\/www.alanyaproperties.com\/wp-content\/uploads\/2019\/12\/altes-alanya-2.jpg?resize=768%2C623&amp;ssl=1 768w, https:\/\/i0.wp.com\/www.alanyaproperties.com\/wp-content\/uploads\/2019\/12\/altes-alanya-2.jpg?resize=150%2C122&amp;ssl=1 150w, https:\/\/i0.wp.com\/www.alanyaproperties.com\/wp-content\/uploads\/2019\/12\/altes-alanya-2.jpg?resize=350%2C284&amp;ssl=1 350w, https:\/\/i0.wp.com\/www.alanyaproperties.com\/wp-content\/uploads\/2019\/12\/altes-alanya-2.jpg?resize=592%2C480&amp;ssl=1 592w, https:\/\/i0.wp.com\/www.alanyaproperties.com\/wp-content\/uploads\/2019\/12\/altes-alanya-2.jpg?w=960&amp;ssl=1 960w\" sizes=\"(max-width: 198px) 100vw, 198px\" data-recalc-dims=\"1\" \/><img loading=\"lazy\" decoding=\"async\" class=\"alignnone size-medium wp-image-167620\" src=\"https:\/\/i0.wp.com\/www.alanyaproperties.com\/wp-content\/uploads\/2019\/12\/altes-alanya-3-300x237.jpg?resize=300%2C237\" alt=\"\" width=\"300\" height=\"237\" srcset=\"https:\/\/i0.wp.com\/www.alanyaproperties.com\/wp-content\/uploads\/2019\/12\/altes-alanya-3.jpg?resize=300%2C237&amp;ssl=1 300w, https:\/\/i0.wp.com\/www.alanyaproperties.com\/wp-content\/uploads\/2019\/12\/altes-alanya-3.jpg?resize=768%2C607&amp;ssl=1 768w, https:\/\/i0.wp.com\/www.alanyaproperties.com\/wp-content\/uploads\/2019\/12\/altes-alanya-3.jpg?resize=150%2C119&amp;ssl=1 150w, https:\/\/i0.wp.com\/www.alanyaproperties.com\/wp-content\/uploads\/2019\/12\/altes-alanya-3.jpg?resize=350%2C277&amp;ssl=1 350w, https:\/\/i0.wp.com\/www.alanyaproperties.com\/wp-content\/uploads\/2019\/12\/altes-alanya-3.jpg?resize=607%2C480&amp;ssl=1 607w, https:\/\/i0.wp.com\/www.alanyaproperties.com\/wp-content\/uploads\/2019\/12\/altes-alanya-3.jpg?w=960&amp;ssl=1 960w\" sizes=\"(max-width: 300px) 100vw, 300px\" data-recalc-dims=\"1\" \/><\/p>\n","protected":false},"excerpt":{"rendered":"<p>Alanya Fotos aus der Zeit des Osmanischen Reiches. Die Forscherin Riesa Sezer hat Fotos von Alanya aus dem Jahr 1914 ver\u00f6ffentlicht. In der osmanischen Zeit erschienen Fotos, die von einem Pastor in Alanya auf der Suche nach Kindern aufgenommen wurden. Fotos aus dem Jahr 1914 zeigen das beispiellose Gesicht von Alanya. Diejenigen, die diese\u00a0 Fotos [&hellip;]<\/p>\n","protected":false},"author":33,"featured_media":0,"comment_status":"closed","ping_status":"closed","sticky":false,"template":"","format":"standard","meta":{"footnotes":""},"categories":[107],"tags":[],"yoast_head":"<!-- This site is optimized with the Yoast SEO plugin v22.6 - https:\/\/yoast.com\/wordpress\/plugins\/seo\/ -->\n<title>Alanya Fotos aus der Zeit des Osmanischen Reiches - Properties in Alanya.<\/title>\n<meta name=\"description\" content=\"Alanya Fotos aus der Zeit des Osmanischen Reiches - Properties in Alanya.\" \/>\n<meta name=\"robots\" content=\"index, follow, max-snippet:-1, max-image-preview:large, max-video-preview:-1\" \/>\n<link rel=\"canonical\" href=\"https:\/\/www.alanyaproperties.com\/de\/unkategorisiert\/alanya-fotos-aus-der-zeit-des-osmanischen-reiches\/\" \/>\n<meta property=\"og:locale\" content=\"de_DE\" \/>\n<meta property=\"og:type\" content=\"article\" \/>\n<meta property=\"og:title\" content=\"Alanya Fotos aus der Zeit des Osmanischen Reiches - Properties in Alanya.\" \/>\n<meta property=\"og:description\" content=\"Alanya Fotos aus der Zeit des Osmanischen Reiches - Properties in Alanya.\" \/>\n<meta property=\"og:url\" content=\"https:\/\/www.alanyaproperties.com\/de\/unkategorisiert\/alanya-fotos-aus-der-zeit-des-osmanischen-reiches\/\" \/>\n<meta property=\"og:site_name\" content=\"Properties in Alanya.\" \/>\n<meta property=\"article:publisher\" content=\"https:\/\/www.facebook.com\/alanyaproperties\/\" \/>\n<meta property=\"article:published_time\" content=\"2019-12-26T07:47:51+00:00\" \/>\n<meta property=\"og:image\" content=\"http:\/\/www.alanyaproperties.com\/wp-content\/uploads\/2019\/12\/altes-alanya-1-300x156.jpg\" \/>\n<meta name=\"author\" content=\"Bettina Sezgin\" \/>\n<meta name=\"twitter:card\" content=\"summary_large_image\" \/>\n<meta name=\"twitter:creator\" content=\"@alanyapro\" \/>\n<meta name=\"twitter:site\" content=\"@alanyapro\" \/>\n<meta name=\"twitter:label1\" content=\"Verfasst von\" \/>\n\t<meta name=\"twitter:data1\" content=\"Bettina Sezgin\" \/>\n\t<meta name=\"twitter:label2\" content=\"Gesch\u00e4tzte Lesezeit\" \/>\n\t<meta name=\"twitter:data2\" content=\"1 Minute\" \/>\n<script type=\"application\/ld+json\" class=\"yoast-schema-graph\">{\"@context\":\"https:\/\/schema.org\",\"@graph\":[{\"@type\":\"Article\",\"@id\":\"https:\/\/www.alanyaproperties.com\/de\/unkategorisiert\/alanya-fotos-aus-der-zeit-des-osmanischen-reiches\/#article\",\"isPartOf\":{\"@id\":\"https:\/\/www.alanyaproperties.com\/de\/unkategorisiert\/alanya-fotos-aus-der-zeit-des-osmanischen-reiches\/\"},\"author\":{\"name\":\"Bettina Sezgin\",\"@id\":\"https:\/\/www.alanyaproperties.com\/de\/#\/schema\/person\/772cf3e343cb4cc8adbd2af044068b3c\"},\"headline\":\"Alanya Fotos aus der Zeit des Osmanischen Reiches\",\"datePublished\":\"2019-12-26T07:47:51+00:00\",\"dateModified\":\"2019-12-26T07:47:51+00:00\",\"mainEntityOfPage\":{\"@id\":\"https:\/\/www.alanyaproperties.com\/de\/unkategorisiert\/alanya-fotos-aus-der-zeit-des-osmanischen-reiches\/\"},\"wordCount\":108,\"publisher\":{\"@id\":\"https:\/\/www.alanyaproperties.com\/de\/#organization\"},\"image\":{\"@id\":\"https:\/\/www.alanyaproperties.com\/de\/unkategorisiert\/alanya-fotos-aus-der-zeit-des-osmanischen-reiches\/#primaryimage\"},\"thumbnailUrl\":\"http:\/\/www.alanyaproperties.com\/wp-content\/uploads\/2019\/12\/altes-alanya-1-300x156.jpg\",\"articleSection\":[\"Unkategorisiert\"],\"inLanguage\":\"de-DE\"},{\"@type\":\"WebPage\",\"@id\":\"https:\/\/www.alanyaproperties.com\/de\/unkategorisiert\/alanya-fotos-aus-der-zeit-des-osmanischen-reiches\/\",\"url\":\"https:\/\/www.alanyaproperties.com\/de\/unkategorisiert\/alanya-fotos-aus-der-zeit-des-osmanischen-reiches\/\",\"name\":\"Alanya Fotos aus der Zeit des Osmanischen Reiches - Properties in Alanya.\",\"isPartOf\":{\"@id\":\"https:\/\/www.alanyaproperties.com\/de\/#website\"},\"primaryImageOfPage\":{\"@id\":\"https:\/\/www.alanyaproperties.com\/de\/unkategorisiert\/alanya-fotos-aus-der-zeit-des-osmanischen-reiches\/#primaryimage\"},\"image\":{\"@id\":\"https:\/\/www.alanyaproperties.com\/de\/unkategorisiert\/alanya-fotos-aus-der-zeit-des-osmanischen-reiches\/#primaryimage\"},\"thumbnailUrl\":\"http:\/\/www.alanyaproperties.com\/wp-content\/uploads\/2019\/12\/altes-alanya-1-300x156.jpg\",\"datePublished\":\"2019-12-26T07:47:51+00:00\",\"dateModified\":\"2019-12-26T07:47:51+00:00\",\"description\":\"Alanya Fotos aus der Zeit des Osmanischen Reiches - Properties in Alanya.\",\"breadcrumb\":{\"@id\":\"https:\/\/www.alanyaproperties.com\/de\/unkategorisiert\/alanya-fotos-aus-der-zeit-des-osmanischen-reiches\/#breadcrumb\"},\"inLanguage\":\"de-DE\",\"potentialAction\":[{\"@type\":\"ReadAction\",\"target\":[\"https:\/\/www.alanyaproperties.com\/de\/unkategorisiert\/alanya-fotos-aus-der-zeit-des-osmanischen-reiches\/\"]}]},{\"@type\":\"ImageObject\",\"inLanguage\":\"de-DE\",\"@id\":\"https:\/\/www.alanyaproperties.com\/de\/unkategorisiert\/alanya-fotos-aus-der-zeit-des-osmanischen-reiches\/#primaryimage\",\"url\":\"http:\/\/www.alanyaproperties.com\/wp-content\/uploads\/2019\/12\/altes-alanya-1-300x156.jpg\",\"contentUrl\":\"http:\/\/www.alanyaproperties.com\/wp-content\/uploads\/2019\/12\/altes-alanya-1-300x156.jpg\"},{\"@type\":\"BreadcrumbList\",\"@id\":\"https:\/\/www.alanyaproperties.com\/de\/unkategorisiert\/alanya-fotos-aus-der-zeit-des-osmanischen-reiches\/#breadcrumb\",\"itemListElement\":[{\"@type\":\"ListItem\",\"position\":1,\"name\":\"Home\",\"item\":\"https:\/\/www.alanyaproperties.com\/de\/\"},{\"@type\":\"ListItem\",\"position\":2,\"name\":\"Alanya Fotos aus der Zeit des Osmanischen Reiches\"}]},{\"@type\":\"WebSite\",\"@id\":\"https:\/\/www.alanyaproperties.com\/de\/#website\",\"url\":\"https:\/\/www.alanyaproperties.com\/de\/\",\"name\":\"Properties in Alanya.\",\"description\":\"Wohnungen in Alanya. Immobilien in der T\u00fcrkei zu verkaufen.\",\"publisher\":{\"@id\":\"https:\/\/www.alanyaproperties.com\/de\/#organization\"},\"potentialAction\":[{\"@type\":\"SearchAction\",\"target\":{\"@type\":\"EntryPoint\",\"urlTemplate\":\"https:\/\/www.alanyaproperties.com\/de\/?s={search_term_string}\"},\"query-input\":\"required name=search_term_string\"}],\"inLanguage\":\"de-DE\"},{\"@type\":\"Organization\",\"@id\":\"https:\/\/www.alanyaproperties.com\/de\/#organization\",\"name\":\"Alanya Properties\",\"url\":\"https:\/\/www.alanyaproperties.com\/de\/\",\"logo\":{\"@type\":\"ImageObject\",\"inLanguage\":\"de-DE\",\"@id\":\"https:\/\/www.alanyaproperties.com\/de\/#\/schema\/logo\/image\/\",\"url\":\"https:\/\/i0.wp.com\/www.alanyaproperties.com\/wp-content\/uploads\/2017\/06\/alanya-properties-logo-180to.png?fit=180%2C81&ssl=1\",\"contentUrl\":\"https:\/\/i0.wp.com\/www.alanyaproperties.com\/wp-content\/uploads\/2017\/06\/alanya-properties-logo-180to.png?fit=180%2C81&ssl=1\",\"width\":180,\"height\":81,\"caption\":\"Alanya Properties\"},\"image\":{\"@id\":\"https:\/\/www.alanyaproperties.com\/de\/#\/schema\/logo\/image\/\"},\"sameAs\":[\"https:\/\/www.facebook.com\/alanyaproperties\/\",\"https:\/\/x.com\/alanyapro\",\"https:\/\/www.instagram.com\/alanyaproperties\/\",\"https:\/\/www.youtube.com\/c\/AlanyaProperties\"]},{\"@type\":\"Person\",\"@id\":\"https:\/\/www.alanyaproperties.com\/de\/#\/schema\/person\/772cf3e343cb4cc8adbd2af044068b3c\",\"name\":\"Bettina Sezgin\",\"image\":{\"@type\":\"ImageObject\",\"inLanguage\":\"de-DE\",\"@id\":\"https:\/\/www.alanyaproperties.com\/de\/#\/schema\/person\/image\/\",\"url\":\"https:\/\/secure.gravatar.com\/avatar\/8c0b89b2e428954171c86751bded324e?s=96&d=mm&r=g\",\"contentUrl\":\"https:\/\/secure.gravatar.com\/avatar\/8c0b89b2e428954171c86751bded324e?s=96&d=mm&r=g\",\"caption\":\"Bettina Sezgin\"},\"sameAs\":[\"http:\/\/www.alanyaproperties.com\"],\"url\":\"https:\/\/www.alanyaproperties.com\/de\/author\/bettina\/\"}]}<\/script>\n<!-- \/ Yoast SEO plugin. -->","yoast_head_json":{"title":"Alanya Fotos aus der Zeit des Osmanischen Reiches - Properties in Alanya.","description":"Alanya Fotos aus der Zeit des Osmanischen Reiches - Properties in Alanya.","robots":{"index":"index","follow":"follow","max-snippet":"max-snippet:-1","max-image-preview":"max-image-preview:large","max-video-preview":"max-video-preview:-1"},"canonical":"https:\/\/www.alanyaproperties.com\/de\/unkategorisiert\/alanya-fotos-aus-der-zeit-des-osmanischen-reiches\/","og_locale":"de_DE","og_type":"article","og_title":"Alanya Fotos aus der Zeit des Osmanischen Reiches - Properties in Alanya.","og_description":"Alanya Fotos aus der Zeit des Osmanischen Reiches - Properties in Alanya.","og_url":"https:\/\/www.alanyaproperties.com\/de\/unkategorisiert\/alanya-fotos-aus-der-zeit-des-osmanischen-reiches\/","og_site_name":"Properties in Alanya.","article_publisher":"https:\/\/www.facebook.com\/alanyaproperties\/","article_published_time":"2019-12-26T07:47:51+00:00","og_image":[{"url":"http:\/\/www.alanyaproperties.com\/wp-content\/uploads\/2019\/12\/altes-alanya-1-300x156.jpg"}],"author":"Bettina Sezgin","twitter_card":"summary_large_image","twitter_creator":"@alanyapro","twitter_site":"@alanyapro","twitter_misc":{"Verfasst von":"Bettina Sezgin","Gesch\u00e4tzte Lesezeit":"1 Minute"},"schema":{"@context":"https:\/\/schema.org","@graph":[{"@type":"Article","@id":"https:\/\/www.alanyaproperties.com\/de\/unkategorisiert\/alanya-fotos-aus-der-zeit-des-osmanischen-reiches\/#article","isPartOf":{"@id":"https:\/\/www.alanyaproperties.com\/de\/unkategorisiert\/alanya-fotos-aus-der-zeit-des-osmanischen-reiches\/"},"author":{"name":"Bettina Sezgin","@id":"https:\/\/www.alanyaproperties.com\/de\/#\/schema\/person\/772cf3e343cb4cc8adbd2af044068b3c"},"headline":"Alanya Fotos aus der Zeit des Osmanischen Reiches","datePublished":"2019-12-26T07:47:51+00:00","dateModified":"2019-12-26T07:47:51+00:00","mainEntityOfPage":{"@id":"https:\/\/www.alanyaproperties.com\/de\/unkategorisiert\/alanya-fotos-aus-der-zeit-des-osmanischen-reiches\/"},"wordCount":108,"publisher":{"@id":"https:\/\/www.alanyaproperties.com\/de\/#organization"},"image":{"@id":"https:\/\/www.alanyaproperties.com\/de\/unkategorisiert\/alanya-fotos-aus-der-zeit-des-osmanischen-reiches\/#primaryimage"},"thumbnailUrl":"http:\/\/www.alanyaproperties.com\/wp-content\/uploads\/2019\/12\/altes-alanya-1-300x156.jpg","articleSection":["Unkategorisiert"],"inLanguage":"de-DE"},{"@type":"WebPage","@id":"https:\/\/www.alanyaproperties.com\/de\/unkategorisiert\/alanya-fotos-aus-der-zeit-des-osmanischen-reiches\/","url":"https:\/\/www.alanyaproperties.com\/de\/unkategorisiert\/alanya-fotos-aus-der-zeit-des-osmanischen-reiches\/","name":"Alanya Fotos aus der Zeit des Osmanischen Reiches - Properties in Alanya.","isPartOf":{"@id":"https:\/\/www.alanyaproperties.com\/de\/#website"},"primaryImageOfPage":{"@id":"https:\/\/www.alanyaproperties.com\/de\/unkategorisiert\/alanya-fotos-aus-der-zeit-des-osmanischen-reiches\/#primaryimage"},"image":{"@id":"https:\/\/www.alanyaproperties.com\/de\/unkategorisiert\/alanya-fotos-aus-der-zeit-des-osmanischen-reiches\/#primaryimage"},"thumbnailUrl":"http:\/\/www.alanyaproperties.com\/wp-content\/uploads\/2019\/12\/altes-alanya-1-300x156.jpg","datePublished":"2019-12-26T07:47:51+00:00","dateModified":"2019-12-26T07:47:51+00:00","description":"Alanya Fotos aus der Zeit des Osmanischen Reiches - Properties in Alanya.","breadcrumb":{"@id":"https:\/\/www.alanyaproperties.com\/de\/unkategorisiert\/alanya-fotos-aus-der-zeit-des-osmanischen-reiches\/#breadcrumb"},"inLanguage":"de-DE","potentialAction":[{"@type":"ReadAction","target":["https:\/\/www.alanyaproperties.com\/de\/unkategorisiert\/alanya-fotos-aus-der-zeit-des-osmanischen-reiches\/"]}]},{"@type":"ImageObject","inLanguage":"de-DE","@id":"https:\/\/www.alanyaproperties.com\/de\/unkategorisiert\/alanya-fotos-aus-der-zeit-des-osmanischen-reiches\/#primaryimage","url":"http:\/\/www.alanyaproperties.com\/wp-content\/uploads\/2019\/12\/altes-alanya-1-300x156.jpg","contentUrl":"http:\/\/www.alanyaproperties.com\/wp-content\/uploads\/2019\/12\/altes-alanya-1-300x156.jpg"},{"@type":"BreadcrumbList","@id":"https:\/\/www.alanyaproperties.com\/de\/unkategorisiert\/alanya-fotos-aus-der-zeit-des-osmanischen-reiches\/#breadcrumb","itemListElement":[{"@type":"ListItem","position":1,"name":"Home","item":"https:\/\/www.alanyaproperties.com\/de\/"},{"@type":"ListItem","position":2,"name":"Alanya Fotos aus der Zeit des Osmanischen Reiches"}]},{"@type":"WebSite","@id":"https:\/\/www.alanyaproperties.com\/de\/#website","url":"https:\/\/www.alanyaproperties.com\/de\/","name":"Properties in Alanya.","description":"Wohnungen in Alanya. Immobilien in der T\u00fcrkei zu verkaufen.","publisher":{"@id":"https:\/\/www.alanyaproperties.com\/de\/#organization"},"potentialAction":[{"@type":"SearchAction","target":{"@type":"EntryPoint","urlTemplate":"https:\/\/www.alanyaproperties.com\/de\/?s={search_term_string}"},"query-input":"required name=search_term_string"}],"inLanguage":"de-DE"},{"@type":"Organization","@id":"https:\/\/www.alanyaproperties.com\/de\/#organization","name":"Alanya Properties","url":"https:\/\/www.alanyaproperties.com\/de\/","logo":{"@type":"ImageObject","inLanguage":"de-DE","@id":"https:\/\/www.alanyaproperties.com\/de\/#\/schema\/logo\/image\/","url":"https:\/\/i0.wp.com\/www.alanyaproperties.com\/wp-content\/uploads\/2017\/06\/alanya-properties-logo-180to.png?fit=180%2C81&ssl=1","contentUrl":"https:\/\/i0.wp.com\/www.alanyaproperties.com\/wp-content\/uploads\/2017\/06\/alanya-properties-logo-180to.png?fit=180%2C81&ssl=1","width":180,"height":81,"caption":"Alanya Properties"},"image":{"@id":"https:\/\/www.alanyaproperties.com\/de\/#\/schema\/logo\/image\/"},"sameAs":["https:\/\/www.facebook.com\/alanyaproperties\/","https:\/\/x.com\/alanyapro","https:\/\/www.instagram.com\/alanyaproperties\/","https:\/\/www.youtube.com\/c\/AlanyaProperties"]},{"@type":"Person","@id":"https:\/\/www.alanyaproperties.com\/de\/#\/schema\/person\/772cf3e343cb4cc8adbd2af044068b3c","name":"Bettina Sezgin","image":{"@type":"ImageObject","inLanguage":"de-DE","@id":"https:\/\/www.alanyaproperties.com\/de\/#\/schema\/person\/image\/","url":"https:\/\/secure.gravatar.com\/avatar\/8c0b89b2e428954171c86751bded324e?s=96&d=mm&r=g","contentUrl":"https:\/\/secure.gravatar.com\/avatar\/8c0b89b2e428954171c86751bded324e?s=96&d=mm&r=g","caption":"Bettina Sezgin"},"sameAs":["http:\/\/www.alanyaproperties.com"],"url":"https:\/\/www.alanyaproperties.com\/de\/author\/bettina\/"}]}},"jetpack_sharing_enabled":true,"jetpack_featured_media_url":"","_links":{"self":[{"href":"https:\/\/www.alanyaproperties.com\/de\/wp-json\/wp\/v2\/posts\/167593"}],"collection":[{"href":"https:\/\/www.alanyaproperties.com\/de\/wp-json\/wp\/v2\/posts"}],"about":[{"href":"https:\/\/www.alanyaproperties.com\/de\/wp-json\/wp\/v2\/types\/post"}],"author":[{"embeddable":true,"href":"https:\/\/www.alanyaproperties.com\/de\/wp-json\/wp\/v2\/users\/33"}],"replies":[{"embeddable":true,"href":"https:\/\/www.alanyaproperties.com\/de\/wp-json\/wp\/v2\/comments?post=167593"}],"version-history":[{"count":0,"href":"https:\/\/www.alanyaproperties.com\/de\/wp-json\/wp\/v2\/posts\/167593\/revisions"}],"wp:attachment":[{"href":"https:\/\/www.alanyaproperties.com\/de\/wp-json\/wp\/v2\/media?parent=167593"}],"wp:term":[{"taxonomy":"category","embeddable":true,"href":"https:\/\/www.alanyaproperties.com\/de\/wp-json\/wp\/v2\/categories?post=167593"},{"taxonomy":"post_tag","embeddable":true,"href":"https:\/\/www.alanyaproperties.com\/de\/wp-json\/wp\/v2\/tags?post=167593"}],"curies":[{"name":"wp","href":"https:\/\/api.w.org\/{rel}","templated":true}]}}